{"id":174857,"date":"2018-09-20T15:37:50","date_gmt":"2018-09-20T14:37:50","guid":{"rendered":"http:\/\/kapitalis.com\/tunisie\/?p=174857"},"modified":"2018-09-20T15:37:50","modified_gmt":"2018-09-20T14:37:50","slug":"deces-de-beatrice-slama-la-doyenne-des-communistes-tunisiens","status":"publish","type":"post","link":"https:\/\/kapitalis.com\/tunisie\/2018\/09\/20\/deces-de-beatrice-slama-la-doyenne-des-communistes-tunisiens\/","title":{"rendered":"D\u00e9c\u00e8s de B\u00e9atrice Slama, la doyenne des communistes tunisiens"},"content":{"rendered":"<p style=\"text-align: center;\"><img loading=\"lazy\" decoding=\"async\" class=\"alignnone size-full wp-image-174859\" src=\"http:\/\/kapitalis.com\/tunisie\/wp-content\/uploads\/2018\/09\/Beatrice-Slama.jpg\" alt=\"\" width=\"626\" height=\"380\" \/><\/p>\n<p><em><strong>B\u00e9atrice Slama, est d\u00e9c\u00e9d\u00e9e dans la soir\u00e9e d&rsquo;hier, jeudi 19 septembre 2018, \u00e0 Paris, \u00e0 l\u2019\u00e2ge de 95 ans. L\u2019annonce de sa mort a \u00e9t\u00e9 faite par l\u2019historien Habib Kazdaghli, doyen de la facult\u00e9 des lettres de Manouba, son \u00abjeune ami et camarade\u00bb. Nous publions ci-dessous la note n\u00e9crologique qu\u2019il lui a consacr\u00e9e.<\/strong><\/em><\/p>\n<p><!--more--><\/p>\n<p>Gab\u00e9sienne, n\u00e9e \u00e0 Tunis en 1923, elle s&rsquo;engage au Parti communiste tunisien en 1941 alors que ce dernier \u00e9tait dans la pleine clandestinit\u00e9. Elle combat l\u2019occupation allemande, et en 1945, elle fonde l\u2019Union des jeunes filles de Tunisie et contribue aux luttes\u00a0pour l\u2019ind\u00e9pendance de la Tunisie en m\u00eame temps qu\u2019elle termine ses \u00e9tudes sup\u00e9rieures.<\/p>\n<p>Elle enseigne pendant 15 ans au coll\u00e8ge Alaoui et soutient un dipl\u00f4me d\u2019\u00e9tudes sup\u00e9rieures (DES) sur l&rsquo;insurrection de Ali Ben Ghedhahem de 1864 sous la direction de Charles Andr\u00e9 Julien. Elle enseigne au d\u00e9partement de fran\u00e7ais de la jeune universit\u00e9 tunisienne et quitte la Tunisie en 1965 avec son mari le Dr Ivan Slama pour s\u2019installer \u00e0 Paris, mais tous les deux restent profond\u00e9ment attach\u00e9s \u00e0 la Tunisie.<\/p>\n<p>B\u00e9atrice Slama avait fait une carri\u00e8re universitaire aux universit\u00e9s de Nanterre et de Paris.<\/p>\n<p>En signe de reconnaissance, elle fut d\u00e9cor\u00e9e \u00e0 l\u2019ambassade de Tunisie \u00e0 Paris en juin 2016 par Selma Elloumi Rekik, ministre du Tourisme et de l\u2019Artisanat, au nom du pr\u00e9sident de la R\u00e9publique B\u00e9ji Caid Essebsi.<\/p>\n<p>A ses enfants Pierre et Pierrette, \u00e0 sa soeur Gilda Khiari, \u00e0 ses camarades, \u00e0 ses proches nous adressons nos sinc\u00e8res condol\u00e9ances.<\/p>\n<p style=\"text-align: right;\"><strong>Habib Kazdaghli.<\/strong><\/p>\n<p>&nbsp;<\/p>\n<p>&nbsp;<\/p>\n","protected":false},"excerpt":{"rendered":"<p>B\u00e9atrice Slama, est d\u00e9c\u00e9d\u00e9e dans la soir\u00e9e d&rsquo;hier, jeudi 19 septembre 2018, \u00e0 Paris, \u00e0 l\u2019\u00e2ge de 95 ans. L\u2019annonce de sa mort a \u00e9t\u00e9 faite par l\u2019historien Habib Kazdaghli, doyen de la facult\u00e9 des lettres de Manouba, son \u00abjeune ami et camarade\u00bb. Nous publions ci-dessous la note n\u00e9crologique qu\u2019il lui a consacr\u00e9e.<\/p>\n","protected":false},"author":8,"featured_media":174859,"comment_status":"open","ping_status":"open","sticky":false,"template":"","format":"standard","meta":{"footnotes":""},"categories":[997,2433],"tags":[1108,16792,819],"class_list":["post-174857","post","type-post","status-publish","format-standard","has-post-thumbnail","hentry","category-politique","category-tunisie","tag-beji-caid-essebsi","tag-parti-communiste-tunisien","tag-selma-elloumi-rekik"],"yoast_head":"<!-- This site is optimized with the Yoast SEO plugin v26.6 - https:\/\/yoast.com\/wordpress\/plugins\/seo\/ -->\n<title>D\u00e9c\u00e8s de B\u00e9atrice Slama, la doyenne des communistes tunisiens - Kapitalis<\/title>\n<meta name=\"robots\" content=\"index, follow, max-snippet:-1, max-image-preview:large, max-video-preview:-1\" \/>\n<link rel=\"canonical\" href=\"https:\/\/kapitalis.com\/tunisie\/2018\/09\/20\/deces-de-beatrice-slama-la-doyenne-des-communistes-tunisiens\/\" \/>\n<meta property=\"og:locale\" content=\"fr_FR\" \/>\n<meta property=\"og:type\" content=\"article\" \/>\n<meta property=\"og:title\" content=\"D\u00e9c\u00e8s de B\u00e9atrice Slama, la doyenne des communistes tunisiens - Kapitalis\" \/>\n<meta property=\"og:description\" content=\"B\u00e9atrice Slama, est d\u00e9c\u00e9d\u00e9e dans la soir\u00e9e d&rsquo;hier, jeudi 19 septembre 2018, \u00e0 Paris, \u00e0 l\u2019\u00e2ge de 95 ans. L\u2019annonce de sa mort a \u00e9t\u00e9 faite par l\u2019historien Habib Kazdaghli, doyen de la facult\u00e9 des lettres de Manouba, son \u00abjeune ami et camarade\u00bb. Nous publions ci-dessous la note n\u00e9crologique qu\u2019il lui a consacr\u00e9e.\" \/>\n<meta property=\"og:url\" content=\"https:\/\/kapitalis.com\/tunisie\/2018\/09\/20\/deces-de-beatrice-slama-la-doyenne-des-communistes-tunisiens\/\" \/>\n<meta property=\"og:site_name\" content=\"Kapitalis\" \/>\n<meta property=\"article:publisher\" content=\"https:\/\/www.facebook.com\/KapitalisInfo\/\" \/>\n<meta property=\"article:published_time\" content=\"2018-09-20T14:37:50+00:00\" \/>\n<meta property=\"og:image\" content=\"https:\/\/kapitalis.com\/tunisie\/wp-content\/uploads\/2022\/05\/kapitalis-logo-fb.png\" \/>\n\t<meta property=\"og:image:width\" content=\"1200\" \/>\n\t<meta property=\"og:image:height\" content=\"630\" \/>\n\t<meta property=\"og:image:type\" content=\"image\/png\" \/>\n<meta name=\"author\" content=\"webmaster kapitalis\" \/>\n<meta name=\"twitter:card\" content=\"summary_large_image\" \/>\n<meta name=\"twitter:creator\" content=\"@KapitalisInfo\" \/>\n<meta name=\"twitter:site\" content=\"@KapitalisInfo\" \/>\n<meta name=\"twitter:label1\" content=\"\u00c9crit par\" \/>\n\t<meta name=\"twitter:data1\" content=\"webmaster kapitalis\" \/>\n\t<meta name=\"twitter:label2\" content=\"Dur\u00e9e de lecture estim\u00e9e\" \/>\n\t<meta name=\"twitter:data2\" content=\"1 minute\" \/>\n<script type=\"application\/ld+json\" class=\"yoast-schema-graph\">{\"@context\":\"https:\/\/schema.org\",\"@graph\":[{\"@type\":\"Article\",\"@id\":\"https:\/\/kapitalis.com\/tunisie\/2018\/09\/20\/deces-de-beatrice-slama-la-doyenne-des-communistes-tunisiens\/#article\",\"isPartOf\":{\"@id\":\"https:\/\/kapitalis.com\/tunisie\/2018\/09\/20\/deces-de-beatrice-slama-la-doyenne-des-communistes-tunisiens\/\"},\"author\":{\"name\":\"webmaster kapitalis\",\"@id\":\"https:\/\/kapitalis.com\/tunisie\/#\/schema\/person\/d71f33a9ca44f7bad4698210b480c8e9\"},\"headline\":\"D\u00e9c\u00e8s de B\u00e9atrice Slama, la doyenne des communistes tunisiens\",\"datePublished\":\"2018-09-20T14:37:50+00:00\",\"mainEntityOfPage\":{\"@id\":\"https:\/\/kapitalis.com\/tunisie\/2018\/09\/20\/deces-de-beatrice-slama-la-doyenne-des-communistes-tunisiens\/\"},\"wordCount\":285,\"commentCount\":2,\"publisher\":{\"@id\":\"https:\/\/kapitalis.com\/tunisie\/#organization\"},\"image\":{\"@id\":\"https:\/\/kapitalis.com\/tunisie\/2018\/09\/20\/deces-de-beatrice-slama-la-doyenne-des-communistes-tunisiens\/#primaryimage\"},\"thumbnailUrl\":\"\",\"keywords\":[\"B\u00e9ji Ca\u00efd Essebsi\",\"parti communiste tunisien\",\"Selma Elloumi Rekik\"],\"articleSection\":[\"POLITIQUE\",\"Tunisie\"],\"inLanguage\":\"fr-FR\",\"potentialAction\":[{\"@type\":\"CommentAction\",\"name\":\"Comment\",\"target\":[\"https:\/\/kapitalis.com\/tunisie\/2018\/09\/20\/deces-de-beatrice-slama-la-doyenne-des-communistes-tunisiens\/#respond\"]}]},{\"@type\":\"WebPage\",\"@id\":\"https:\/\/kapitalis.com\/tunisie\/2018\/09\/20\/deces-de-beatrice-slama-la-doyenne-des-communistes-tunisiens\/\",\"url\":\"https:\/\/kapitalis.com\/tunisie\/2018\/09\/20\/deces-de-beatrice-slama-la-doyenne-des-communistes-tunisiens\/\",\"name\":\"D\u00e9c\u00e8s de B\u00e9atrice Slama, la doyenne des communistes tunisiens - Kapitalis\",\"isPartOf\":{\"@id\":\"https:\/\/kapitalis.com\/tunisie\/#website\"},\"primaryImageOfPage\":{\"@id\":\"https:\/\/kapitalis.com\/tunisie\/2018\/09\/20\/deces-de-beatrice-slama-la-doyenne-des-communistes-tunisiens\/#primaryimage\"},\"image\":{\"@id\":\"https:\/\/kapitalis.com\/tunisie\/2018\/09\/20\/deces-de-beatrice-slama-la-doyenne-des-communistes-tunisiens\/#primaryimage\"},\"thumbnailUrl\":\"\",\"datePublished\":\"2018-09-20T14:37:50+00:00\",\"breadcrumb\":{\"@id\":\"https:\/\/kapitalis.com\/tunisie\/2018\/09\/20\/deces-de-beatrice-slama-la-doyenne-des-communistes-tunisiens\/#breadcrumb\"},\"inLanguage\":\"fr-FR\",\"potentialAction\":[{\"@type\":\"ReadAction\",\"target\":[\"https:\/\/kapitalis.com\/tunisie\/2018\/09\/20\/deces-de-beatrice-slama-la-doyenne-des-communistes-tunisiens\/\"]}]},{\"@type\":\"ImageObject\",\"inLanguage\":\"fr-FR\",\"@id\":\"https:\/\/kapitalis.com\/tunisie\/2018\/09\/20\/deces-de-beatrice-slama-la-doyenne-des-communistes-tunisiens\/#primaryimage\",\"url\":\"\",\"contentUrl\":\"\"},{\"@type\":\"BreadcrumbList\",\"@id\":\"https:\/\/kapitalis.com\/tunisie\/2018\/09\/20\/deces-de-beatrice-slama-la-doyenne-des-communistes-tunisiens\/#breadcrumb\",\"itemListElement\":[{\"@type\":\"ListItem\",\"position\":1,\"name\":\"Accueil\",\"item\":\"https:\/\/kapitalis.com\/tunisie\/\"},{\"@type\":\"ListItem\",\"position\":2,\"name\":\"D\u00e9c\u00e8s de B\u00e9atrice Slama, la doyenne des communistes tunisiens\"}]},{\"@type\":\"WebSite\",\"@id\":\"https:\/\/kapitalis.com\/tunisie\/#website\",\"url\":\"https:\/\/kapitalis.com\/tunisie\/\",\"name\":\"Kapitalis\",\"description\":\"L&#039;actualit\u00e9 en Tunisie et dans le monde\",\"publisher\":{\"@id\":\"https:\/\/kapitalis.com\/tunisie\/#organization\"},\"potentialAction\":[{\"@type\":\"SearchAction\",\"target\":{\"@type\":\"EntryPoint\",\"urlTemplate\":\"https:\/\/kapitalis.com\/tunisie\/?s={search_term_string}\"},\"query-input\":{\"@type\":\"PropertyValueSpecification\",\"valueRequired\":true,\"valueName\":\"search_term_string\"}}],\"inLanguage\":\"fr-FR\"},{\"@type\":\"Organization\",\"@id\":\"https:\/\/kapitalis.com\/tunisie\/#organization\",\"name\":\"Kapitalis\",\"url\":\"https:\/\/kapitalis.com\/tunisie\/\",\"logo\":{\"@type\":\"ImageObject\",\"inLanguage\":\"fr-FR\",\"@id\":\"https:\/\/kapitalis.com\/tunisie\/#\/schema\/logo\/image\/\",\"url\":\"https:\/\/kapitalis.com\/tunisie\/wp-content\/uploads\/2022\/05\/Kapitalis-big-size.png\",\"contentUrl\":\"https:\/\/kapitalis.com\/tunisie\/wp-content\/uploads\/2022\/05\/Kapitalis-big-size.png\",\"width\":5000,\"height\":1500,\"caption\":\"Kapitalis\"},\"image\":{\"@id\":\"https:\/\/kapitalis.com\/tunisie\/#\/schema\/logo\/image\/\"},\"sameAs\":[\"https:\/\/www.facebook.com\/KapitalisInfo\/\",\"https:\/\/x.com\/KapitalisInfo\",\"https:\/\/www.youtube.com\/channel\/UC-yDYrHyfFBWWZaOw3FPg9Q\"]},{\"@type\":\"Person\",\"@id\":\"https:\/\/kapitalis.com\/tunisie\/#\/schema\/person\/d71f33a9ca44f7bad4698210b480c8e9\",\"name\":\"webmaster kapitalis\",\"url\":\"https:\/\/kapitalis.com\/tunisie\/author\/webmaster-kapitalis\/\"}]}<\/script>\n<!-- \/ Yoast SEO plugin. -->","yoast_head_json":{"title":"D\u00e9c\u00e8s de B\u00e9atrice Slama, la doyenne des communistes tunisiens - Kapitalis","robots":{"index":"index","follow":"follow","max-snippet":"max-snippet:-1","max-image-preview":"max-image-preview:large","max-video-preview":"max-video-preview:-1"},"canonical":"https:\/\/kapitalis.com\/tunisie\/2018\/09\/20\/deces-de-beatrice-slama-la-doyenne-des-communistes-tunisiens\/","og_locale":"fr_FR","og_type":"article","og_title":"D\u00e9c\u00e8s de B\u00e9atrice Slama, la doyenne des communistes tunisiens - Kapitalis","og_description":"B\u00e9atrice Slama, est d\u00e9c\u00e9d\u00e9e dans la soir\u00e9e d&rsquo;hier, jeudi 19 septembre 2018, \u00e0 Paris, \u00e0 l\u2019\u00e2ge de 95 ans. L\u2019annonce de sa mort a \u00e9t\u00e9 faite par l\u2019historien Habib Kazdaghli, doyen de la facult\u00e9 des lettres de Manouba, son \u00abjeune ami et camarade\u00bb. Nous publions ci-dessous la note n\u00e9crologique qu\u2019il lui a consacr\u00e9e.","og_url":"https:\/\/kapitalis.com\/tunisie\/2018\/09\/20\/deces-de-beatrice-slama-la-doyenne-des-communistes-tunisiens\/","og_site_name":"Kapitalis","article_publisher":"https:\/\/www.facebook.com\/KapitalisInfo\/","article_published_time":"2018-09-20T14:37:50+00:00","og_image":[{"width":1200,"height":630,"url":"https:\/\/kapitalis.com\/tunisie\/wp-content\/uploads\/2022\/05\/kapitalis-logo-fb.png","type":"image\/png"}],"author":"webmaster kapitalis","twitter_card":"summary_large_image","twitter_creator":"@KapitalisInfo","twitter_site":"@KapitalisInfo","twitter_misc":{"\u00c9crit par":"webmaster kapitalis","Dur\u00e9e de lecture estim\u00e9e":"1 minute"},"schema":{"@context":"https:\/\/schema.org","@graph":[{"@type":"Article","@id":"https:\/\/kapitalis.com\/tunisie\/2018\/09\/20\/deces-de-beatrice-slama-la-doyenne-des-communistes-tunisiens\/#article","isPartOf":{"@id":"https:\/\/kapitalis.com\/tunisie\/2018\/09\/20\/deces-de-beatrice-slama-la-doyenne-des-communistes-tunisiens\/"},"author":{"name":"webmaster kapitalis","@id":"https:\/\/kapitalis.com\/tunisie\/#\/schema\/person\/d71f33a9ca44f7bad4698210b480c8e9"},"headline":"D\u00e9c\u00e8s de B\u00e9atrice Slama, la doyenne des communistes tunisiens","datePublished":"2018-09-20T14:37:50+00:00","mainEntityOfPage":{"@id":"https:\/\/kapitalis.com\/tunisie\/2018\/09\/20\/deces-de-beatrice-slama-la-doyenne-des-communistes-tunisiens\/"},"wordCount":285,"commentCount":2,"publisher":{"@id":"https:\/\/kapitalis.com\/tunisie\/#organization"},"image":{"@id":"https:\/\/kapitalis.com\/tunisie\/2018\/09\/20\/deces-de-beatrice-slama-la-doyenne-des-communistes-tunisiens\/#primaryimage"},"thumbnailUrl":"","keywords":["B\u00e9ji Ca\u00efd Essebsi","parti communiste tunisien","Selma Elloumi Rekik"],"articleSection":["POLITIQUE","Tunisie"],"inLanguage":"fr-FR","potentialAction":[{"@type":"CommentAction","name":"Comment","target":["https:\/\/kapitalis.com\/tunisie\/2018\/09\/20\/deces-de-beatrice-slama-la-doyenne-des-communistes-tunisiens\/#respond"]}]},{"@type":"WebPage","@id":"https:\/\/kapitalis.com\/tunisie\/2018\/09\/20\/deces-de-beatrice-slama-la-doyenne-des-communistes-tunisiens\/","url":"https:\/\/kapitalis.com\/tunisie\/2018\/09\/20\/deces-de-beatrice-slama-la-doyenne-des-communistes-tunisiens\/","name":"D\u00e9c\u00e8s de B\u00e9atrice Slama, la doyenne des communistes tunisiens - Kapitalis","isPartOf":{"@id":"https:\/\/kapitalis.com\/tunisie\/#website"},"primaryImageOfPage":{"@id":"https:\/\/kapitalis.com\/tunisie\/2018\/09\/20\/deces-de-beatrice-slama-la-doyenne-des-communistes-tunisiens\/#primaryimage"},"image":{"@id":"https:\/\/kapitalis.com\/tunisie\/2018\/09\/20\/deces-de-beatrice-slama-la-doyenne-des-communistes-tunisiens\/#primaryimage"},"thumbnailUrl":"","datePublished":"2018-09-20T14:37:50+00:00","breadcrumb":{"@id":"https:\/\/kapitalis.com\/tunisie\/2018\/09\/20\/deces-de-beatrice-slama-la-doyenne-des-communistes-tunisiens\/#breadcrumb"},"inLanguage":"fr-FR","potentialAction":[{"@type":"ReadAction","target":["https:\/\/kapitalis.com\/tunisie\/2018\/09\/20\/deces-de-beatrice-slama-la-doyenne-des-communistes-tunisiens\/"]}]},{"@type":"ImageObject","inLanguage":"fr-FR","@id":"https:\/\/kapitalis.com\/tunisie\/2018\/09\/20\/deces-de-beatrice-slama-la-doyenne-des-communistes-tunisiens\/#primaryimage","url":"","contentUrl":""},{"@type":"BreadcrumbList","@id":"https:\/\/kapitalis.com\/tunisie\/2018\/09\/20\/deces-de-beatrice-slama-la-doyenne-des-communistes-tunisiens\/#breadcrumb","itemListElement":[{"@type":"ListItem","position":1,"name":"Accueil","item":"https:\/\/kapitalis.com\/tunisie\/"},{"@type":"ListItem","position":2,"name":"D\u00e9c\u00e8s de B\u00e9atrice Slama, la doyenne des communistes tunisiens"}]},{"@type":"WebSite","@id":"https:\/\/kapitalis.com\/tunisie\/#website","url":"https:\/\/kapitalis.com\/tunisie\/","name":"Kapitalis","description":"L&#039;actualit\u00e9 en Tunisie et dans le monde","publisher":{"@id":"https:\/\/kapitalis.com\/tunisie\/#organization"},"potentialAction":[{"@type":"SearchAction","target":{"@type":"EntryPoint","urlTemplate":"https:\/\/kapitalis.com\/tunisie\/?s={search_term_string}"},"query-input":{"@type":"PropertyValueSpecification","valueRequired":true,"valueName":"search_term_string"}}],"inLanguage":"fr-FR"},{"@type":"Organization","@id":"https:\/\/kapitalis.com\/tunisie\/#organization","name":"Kapitalis","url":"https:\/\/kapitalis.com\/tunisie\/","logo":{"@type":"ImageObject","inLanguage":"fr-FR","@id":"https:\/\/kapitalis.com\/tunisie\/#\/schema\/logo\/image\/","url":"https:\/\/kapitalis.com\/tunisie\/wp-content\/uploads\/2022\/05\/Kapitalis-big-size.png","contentUrl":"https:\/\/kapitalis.com\/tunisie\/wp-content\/uploads\/2022\/05\/Kapitalis-big-size.png","width":5000,"height":1500,"caption":"Kapitalis"},"image":{"@id":"https:\/\/kapitalis.com\/tunisie\/#\/schema\/logo\/image\/"},"sameAs":["https:\/\/www.facebook.com\/KapitalisInfo\/","https:\/\/x.com\/KapitalisInfo","https:\/\/www.youtube.com\/channel\/UC-yDYrHyfFBWWZaOw3FPg9Q"]},{"@type":"Person","@id":"https:\/\/kapitalis.com\/tunisie\/#\/schema\/person\/d71f33a9ca44f7bad4698210b480c8e9","name":"webmaster kapitalis","url":"https:\/\/kapitalis.com\/tunisie\/author\/webmaster-kapitalis\/"}]}},"_links":{"self":[{"href":"https:\/\/kapitalis.com\/tunisie\/wp-json\/wp\/v2\/posts\/174857","targetHints":{"allow":["GET"]}}],"collection":[{"href":"https:\/\/kapitalis.com\/tunisie\/wp-json\/wp\/v2\/posts"}],"about":[{"href":"https:\/\/kapitalis.com\/tunisie\/wp-json\/wp\/v2\/types\/post"}],"author":[{"embeddable":true,"href":"https:\/\/kapitalis.com\/tunisie\/wp-json\/wp\/v2\/users\/8"}],"replies":[{"embeddable":true,"href":"https:\/\/kapitalis.com\/tunisie\/wp-json\/wp\/v2\/comments?post=174857"}],"version-history":[{"count":0,"href":"https:\/\/kapitalis.com\/tunisie\/wp-json\/wp\/v2\/posts\/174857\/revisions"}],"wp:featuredmedia":[{"embeddable":true,"href":"https:\/\/kapitalis.com\/tunisie\/wp-json\/wp\/v2\/media\/174859"}],"wp:attachment":[{"href":"https:\/\/kapitalis.com\/tunisie\/wp-json\/wp\/v2\/media?parent=174857"}],"wp:term":[{"taxonomy":"category","embeddable":true,"href":"https:\/\/kapitalis.com\/tunisie\/wp-json\/wp\/v2\/categories?post=174857"},{"taxonomy":"post_tag","embeddable":true,"href":"https:\/\/kapitalis.com\/tunisie\/wp-json\/wp\/v2\/tags?post=174857"}],"curies":[{"name":"wp","href":"https:\/\/api.w.org\/{rel}","templated":true}]}}