{"id":17487669,"date":"2025-09-16T11:03:58","date_gmt":"2025-09-16T10:03:58","guid":{"rendered":"https:\/\/kapitalis.com\/tunisie\/?p=17487669"},"modified":"2025-09-16T11:11:13","modified_gmt":"2025-09-16T10:11:13","slug":"doha-et-apres-la-dignite-des-peuples-absente-des-sommets","status":"publish","type":"post","link":"https:\/\/kapitalis.com\/tunisie\/2025\/09\/16\/doha-et-apres-la-dignite-des-peuples-absente-des-sommets\/","title":{"rendered":"Doha et apr\u00e8s | La dignit\u00e9 des peuples absente des sommets"},"content":{"rendered":"\n<p><strong><em>\u00c0 chaque sommet international, les chefs d\u2019\u00c9tat d\u00e9filent, posent devant des drapeaux et publient des communiqu\u00e9s. Mais derri\u00e8re ces images, une question essentielle demeure :<\/em><\/strong><em> <strong>repr\u00e9sentent-ils seulement leurs \u00c9tats ou incarnent-ils aussi la dignit\u00e9 de leurs peuples ? Cette question doit aussi \u00eatre pos\u00e9e \u00e0 propos du Sommet arabo-islamique de Doha, organis\u00e9\u00a0lundi 15 septembre 2025. <\/strong><\/em><\/p>\n\n\n\n<p><strong>Khema\u00efs Gharbi<\/strong> *<\/p>\n\n\n\n<!--more-->\n\n\n<div class=\"wp-block-image\">\n<figure class=\"alignleft size-full\"><img loading=\"lazy\" decoding=\"async\" width=\"200\" height=\"200\" src=\"https:\/\/kapitalis.com\/tunisie\/wp-content\/uploads\/2024\/11\/Khemais-Gharbi.jpg\" alt=\"\" class=\"wp-image-14682166\" srcset=\"https:\/\/kapitalis.com\/tunisie\/wp-content\/uploads\/2024\/11\/Khemais-Gharbi.jpg 200w, https:\/\/kapitalis.com\/tunisie\/wp-content\/uploads\/2024\/11\/Khemais-Gharbi-150x150.jpg 150w, https:\/\/kapitalis.com\/tunisie\/wp-content\/uploads\/2024\/11\/Khemais-Gharbi-120x120.jpg 120w\" sizes=\"auto, (max-width: 200px) 100vw, 200px\" \/><\/figure>\n<\/div>\n\n\n<p>Ce sommet s&rsquo;est tenu soi-disant en r\u00e9ponse \u00e0 l\u2019attaque isra\u00e9lienne qui a vis\u00e9 les dirigeants du Hamas dans la capitale du Qatar la semaine derni\u00e8re, tuant cinq membres du mouvement de r\u00e9sistance palestinien et un agent de s\u00e9curit\u00e9 qatari. Il s\u2019est aussi tenu \u00e0 un moment crucial de l\u2019histoire du Moyen-Orient, marqu\u00e9 par l\u2019impuissance de la communaut\u00e9 internationale face au d\u00e9cha\u00eenement guerrier de l\u2019Etat d\u2019Isra\u00ebl contre tous ses voisins. Mais \u00e0 quoi a-t-il finalement abouti, sinon \u00e0 la m\u00eame litanie des d\u00e9nonciations futiles, inutiles, lassantes et d\u00e9shonorantes \u00e0 la fois, car sans lendemain ?<\/p>\n\n\n\n<p>Un pays n\u2019est pas qu\u2019un territoire, une arm\u00e9e ou un PIB. C\u2019est d\u2019abord un peuple, une m\u00e9moire, une histoire, une fiert\u00e9. Ignorer cette dimension r\u00e9duit la politique internationale \u00e0 une m\u00e9canique d\u2019alliances de circonstances et de contrats, en oubliant ce qui rend une nation vivante et debout : sa dignit\u00e9.<\/p>\n\n\n\n<p>La plupart des communiqu\u00e9s finaux ressemblent \u00e0 des listes ennuyeuses \u2014 d\u00e9nonciations, condamnations, v\u0153ux pieux. Et la d\u00e9claration finale du Sommet de Doha n\u2019a pas d\u00e9rog\u00e9 \u00e0 cette r\u00e8gle. Tout cela compte, mais si la dignit\u00e9 des peuples est absente de l\u2019\u00e9quation, ces d\u00e9cisions s\u2019\u00e9vanouissent comme du sable entre les doigts.<\/p>\n\n\n\n<h2 class=\"wp-block-heading\">Les d\u00e9cisions sans dignit\u00e9 sont sans \u00e2me<\/h2>\n\n\n\n<p>La dignit\u00e9 n\u2019est pas un luxe moral mais un facteur de stabilit\u00e9 politique, l\u2019oxyg\u00e8ne de peuples \u00e9touff\u00e9s par l\u2019injustice ou l\u2019humiliation. Un peuple qui perd confiance se d\u00e9sesp\u00e8re; un peuple respect\u00e9 accepte plus facilement des sacrifices temporaires.<\/p>\n\n\n\n<p>On parle de <em>\u00absauver l\u2019honneur\u00bb<\/em> dans les matchs de football, comme si ce n\u2019\u00e9tait qu\u2019un r\u00e9flexe symbolique. Mais pour les peuples, l\u2019honneur est une r\u00e9alit\u00e9 politique. Il peut \u00eatre bless\u00e9 par une guerre injuste, par des sommets qui ignorent sa fiert\u00e9, son honneur et sa sensibilit\u00e9.<\/p>\n\n\n\n<figure class=\"wp-block-embed is-type-wp-embed is-provider-kapitalis wp-block-embed-kapitalis\"><div class=\"wp-block-embed__wrapper\">\n<blockquote class=\"wp-embedded-content\" data-secret=\"3WHLylhvzC\"><a href=\"https:\/\/kapitalis.com\/tunisie\/2025\/09\/11\/bombardement-israelien-de-doha-a-quoi-sert-le-parapluie-americain\/\">Bombardement isra\u00e9lien de Doha | \u00c0 quoi sert le parapluie am\u00e9ricain ?<\/a><\/blockquote><iframe loading=\"lazy\" class=\"wp-embedded-content\" sandbox=\"allow-scripts\" security=\"restricted\" style=\"position: absolute; visibility: hidden;\" title=\"\u00ab\u00a0Bombardement isra\u00e9lien de Doha | \u00c0 quoi sert le parapluie am\u00e9ricain ?\u00a0\u00bb &#8212; Kapitalis\" src=\"https:\/\/kapitalis.com\/tunisie\/2025\/09\/11\/bombardement-israelien-de-doha-a-quoi-sert-le-parapluie-americain\/embed\/#?secret=vmi8wO5Ji3#?secret=3WHLylhvzC\" data-secret=\"3WHLylhvzC\" width=\"600\" height=\"338\" frameborder=\"0\" marginwidth=\"0\" marginheight=\"0\" scrolling=\"no\"><\/iframe>\n<\/div><\/figure>\n\n\n\n<p>Les dirigeants qui se rendent \u00e0 un sommet portent plus qu\u2019un drapeau : ils portent la m\u00e9moire de leurs martyrs, les sacrifices de leurs soldats, les r\u00eaves de leurs populations. Cela exige courage et abn\u00e9gation, car la dignit\u00e9 doit avoir sa place au c\u0153ur de la d\u00e9fense des int\u00e9r\u00eats sup\u00e9rieurs des peuples.<\/p>\n\n\n\n<p>Il est temps que les sommets internationaux inscrivent explicitement la dignit\u00e9 des peuples \u00e0 leur ordre du jour. Cela ne signifie pas r\u00e9diger de belles phrases dans un pr\u00e9ambule : cela signifie mesurer les cons\u00e9quences psychologiques et symboliques des d\u00e9cisions. Une d\u00e9cision respectueuse de la dignit\u00e9 d\u2019un peuple, \u00e0 un moment crucial de son existence, peut marquer des g\u00e9n\u00e9rations enti\u00e8res.<\/p>\n\n\n\n<h2 class=\"wp-block-heading\">Vers une diplomatie du respect<\/h2>\n\n\n\n<p>Posons donc, apr\u00e8s chaque conclave diplomatique, la question simple mais essentielle : ce sommet a-t-il pr\u00e9serv\u00e9 la dignit\u00e9 des peuples concern\u00e9s ?<\/p>\n\n\n\n<p>La dignit\u00e9 n\u2019est pas un suppl\u00e9ment d\u2019\u00e2me : c\u2019est le c\u0153ur battant de la souverainet\u00e9. Vaclav Havel l\u2019avait r\u00e9sum\u00e9 ainsi : <em>\u00abLa vraie politique est celle qui place la dignit\u00e9 de l\u2019homme au centre et non l\u2019int\u00e9r\u00eat imm\u00e9diat des partis ou des \u00c9tats.\u00bb<\/em><\/p>\n\n\n\n<p>C\u2019est \u00e0 cette hauteur qu\u2019il faut d\u00e9sormais juger nos sommets. Non pas \u00e0 la taille des buffets ni au nombre de photos, mais \u00e0 l\u2019aune de ce qu\u2019ils font pour que chaque peuple puisse se tenir debout, fier et respect\u00e9.<\/p>\n\n\n\n<p><em>* Ecrivain, traducteur.<\/em><\/p>\n\n\n\n<figure class=\"wp-block-embed is-type-wp-embed is-provider-kapitalis wp-block-embed-kapitalis\"><div class=\"wp-block-embed__wrapper\">\n<blockquote class=\"wp-embedded-content\" data-secret=\"i80x9FvzSx\"><a href=\"https:\/\/kapitalis.com\/tunisie\/2025\/09\/14\/doha-un-sommet-sous-tension\/\">Doha, un sommet sous tension<\/a><\/blockquote><iframe loading=\"lazy\" class=\"wp-embedded-content\" sandbox=\"allow-scripts\" security=\"restricted\" style=\"position: absolute; visibility: hidden;\" title=\"\u00ab\u00a0Doha, un sommet sous tension\u00a0\u00bb &#8212; Kapitalis\" src=\"https:\/\/kapitalis.com\/tunisie\/2025\/09\/14\/doha-un-sommet-sous-tension\/embed\/#?secret=1QS3H6lLEN#?secret=i80x9FvzSx\" data-secret=\"i80x9FvzSx\" width=\"600\" height=\"338\" frameborder=\"0\" marginwidth=\"0\" marginheight=\"0\" scrolling=\"no\"><\/iframe>\n<\/div><\/figure>\n","protected":false},"excerpt":{"rendered":"<p>Le sommet arabo-islamique de Doha a \u00e9t\u00e9 futile, inutile, lassant et d\u00e9shonorant \u00e0 la fois, car sans lendemain. <\/p>\n","protected":false},"author":8,"featured_media":17487684,"comment_status":"open","ping_status":"open","sticky":false,"template":"","format":"standard","meta":{"footnotes":""},"categories":[992,997,1000,2433],"tags":[1518,26195,2478,756,112159],"class_list":["post-17487669","post","type-post","status-publish","format-standard","has-post-thumbnail","hentry","category-a-la-une","category-politique","category-tribune","category-tunisie","tag-doha","tag-hamas","tag-israel","tag-qatar","tag-sommet-arabo-islamique"],"yoast_head":"<!-- This site is optimized with the Yoast SEO plugin v26.6 - https:\/\/yoast.com\/wordpress\/plugins\/seo\/ -->\n<title>Doha et apr\u00e8s | La dignit\u00e9 des peuples absente des sommets - Kapitalis<\/title>\n<meta name=\"description\" content=\"Le sommet arabo-islamique de Doha a \u00e9t\u00e9 futile, inutile, lassant et humiliant \u00e0 la fois, car sans lendemain.\" \/>\n<meta name=\"robots\" content=\"index, follow, max-snippet:-1, max-image-preview:large, max-video-preview:-1\" \/>\n<link rel=\"canonical\" href=\"https:\/\/kapitalis.com\/tunisie\/2025\/09\/16\/doha-et-apres-la-dignite-des-peuples-absente-des-sommets\/\" \/>\n<meta property=\"og:locale\" content=\"fr_FR\" \/>\n<meta property=\"og:type\" content=\"article\" \/>\n<meta property=\"og:title\" content=\"Doha et apr\u00e8s | La dignit\u00e9 des peuples absente des sommets - Kapitalis\" \/>\n<meta property=\"og:description\" content=\"Le sommet arabo-islamique de Doha a \u00e9t\u00e9 futile, inutile, lassant et humiliant \u00e0 la fois, car sans lendemain.\" \/>\n<meta property=\"og:url\" content=\"https:\/\/kapitalis.com\/tunisie\/2025\/09\/16\/doha-et-apres-la-dignite-des-peuples-absente-des-sommets\/\" \/>\n<meta property=\"og:site_name\" content=\"Kapitalis\" \/>\n<meta property=\"article:publisher\" content=\"https:\/\/www.facebook.com\/KapitalisInfo\/\" \/>\n<meta property=\"article:published_time\" content=\"2025-09-16T10:03:58+00:00\" \/>\n<meta property=\"article:modified_time\" content=\"2025-09-16T10:11:13+00:00\" \/>\n<meta property=\"og:image\" content=\"https:\/\/kapitalis.com\/tunisie\/wp-content\/uploads\/2025\/09\/Sommet-arabo-islamique-de-Doha-2025.jpg\" \/>\n\t<meta property=\"og:image:width\" content=\"1200\" \/>\n\t<meta property=\"og:image:height\" content=\"630\" \/>\n\t<meta property=\"og:image:type\" content=\"image\/jpeg\" \/>\n<meta name=\"author\" content=\"webmaster kapitalis\" \/>\n<meta name=\"twitter:card\" content=\"summary_large_image\" \/>\n<meta name=\"twitter:creator\" content=\"@KapitalisInfo\" \/>\n<meta name=\"twitter:site\" content=\"@KapitalisInfo\" \/>\n<meta name=\"twitter:label1\" content=\"\u00c9crit par\" \/>\n\t<meta name=\"twitter:data1\" content=\"webmaster kapitalis\" \/>\n\t<meta name=\"twitter:label2\" content=\"Dur\u00e9e de lecture estim\u00e9e\" \/>\n\t<meta name=\"twitter:data2\" content=\"4 minutes\" \/>\n<script type=\"application\/ld+json\" class=\"yoast-schema-graph\">{\"@context\":\"https:\/\/schema.org\",\"@graph\":[{\"@type\":\"Article\",\"@id\":\"https:\/\/kapitalis.com\/tunisie\/2025\/09\/16\/doha-et-apres-la-dignite-des-peuples-absente-des-sommets\/#article\",\"isPartOf\":{\"@id\":\"https:\/\/kapitalis.com\/tunisie\/2025\/09\/16\/doha-et-apres-la-dignite-des-peuples-absente-des-sommets\/\"},\"author\":{\"name\":\"webmaster kapitalis\",\"@id\":\"https:\/\/kapitalis.com\/tunisie\/#\/schema\/person\/d71f33a9ca44f7bad4698210b480c8e9\"},\"headline\":\"Doha et apr\u00e8s | La dignit\u00e9 des peuples absente des sommets\",\"datePublished\":\"2025-09-16T10:03:58+00:00\",\"dateModified\":\"2025-09-16T10:11:13+00:00\",\"mainEntityOfPage\":{\"@id\":\"https:\/\/kapitalis.com\/tunisie\/2025\/09\/16\/doha-et-apres-la-dignite-des-peuples-absente-des-sommets\/\"},\"wordCount\":655,\"commentCount\":19,\"publisher\":{\"@id\":\"https:\/\/kapitalis.com\/tunisie\/#organization\"},\"image\":{\"@id\":\"https:\/\/kapitalis.com\/tunisie\/2025\/09\/16\/doha-et-apres-la-dignite-des-peuples-absente-des-sommets\/#primaryimage\"},\"thumbnailUrl\":\"https:\/\/kapitalis.com\/tunisie\/wp-content\/uploads\/2025\/09\/Sommet-arabo-islamique-de-Doha-2025.jpg\",\"keywords\":[\"Doha\",\"Hamas\",\"Isra\u00ebl\",\"Qatar\",\"sommet arabo-islamique\"],\"articleSection\":[\"A LA UNE\",\"POLITIQUE\",\"TRIBUNE\",\"Tunisie\"],\"inLanguage\":\"fr-FR\",\"potentialAction\":[{\"@type\":\"CommentAction\",\"name\":\"Comment\",\"target\":[\"https:\/\/kapitalis.com\/tunisie\/2025\/09\/16\/doha-et-apres-la-dignite-des-peuples-absente-des-sommets\/#respond\"]}]},{\"@type\":\"WebPage\",\"@id\":\"https:\/\/kapitalis.com\/tunisie\/2025\/09\/16\/doha-et-apres-la-dignite-des-peuples-absente-des-sommets\/\",\"url\":\"https:\/\/kapitalis.com\/tunisie\/2025\/09\/16\/doha-et-apres-la-dignite-des-peuples-absente-des-sommets\/\",\"name\":\"Doha et apr\u00e8s | La dignit\u00e9 des peuples absente des sommets - Kapitalis\",\"isPartOf\":{\"@id\":\"https:\/\/kapitalis.com\/tunisie\/#website\"},\"primaryImageOfPage\":{\"@id\":\"https:\/\/kapitalis.com\/tunisie\/2025\/09\/16\/doha-et-apres-la-dignite-des-peuples-absente-des-sommets\/#primaryimage\"},\"image\":{\"@id\":\"https:\/\/kapitalis.com\/tunisie\/2025\/09\/16\/doha-et-apres-la-dignite-des-peuples-absente-des-sommets\/#primaryimage\"},\"thumbnailUrl\":\"https:\/\/kapitalis.com\/tunisie\/wp-content\/uploads\/2025\/09\/Sommet-arabo-islamique-de-Doha-2025.jpg\",\"datePublished\":\"2025-09-16T10:03:58+00:00\",\"dateModified\":\"2025-09-16T10:11:13+00:00\",\"description\":\"Le sommet arabo-islamique de Doha a \u00e9t\u00e9 futile, inutile, lassant et humiliant \u00e0 la fois, car sans lendemain.\",\"breadcrumb\":{\"@id\":\"https:\/\/kapitalis.com\/tunisie\/2025\/09\/16\/doha-et-apres-la-dignite-des-peuples-absente-des-sommets\/#breadcrumb\"},\"inLanguage\":\"fr-FR\",\"potentialAction\":[{\"@type\":\"ReadAction\",\"target\":[\"https:\/\/kapitalis.com\/tunisie\/2025\/09\/16\/doha-et-apres-la-dignite-des-peuples-absente-des-sommets\/\"]}]},{\"@type\":\"ImageObject\",\"inLanguage\":\"fr-FR\",\"@id\":\"https:\/\/kapitalis.com\/tunisie\/2025\/09\/16\/doha-et-apres-la-dignite-des-peuples-absente-des-sommets\/#primaryimage\",\"url\":\"https:\/\/kapitalis.com\/tunisie\/wp-content\/uploads\/2025\/09\/Sommet-arabo-islamique-de-Doha-2025.jpg\",\"contentUrl\":\"https:\/\/kapitalis.com\/tunisie\/wp-content\/uploads\/2025\/09\/Sommet-arabo-islamique-de-Doha-2025.jpg\",\"width\":1200,\"height\":630},{\"@type\":\"BreadcrumbList\",\"@id\":\"https:\/\/kapitalis.com\/tunisie\/2025\/09\/16\/doha-et-apres-la-dignite-des-peuples-absente-des-sommets\/#breadcrumb\",\"itemListElement\":[{\"@type\":\"ListItem\",\"position\":1,\"name\":\"Accueil\",\"item\":\"https:\/\/kapitalis.com\/tunisie\/\"},{\"@type\":\"ListItem\",\"position\":2,\"name\":\"Doha et apr\u00e8s | La dignit\u00e9 des peuples absente des sommets\"}]},{\"@type\":\"WebSite\",\"@id\":\"https:\/\/kapitalis.com\/tunisie\/#website\",\"url\":\"https:\/\/kapitalis.com\/tunisie\/\",\"name\":\"Kapitalis\",\"description\":\"L&#039;actualit\u00e9 en Tunisie et dans le monde\",\"publisher\":{\"@id\":\"https:\/\/kapitalis.com\/tunisie\/#organization\"},\"potentialAction\":[{\"@type\":\"SearchAction\",\"target\":{\"@type\":\"EntryPoint\",\"urlTemplate\":\"https:\/\/kapitalis.com\/tunisie\/?s={search_term_string}\"},\"query-input\":{\"@type\":\"PropertyValueSpecification\",\"valueRequired\":true,\"valueName\":\"search_term_string\"}}],\"inLanguage\":\"fr-FR\"},{\"@type\":\"Organization\",\"@id\":\"https:\/\/kapitalis.com\/tunisie\/#organization\",\"name\":\"Kapitalis\",\"url\":\"https:\/\/kapitalis.com\/tunisie\/\",\"logo\":{\"@type\":\"ImageObject\",\"inLanguage\":\"fr-FR\",\"@id\":\"https:\/\/kapitalis.com\/tunisie\/#\/schema\/logo\/image\/\",\"url\":\"https:\/\/kapitalis.com\/tunisie\/wp-content\/uploads\/2022\/05\/Kapitalis-big-size.png\",\"contentUrl\":\"https:\/\/kapitalis.com\/tunisie\/wp-content\/uploads\/2022\/05\/Kapitalis-big-size.png\",\"width\":5000,\"height\":1500,\"caption\":\"Kapitalis\"},\"image\":{\"@id\":\"https:\/\/kapitalis.com\/tunisie\/#\/schema\/logo\/image\/\"},\"sameAs\":[\"https:\/\/www.facebook.com\/KapitalisInfo\/\",\"https:\/\/x.com\/KapitalisInfo\",\"https:\/\/www.youtube.com\/channel\/UC-yDYrHyfFBWWZaOw3FPg9Q\"]},{\"@type\":\"Person\",\"@id\":\"https:\/\/kapitalis.com\/tunisie\/#\/schema\/person\/d71f33a9ca44f7bad4698210b480c8e9\",\"name\":\"webmaster kapitalis\",\"url\":\"https:\/\/kapitalis.com\/tunisie\/author\/webmaster-kapitalis\/\"}]}<\/script>\n<!-- \/ Yoast SEO plugin. -->","yoast_head_json":{"title":"Doha et apr\u00e8s | La dignit\u00e9 des peuples absente des sommets - Kapitalis","description":"Le sommet arabo-islamique de Doha a \u00e9t\u00e9 futile, inutile, lassant et humiliant \u00e0 la fois, car sans lendemain.","robots":{"index":"index","follow":"follow","max-snippet":"max-snippet:-1","max-image-preview":"max-image-preview:large","max-video-preview":"max-video-preview:-1"},"canonical":"https:\/\/kapitalis.com\/tunisie\/2025\/09\/16\/doha-et-apres-la-dignite-des-peuples-absente-des-sommets\/","og_locale":"fr_FR","og_type":"article","og_title":"Doha et apr\u00e8s | La dignit\u00e9 des peuples absente des sommets - Kapitalis","og_description":"Le sommet arabo-islamique de Doha a \u00e9t\u00e9 futile, inutile, lassant et humiliant \u00e0 la fois, car sans lendemain.","og_url":"https:\/\/kapitalis.com\/tunisie\/2025\/09\/16\/doha-et-apres-la-dignite-des-peuples-absente-des-sommets\/","og_site_name":"Kapitalis","article_publisher":"https:\/\/www.facebook.com\/KapitalisInfo\/","article_published_time":"2025-09-16T10:03:58+00:00","article_modified_time":"2025-09-16T10:11:13+00:00","og_image":[{"width":1200,"height":630,"url":"https:\/\/kapitalis.com\/tunisie\/wp-content\/uploads\/2025\/09\/Sommet-arabo-islamique-de-Doha-2025.jpg","type":"image\/jpeg"}],"author":"webmaster kapitalis","twitter_card":"summary_large_image","twitter_creator":"@KapitalisInfo","twitter_site":"@KapitalisInfo","twitter_misc":{"\u00c9crit par":"webmaster kapitalis","Dur\u00e9e de lecture estim\u00e9e":"4 minutes"},"schema":{"@context":"https:\/\/schema.org","@graph":[{"@type":"Article","@id":"https:\/\/kapitalis.com\/tunisie\/2025\/09\/16\/doha-et-apres-la-dignite-des-peuples-absente-des-sommets\/#article","isPartOf":{"@id":"https:\/\/kapitalis.com\/tunisie\/2025\/09\/16\/doha-et-apres-la-dignite-des-peuples-absente-des-sommets\/"},"author":{"name":"webmaster kapitalis","@id":"https:\/\/kapitalis.com\/tunisie\/#\/schema\/person\/d71f33a9ca44f7bad4698210b480c8e9"},"headline":"Doha et apr\u00e8s | La dignit\u00e9 des peuples absente des sommets","datePublished":"2025-09-16T10:03:58+00:00","dateModified":"2025-09-16T10:11:13+00:00","mainEntityOfPage":{"@id":"https:\/\/kapitalis.com\/tunisie\/2025\/09\/16\/doha-et-apres-la-dignite-des-peuples-absente-des-sommets\/"},"wordCount":655,"commentCount":19,"publisher":{"@id":"https:\/\/kapitalis.com\/tunisie\/#organization"},"image":{"@id":"https:\/\/kapitalis.com\/tunisie\/2025\/09\/16\/doha-et-apres-la-dignite-des-peuples-absente-des-sommets\/#primaryimage"},"thumbnailUrl":"https:\/\/kapitalis.com\/tunisie\/wp-content\/uploads\/2025\/09\/Sommet-arabo-islamique-de-Doha-2025.jpg","keywords":["Doha","Hamas","Isra\u00ebl","Qatar","sommet arabo-islamique"],"articleSection":["A LA UNE","POLITIQUE","TRIBUNE","Tunisie"],"inLanguage":"fr-FR","potentialAction":[{"@type":"CommentAction","name":"Comment","target":["https:\/\/kapitalis.com\/tunisie\/2025\/09\/16\/doha-et-apres-la-dignite-des-peuples-absente-des-sommets\/#respond"]}]},{"@type":"WebPage","@id":"https:\/\/kapitalis.com\/tunisie\/2025\/09\/16\/doha-et-apres-la-dignite-des-peuples-absente-des-sommets\/","url":"https:\/\/kapitalis.com\/tunisie\/2025\/09\/16\/doha-et-apres-la-dignite-des-peuples-absente-des-sommets\/","name":"Doha et apr\u00e8s | La dignit\u00e9 des peuples absente des sommets - Kapitalis","isPartOf":{"@id":"https:\/\/kapitalis.com\/tunisie\/#website"},"primaryImageOfPage":{"@id":"https:\/\/kapitalis.com\/tunisie\/2025\/09\/16\/doha-et-apres-la-dignite-des-peuples-absente-des-sommets\/#primaryimage"},"image":{"@id":"https:\/\/kapitalis.com\/tunisie\/2025\/09\/16\/doha-et-apres-la-dignite-des-peuples-absente-des-sommets\/#primaryimage"},"thumbnailUrl":"https:\/\/kapitalis.com\/tunisie\/wp-content\/uploads\/2025\/09\/Sommet-arabo-islamique-de-Doha-2025.jpg","datePublished":"2025-09-16T10:03:58+00:00","dateModified":"2025-09-16T10:11:13+00:00","description":"Le sommet arabo-islamique de Doha a \u00e9t\u00e9 futile, inutile, lassant et humiliant \u00e0 la fois, car sans lendemain.","breadcrumb":{"@id":"https:\/\/kapitalis.com\/tunisie\/2025\/09\/16\/doha-et-apres-la-dignite-des-peuples-absente-des-sommets\/#breadcrumb"},"inLanguage":"fr-FR","potentialAction":[{"@type":"ReadAction","target":["https:\/\/kapitalis.com\/tunisie\/2025\/09\/16\/doha-et-apres-la-dignite-des-peuples-absente-des-sommets\/"]}]},{"@type":"ImageObject","inLanguage":"fr-FR","@id":"https:\/\/kapitalis.com\/tunisie\/2025\/09\/16\/doha-et-apres-la-dignite-des-peuples-absente-des-sommets\/#primaryimage","url":"https:\/\/kapitalis.com\/tunisie\/wp-content\/uploads\/2025\/09\/Sommet-arabo-islamique-de-Doha-2025.jpg","contentUrl":"https:\/\/kapitalis.com\/tunisie\/wp-content\/uploads\/2025\/09\/Sommet-arabo-islamique-de-Doha-2025.jpg","width":1200,"height":630},{"@type":"BreadcrumbList","@id":"https:\/\/kapitalis.com\/tunisie\/2025\/09\/16\/doha-et-apres-la-dignite-des-peuples-absente-des-sommets\/#breadcrumb","itemListElement":[{"@type":"ListItem","position":1,"name":"Accueil","item":"https:\/\/kapitalis.com\/tunisie\/"},{"@type":"ListItem","position":2,"name":"Doha et apr\u00e8s | La dignit\u00e9 des peuples absente des sommets"}]},{"@type":"WebSite","@id":"https:\/\/kapitalis.com\/tunisie\/#website","url":"https:\/\/kapitalis.com\/tunisie\/","name":"Kapitalis","description":"L&#039;actualit\u00e9 en Tunisie et dans le monde","publisher":{"@id":"https:\/\/kapitalis.com\/tunisie\/#organization"},"potentialAction":[{"@type":"SearchAction","target":{"@type":"EntryPoint","urlTemplate":"https:\/\/kapitalis.com\/tunisie\/?s={search_term_string}"},"query-input":{"@type":"PropertyValueSpecification","valueRequired":true,"valueName":"search_term_string"}}],"inLanguage":"fr-FR"},{"@type":"Organization","@id":"https:\/\/kapitalis.com\/tunisie\/#organization","name":"Kapitalis","url":"https:\/\/kapitalis.com\/tunisie\/","logo":{"@type":"ImageObject","inLanguage":"fr-FR","@id":"https:\/\/kapitalis.com\/tunisie\/#\/schema\/logo\/image\/","url":"https:\/\/kapitalis.com\/tunisie\/wp-content\/uploads\/2022\/05\/Kapitalis-big-size.png","contentUrl":"https:\/\/kapitalis.com\/tunisie\/wp-content\/uploads\/2022\/05\/Kapitalis-big-size.png","width":5000,"height":1500,"caption":"Kapitalis"},"image":{"@id":"https:\/\/kapitalis.com\/tunisie\/#\/schema\/logo\/image\/"},"sameAs":["https:\/\/www.facebook.com\/KapitalisInfo\/","https:\/\/x.com\/KapitalisInfo","https:\/\/www.youtube.com\/channel\/UC-yDYrHyfFBWWZaOw3FPg9Q"]},{"@type":"Person","@id":"https:\/\/kapitalis.com\/tunisie\/#\/schema\/person\/d71f33a9ca44f7bad4698210b480c8e9","name":"webmaster kapitalis","url":"https:\/\/kapitalis.com\/tunisie\/author\/webmaster-kapitalis\/"}]}},"_links":{"self":[{"href":"https:\/\/kapitalis.com\/tunisie\/wp-json\/wp\/v2\/posts\/17487669","targetHints":{"allow":["GET"]}}],"collection":[{"href":"https:\/\/kapitalis.com\/tunisie\/wp-json\/wp\/v2\/posts"}],"about":[{"href":"https:\/\/kapitalis.com\/tunisie\/wp-json\/wp\/v2\/types\/post"}],"author":[{"embeddable":true,"href":"https:\/\/kapitalis.com\/tunisie\/wp-json\/wp\/v2\/users\/8"}],"replies":[{"embeddable":true,"href":"https:\/\/kapitalis.com\/tunisie\/wp-json\/wp\/v2\/comments?post=17487669"}],"version-history":[{"count":3,"href":"https:\/\/kapitalis.com\/tunisie\/wp-json\/wp\/v2\/posts\/17487669\/revisions"}],"predecessor-version":[{"id":17487827,"href":"https:\/\/kapitalis.com\/tunisie\/wp-json\/wp\/v2\/posts\/17487669\/revisions\/17487827"}],"wp:featuredmedia":[{"embeddable":true,"href":"https:\/\/kapitalis.com\/tunisie\/wp-json\/wp\/v2\/media\/17487684"}],"wp:attachment":[{"href":"https:\/\/kapitalis.com\/tunisie\/wp-json\/wp\/v2\/media?parent=17487669"}],"wp:term":[{"taxonomy":"category","embeddable":true,"href":"https:\/\/kapitalis.com\/tunisie\/wp-json\/wp\/v2\/categories?post=17487669"},{"taxonomy":"post_tag","embeddable":true,"href":"https:\/\/kapitalis.com\/tunisie\/wp-json\/wp\/v2\/tags?post=17487669"}],"curies":[{"name":"wp","href":"https:\/\/api.w.org\/{rel}","templated":true}]}}