{"id":175141,"date":"2018-09-22T11:14:05","date_gmt":"2018-09-22T10:14:05","guid":{"rendered":"http:\/\/kapitalis.com\/tunisie\/?p=175141"},"modified":"2018-09-22T11:57:10","modified_gmt":"2018-09-22T10:57:10","slug":"violences-dans-les-stades-six-policiers-blesses-a-sousse","status":"publish","type":"post","link":"https:\/\/kapitalis.com\/tunisie\/2018\/09\/22\/violences-dans-les-stades-six-policiers-blesses-a-sousse\/","title":{"rendered":"Violences dans les stades : Six policiers bless\u00e9s \u00e0 Sousse"},"content":{"rendered":"<p style=\"text-align: center;\"><img loading=\"lazy\" decoding=\"async\" class=\"alignnone size-full wp-image-175147\" src=\"http:\/\/kapitalis.com\/tunisie\/wp-content\/uploads\/2018\/09\/Violences-stade-Sousse.jpg\" alt=\"\" width=\"626\" height=\"380\" \/><\/p>\n<p><em><strong>Les supporteurs de l\u2019Etoile sportive du Sahel (ESS) ont caillass\u00e9 les policiers au stade de Sousse, apr\u00e8s la d\u00e9faite de leur club, hier, vendredi 21 septembre 2018, face \u00e0 l\u2019Esp\u00e9rance sportive de Tunis (EST).<\/strong><\/em><!--more--><\/p>\n<p>Cette d\u00e9faite au match retour des qualifications en \u00bd finales de la Ligue de la Ligue des Champions d\u2019Afrique, sur le score de 1 \u00e0 0, \u00a0n\u2019a pas \u00e9t\u00e9 dig\u00e9r\u00e9e par les supporteurs, qui ont eu recours \u00e0 la violence \u00e0 l\u2019int\u00e9rieur et \u00e0 l\u2019ext\u00e9rieur du stade. Ils ont notamment lanc\u00e9 des pierres sur les agents du stade et sur le bus de la police.<\/p>\n<p>Six policiers ont \u00e9t\u00e9 bless\u00e9s, dont un qui a \u00e9t\u00e9 hospitalis\u00e9 apr\u00e8s avoir re\u00e7u une pierre \u00e0 la t\u00eate et un autre qui a perdu toutes ses dents sup\u00e9rieures.<\/p>\n<p style=\"text-align: center;\"><img loading=\"lazy\" decoding=\"async\" class=\"alignnone wp-image-175148\" src=\"http:\/\/kapitalis.com\/tunisie\/wp-content\/uploads\/2018\/09\/Sousse-stade-violences.jpg\" alt=\"\" width=\"500\" height=\"304\" \/><\/p>\n<p>Rappelons que l\u2019EST s\u2019est qualifi\u00e9e aux \u00bd finales sur le score de 3 \u00e0 1, sur les deux matchs aller et retour. Celui d\u2019hier \u00e9tait serr\u00e9 et domin\u00e9 par les Etoil\u00e9s qui n\u2019ont pas r\u00e9ussi \u00e0 conclure. Un but de Fousseny Coulibaly, marqu\u00e9 \u00e0 la 87e minute a \u00e9t\u00e9 d\u00e9cisif et mit fin \u00e0 l&rsquo;aventure des Etoil\u00e9s, qui doivent revoir beaucoup de choses, notamment l&rsquo;indigence de leur ligne d&rsquo;attaque.<\/p>\n<p style=\"text-align: right;\"><strong>Y. N.<\/strong><\/p>\n<blockquote class=\"wp-embedded-content\" data-secret=\"40RuwsBT4e\"><p><a href=\"https:\/\/kapitalis.com\/tunisie\/2018\/09\/21\/ligue-des-champions-lesperance-bat-letoile-et-se-qualifie-en-demi-finale\/\">Ligue des champions : L&rsquo;Esp\u00e9rance bat l&rsquo;Etoile et se qualifie en demi-finale<\/a><\/p><\/blockquote>\n<p><iframe loading=\"lazy\" class=\"wp-embedded-content\" sandbox=\"allow-scripts\" security=\"restricted\" style=\"position: absolute; clip: rect(1px, 1px, 1px, 1px);\" title=\"\u00ab\u00a0Ligue des champions : L&rsquo;Esp\u00e9rance bat l&rsquo;Etoile et se qualifie en demi-finale\u00a0\u00bb &#8212; Kapitalis\" src=\"https:\/\/kapitalis.com\/tunisie\/2018\/09\/21\/ligue-des-champions-lesperance-bat-letoile-et-se-qualifie-en-demi-finale\/embed\/#?secret=AxXF4kUBRy#?secret=40RuwsBT4e\" data-secret=\"40RuwsBT4e\" width=\"600\" height=\"338\" frameborder=\"0\" marginwidth=\"0\" marginheight=\"0\" scrolling=\"no\"><\/iframe><\/p>\n<blockquote class=\"wp-embedded-content\" data-secret=\"jeiJbb0nt9\"><p><a href=\"https:\/\/kapitalis.com\/tunisie\/2018\/09\/22\/ligue-des-champions-lesperance-en-demi-finale-grace-a-sa-defense\/\">Ligue des champions : L\u2019Esp\u00e9rance en demi-finale gr\u00e2ce \u00e0 sa d\u00e9fense<\/a><\/p><\/blockquote>\n<p><iframe loading=\"lazy\" class=\"wp-embedded-content\" sandbox=\"allow-scripts\" security=\"restricted\" style=\"position: absolute; clip: rect(1px, 1px, 1px, 1px);\" title=\"\u00ab\u00a0Ligue des champions : L\u2019Esp\u00e9rance en demi-finale gr\u00e2ce \u00e0 sa d\u00e9fense\u00a0\u00bb &#8212; Kapitalis\" src=\"https:\/\/kapitalis.com\/tunisie\/2018\/09\/22\/ligue-des-champions-lesperance-en-demi-finale-grace-a-sa-defense\/embed\/#?secret=SlK8SfrIrt#?secret=jeiJbb0nt9\" data-secret=\"jeiJbb0nt9\" width=\"600\" height=\"338\" frameborder=\"0\" marginwidth=\"0\" marginheight=\"0\" scrolling=\"no\"><\/iframe><\/p>\n","protected":false},"excerpt":{"rendered":"<p>Les supporteurs de l\u2019Etoile sportive du Sahel (ESS) ont caillass\u00e9 les policiers au stade de Sousse, apr\u00e8s la d\u00e9faite de leur club, hier, vendredi 21 septembre 2018, face \u00e0 l\u2019Esp\u00e9rance sportive de Tunis (EST).<\/p>\n","protected":false},"author":6,"featured_media":175147,"comment_status":"open","ping_status":"open","sticky":false,"template":"","format":"standard","meta":{"footnotes":""},"categories":[999,2433],"tags":[3188,343,346,18380,1163,2847,854,11336,1151,6581],"class_list":["post-175141","post","type-post","status-publish","format-standard","has-post-thumbnail","hentry","category-sport","category-tunisie","tag-esperance-tunis","tag-ess","tag-est","tag-etoile-sahel","tag-match","tag-policiers","tag-sousse","tag-stade","tag-supporters","tag-violences"],"yoast_head":"<!-- This site is optimized with the Yoast SEO plugin v26.6 - https:\/\/yoast.com\/wordpress\/plugins\/seo\/ -->\n<title>Violences dans les stades : Six policiers bless\u00e9s \u00e0 Sousse - Kapitalis<\/title>\n<meta name=\"robots\" content=\"index, follow, max-snippet:-1, max-image-preview:large, max-video-preview:-1\" \/>\n<link rel=\"canonical\" href=\"https:\/\/kapitalis.com\/tunisie\/2018\/09\/22\/violences-dans-les-stades-six-policiers-blesses-a-sousse\/\" \/>\n<meta property=\"og:locale\" content=\"fr_FR\" \/>\n<meta property=\"og:type\" content=\"article\" \/>\n<meta property=\"og:title\" content=\"Violences dans les stades : Six policiers bless\u00e9s \u00e0 Sousse - Kapitalis\" \/>\n<meta property=\"og:description\" content=\"Les supporteurs de l\u2019Etoile sportive du Sahel (ESS) ont caillass\u00e9 les policiers au stade de Sousse, apr\u00e8s la d\u00e9faite de leur club, hier, vendredi 21 septembre 2018, face \u00e0 l\u2019Esp\u00e9rance sportive de Tunis (EST).\" \/>\n<meta property=\"og:url\" content=\"https:\/\/kapitalis.com\/tunisie\/2018\/09\/22\/violences-dans-les-stades-six-policiers-blesses-a-sousse\/\" \/>\n<meta property=\"og:site_name\" content=\"Kapitalis\" \/>\n<meta property=\"article:publisher\" content=\"https:\/\/www.facebook.com\/KapitalisInfo\/\" \/>\n<meta property=\"article:published_time\" content=\"2018-09-22T10:14:05+00:00\" \/>\n<meta property=\"article:modified_time\" content=\"2018-09-22T10:57:10+00:00\" \/>\n<meta property=\"og:image\" content=\"https:\/\/kapitalis.com\/tunisie\/wp-content\/uploads\/2022\/05\/kapitalis-logo-fb.png\" \/>\n\t<meta property=\"og:image:width\" content=\"1200\" \/>\n\t<meta property=\"og:image:height\" content=\"630\" \/>\n\t<meta property=\"og:image:type\" content=\"image\/png\" \/>\n<meta name=\"author\" content=\"Yusra NY\" \/>\n<meta name=\"twitter:card\" content=\"summary_large_image\" \/>\n<meta name=\"twitter:creator\" content=\"@KapitalisInfo\" \/>\n<meta name=\"twitter:site\" content=\"@KapitalisInfo\" \/>\n<meta name=\"twitter:label1\" content=\"\u00c9crit par\" \/>\n\t<meta name=\"twitter:data1\" content=\"Yusra NY\" \/>\n\t<meta name=\"twitter:label2\" content=\"Dur\u00e9e de lecture estim\u00e9e\" \/>\n\t<meta name=\"twitter:data2\" content=\"1 minute\" \/>\n<script type=\"application\/ld+json\" class=\"yoast-schema-graph\">{\"@context\":\"https:\/\/schema.org\",\"@graph\":[{\"@type\":\"Article\",\"@id\":\"https:\/\/kapitalis.com\/tunisie\/2018\/09\/22\/violences-dans-les-stades-six-policiers-blesses-a-sousse\/#article\",\"isPartOf\":{\"@id\":\"https:\/\/kapitalis.com\/tunisie\/2018\/09\/22\/violences-dans-les-stades-six-policiers-blesses-a-sousse\/\"},\"author\":{\"name\":\"Yusra NY\",\"@id\":\"https:\/\/kapitalis.com\/tunisie\/#\/schema\/person\/74bbde0154d49d790a92aaeac5bc01d5\"},\"headline\":\"Violences dans les stades : Six policiers bless\u00e9s \u00e0 Sousse\",\"datePublished\":\"2018-09-22T10:14:05+00:00\",\"dateModified\":\"2018-09-22T10:57:10+00:00\",\"mainEntityOfPage\":{\"@id\":\"https:\/\/kapitalis.com\/tunisie\/2018\/09\/22\/violences-dans-les-stades-six-policiers-blesses-a-sousse\/\"},\"wordCount\":228,\"commentCount\":9,\"publisher\":{\"@id\":\"https:\/\/kapitalis.com\/tunisie\/#organization\"},\"image\":{\"@id\":\"https:\/\/kapitalis.com\/tunisie\/2018\/09\/22\/violences-dans-les-stades-six-policiers-blesses-a-sousse\/#primaryimage\"},\"thumbnailUrl\":\"\",\"keywords\":[\"Esp\u00e9rance Tunis\",\"ESS\",\"EST\",\"Etoile Sahel\",\"match\",\"policiers\",\"Sousse\",\"stade\",\"supporters\",\"violences\"],\"articleSection\":[\"SPORT\",\"Tunisie\"],\"inLanguage\":\"fr-FR\",\"potentialAction\":[{\"@type\":\"CommentAction\",\"name\":\"Comment\",\"target\":[\"https:\/\/kapitalis.com\/tunisie\/2018\/09\/22\/violences-dans-les-stades-six-policiers-blesses-a-sousse\/#respond\"]}]},{\"@type\":\"WebPage\",\"@id\":\"https:\/\/kapitalis.com\/tunisie\/2018\/09\/22\/violences-dans-les-stades-six-policiers-blesses-a-sousse\/\",\"url\":\"https:\/\/kapitalis.com\/tunisie\/2018\/09\/22\/violences-dans-les-stades-six-policiers-blesses-a-sousse\/\",\"name\":\"Violences dans les stades : Six policiers bless\u00e9s \u00e0 Sousse - Kapitalis\",\"isPartOf\":{\"@id\":\"https:\/\/kapitalis.com\/tunisie\/#website\"},\"primaryImageOfPage\":{\"@id\":\"https:\/\/kapitalis.com\/tunisie\/2018\/09\/22\/violences-dans-les-stades-six-policiers-blesses-a-sousse\/#primaryimage\"},\"image\":{\"@id\":\"https:\/\/kapitalis.com\/tunisie\/2018\/09\/22\/violences-dans-les-stades-six-policiers-blesses-a-sousse\/#primaryimage\"},\"thumbnailUrl\":\"\",\"datePublished\":\"2018-09-22T10:14:05+00:00\",\"dateModified\":\"2018-09-22T10:57:10+00:00\",\"breadcrumb\":{\"@id\":\"https:\/\/kapitalis.com\/tunisie\/2018\/09\/22\/violences-dans-les-stades-six-policiers-blesses-a-sousse\/#breadcrumb\"},\"inLanguage\":\"fr-FR\",\"potentialAction\":[{\"@type\":\"ReadAction\",\"target\":[\"https:\/\/kapitalis.com\/tunisie\/2018\/09\/22\/violences-dans-les-stades-six-policiers-blesses-a-sousse\/\"]}]},{\"@type\":\"ImageObject\",\"inLanguage\":\"fr-FR\",\"@id\":\"https:\/\/kapitalis.com\/tunisie\/2018\/09\/22\/violences-dans-les-stades-six-policiers-blesses-a-sousse\/#primaryimage\",\"url\":\"\",\"contentUrl\":\"\"},{\"@type\":\"BreadcrumbList\",\"@id\":\"https:\/\/kapitalis.com\/tunisie\/2018\/09\/22\/violences-dans-les-stades-six-policiers-blesses-a-sousse\/#breadcrumb\",\"itemListElement\":[{\"@type\":\"ListItem\",\"position\":1,\"name\":\"Accueil\",\"item\":\"https:\/\/kapitalis.com\/tunisie\/\"},{\"@type\":\"ListItem\",\"position\":2,\"name\":\"Violences dans les stades : Six policiers bless\u00e9s \u00e0 Sousse\"}]},{\"@type\":\"WebSite\",\"@id\":\"https:\/\/kapitalis.com\/tunisie\/#website\",\"url\":\"https:\/\/kapitalis.com\/tunisie\/\",\"name\":\"Kapitalis\",\"description\":\"L&#039;actualit\u00e9 en Tunisie et dans le monde\",\"publisher\":{\"@id\":\"https:\/\/kapitalis.com\/tunisie\/#organization\"},\"potentialAction\":[{\"@type\":\"SearchAction\",\"target\":{\"@type\":\"EntryPoint\",\"urlTemplate\":\"https:\/\/kapitalis.com\/tunisie\/?s={search_term_string}\"},\"query-input\":{\"@type\":\"PropertyValueSpecification\",\"valueRequired\":true,\"valueName\":\"search_term_string\"}}],\"inLanguage\":\"fr-FR\"},{\"@type\":\"Organization\",\"@id\":\"https:\/\/kapitalis.com\/tunisie\/#organization\",\"name\":\"Kapitalis\",\"url\":\"https:\/\/kapitalis.com\/tunisie\/\",\"logo\":{\"@type\":\"ImageObject\",\"inLanguage\":\"fr-FR\",\"@id\":\"https:\/\/kapitalis.com\/tunisie\/#\/schema\/logo\/image\/\",\"url\":\"https:\/\/kapitalis.com\/tunisie\/wp-content\/uploads\/2022\/05\/Kapitalis-big-size.png\",\"contentUrl\":\"https:\/\/kapitalis.com\/tunisie\/wp-content\/uploads\/2022\/05\/Kapitalis-big-size.png\",\"width\":5000,\"height\":1500,\"caption\":\"Kapitalis\"},\"image\":{\"@id\":\"https:\/\/kapitalis.com\/tunisie\/#\/schema\/logo\/image\/\"},\"sameAs\":[\"https:\/\/www.facebook.com\/KapitalisInfo\/\",\"https:\/\/x.com\/KapitalisInfo\",\"https:\/\/www.youtube.com\/channel\/UC-yDYrHyfFBWWZaOw3FPg9Q\"]},{\"@type\":\"Person\",\"@id\":\"https:\/\/kapitalis.com\/tunisie\/#\/schema\/person\/74bbde0154d49d790a92aaeac5bc01d5\",\"name\":\"Yusra NY\",\"url\":\"https:\/\/kapitalis.com\/tunisie\/author\/yuza_adam\/\"}]}<\/script>\n<!-- \/ Yoast SEO plugin. -->","yoast_head_json":{"title":"Violences dans les stades : Six policiers bless\u00e9s \u00e0 Sousse - Kapitalis","robots":{"index":"index","follow":"follow","max-snippet":"max-snippet:-1","max-image-preview":"max-image-preview:large","max-video-preview":"max-video-preview:-1"},"canonical":"https:\/\/kapitalis.com\/tunisie\/2018\/09\/22\/violences-dans-les-stades-six-policiers-blesses-a-sousse\/","og_locale":"fr_FR","og_type":"article","og_title":"Violences dans les stades : Six policiers bless\u00e9s \u00e0 Sousse - Kapitalis","og_description":"Les supporteurs de l\u2019Etoile sportive du Sahel (ESS) ont caillass\u00e9 les policiers au stade de Sousse, apr\u00e8s la d\u00e9faite de leur club, hier, vendredi 21 septembre 2018, face \u00e0 l\u2019Esp\u00e9rance sportive de Tunis (EST).","og_url":"https:\/\/kapitalis.com\/tunisie\/2018\/09\/22\/violences-dans-les-stades-six-policiers-blesses-a-sousse\/","og_site_name":"Kapitalis","article_publisher":"https:\/\/www.facebook.com\/KapitalisInfo\/","article_published_time":"2018-09-22T10:14:05+00:00","article_modified_time":"2018-09-22T10:57:10+00:00","og_image":[{"width":1200,"height":630,"url":"https:\/\/kapitalis.com\/tunisie\/wp-content\/uploads\/2022\/05\/kapitalis-logo-fb.png","type":"image\/png"}],"author":"Yusra NY","twitter_card":"summary_large_image","twitter_creator":"@KapitalisInfo","twitter_site":"@KapitalisInfo","twitter_misc":{"\u00c9crit par":"Yusra NY","Dur\u00e9e de lecture estim\u00e9e":"1 minute"},"schema":{"@context":"https:\/\/schema.org","@graph":[{"@type":"Article","@id":"https:\/\/kapitalis.com\/tunisie\/2018\/09\/22\/violences-dans-les-stades-six-policiers-blesses-a-sousse\/#article","isPartOf":{"@id":"https:\/\/kapitalis.com\/tunisie\/2018\/09\/22\/violences-dans-les-stades-six-policiers-blesses-a-sousse\/"},"author":{"name":"Yusra NY","@id":"https:\/\/kapitalis.com\/tunisie\/#\/schema\/person\/74bbde0154d49d790a92aaeac5bc01d5"},"headline":"Violences dans les stades : Six policiers bless\u00e9s \u00e0 Sousse","datePublished":"2018-09-22T10:14:05+00:00","dateModified":"2018-09-22T10:57:10+00:00","mainEntityOfPage":{"@id":"https:\/\/kapitalis.com\/tunisie\/2018\/09\/22\/violences-dans-les-stades-six-policiers-blesses-a-sousse\/"},"wordCount":228,"commentCount":9,"publisher":{"@id":"https:\/\/kapitalis.com\/tunisie\/#organization"},"image":{"@id":"https:\/\/kapitalis.com\/tunisie\/2018\/09\/22\/violences-dans-les-stades-six-policiers-blesses-a-sousse\/#primaryimage"},"thumbnailUrl":"","keywords":["Esp\u00e9rance Tunis","ESS","EST","Etoile Sahel","match","policiers","Sousse","stade","supporters","violences"],"articleSection":["SPORT","Tunisie"],"inLanguage":"fr-FR","potentialAction":[{"@type":"CommentAction","name":"Comment","target":["https:\/\/kapitalis.com\/tunisie\/2018\/09\/22\/violences-dans-les-stades-six-policiers-blesses-a-sousse\/#respond"]}]},{"@type":"WebPage","@id":"https:\/\/kapitalis.com\/tunisie\/2018\/09\/22\/violences-dans-les-stades-six-policiers-blesses-a-sousse\/","url":"https:\/\/kapitalis.com\/tunisie\/2018\/09\/22\/violences-dans-les-stades-six-policiers-blesses-a-sousse\/","name":"Violences dans les stades : Six policiers bless\u00e9s \u00e0 Sousse - Kapitalis","isPartOf":{"@id":"https:\/\/kapitalis.com\/tunisie\/#website"},"primaryImageOfPage":{"@id":"https:\/\/kapitalis.com\/tunisie\/2018\/09\/22\/violences-dans-les-stades-six-policiers-blesses-a-sousse\/#primaryimage"},"image":{"@id":"https:\/\/kapitalis.com\/tunisie\/2018\/09\/22\/violences-dans-les-stades-six-policiers-blesses-a-sousse\/#primaryimage"},"thumbnailUrl":"","datePublished":"2018-09-22T10:14:05+00:00","dateModified":"2018-09-22T10:57:10+00:00","breadcrumb":{"@id":"https:\/\/kapitalis.com\/tunisie\/2018\/09\/22\/violences-dans-les-stades-six-policiers-blesses-a-sousse\/#breadcrumb"},"inLanguage":"fr-FR","potentialAction":[{"@type":"ReadAction","target":["https:\/\/kapitalis.com\/tunisie\/2018\/09\/22\/violences-dans-les-stades-six-policiers-blesses-a-sousse\/"]}]},{"@type":"ImageObject","inLanguage":"fr-FR","@id":"https:\/\/kapitalis.com\/tunisie\/2018\/09\/22\/violences-dans-les-stades-six-policiers-blesses-a-sousse\/#primaryimage","url":"","contentUrl":""},{"@type":"BreadcrumbList","@id":"https:\/\/kapitalis.com\/tunisie\/2018\/09\/22\/violences-dans-les-stades-six-policiers-blesses-a-sousse\/#breadcrumb","itemListElement":[{"@type":"ListItem","position":1,"name":"Accueil","item":"https:\/\/kapitalis.com\/tunisie\/"},{"@type":"ListItem","position":2,"name":"Violences dans les stades : Six policiers bless\u00e9s \u00e0 Sousse"}]},{"@type":"WebSite","@id":"https:\/\/kapitalis.com\/tunisie\/#website","url":"https:\/\/kapitalis.com\/tunisie\/","name":"Kapitalis","description":"L&#039;actualit\u00e9 en Tunisie et dans le monde","publisher":{"@id":"https:\/\/kapitalis.com\/tunisie\/#organization"},"potentialAction":[{"@type":"SearchAction","target":{"@type":"EntryPoint","urlTemplate":"https:\/\/kapitalis.com\/tunisie\/?s={search_term_string}"},"query-input":{"@type":"PropertyValueSpecification","valueRequired":true,"valueName":"search_term_string"}}],"inLanguage":"fr-FR"},{"@type":"Organization","@id":"https:\/\/kapitalis.com\/tunisie\/#organization","name":"Kapitalis","url":"https:\/\/kapitalis.com\/tunisie\/","logo":{"@type":"ImageObject","inLanguage":"fr-FR","@id":"https:\/\/kapitalis.com\/tunisie\/#\/schema\/logo\/image\/","url":"https:\/\/kapitalis.com\/tunisie\/wp-content\/uploads\/2022\/05\/Kapitalis-big-size.png","contentUrl":"https:\/\/kapitalis.com\/tunisie\/wp-content\/uploads\/2022\/05\/Kapitalis-big-size.png","width":5000,"height":1500,"caption":"Kapitalis"},"image":{"@id":"https:\/\/kapitalis.com\/tunisie\/#\/schema\/logo\/image\/"},"sameAs":["https:\/\/www.facebook.com\/KapitalisInfo\/","https:\/\/x.com\/KapitalisInfo","https:\/\/www.youtube.com\/channel\/UC-yDYrHyfFBWWZaOw3FPg9Q"]},{"@type":"Person","@id":"https:\/\/kapitalis.com\/tunisie\/#\/schema\/person\/74bbde0154d49d790a92aaeac5bc01d5","name":"Yusra NY","url":"https:\/\/kapitalis.com\/tunisie\/author\/yuza_adam\/"}]}},"_links":{"self":[{"href":"https:\/\/kapitalis.com\/tunisie\/wp-json\/wp\/v2\/posts\/175141","targetHints":{"allow":["GET"]}}],"collection":[{"href":"https:\/\/kapitalis.com\/tunisie\/wp-json\/wp\/v2\/posts"}],"about":[{"href":"https:\/\/kapitalis.com\/tunisie\/wp-json\/wp\/v2\/types\/post"}],"author":[{"embeddable":true,"href":"https:\/\/kapitalis.com\/tunisie\/wp-json\/wp\/v2\/users\/6"}],"replies":[{"embeddable":true,"href":"https:\/\/kapitalis.com\/tunisie\/wp-json\/wp\/v2\/comments?post=175141"}],"version-history":[{"count":0,"href":"https:\/\/kapitalis.com\/tunisie\/wp-json\/wp\/v2\/posts\/175141\/revisions"}],"wp:featuredmedia":[{"embeddable":true,"href":"https:\/\/kapitalis.com\/tunisie\/wp-json\/wp\/v2\/media\/175147"}],"wp:attachment":[{"href":"https:\/\/kapitalis.com\/tunisie\/wp-json\/wp\/v2\/media?parent=175141"}],"wp:term":[{"taxonomy":"category","embeddable":true,"href":"https:\/\/kapitalis.com\/tunisie\/wp-json\/wp\/v2\/categories?post=175141"},{"taxonomy":"post_tag","embeddable":true,"href":"https:\/\/kapitalis.com\/tunisie\/wp-json\/wp\/v2\/tags?post=175141"}],"curies":[{"name":"wp","href":"https:\/\/api.w.org\/{rel}","templated":true}]}}