{"id":1752518,"date":"2022-06-25T08:45:48","date_gmt":"2022-06-25T07:45:48","guid":{"rendered":"https:\/\/kapitalis.com\/tunisie\/?p=1752518"},"modified":"2022-06-25T08:45:49","modified_gmt":"2022-06-25T07:45:49","slug":"tunisie-la-bm-insiste-sur-la-promotion-du-secteur-prive","status":"publish","type":"post","link":"https:\/\/kapitalis.com\/tunisie\/2022\/06\/25\/tunisie-la-bm-insiste-sur-la-promotion-du-secteur-prive\/","title":{"rendered":"Tunisie\u00a0: la BM\u00a0insiste sur la promotion du secteur priv\u00e9"},"content":{"rendered":"\n<p><strong><em>La coop\u00e9ration entre la Banque mondiale (BM) et la Tunisie peut r\u00e9aliser des progr\u00e8s dans plusieurs domaines notamment, la couverture sociale, la promotion du secteur priv\u00e9 et de son r\u00f4le dans le d\u00e9veloppement \u00e9conomique.<\/em><\/strong><\/p>\n\n\n\n<!--more-->\n\n\n\n<p>C\u2019est ce qu\u2019a affirm\u00e9, vendredi 22 juin 2022, le vice-pr\u00e9sident du Groupe de la Banque Mondiale pour la r\u00e9gion Afrique du nord et Moyen-Orient Ferid Belhaj, \u00e0 l&rsquo;issue de sa rencontre avec le pr\u00e9sident de la r\u00e9publique, Ka\u00efs Sa\u00efed.<\/p>\n\n\n\n<p>Selon la page facebook de la pr\u00e9sidence, le chef de l&rsquo;Etat s&rsquo;est entretenu, \u00e9galement, avec M. Belhaj de la n\u00e9cessit\u00e9 de garantir un cadre juridique \u00e0 m\u00eame de permettre \u00e0 la jeunesse du pays de contribuer \u00e0 la cr\u00e9ation de la richesse et de jouer pleinement son r\u00f4le \u00e9conomique.<\/p>\n\n\n\n<p>M. Belhaj, dont les propos sont rapport\u00e9s par la pr\u00e9sidence, a affirm\u00e9 que le Groupe de la Banque mondiale continue, dans le contexte actuel, \u00e0 soutenir la Tunisie.<\/p>\n\n\n\n<p>De son c\u00f4t\u00e9, M. Saied a rappel\u00e9 le r\u00f4le jou\u00e9 par la BM, les premi\u00e8res ann\u00e9es qui ont suivi l\u2019ind\u00e9pendance de la Tunisie, dans le domaine de l\u2019\u00e9ducation ainsi que dans d\u2019autres domaines d\u2019activit\u00e9s.<\/p>\n","protected":false},"excerpt":{"rendered":"<p>La coop\u00e9ration entre la Banque mondiale et la Tunisie peut r\u00e9aliser des progr\u00e8s dans la promotion du secteur priv\u00e9 et de son r\u00f4le dans le d\u00e9veloppement \u00e9conomique.<\/p>\n","protected":false},"author":8,"featured_media":1752647,"comment_status":"open","ping_status":"open","sticky":false,"template":"","format":"standard","meta":{"footnotes":""},"categories":[995,997,2433],"tags":[130,48078,76012,6614,62643],"class_list":["post-1752518","post","type-post","status-publish","format-standard","has-post-thumbnail","hentry","category-economie","category-politique","category-tunisie","tag-banque-mondiale","tag-ferid-belhaj","tag-kais-saied-2","tag-secteur-prive","tag-tunisie"],"yoast_head":"<!-- This site is optimized with the Yoast SEO plugin v26.6 - https:\/\/yoast.com\/wordpress\/plugins\/seo\/ -->\n<title>Tunisie\u00a0: la BM\u00a0insiste sur la promotion du secteur priv\u00e9 - Kapitalis<\/title>\n<meta name=\"robots\" content=\"index, follow, max-snippet:-1, max-image-preview:large, max-video-preview:-1\" \/>\n<link rel=\"canonical\" href=\"https:\/\/kapitalis.com\/tunisie\/2022\/06\/25\/tunisie-la-bm-insiste-sur-la-promotion-du-secteur-prive\/\" \/>\n<meta property=\"og:locale\" content=\"fr_FR\" \/>\n<meta property=\"og:type\" content=\"article\" \/>\n<meta property=\"og:title\" content=\"Tunisie\u00a0: la BM\u00a0insiste sur la promotion du secteur priv\u00e9 - Kapitalis\" \/>\n<meta property=\"og:description\" content=\"La coop\u00e9ration entre la Banque mondiale et la Tunisie peut r\u00e9aliser des progr\u00e8s dans la promotion du secteur priv\u00e9 et de son r\u00f4le dans le d\u00e9veloppement \u00e9conomique.\" \/>\n<meta property=\"og:url\" content=\"https:\/\/kapitalis.com\/tunisie\/2022\/06\/25\/tunisie-la-bm-insiste-sur-la-promotion-du-secteur-prive\/\" \/>\n<meta property=\"og:site_name\" content=\"Kapitalis\" \/>\n<meta property=\"article:publisher\" content=\"https:\/\/www.facebook.com\/KapitalisInfo\/\" \/>\n<meta property=\"article:published_time\" content=\"2022-06-25T07:45:48+00:00\" \/>\n<meta property=\"article:modified_time\" content=\"2022-06-25T07:45:49+00:00\" \/>\n<meta property=\"og:image\" content=\"https:\/\/kapitalis.com\/tunisie\/wp-content\/uploads\/2022\/06\/Kais-Saied-Ferid-Belhaj.jpg\" \/>\n\t<meta property=\"og:image:width\" content=\"1200\" \/>\n\t<meta property=\"og:image:height\" content=\"630\" \/>\n\t<meta property=\"og:image:type\" content=\"image\/jpeg\" \/>\n<meta name=\"author\" content=\"webmaster kapitalis\" \/>\n<meta name=\"twitter:card\" content=\"summary_large_image\" \/>\n<meta name=\"twitter:creator\" content=\"@KapitalisInfo\" \/>\n<meta name=\"twitter:site\" content=\"@KapitalisInfo\" \/>\n<meta name=\"twitter:label1\" content=\"\u00c9crit par\" \/>\n\t<meta name=\"twitter:data1\" content=\"webmaster kapitalis\" \/>\n\t<meta name=\"twitter:label2\" content=\"Dur\u00e9e de lecture estim\u00e9e\" \/>\n\t<meta name=\"twitter:data2\" content=\"1 minute\" \/>\n<script type=\"application\/ld+json\" class=\"yoast-schema-graph\">{\"@context\":\"https:\/\/schema.org\",\"@graph\":[{\"@type\":\"Article\",\"@id\":\"https:\/\/kapitalis.com\/tunisie\/2022\/06\/25\/tunisie-la-bm-insiste-sur-la-promotion-du-secteur-prive\/#article\",\"isPartOf\":{\"@id\":\"https:\/\/kapitalis.com\/tunisie\/2022\/06\/25\/tunisie-la-bm-insiste-sur-la-promotion-du-secteur-prive\/\"},\"author\":{\"name\":\"webmaster kapitalis\",\"@id\":\"https:\/\/kapitalis.com\/tunisie\/#\/schema\/person\/d71f33a9ca44f7bad4698210b480c8e9\"},\"headline\":\"Tunisie\u00a0: la BM\u00a0insiste sur la promotion du secteur priv\u00e9\",\"datePublished\":\"2022-06-25T07:45:48+00:00\",\"dateModified\":\"2022-06-25T07:45:49+00:00\",\"mainEntityOfPage\":{\"@id\":\"https:\/\/kapitalis.com\/tunisie\/2022\/06\/25\/tunisie-la-bm-insiste-sur-la-promotion-du-secteur-prive\/\"},\"wordCount\":217,\"commentCount\":0,\"publisher\":{\"@id\":\"https:\/\/kapitalis.com\/tunisie\/#organization\"},\"image\":{\"@id\":\"https:\/\/kapitalis.com\/tunisie\/2022\/06\/25\/tunisie-la-bm-insiste-sur-la-promotion-du-secteur-prive\/#primaryimage\"},\"thumbnailUrl\":\"https:\/\/kapitalis.com\/tunisie\/wp-content\/uploads\/2022\/06\/Kais-Saied-Ferid-Belhaj.jpg\",\"keywords\":[\"Banque Mondiale\",\"Ferid Belhaj\",\"Ka\u00efs Sa\u00efed\",\"secteur priv\u00e9\",\"Tunisie\"],\"articleSection\":[\"ECONOMIE\",\"POLITIQUE\",\"Tunisie\"],\"inLanguage\":\"fr-FR\",\"potentialAction\":[{\"@type\":\"CommentAction\",\"name\":\"Comment\",\"target\":[\"https:\/\/kapitalis.com\/tunisie\/2022\/06\/25\/tunisie-la-bm-insiste-sur-la-promotion-du-secteur-prive\/#respond\"]}]},{\"@type\":\"WebPage\",\"@id\":\"https:\/\/kapitalis.com\/tunisie\/2022\/06\/25\/tunisie-la-bm-insiste-sur-la-promotion-du-secteur-prive\/\",\"url\":\"https:\/\/kapitalis.com\/tunisie\/2022\/06\/25\/tunisie-la-bm-insiste-sur-la-promotion-du-secteur-prive\/\",\"name\":\"Tunisie\u00a0: la BM\u00a0insiste sur la promotion du secteur priv\u00e9 - Kapitalis\",\"isPartOf\":{\"@id\":\"https:\/\/kapitalis.com\/tunisie\/#website\"},\"primaryImageOfPage\":{\"@id\":\"https:\/\/kapitalis.com\/tunisie\/2022\/06\/25\/tunisie-la-bm-insiste-sur-la-promotion-du-secteur-prive\/#primaryimage\"},\"image\":{\"@id\":\"https:\/\/kapitalis.com\/tunisie\/2022\/06\/25\/tunisie-la-bm-insiste-sur-la-promotion-du-secteur-prive\/#primaryimage\"},\"thumbnailUrl\":\"https:\/\/kapitalis.com\/tunisie\/wp-content\/uploads\/2022\/06\/Kais-Saied-Ferid-Belhaj.jpg\",\"datePublished\":\"2022-06-25T07:45:48+00:00\",\"dateModified\":\"2022-06-25T07:45:49+00:00\",\"breadcrumb\":{\"@id\":\"https:\/\/kapitalis.com\/tunisie\/2022\/06\/25\/tunisie-la-bm-insiste-sur-la-promotion-du-secteur-prive\/#breadcrumb\"},\"inLanguage\":\"fr-FR\",\"potentialAction\":[{\"@type\":\"ReadAction\",\"target\":[\"https:\/\/kapitalis.com\/tunisie\/2022\/06\/25\/tunisie-la-bm-insiste-sur-la-promotion-du-secteur-prive\/\"]}]},{\"@type\":\"ImageObject\",\"inLanguage\":\"fr-FR\",\"@id\":\"https:\/\/kapitalis.com\/tunisie\/2022\/06\/25\/tunisie-la-bm-insiste-sur-la-promotion-du-secteur-prive\/#primaryimage\",\"url\":\"https:\/\/kapitalis.com\/tunisie\/wp-content\/uploads\/2022\/06\/Kais-Saied-Ferid-Belhaj.jpg\",\"contentUrl\":\"https:\/\/kapitalis.com\/tunisie\/wp-content\/uploads\/2022\/06\/Kais-Saied-Ferid-Belhaj.jpg\",\"width\":1200,\"height\":630},{\"@type\":\"BreadcrumbList\",\"@id\":\"https:\/\/kapitalis.com\/tunisie\/2022\/06\/25\/tunisie-la-bm-insiste-sur-la-promotion-du-secteur-prive\/#breadcrumb\",\"itemListElement\":[{\"@type\":\"ListItem\",\"position\":1,\"name\":\"Accueil\",\"item\":\"https:\/\/kapitalis.com\/tunisie\/\"},{\"@type\":\"ListItem\",\"position\":2,\"name\":\"Tunisie\u00a0: la BM\u00a0insiste sur la promotion du secteur priv\u00e9\"}]},{\"@type\":\"WebSite\",\"@id\":\"https:\/\/kapitalis.com\/tunisie\/#website\",\"url\":\"https:\/\/kapitalis.com\/tunisie\/\",\"name\":\"Kapitalis\",\"description\":\"L&#039;actualit\u00e9 en Tunisie et dans le monde\",\"publisher\":{\"@id\":\"https:\/\/kapitalis.com\/tunisie\/#organization\"},\"potentialAction\":[{\"@type\":\"SearchAction\",\"target\":{\"@type\":\"EntryPoint\",\"urlTemplate\":\"https:\/\/kapitalis.com\/tunisie\/?s={search_term_string}\"},\"query-input\":{\"@type\":\"PropertyValueSpecification\",\"valueRequired\":true,\"valueName\":\"search_term_string\"}}],\"inLanguage\":\"fr-FR\"},{\"@type\":\"Organization\",\"@id\":\"https:\/\/kapitalis.com\/tunisie\/#organization\",\"name\":\"Kapitalis\",\"url\":\"https:\/\/kapitalis.com\/tunisie\/\",\"logo\":{\"@type\":\"ImageObject\",\"inLanguage\":\"fr-FR\",\"@id\":\"https:\/\/kapitalis.com\/tunisie\/#\/schema\/logo\/image\/\",\"url\":\"https:\/\/kapitalis.com\/tunisie\/wp-content\/uploads\/2022\/05\/Kapitalis-big-size.png\",\"contentUrl\":\"https:\/\/kapitalis.com\/tunisie\/wp-content\/uploads\/2022\/05\/Kapitalis-big-size.png\",\"width\":5000,\"height\":1500,\"caption\":\"Kapitalis\"},\"image\":{\"@id\":\"https:\/\/kapitalis.com\/tunisie\/#\/schema\/logo\/image\/\"},\"sameAs\":[\"https:\/\/www.facebook.com\/KapitalisInfo\/\",\"https:\/\/x.com\/KapitalisInfo\",\"https:\/\/www.youtube.com\/channel\/UC-yDYrHyfFBWWZaOw3FPg9Q\"]},{\"@type\":\"Person\",\"@id\":\"https:\/\/kapitalis.com\/tunisie\/#\/schema\/person\/d71f33a9ca44f7bad4698210b480c8e9\",\"name\":\"webmaster kapitalis\",\"url\":\"https:\/\/kapitalis.com\/tunisie\/author\/webmaster-kapitalis\/\"}]}<\/script>\n<!-- \/ Yoast SEO plugin. -->","yoast_head_json":{"title":"Tunisie\u00a0: la BM\u00a0insiste sur la promotion du secteur priv\u00e9 - Kapitalis","robots":{"index":"index","follow":"follow","max-snippet":"max-snippet:-1","max-image-preview":"max-image-preview:large","max-video-preview":"max-video-preview:-1"},"canonical":"https:\/\/kapitalis.com\/tunisie\/2022\/06\/25\/tunisie-la-bm-insiste-sur-la-promotion-du-secteur-prive\/","og_locale":"fr_FR","og_type":"article","og_title":"Tunisie\u00a0: la BM\u00a0insiste sur la promotion du secteur priv\u00e9 - Kapitalis","og_description":"La coop\u00e9ration entre la Banque mondiale et la Tunisie peut r\u00e9aliser des progr\u00e8s dans la promotion du secteur priv\u00e9 et de son r\u00f4le dans le d\u00e9veloppement \u00e9conomique.","og_url":"https:\/\/kapitalis.com\/tunisie\/2022\/06\/25\/tunisie-la-bm-insiste-sur-la-promotion-du-secteur-prive\/","og_site_name":"Kapitalis","article_publisher":"https:\/\/www.facebook.com\/KapitalisInfo\/","article_published_time":"2022-06-25T07:45:48+00:00","article_modified_time":"2022-06-25T07:45:49+00:00","og_image":[{"width":1200,"height":630,"url":"https:\/\/kapitalis.com\/tunisie\/wp-content\/uploads\/2022\/06\/Kais-Saied-Ferid-Belhaj.jpg","type":"image\/jpeg"}],"author":"webmaster kapitalis","twitter_card":"summary_large_image","twitter_creator":"@KapitalisInfo","twitter_site":"@KapitalisInfo","twitter_misc":{"\u00c9crit par":"webmaster kapitalis","Dur\u00e9e de lecture estim\u00e9e":"1 minute"},"schema":{"@context":"https:\/\/schema.org","@graph":[{"@type":"Article","@id":"https:\/\/kapitalis.com\/tunisie\/2022\/06\/25\/tunisie-la-bm-insiste-sur-la-promotion-du-secteur-prive\/#article","isPartOf":{"@id":"https:\/\/kapitalis.com\/tunisie\/2022\/06\/25\/tunisie-la-bm-insiste-sur-la-promotion-du-secteur-prive\/"},"author":{"name":"webmaster kapitalis","@id":"https:\/\/kapitalis.com\/tunisie\/#\/schema\/person\/d71f33a9ca44f7bad4698210b480c8e9"},"headline":"Tunisie\u00a0: la BM\u00a0insiste sur la promotion du secteur priv\u00e9","datePublished":"2022-06-25T07:45:48+00:00","dateModified":"2022-06-25T07:45:49+00:00","mainEntityOfPage":{"@id":"https:\/\/kapitalis.com\/tunisie\/2022\/06\/25\/tunisie-la-bm-insiste-sur-la-promotion-du-secteur-prive\/"},"wordCount":217,"commentCount":0,"publisher":{"@id":"https:\/\/kapitalis.com\/tunisie\/#organization"},"image":{"@id":"https:\/\/kapitalis.com\/tunisie\/2022\/06\/25\/tunisie-la-bm-insiste-sur-la-promotion-du-secteur-prive\/#primaryimage"},"thumbnailUrl":"https:\/\/kapitalis.com\/tunisie\/wp-content\/uploads\/2022\/06\/Kais-Saied-Ferid-Belhaj.jpg","keywords":["Banque Mondiale","Ferid Belhaj","Ka\u00efs Sa\u00efed","secteur priv\u00e9","Tunisie"],"articleSection":["ECONOMIE","POLITIQUE","Tunisie"],"inLanguage":"fr-FR","potentialAction":[{"@type":"CommentAction","name":"Comment","target":["https:\/\/kapitalis.com\/tunisie\/2022\/06\/25\/tunisie-la-bm-insiste-sur-la-promotion-du-secteur-prive\/#respond"]}]},{"@type":"WebPage","@id":"https:\/\/kapitalis.com\/tunisie\/2022\/06\/25\/tunisie-la-bm-insiste-sur-la-promotion-du-secteur-prive\/","url":"https:\/\/kapitalis.com\/tunisie\/2022\/06\/25\/tunisie-la-bm-insiste-sur-la-promotion-du-secteur-prive\/","name":"Tunisie\u00a0: la BM\u00a0insiste sur la promotion du secteur priv\u00e9 - Kapitalis","isPartOf":{"@id":"https:\/\/kapitalis.com\/tunisie\/#website"},"primaryImageOfPage":{"@id":"https:\/\/kapitalis.com\/tunisie\/2022\/06\/25\/tunisie-la-bm-insiste-sur-la-promotion-du-secteur-prive\/#primaryimage"},"image":{"@id":"https:\/\/kapitalis.com\/tunisie\/2022\/06\/25\/tunisie-la-bm-insiste-sur-la-promotion-du-secteur-prive\/#primaryimage"},"thumbnailUrl":"https:\/\/kapitalis.com\/tunisie\/wp-content\/uploads\/2022\/06\/Kais-Saied-Ferid-Belhaj.jpg","datePublished":"2022-06-25T07:45:48+00:00","dateModified":"2022-06-25T07:45:49+00:00","breadcrumb":{"@id":"https:\/\/kapitalis.com\/tunisie\/2022\/06\/25\/tunisie-la-bm-insiste-sur-la-promotion-du-secteur-prive\/#breadcrumb"},"inLanguage":"fr-FR","potentialAction":[{"@type":"ReadAction","target":["https:\/\/kapitalis.com\/tunisie\/2022\/06\/25\/tunisie-la-bm-insiste-sur-la-promotion-du-secteur-prive\/"]}]},{"@type":"ImageObject","inLanguage":"fr-FR","@id":"https:\/\/kapitalis.com\/tunisie\/2022\/06\/25\/tunisie-la-bm-insiste-sur-la-promotion-du-secteur-prive\/#primaryimage","url":"https:\/\/kapitalis.com\/tunisie\/wp-content\/uploads\/2022\/06\/Kais-Saied-Ferid-Belhaj.jpg","contentUrl":"https:\/\/kapitalis.com\/tunisie\/wp-content\/uploads\/2022\/06\/Kais-Saied-Ferid-Belhaj.jpg","width":1200,"height":630},{"@type":"BreadcrumbList","@id":"https:\/\/kapitalis.com\/tunisie\/2022\/06\/25\/tunisie-la-bm-insiste-sur-la-promotion-du-secteur-prive\/#breadcrumb","itemListElement":[{"@type":"ListItem","position":1,"name":"Accueil","item":"https:\/\/kapitalis.com\/tunisie\/"},{"@type":"ListItem","position":2,"name":"Tunisie\u00a0: la BM\u00a0insiste sur la promotion du secteur priv\u00e9"}]},{"@type":"WebSite","@id":"https:\/\/kapitalis.com\/tunisie\/#website","url":"https:\/\/kapitalis.com\/tunisie\/","name":"Kapitalis","description":"L&#039;actualit\u00e9 en Tunisie et dans le monde","publisher":{"@id":"https:\/\/kapitalis.com\/tunisie\/#organization"},"potentialAction":[{"@type":"SearchAction","target":{"@type":"EntryPoint","urlTemplate":"https:\/\/kapitalis.com\/tunisie\/?s={search_term_string}"},"query-input":{"@type":"PropertyValueSpecification","valueRequired":true,"valueName":"search_term_string"}}],"inLanguage":"fr-FR"},{"@type":"Organization","@id":"https:\/\/kapitalis.com\/tunisie\/#organization","name":"Kapitalis","url":"https:\/\/kapitalis.com\/tunisie\/","logo":{"@type":"ImageObject","inLanguage":"fr-FR","@id":"https:\/\/kapitalis.com\/tunisie\/#\/schema\/logo\/image\/","url":"https:\/\/kapitalis.com\/tunisie\/wp-content\/uploads\/2022\/05\/Kapitalis-big-size.png","contentUrl":"https:\/\/kapitalis.com\/tunisie\/wp-content\/uploads\/2022\/05\/Kapitalis-big-size.png","width":5000,"height":1500,"caption":"Kapitalis"},"image":{"@id":"https:\/\/kapitalis.com\/tunisie\/#\/schema\/logo\/image\/"},"sameAs":["https:\/\/www.facebook.com\/KapitalisInfo\/","https:\/\/x.com\/KapitalisInfo","https:\/\/www.youtube.com\/channel\/UC-yDYrHyfFBWWZaOw3FPg9Q"]},{"@type":"Person","@id":"https:\/\/kapitalis.com\/tunisie\/#\/schema\/person\/d71f33a9ca44f7bad4698210b480c8e9","name":"webmaster kapitalis","url":"https:\/\/kapitalis.com\/tunisie\/author\/webmaster-kapitalis\/"}]}},"_links":{"self":[{"href":"https:\/\/kapitalis.com\/tunisie\/wp-json\/wp\/v2\/posts\/1752518","targetHints":{"allow":["GET"]}}],"collection":[{"href":"https:\/\/kapitalis.com\/tunisie\/wp-json\/wp\/v2\/posts"}],"about":[{"href":"https:\/\/kapitalis.com\/tunisie\/wp-json\/wp\/v2\/types\/post"}],"author":[{"embeddable":true,"href":"https:\/\/kapitalis.com\/tunisie\/wp-json\/wp\/v2\/users\/8"}],"replies":[{"embeddable":true,"href":"https:\/\/kapitalis.com\/tunisie\/wp-json\/wp\/v2\/comments?post=1752518"}],"version-history":[{"count":0,"href":"https:\/\/kapitalis.com\/tunisie\/wp-json\/wp\/v2\/posts\/1752518\/revisions"}],"wp:featuredmedia":[{"embeddable":true,"href":"https:\/\/kapitalis.com\/tunisie\/wp-json\/wp\/v2\/media\/1752647"}],"wp:attachment":[{"href":"https:\/\/kapitalis.com\/tunisie\/wp-json\/wp\/v2\/media?parent=1752518"}],"wp:term":[{"taxonomy":"category","embeddable":true,"href":"https:\/\/kapitalis.com\/tunisie\/wp-json\/wp\/v2\/categories?post=1752518"},{"taxonomy":"post_tag","embeddable":true,"href":"https:\/\/kapitalis.com\/tunisie\/wp-json\/wp\/v2\/tags?post=1752518"}],"curies":[{"name":"wp","href":"https:\/\/api.w.org\/{rel}","templated":true}]}}