{"id":17532774,"date":"2025-09-22T22:12:32","date_gmt":"2025-09-22T21:12:32","guid":{"rendered":"https:\/\/kapitalis.com\/tunisie\/?p=17532774"},"modified":"2025-09-22T22:17:51","modified_gmt":"2025-09-22T21:17:51","slug":"la-france-reconnait-letat-de-palestine-en-video-le-discours-demmanuel-macron","status":"publish","type":"post","link":"https:\/\/kapitalis.com\/tunisie\/2025\/09\/22\/la-france-reconnait-letat-de-palestine-en-video-le-discours-demmanuel-macron\/","title":{"rendered":"La France reconna\u00eet l&rsquo;\u00c9tat de Palestine | En vid\u00e9o, le discours d&rsquo;Emmanuel Macron"},"content":{"rendered":"\n<p><strong><em>Le pr\u00e9sident fran\u00e7ais Emmanuel Macron a officiellement reconnu l&rsquo;\u00c9tat de Palestine, dans un discours prononc\u00e9 \u00e0 l&rsquo;ONU \u00e0 New York ce lundi 22 septembre 2025.<\/em><\/strong><\/p>\n\n\n\n<!--more-->\n\n\n\n<p>\u00ab <em>Nous devons tout faire pour pr\u00e9server la possibilit\u00e9 m\u00eame d&rsquo;une solution \u00e0 deux \u00c9tats. Isra\u00ebl et la Palestine vivant c\u00f4te \u00e0 c\u00f4te, en paix et en s\u00e9curit\u00e9. Le temps est venu<\/em>.\u00bb, a lanc\u00e9 Emmanuel Macron \u00e0 l&rsquo;occasion d&rsquo;un sommet qu&rsquo;organisent la France et l&rsquo;Arabie saoudite sur l&rsquo;avenir de la solution \u00e0 deux \u00c9tats.<\/p>\n\n\n\n<p>Emmanuel Macron a part ailleurs promis l&rsquo;ouverture d&rsquo;une ambassade de France en Palestine \u00ab <em>quand les otages seront lib\u00e9r\u00e9s et qu&rsquo;un cessez-le-feu aura \u00e9t\u00e9 \u00e9tabli <\/em>\u00bb<\/p>\n\n\n\n<p>L&rsquo;Arabie saoudite a par ailleurs appel\u00e9 tous les pays \u00e0 prendre la m\u00eame mesure historique alors que Mahmoud Abbas a affirm\u00e9 que cette d\u00e9claration marque le \u00ab<em> d\u00e9but d&rsquo;un chemin irr\u00e9versible pour mettre un terme \u00e0 la catastrophe humanitaire et pour mettre fin \u00e0 l&rsquo;occupation conform\u00e9ment aux initiatives internationales<\/em>\u00bb.<\/p>\n\n\n\n<p>Pour la pr\u00e9sidente de l&rsquo;Assembl\u00e9e g\u00e9n\u00e9rale des Nations Unies Annalena Baerbock, La guerre \u00e0 Gaza doit cesser imm\u00e9diatement, a-t-elle interpell\u00e9, en annon\u00e7ant l&rsquo;\u00e9laboration d&rsquo;un \u00e9ch\u00e9ancier pour mettre en place la solution des deux \u00c9tats.<\/p>\n\n\n\n<p class=\"has-text-align-right\"><strong>Y. N.<\/strong><\/p>\n\n\n\n<p><strong><a href=\"https:\/\/www.facebook.com\/EmmanuelMacron\/videos\/1313536006944509\">Vid\u00e9o<\/a><\/strong><\/p>\n","protected":false},"excerpt":{"rendered":"<p>Le pr\u00e9sident fran\u00e7ais Emmanuel Macron a officiellement reconnu l&rsquo;\u00c9tat de Palestine, dans un discours prononc\u00e9 \u00e0 l&rsquo;ONU \u00e0 New York ce lundi 22 septembre 2025.<\/p>\n","protected":false},"author":6,"featured_media":17532830,"comment_status":"open","ping_status":"open","sticky":false,"template":"","format":"standard","meta":{"footnotes":""},"categories":[997,2433,4806],"tags":[19579,395,3194,62643],"class_list":["post-17532774","post","type-post","status-publish","format-standard","has-post-thumbnail","hentry","category-politique","category-tunisie","category-videos","tag-emmanuel-macron","tag-france","tag-onu","tag-tunisie"],"yoast_head":"<!-- This site is optimized with the Yoast SEO plugin v26.6 - https:\/\/yoast.com\/wordpress\/plugins\/seo\/ -->\n<title>La France reconna\u00eet l&#039;\u00c9tat de Palestine | En vid\u00e9o, le discours d&#039;Emmanuel Macron - Kapitalis<\/title>\n<meta name=\"robots\" content=\"index, follow, max-snippet:-1, max-image-preview:large, max-video-preview:-1\" \/>\n<link rel=\"canonical\" href=\"https:\/\/kapitalis.com\/tunisie\/2025\/09\/22\/la-france-reconnait-letat-de-palestine-en-video-le-discours-demmanuel-macron\/\" \/>\n<meta property=\"og:locale\" content=\"fr_FR\" \/>\n<meta property=\"og:type\" content=\"article\" \/>\n<meta property=\"og:title\" content=\"La France reconna\u00eet l&#039;\u00c9tat de Palestine | En vid\u00e9o, le discours d&#039;Emmanuel Macron - Kapitalis\" \/>\n<meta property=\"og:description\" content=\"Le pr\u00e9sident fran\u00e7ais Emmanuel Macron a officiellement reconnu l&rsquo;\u00c9tat de Palestine, dans un discours prononc\u00e9 \u00e0 l&rsquo;ONU \u00e0 New York ce lundi 22 septembre 2025.\" \/>\n<meta property=\"og:url\" content=\"https:\/\/kapitalis.com\/tunisie\/2025\/09\/22\/la-france-reconnait-letat-de-palestine-en-video-le-discours-demmanuel-macron\/\" \/>\n<meta property=\"og:site_name\" content=\"Kapitalis\" \/>\n<meta property=\"article:publisher\" content=\"https:\/\/www.facebook.com\/KapitalisInfo\/\" \/>\n<meta property=\"article:published_time\" content=\"2025-09-22T21:12:32+00:00\" \/>\n<meta property=\"article:modified_time\" content=\"2025-09-22T21:17:51+00:00\" \/>\n<meta property=\"og:image\" content=\"https:\/\/kapitalis.com\/tunisie\/wp-content\/uploads\/2025\/09\/Macron-Onu.jpg\" \/>\n\t<meta property=\"og:image:width\" content=\"1200\" \/>\n\t<meta property=\"og:image:height\" content=\"630\" \/>\n\t<meta property=\"og:image:type\" content=\"image\/jpeg\" \/>\n<meta name=\"author\" content=\"Yusra NY\" \/>\n<meta name=\"twitter:card\" content=\"summary_large_image\" \/>\n<meta name=\"twitter:creator\" content=\"@KapitalisInfo\" \/>\n<meta name=\"twitter:site\" content=\"@KapitalisInfo\" \/>\n<meta name=\"twitter:label1\" content=\"\u00c9crit par\" \/>\n\t<meta name=\"twitter:data1\" content=\"Yusra NY\" \/>\n\t<meta name=\"twitter:label2\" content=\"Dur\u00e9e de lecture estim\u00e9e\" \/>\n\t<meta name=\"twitter:data2\" content=\"2 minutes\" \/>\n<script type=\"application\/ld+json\" class=\"yoast-schema-graph\">{\"@context\":\"https:\/\/schema.org\",\"@graph\":[{\"@type\":\"Article\",\"@id\":\"https:\/\/kapitalis.com\/tunisie\/2025\/09\/22\/la-france-reconnait-letat-de-palestine-en-video-le-discours-demmanuel-macron\/#article\",\"isPartOf\":{\"@id\":\"https:\/\/kapitalis.com\/tunisie\/2025\/09\/22\/la-france-reconnait-letat-de-palestine-en-video-le-discours-demmanuel-macron\/\"},\"author\":{\"name\":\"Yusra NY\",\"@id\":\"https:\/\/kapitalis.com\/tunisie\/#\/schema\/person\/74bbde0154d49d790a92aaeac5bc01d5\"},\"headline\":\"La France reconna\u00eet l&rsquo;\u00c9tat de Palestine | En vid\u00e9o, le discours d&rsquo;Emmanuel Macron\",\"datePublished\":\"2025-09-22T21:12:32+00:00\",\"dateModified\":\"2025-09-22T21:17:51+00:00\",\"mainEntityOfPage\":{\"@id\":\"https:\/\/kapitalis.com\/tunisie\/2025\/09\/22\/la-france-reconnait-letat-de-palestine-en-video-le-discours-demmanuel-macron\/\"},\"wordCount\":215,\"commentCount\":0,\"publisher\":{\"@id\":\"https:\/\/kapitalis.com\/tunisie\/#organization\"},\"image\":{\"@id\":\"https:\/\/kapitalis.com\/tunisie\/2025\/09\/22\/la-france-reconnait-letat-de-palestine-en-video-le-discours-demmanuel-macron\/#primaryimage\"},\"thumbnailUrl\":\"https:\/\/kapitalis.com\/tunisie\/wp-content\/uploads\/2025\/09\/Macron-Onu.jpg\",\"keywords\":[\"Emmanuel Macron\",\"France\",\"Onu\",\"Tunisie\"],\"articleSection\":[\"POLITIQUE\",\"Tunisie\",\"VIDEOS\"],\"inLanguage\":\"fr-FR\",\"potentialAction\":[{\"@type\":\"CommentAction\",\"name\":\"Comment\",\"target\":[\"https:\/\/kapitalis.com\/tunisie\/2025\/09\/22\/la-france-reconnait-letat-de-palestine-en-video-le-discours-demmanuel-macron\/#respond\"]}]},{\"@type\":\"WebPage\",\"@id\":\"https:\/\/kapitalis.com\/tunisie\/2025\/09\/22\/la-france-reconnait-letat-de-palestine-en-video-le-discours-demmanuel-macron\/\",\"url\":\"https:\/\/kapitalis.com\/tunisie\/2025\/09\/22\/la-france-reconnait-letat-de-palestine-en-video-le-discours-demmanuel-macron\/\",\"name\":\"La France reconna\u00eet l'\u00c9tat de Palestine | En vid\u00e9o, le discours d'Emmanuel Macron - Kapitalis\",\"isPartOf\":{\"@id\":\"https:\/\/kapitalis.com\/tunisie\/#website\"},\"primaryImageOfPage\":{\"@id\":\"https:\/\/kapitalis.com\/tunisie\/2025\/09\/22\/la-france-reconnait-letat-de-palestine-en-video-le-discours-demmanuel-macron\/#primaryimage\"},\"image\":{\"@id\":\"https:\/\/kapitalis.com\/tunisie\/2025\/09\/22\/la-france-reconnait-letat-de-palestine-en-video-le-discours-demmanuel-macron\/#primaryimage\"},\"thumbnailUrl\":\"https:\/\/kapitalis.com\/tunisie\/wp-content\/uploads\/2025\/09\/Macron-Onu.jpg\",\"datePublished\":\"2025-09-22T21:12:32+00:00\",\"dateModified\":\"2025-09-22T21:17:51+00:00\",\"breadcrumb\":{\"@id\":\"https:\/\/kapitalis.com\/tunisie\/2025\/09\/22\/la-france-reconnait-letat-de-palestine-en-video-le-discours-demmanuel-macron\/#breadcrumb\"},\"inLanguage\":\"fr-FR\",\"potentialAction\":[{\"@type\":\"ReadAction\",\"target\":[\"https:\/\/kapitalis.com\/tunisie\/2025\/09\/22\/la-france-reconnait-letat-de-palestine-en-video-le-discours-demmanuel-macron\/\"]}]},{\"@type\":\"ImageObject\",\"inLanguage\":\"fr-FR\",\"@id\":\"https:\/\/kapitalis.com\/tunisie\/2025\/09\/22\/la-france-reconnait-letat-de-palestine-en-video-le-discours-demmanuel-macron\/#primaryimage\",\"url\":\"https:\/\/kapitalis.com\/tunisie\/wp-content\/uploads\/2025\/09\/Macron-Onu.jpg\",\"contentUrl\":\"https:\/\/kapitalis.com\/tunisie\/wp-content\/uploads\/2025\/09\/Macron-Onu.jpg\",\"width\":1200,\"height\":630},{\"@type\":\"BreadcrumbList\",\"@id\":\"https:\/\/kapitalis.com\/tunisie\/2025\/09\/22\/la-france-reconnait-letat-de-palestine-en-video-le-discours-demmanuel-macron\/#breadcrumb\",\"itemListElement\":[{\"@type\":\"ListItem\",\"position\":1,\"name\":\"Accueil\",\"item\":\"https:\/\/kapitalis.com\/tunisie\/\"},{\"@type\":\"ListItem\",\"position\":2,\"name\":\"La France reconna\u00eet l&rsquo;\u00c9tat de Palestine | En vid\u00e9o, le discours d&rsquo;Emmanuel Macron\"}]},{\"@type\":\"WebSite\",\"@id\":\"https:\/\/kapitalis.com\/tunisie\/#website\",\"url\":\"https:\/\/kapitalis.com\/tunisie\/\",\"name\":\"Kapitalis\",\"description\":\"L&#039;actualit\u00e9 en Tunisie et dans le monde\",\"publisher\":{\"@id\":\"https:\/\/kapitalis.com\/tunisie\/#organization\"},\"potentialAction\":[{\"@type\":\"SearchAction\",\"target\":{\"@type\":\"EntryPoint\",\"urlTemplate\":\"https:\/\/kapitalis.com\/tunisie\/?s={search_term_string}\"},\"query-input\":{\"@type\":\"PropertyValueSpecification\",\"valueRequired\":true,\"valueName\":\"search_term_string\"}}],\"inLanguage\":\"fr-FR\"},{\"@type\":\"Organization\",\"@id\":\"https:\/\/kapitalis.com\/tunisie\/#organization\",\"name\":\"Kapitalis\",\"url\":\"https:\/\/kapitalis.com\/tunisie\/\",\"logo\":{\"@type\":\"ImageObject\",\"inLanguage\":\"fr-FR\",\"@id\":\"https:\/\/kapitalis.com\/tunisie\/#\/schema\/logo\/image\/\",\"url\":\"https:\/\/kapitalis.com\/tunisie\/wp-content\/uploads\/2022\/05\/Kapitalis-big-size.png\",\"contentUrl\":\"https:\/\/kapitalis.com\/tunisie\/wp-content\/uploads\/2022\/05\/Kapitalis-big-size.png\",\"width\":5000,\"height\":1500,\"caption\":\"Kapitalis\"},\"image\":{\"@id\":\"https:\/\/kapitalis.com\/tunisie\/#\/schema\/logo\/image\/\"},\"sameAs\":[\"https:\/\/www.facebook.com\/KapitalisInfo\/\",\"https:\/\/x.com\/KapitalisInfo\",\"https:\/\/www.youtube.com\/channel\/UC-yDYrHyfFBWWZaOw3FPg9Q\"]},{\"@type\":\"Person\",\"@id\":\"https:\/\/kapitalis.com\/tunisie\/#\/schema\/person\/74bbde0154d49d790a92aaeac5bc01d5\",\"name\":\"Yusra NY\",\"url\":\"https:\/\/kapitalis.com\/tunisie\/author\/yuza_adam\/\"}]}<\/script>\n<!-- \/ Yoast SEO plugin. -->","yoast_head_json":{"title":"La France reconna\u00eet l'\u00c9tat de Palestine | En vid\u00e9o, le discours d'Emmanuel Macron - Kapitalis","robots":{"index":"index","follow":"follow","max-snippet":"max-snippet:-1","max-image-preview":"max-image-preview:large","max-video-preview":"max-video-preview:-1"},"canonical":"https:\/\/kapitalis.com\/tunisie\/2025\/09\/22\/la-france-reconnait-letat-de-palestine-en-video-le-discours-demmanuel-macron\/","og_locale":"fr_FR","og_type":"article","og_title":"La France reconna\u00eet l'\u00c9tat de Palestine | En vid\u00e9o, le discours d'Emmanuel Macron - Kapitalis","og_description":"Le pr\u00e9sident fran\u00e7ais Emmanuel Macron a officiellement reconnu l&rsquo;\u00c9tat de Palestine, dans un discours prononc\u00e9 \u00e0 l&rsquo;ONU \u00e0 New York ce lundi 22 septembre 2025.","og_url":"https:\/\/kapitalis.com\/tunisie\/2025\/09\/22\/la-france-reconnait-letat-de-palestine-en-video-le-discours-demmanuel-macron\/","og_site_name":"Kapitalis","article_publisher":"https:\/\/www.facebook.com\/KapitalisInfo\/","article_published_time":"2025-09-22T21:12:32+00:00","article_modified_time":"2025-09-22T21:17:51+00:00","og_image":[{"width":1200,"height":630,"url":"https:\/\/kapitalis.com\/tunisie\/wp-content\/uploads\/2025\/09\/Macron-Onu.jpg","type":"image\/jpeg"}],"author":"Yusra NY","twitter_card":"summary_large_image","twitter_creator":"@KapitalisInfo","twitter_site":"@KapitalisInfo","twitter_misc":{"\u00c9crit par":"Yusra NY","Dur\u00e9e de lecture estim\u00e9e":"2 minutes"},"schema":{"@context":"https:\/\/schema.org","@graph":[{"@type":"Article","@id":"https:\/\/kapitalis.com\/tunisie\/2025\/09\/22\/la-france-reconnait-letat-de-palestine-en-video-le-discours-demmanuel-macron\/#article","isPartOf":{"@id":"https:\/\/kapitalis.com\/tunisie\/2025\/09\/22\/la-france-reconnait-letat-de-palestine-en-video-le-discours-demmanuel-macron\/"},"author":{"name":"Yusra NY","@id":"https:\/\/kapitalis.com\/tunisie\/#\/schema\/person\/74bbde0154d49d790a92aaeac5bc01d5"},"headline":"La France reconna\u00eet l&rsquo;\u00c9tat de Palestine | En vid\u00e9o, le discours d&rsquo;Emmanuel Macron","datePublished":"2025-09-22T21:12:32+00:00","dateModified":"2025-09-22T21:17:51+00:00","mainEntityOfPage":{"@id":"https:\/\/kapitalis.com\/tunisie\/2025\/09\/22\/la-france-reconnait-letat-de-palestine-en-video-le-discours-demmanuel-macron\/"},"wordCount":215,"commentCount":0,"publisher":{"@id":"https:\/\/kapitalis.com\/tunisie\/#organization"},"image":{"@id":"https:\/\/kapitalis.com\/tunisie\/2025\/09\/22\/la-france-reconnait-letat-de-palestine-en-video-le-discours-demmanuel-macron\/#primaryimage"},"thumbnailUrl":"https:\/\/kapitalis.com\/tunisie\/wp-content\/uploads\/2025\/09\/Macron-Onu.jpg","keywords":["Emmanuel Macron","France","Onu","Tunisie"],"articleSection":["POLITIQUE","Tunisie","VIDEOS"],"inLanguage":"fr-FR","potentialAction":[{"@type":"CommentAction","name":"Comment","target":["https:\/\/kapitalis.com\/tunisie\/2025\/09\/22\/la-france-reconnait-letat-de-palestine-en-video-le-discours-demmanuel-macron\/#respond"]}]},{"@type":"WebPage","@id":"https:\/\/kapitalis.com\/tunisie\/2025\/09\/22\/la-france-reconnait-letat-de-palestine-en-video-le-discours-demmanuel-macron\/","url":"https:\/\/kapitalis.com\/tunisie\/2025\/09\/22\/la-france-reconnait-letat-de-palestine-en-video-le-discours-demmanuel-macron\/","name":"La France reconna\u00eet l'\u00c9tat de Palestine | En vid\u00e9o, le discours d'Emmanuel Macron - Kapitalis","isPartOf":{"@id":"https:\/\/kapitalis.com\/tunisie\/#website"},"primaryImageOfPage":{"@id":"https:\/\/kapitalis.com\/tunisie\/2025\/09\/22\/la-france-reconnait-letat-de-palestine-en-video-le-discours-demmanuel-macron\/#primaryimage"},"image":{"@id":"https:\/\/kapitalis.com\/tunisie\/2025\/09\/22\/la-france-reconnait-letat-de-palestine-en-video-le-discours-demmanuel-macron\/#primaryimage"},"thumbnailUrl":"https:\/\/kapitalis.com\/tunisie\/wp-content\/uploads\/2025\/09\/Macron-Onu.jpg","datePublished":"2025-09-22T21:12:32+00:00","dateModified":"2025-09-22T21:17:51+00:00","breadcrumb":{"@id":"https:\/\/kapitalis.com\/tunisie\/2025\/09\/22\/la-france-reconnait-letat-de-palestine-en-video-le-discours-demmanuel-macron\/#breadcrumb"},"inLanguage":"fr-FR","potentialAction":[{"@type":"ReadAction","target":["https:\/\/kapitalis.com\/tunisie\/2025\/09\/22\/la-france-reconnait-letat-de-palestine-en-video-le-discours-demmanuel-macron\/"]}]},{"@type":"ImageObject","inLanguage":"fr-FR","@id":"https:\/\/kapitalis.com\/tunisie\/2025\/09\/22\/la-france-reconnait-letat-de-palestine-en-video-le-discours-demmanuel-macron\/#primaryimage","url":"https:\/\/kapitalis.com\/tunisie\/wp-content\/uploads\/2025\/09\/Macron-Onu.jpg","contentUrl":"https:\/\/kapitalis.com\/tunisie\/wp-content\/uploads\/2025\/09\/Macron-Onu.jpg","width":1200,"height":630},{"@type":"BreadcrumbList","@id":"https:\/\/kapitalis.com\/tunisie\/2025\/09\/22\/la-france-reconnait-letat-de-palestine-en-video-le-discours-demmanuel-macron\/#breadcrumb","itemListElement":[{"@type":"ListItem","position":1,"name":"Accueil","item":"https:\/\/kapitalis.com\/tunisie\/"},{"@type":"ListItem","position":2,"name":"La France reconna\u00eet l&rsquo;\u00c9tat de Palestine | En vid\u00e9o, le discours d&rsquo;Emmanuel Macron"}]},{"@type":"WebSite","@id":"https:\/\/kapitalis.com\/tunisie\/#website","url":"https:\/\/kapitalis.com\/tunisie\/","name":"Kapitalis","description":"L&#039;actualit\u00e9 en Tunisie et dans le monde","publisher":{"@id":"https:\/\/kapitalis.com\/tunisie\/#organization"},"potentialAction":[{"@type":"SearchAction","target":{"@type":"EntryPoint","urlTemplate":"https:\/\/kapitalis.com\/tunisie\/?s={search_term_string}"},"query-input":{"@type":"PropertyValueSpecification","valueRequired":true,"valueName":"search_term_string"}}],"inLanguage":"fr-FR"},{"@type":"Organization","@id":"https:\/\/kapitalis.com\/tunisie\/#organization","name":"Kapitalis","url":"https:\/\/kapitalis.com\/tunisie\/","logo":{"@type":"ImageObject","inLanguage":"fr-FR","@id":"https:\/\/kapitalis.com\/tunisie\/#\/schema\/logo\/image\/","url":"https:\/\/kapitalis.com\/tunisie\/wp-content\/uploads\/2022\/05\/Kapitalis-big-size.png","contentUrl":"https:\/\/kapitalis.com\/tunisie\/wp-content\/uploads\/2022\/05\/Kapitalis-big-size.png","width":5000,"height":1500,"caption":"Kapitalis"},"image":{"@id":"https:\/\/kapitalis.com\/tunisie\/#\/schema\/logo\/image\/"},"sameAs":["https:\/\/www.facebook.com\/KapitalisInfo\/","https:\/\/x.com\/KapitalisInfo","https:\/\/www.youtube.com\/channel\/UC-yDYrHyfFBWWZaOw3FPg9Q"]},{"@type":"Person","@id":"https:\/\/kapitalis.com\/tunisie\/#\/schema\/person\/74bbde0154d49d790a92aaeac5bc01d5","name":"Yusra NY","url":"https:\/\/kapitalis.com\/tunisie\/author\/yuza_adam\/"}]}},"_links":{"self":[{"href":"https:\/\/kapitalis.com\/tunisie\/wp-json\/wp\/v2\/posts\/17532774","targetHints":{"allow":["GET"]}}],"collection":[{"href":"https:\/\/kapitalis.com\/tunisie\/wp-json\/wp\/v2\/posts"}],"about":[{"href":"https:\/\/kapitalis.com\/tunisie\/wp-json\/wp\/v2\/types\/post"}],"author":[{"embeddable":true,"href":"https:\/\/kapitalis.com\/tunisie\/wp-json\/wp\/v2\/users\/6"}],"replies":[{"embeddable":true,"href":"https:\/\/kapitalis.com\/tunisie\/wp-json\/wp\/v2\/comments?post=17532774"}],"version-history":[{"count":1,"href":"https:\/\/kapitalis.com\/tunisie\/wp-json\/wp\/v2\/posts\/17532774\/revisions"}],"predecessor-version":[{"id":17532831,"href":"https:\/\/kapitalis.com\/tunisie\/wp-json\/wp\/v2\/posts\/17532774\/revisions\/17532831"}],"wp:featuredmedia":[{"embeddable":true,"href":"https:\/\/kapitalis.com\/tunisie\/wp-json\/wp\/v2\/media\/17532830"}],"wp:attachment":[{"href":"https:\/\/kapitalis.com\/tunisie\/wp-json\/wp\/v2\/media?parent=17532774"}],"wp:term":[{"taxonomy":"category","embeddable":true,"href":"https:\/\/kapitalis.com\/tunisie\/wp-json\/wp\/v2\/categories?post=17532774"},{"taxonomy":"post_tag","embeddable":true,"href":"https:\/\/kapitalis.com\/tunisie\/wp-json\/wp\/v2\/tags?post=17532774"}],"curies":[{"name":"wp","href":"https:\/\/api.w.org\/{rel}","templated":true}]}}