{"id":1753874,"date":"2022-06-25T09:41:27","date_gmt":"2022-06-25T08:41:27","guid":{"rendered":"https:\/\/kapitalis.com\/tunisie\/?p=1753874"},"modified":"2022-06-25T09:41:28","modified_gmt":"2022-06-25T08:41:28","slug":"tunisie-ennahdha-dans-le-collimateur-du-pouvoir-se-defend","status":"publish","type":"post","link":"https:\/\/kapitalis.com\/tunisie\/2022\/06\/25\/tunisie-ennahdha-dans-le-collimateur-du-pouvoir-se-defend\/","title":{"rendered":"Tunisie\u00a0: Ennahdha, dans le collimateur du pouvoir, se d\u00e9fend"},"content":{"rendered":"\n<p><strong><em>Depuis le limogeage du gouvernement Mechichi, la dissolution de l\u2019Assembl\u00e9e, qu\u2019il contr\u00f4lait, et sa mise \u00e0 l\u2019\u00e9cart d\u00e9finitivement du pouvoir, le mouvement islamiste Ennahdha est sur la d\u00e9fensive, en voyant l\u2019\u00e9tau se resserrer sur ses dirigeants, \u00e0 commencer par son pr\u00e9sident <a href=\"https:\/\/kapitalis.com\/tunisie\/2022\/05\/27\/affaire-de-lappareil-secret-dennahdha-rached-ghannouchi-interdit-de-voyage\/\" target=\"_blank\" rel=\"noreferrer noopener\">Rached Ghannouchi,<\/a> qui ont maille \u00e0 partir avec la justice.<\/em><\/strong><\/p>\n\n\n\n<!--more-->\n\n\n\n<p>C\u2019est dans ce cadre qu\u2019est n\u00e9e la nouvelle affaire Hamadi Jebali, l\u2019ancien chef de gouvernement provisoire entre janvier 2012 et f\u00e9vrier 2013.<\/p>\n\n\n\n<p>Le porte-parole du mouvement Ennahdha, Imed Khemiri, a qualifi\u00e9 de <em>\u00abmise en sc\u00e8ne\u00bb<\/em> \u00a0la conf\u00e9rence de presse tenue vendredi 24 juin 2022 par le minist\u00e8re de l&rsquo;Int\u00e9rieur au cours de laquelle ont \u00e9t\u00e9 <em>\u00abr\u00e9v\u00e9l\u00e9es\u00bb<\/em> des informations sur des menaces contre le pr\u00e9sident de la r\u00e9publique Ka\u00efs Sa\u00efed. Menaces sur lesquelles les autorit\u00e9s s\u00e9curitaires ont du reste donn\u00e9 peu de pr\u00e9cisions. \u00a0<\/p>\n\n\n\n<figure class=\"wp-block-embed is-type-wp-embed is-provider-kapitalis wp-block-embed-kapitalis\"><div class=\"wp-block-embed__wrapper\">\n<blockquote class=\"wp-embedded-content\" data-secret=\"QkZdGYx6F0\"><a href=\"https:\/\/kapitalis.com\/tunisie\/2022\/06\/23\/tunisie-arrete-par-la-police-hamadi-jebali-entame-une-greve-de-la-faim-et-decide-de-ne-pas-cooperer\/\">Tunisie : Arr\u00eat\u00e9 par la police, Hamadi Jebali entame une gr\u00e8ve de la faim et d\u00e9cide de ne pas coop\u00e9rer<\/a><\/blockquote><iframe loading=\"lazy\" class=\"wp-embedded-content\" sandbox=\"allow-scripts\" security=\"restricted\" style=\"position: absolute; clip: rect(1px, 1px, 1px, 1px);\" title=\"\u00ab\u00a0Tunisie : Arr\u00eat\u00e9 par la police, Hamadi Jebali entame une gr\u00e8ve de la faim et d\u00e9cide de ne pas coop\u00e9rer\u00a0\u00bb &#8212; Kapitalis\" src=\"https:\/\/kapitalis.com\/tunisie\/2022\/06\/23\/tunisie-arrete-par-la-police-hamadi-jebali-entame-une-greve-de-la-faim-et-decide-de-ne-pas-cooperer\/embed\/#?secret=qWeUeBgNqk#?secret=QkZdGYx6F0\" data-secret=\"QkZdGYx6F0\" width=\"600\" height=\"338\" frameborder=\"0\" marginwidth=\"0\" marginheight=\"0\" scrolling=\"no\"><\/iframe>\n<\/div><\/figure>\n\n\n\n<p>S&rsquo;exprimant lors d&rsquo;une conf\u00e9rence de presse vendredi \u00e0 Tunis, Imed Khemiri a soulign\u00e9 la solidarit\u00e9 du mouvement avec l\u2019un de ses anciens dirigeants, Hamadi Jebali, arr\u00eat\u00e9 il y a deux jours dans le cadre d\u2019une enqu\u00eate sur des faits \u00e0 caract\u00e8re terroriste. M. Khemiri a qualifi\u00e9 cette arrestation de <em>\u00abtentative de harc\u00e8lement\u00bb<\/em>.<\/p>\n\n\n\n<p><em>\u00abLe pouvoir s&rsquo;efforce d&rsquo;exclure les acteurs politiques de poids et de faire taire la voix de l&rsquo;opposition\u00bb,<\/em> a d\u00e9plor\u00e9 le porte-parole d\u2019Ennahdha, ajoutant que <em>\u00abcette affaire aura la m\u00eame issue que celle de Noureddine Bhiri : elle sera class\u00e9e sans suite faute de preuves\u00bb.<\/em><\/p>\n\n\n\n<p>L\u2019ancien ministre de la Justice, rappelons-le, avait \u00e9t\u00e9 mis en r\u00e9sidence surveill\u00e9e durant plus d\u2019un mois, dans le cadre d\u2019une enqu\u00eate sur la corruption, avant d\u2019\u00eatre lib\u00e9r\u00e9 sans qu\u2019une suite judiciaire n\u2019ait \u00e9t\u00e9 donn\u00e9e \u00e0 l\u2019affaire. Et la cr\u00e9dibilit\u00e9 du pouvoir en prit un sacr\u00e9 coup. <\/p>\n\n\n\n<figure class=\"wp-block-embed is-type-wp-embed is-provider-kapitalis wp-block-embed-kapitalis\"><div class=\"wp-block-embed__wrapper\">\n<blockquote class=\"wp-embedded-content\" data-secret=\"xLxwrMhrJR\"><a href=\"https:\/\/kapitalis.com\/tunisie\/2021\/12\/31\/a-travers-larrestation-de-noureddine-bhiri-kais-saied-sattaque-a-lhydre-islamiste\/\">A travers l&rsquo;arrestation de Noureddine Bhiri, Ka\u00efs Sa\u00efed s&rsquo;attaque \u00e0 l&rsquo;hydre islamiste<\/a><\/blockquote><iframe loading=\"lazy\" class=\"wp-embedded-content\" sandbox=\"allow-scripts\" security=\"restricted\" style=\"position: absolute; clip: rect(1px, 1px, 1px, 1px);\" title=\"\u00ab\u00a0A travers l&rsquo;arrestation de Noureddine Bhiri, Ka\u00efs Sa\u00efed s&rsquo;attaque \u00e0 l&rsquo;hydre islamiste\u00a0\u00bb &#8212; Kapitalis\" src=\"https:\/\/kapitalis.com\/tunisie\/2021\/12\/31\/a-travers-larrestation-de-noureddine-bhiri-kais-saied-sattaque-a-lhydre-islamiste\/embed\/#?secret=MmEtiOZBr8#?secret=xLxwrMhrJR\" data-secret=\"xLxwrMhrJR\" width=\"600\" height=\"338\" frameborder=\"0\" marginwidth=\"0\" marginheight=\"0\" scrolling=\"no\"><\/iframe>\n<\/div><\/figure>\n\n\n\n<p>M. Khemiri a \u00e9galement condamn\u00e9 toute tentative d&rsquo;atteinte aux institutions de l&rsquo;\u00c9tat, ajoutant que le mouvement islamiste tunisien revendique le droit de conna\u00eetre toutes les parties impliqu\u00e9es dans la menace visant le pr\u00e9sident de la r\u00e9publique, laissant indirectement penser qu\u2019Ennahdha n\u2019y est pas impliqu\u00e9. C\u2019est donc au pouvoir en place de prouver le contraire.<\/p>\n\n\n\n<p class=\"has-text-align-right\"><strong>I. B.<\/strong><\/p>\n","protected":false},"excerpt":{"rendered":"<p>Le mouvement islamiste Ennahdha est sur la d\u00e9fensive, en voyant l\u2019\u00e9tau se resserrer sur ses dirigeants, \u00e0 commencer par son pr\u00e9sident Rached Ghannouchi, qui ont maille \u00e0 partir avec la justice.<\/p>\n","protected":false},"author":8,"featured_media":1754061,"comment_status":"open","ping_status":"open","sticky":false,"template":"","format":"standard","meta":{"footnotes":""},"categories":[997,2433],"tags":[49543,2383,27831,76012,62643],"class_list":["post-1753874","post","type-post","status-publish","format-standard","has-post-thumbnail","hentry","category-politique","category-tunisie","tag-ennahdha","tag-hamadi-jebali","tag-imed-khemiri","tag-kais-saied-2","tag-tunisie"],"yoast_head":"<!-- This site is optimized with the Yoast SEO plugin v26.6 - https:\/\/yoast.com\/wordpress\/plugins\/seo\/ -->\n<title>Tunisie\u00a0: Ennahdha, dans le collimateur du pouvoir, se d\u00e9fend - Kapitalis<\/title>\n<meta name=\"robots\" content=\"index, follow, max-snippet:-1, max-image-preview:large, max-video-preview:-1\" \/>\n<link rel=\"canonical\" href=\"https:\/\/kapitalis.com\/tunisie\/2022\/06\/25\/tunisie-ennahdha-dans-le-collimateur-du-pouvoir-se-defend\/\" \/>\n<meta property=\"og:locale\" content=\"fr_FR\" \/>\n<meta property=\"og:type\" content=\"article\" \/>\n<meta property=\"og:title\" content=\"Tunisie\u00a0: Ennahdha, dans le collimateur du pouvoir, se d\u00e9fend - Kapitalis\" \/>\n<meta property=\"og:description\" content=\"Le mouvement islamiste Ennahdha est sur la d\u00e9fensive, en voyant l\u2019\u00e9tau se resserrer sur ses dirigeants, \u00e0 commencer par son pr\u00e9sident Rached Ghannouchi, qui ont maille \u00e0 partir avec la justice.\" \/>\n<meta property=\"og:url\" content=\"https:\/\/kapitalis.com\/tunisie\/2022\/06\/25\/tunisie-ennahdha-dans-le-collimateur-du-pouvoir-se-defend\/\" \/>\n<meta property=\"og:site_name\" content=\"Kapitalis\" \/>\n<meta property=\"article:publisher\" content=\"https:\/\/www.facebook.com\/KapitalisInfo\/\" \/>\n<meta property=\"article:published_time\" content=\"2022-06-25T08:41:27+00:00\" \/>\n<meta property=\"article:modified_time\" content=\"2022-06-25T08:41:28+00:00\" \/>\n<meta property=\"og:image\" content=\"https:\/\/kapitalis.com\/tunisie\/wp-content\/uploads\/2022\/06\/Imed-Khemiri-Ennahdha.jpg\" \/>\n\t<meta property=\"og:image:width\" content=\"1200\" \/>\n\t<meta property=\"og:image:height\" content=\"630\" \/>\n\t<meta property=\"og:image:type\" content=\"image\/jpeg\" \/>\n<meta name=\"author\" content=\"webmaster kapitalis\" \/>\n<meta name=\"twitter:card\" content=\"summary_large_image\" \/>\n<meta name=\"twitter:creator\" content=\"@KapitalisInfo\" \/>\n<meta name=\"twitter:site\" content=\"@KapitalisInfo\" \/>\n<meta name=\"twitter:label1\" content=\"\u00c9crit par\" \/>\n\t<meta name=\"twitter:data1\" content=\"webmaster kapitalis\" \/>\n\t<meta name=\"twitter:label2\" content=\"Dur\u00e9e de lecture estim\u00e9e\" \/>\n\t<meta name=\"twitter:data2\" content=\"2 minutes\" \/>\n<script type=\"application\/ld+json\" class=\"yoast-schema-graph\">{\"@context\":\"https:\/\/schema.org\",\"@graph\":[{\"@type\":\"Article\",\"@id\":\"https:\/\/kapitalis.com\/tunisie\/2022\/06\/25\/tunisie-ennahdha-dans-le-collimateur-du-pouvoir-se-defend\/#article\",\"isPartOf\":{\"@id\":\"https:\/\/kapitalis.com\/tunisie\/2022\/06\/25\/tunisie-ennahdha-dans-le-collimateur-du-pouvoir-se-defend\/\"},\"author\":{\"name\":\"webmaster kapitalis\",\"@id\":\"https:\/\/kapitalis.com\/tunisie\/#\/schema\/person\/d71f33a9ca44f7bad4698210b480c8e9\"},\"headline\":\"Tunisie\u00a0: Ennahdha, dans le collimateur du pouvoir, se d\u00e9fend\",\"datePublished\":\"2022-06-25T08:41:27+00:00\",\"dateModified\":\"2022-06-25T08:41:28+00:00\",\"mainEntityOfPage\":{\"@id\":\"https:\/\/kapitalis.com\/tunisie\/2022\/06\/25\/tunisie-ennahdha-dans-le-collimateur-du-pouvoir-se-defend\/\"},\"wordCount\":400,\"commentCount\":2,\"publisher\":{\"@id\":\"https:\/\/kapitalis.com\/tunisie\/#organization\"},\"image\":{\"@id\":\"https:\/\/kapitalis.com\/tunisie\/2022\/06\/25\/tunisie-ennahdha-dans-le-collimateur-du-pouvoir-se-defend\/#primaryimage\"},\"thumbnailUrl\":\"https:\/\/kapitalis.com\/tunisie\/wp-content\/uploads\/2022\/06\/Imed-Khemiri-Ennahdha.jpg\",\"keywords\":[\"Ennahdha\",\"Hamadi Jebali\",\"Imed Khemiri\",\"Ka\u00efs Sa\u00efed\",\"Tunisie\"],\"articleSection\":[\"POLITIQUE\",\"Tunisie\"],\"inLanguage\":\"fr-FR\",\"potentialAction\":[{\"@type\":\"CommentAction\",\"name\":\"Comment\",\"target\":[\"https:\/\/kapitalis.com\/tunisie\/2022\/06\/25\/tunisie-ennahdha-dans-le-collimateur-du-pouvoir-se-defend\/#respond\"]}]},{\"@type\":\"WebPage\",\"@id\":\"https:\/\/kapitalis.com\/tunisie\/2022\/06\/25\/tunisie-ennahdha-dans-le-collimateur-du-pouvoir-se-defend\/\",\"url\":\"https:\/\/kapitalis.com\/tunisie\/2022\/06\/25\/tunisie-ennahdha-dans-le-collimateur-du-pouvoir-se-defend\/\",\"name\":\"Tunisie\u00a0: Ennahdha, dans le collimateur du pouvoir, se d\u00e9fend - Kapitalis\",\"isPartOf\":{\"@id\":\"https:\/\/kapitalis.com\/tunisie\/#website\"},\"primaryImageOfPage\":{\"@id\":\"https:\/\/kapitalis.com\/tunisie\/2022\/06\/25\/tunisie-ennahdha-dans-le-collimateur-du-pouvoir-se-defend\/#primaryimage\"},\"image\":{\"@id\":\"https:\/\/kapitalis.com\/tunisie\/2022\/06\/25\/tunisie-ennahdha-dans-le-collimateur-du-pouvoir-se-defend\/#primaryimage\"},\"thumbnailUrl\":\"https:\/\/kapitalis.com\/tunisie\/wp-content\/uploads\/2022\/06\/Imed-Khemiri-Ennahdha.jpg\",\"datePublished\":\"2022-06-25T08:41:27+00:00\",\"dateModified\":\"2022-06-25T08:41:28+00:00\",\"breadcrumb\":{\"@id\":\"https:\/\/kapitalis.com\/tunisie\/2022\/06\/25\/tunisie-ennahdha-dans-le-collimateur-du-pouvoir-se-defend\/#breadcrumb\"},\"inLanguage\":\"fr-FR\",\"potentialAction\":[{\"@type\":\"ReadAction\",\"target\":[\"https:\/\/kapitalis.com\/tunisie\/2022\/06\/25\/tunisie-ennahdha-dans-le-collimateur-du-pouvoir-se-defend\/\"]}]},{\"@type\":\"ImageObject\",\"inLanguage\":\"fr-FR\",\"@id\":\"https:\/\/kapitalis.com\/tunisie\/2022\/06\/25\/tunisie-ennahdha-dans-le-collimateur-du-pouvoir-se-defend\/#primaryimage\",\"url\":\"https:\/\/kapitalis.com\/tunisie\/wp-content\/uploads\/2022\/06\/Imed-Khemiri-Ennahdha.jpg\",\"contentUrl\":\"https:\/\/kapitalis.com\/tunisie\/wp-content\/uploads\/2022\/06\/Imed-Khemiri-Ennahdha.jpg\",\"width\":1200,\"height\":630},{\"@type\":\"BreadcrumbList\",\"@id\":\"https:\/\/kapitalis.com\/tunisie\/2022\/06\/25\/tunisie-ennahdha-dans-le-collimateur-du-pouvoir-se-defend\/#breadcrumb\",\"itemListElement\":[{\"@type\":\"ListItem\",\"position\":1,\"name\":\"Accueil\",\"item\":\"https:\/\/kapitalis.com\/tunisie\/\"},{\"@type\":\"ListItem\",\"position\":2,\"name\":\"Tunisie\u00a0: Ennahdha, dans le collimateur du pouvoir, se d\u00e9fend\"}]},{\"@type\":\"WebSite\",\"@id\":\"https:\/\/kapitalis.com\/tunisie\/#website\",\"url\":\"https:\/\/kapitalis.com\/tunisie\/\",\"name\":\"Kapitalis\",\"description\":\"L&#039;actualit\u00e9 en Tunisie et dans le monde\",\"publisher\":{\"@id\":\"https:\/\/kapitalis.com\/tunisie\/#organization\"},\"potentialAction\":[{\"@type\":\"SearchAction\",\"target\":{\"@type\":\"EntryPoint\",\"urlTemplate\":\"https:\/\/kapitalis.com\/tunisie\/?s={search_term_string}\"},\"query-input\":{\"@type\":\"PropertyValueSpecification\",\"valueRequired\":true,\"valueName\":\"search_term_string\"}}],\"inLanguage\":\"fr-FR\"},{\"@type\":\"Organization\",\"@id\":\"https:\/\/kapitalis.com\/tunisie\/#organization\",\"name\":\"Kapitalis\",\"url\":\"https:\/\/kapitalis.com\/tunisie\/\",\"logo\":{\"@type\":\"ImageObject\",\"inLanguage\":\"fr-FR\",\"@id\":\"https:\/\/kapitalis.com\/tunisie\/#\/schema\/logo\/image\/\",\"url\":\"https:\/\/kapitalis.com\/tunisie\/wp-content\/uploads\/2022\/05\/Kapitalis-big-size.png\",\"contentUrl\":\"https:\/\/kapitalis.com\/tunisie\/wp-content\/uploads\/2022\/05\/Kapitalis-big-size.png\",\"width\":5000,\"height\":1500,\"caption\":\"Kapitalis\"},\"image\":{\"@id\":\"https:\/\/kapitalis.com\/tunisie\/#\/schema\/logo\/image\/\"},\"sameAs\":[\"https:\/\/www.facebook.com\/KapitalisInfo\/\",\"https:\/\/x.com\/KapitalisInfo\",\"https:\/\/www.youtube.com\/channel\/UC-yDYrHyfFBWWZaOw3FPg9Q\"]},{\"@type\":\"Person\",\"@id\":\"https:\/\/kapitalis.com\/tunisie\/#\/schema\/person\/d71f33a9ca44f7bad4698210b480c8e9\",\"name\":\"webmaster kapitalis\",\"url\":\"https:\/\/kapitalis.com\/tunisie\/author\/webmaster-kapitalis\/\"}]}<\/script>\n<!-- \/ Yoast SEO plugin. -->","yoast_head_json":{"title":"Tunisie\u00a0: Ennahdha, dans le collimateur du pouvoir, se d\u00e9fend - Kapitalis","robots":{"index":"index","follow":"follow","max-snippet":"max-snippet:-1","max-image-preview":"max-image-preview:large","max-video-preview":"max-video-preview:-1"},"canonical":"https:\/\/kapitalis.com\/tunisie\/2022\/06\/25\/tunisie-ennahdha-dans-le-collimateur-du-pouvoir-se-defend\/","og_locale":"fr_FR","og_type":"article","og_title":"Tunisie\u00a0: Ennahdha, dans le collimateur du pouvoir, se d\u00e9fend - Kapitalis","og_description":"Le mouvement islamiste Ennahdha est sur la d\u00e9fensive, en voyant l\u2019\u00e9tau se resserrer sur ses dirigeants, \u00e0 commencer par son pr\u00e9sident Rached Ghannouchi, qui ont maille \u00e0 partir avec la justice.","og_url":"https:\/\/kapitalis.com\/tunisie\/2022\/06\/25\/tunisie-ennahdha-dans-le-collimateur-du-pouvoir-se-defend\/","og_site_name":"Kapitalis","article_publisher":"https:\/\/www.facebook.com\/KapitalisInfo\/","article_published_time":"2022-06-25T08:41:27+00:00","article_modified_time":"2022-06-25T08:41:28+00:00","og_image":[{"width":1200,"height":630,"url":"https:\/\/kapitalis.com\/tunisie\/wp-content\/uploads\/2022\/06\/Imed-Khemiri-Ennahdha.jpg","type":"image\/jpeg"}],"author":"webmaster kapitalis","twitter_card":"summary_large_image","twitter_creator":"@KapitalisInfo","twitter_site":"@KapitalisInfo","twitter_misc":{"\u00c9crit par":"webmaster kapitalis","Dur\u00e9e de lecture estim\u00e9e":"2 minutes"},"schema":{"@context":"https:\/\/schema.org","@graph":[{"@type":"Article","@id":"https:\/\/kapitalis.com\/tunisie\/2022\/06\/25\/tunisie-ennahdha-dans-le-collimateur-du-pouvoir-se-defend\/#article","isPartOf":{"@id":"https:\/\/kapitalis.com\/tunisie\/2022\/06\/25\/tunisie-ennahdha-dans-le-collimateur-du-pouvoir-se-defend\/"},"author":{"name":"webmaster kapitalis","@id":"https:\/\/kapitalis.com\/tunisie\/#\/schema\/person\/d71f33a9ca44f7bad4698210b480c8e9"},"headline":"Tunisie\u00a0: Ennahdha, dans le collimateur du pouvoir, se d\u00e9fend","datePublished":"2022-06-25T08:41:27+00:00","dateModified":"2022-06-25T08:41:28+00:00","mainEntityOfPage":{"@id":"https:\/\/kapitalis.com\/tunisie\/2022\/06\/25\/tunisie-ennahdha-dans-le-collimateur-du-pouvoir-se-defend\/"},"wordCount":400,"commentCount":2,"publisher":{"@id":"https:\/\/kapitalis.com\/tunisie\/#organization"},"image":{"@id":"https:\/\/kapitalis.com\/tunisie\/2022\/06\/25\/tunisie-ennahdha-dans-le-collimateur-du-pouvoir-se-defend\/#primaryimage"},"thumbnailUrl":"https:\/\/kapitalis.com\/tunisie\/wp-content\/uploads\/2022\/06\/Imed-Khemiri-Ennahdha.jpg","keywords":["Ennahdha","Hamadi Jebali","Imed Khemiri","Ka\u00efs Sa\u00efed","Tunisie"],"articleSection":["POLITIQUE","Tunisie"],"inLanguage":"fr-FR","potentialAction":[{"@type":"CommentAction","name":"Comment","target":["https:\/\/kapitalis.com\/tunisie\/2022\/06\/25\/tunisie-ennahdha-dans-le-collimateur-du-pouvoir-se-defend\/#respond"]}]},{"@type":"WebPage","@id":"https:\/\/kapitalis.com\/tunisie\/2022\/06\/25\/tunisie-ennahdha-dans-le-collimateur-du-pouvoir-se-defend\/","url":"https:\/\/kapitalis.com\/tunisie\/2022\/06\/25\/tunisie-ennahdha-dans-le-collimateur-du-pouvoir-se-defend\/","name":"Tunisie\u00a0: Ennahdha, dans le collimateur du pouvoir, se d\u00e9fend - Kapitalis","isPartOf":{"@id":"https:\/\/kapitalis.com\/tunisie\/#website"},"primaryImageOfPage":{"@id":"https:\/\/kapitalis.com\/tunisie\/2022\/06\/25\/tunisie-ennahdha-dans-le-collimateur-du-pouvoir-se-defend\/#primaryimage"},"image":{"@id":"https:\/\/kapitalis.com\/tunisie\/2022\/06\/25\/tunisie-ennahdha-dans-le-collimateur-du-pouvoir-se-defend\/#primaryimage"},"thumbnailUrl":"https:\/\/kapitalis.com\/tunisie\/wp-content\/uploads\/2022\/06\/Imed-Khemiri-Ennahdha.jpg","datePublished":"2022-06-25T08:41:27+00:00","dateModified":"2022-06-25T08:41:28+00:00","breadcrumb":{"@id":"https:\/\/kapitalis.com\/tunisie\/2022\/06\/25\/tunisie-ennahdha-dans-le-collimateur-du-pouvoir-se-defend\/#breadcrumb"},"inLanguage":"fr-FR","potentialAction":[{"@type":"ReadAction","target":["https:\/\/kapitalis.com\/tunisie\/2022\/06\/25\/tunisie-ennahdha-dans-le-collimateur-du-pouvoir-se-defend\/"]}]},{"@type":"ImageObject","inLanguage":"fr-FR","@id":"https:\/\/kapitalis.com\/tunisie\/2022\/06\/25\/tunisie-ennahdha-dans-le-collimateur-du-pouvoir-se-defend\/#primaryimage","url":"https:\/\/kapitalis.com\/tunisie\/wp-content\/uploads\/2022\/06\/Imed-Khemiri-Ennahdha.jpg","contentUrl":"https:\/\/kapitalis.com\/tunisie\/wp-content\/uploads\/2022\/06\/Imed-Khemiri-Ennahdha.jpg","width":1200,"height":630},{"@type":"BreadcrumbList","@id":"https:\/\/kapitalis.com\/tunisie\/2022\/06\/25\/tunisie-ennahdha-dans-le-collimateur-du-pouvoir-se-defend\/#breadcrumb","itemListElement":[{"@type":"ListItem","position":1,"name":"Accueil","item":"https:\/\/kapitalis.com\/tunisie\/"},{"@type":"ListItem","position":2,"name":"Tunisie\u00a0: Ennahdha, dans le collimateur du pouvoir, se d\u00e9fend"}]},{"@type":"WebSite","@id":"https:\/\/kapitalis.com\/tunisie\/#website","url":"https:\/\/kapitalis.com\/tunisie\/","name":"Kapitalis","description":"L&#039;actualit\u00e9 en Tunisie et dans le monde","publisher":{"@id":"https:\/\/kapitalis.com\/tunisie\/#organization"},"potentialAction":[{"@type":"SearchAction","target":{"@type":"EntryPoint","urlTemplate":"https:\/\/kapitalis.com\/tunisie\/?s={search_term_string}"},"query-input":{"@type":"PropertyValueSpecification","valueRequired":true,"valueName":"search_term_string"}}],"inLanguage":"fr-FR"},{"@type":"Organization","@id":"https:\/\/kapitalis.com\/tunisie\/#organization","name":"Kapitalis","url":"https:\/\/kapitalis.com\/tunisie\/","logo":{"@type":"ImageObject","inLanguage":"fr-FR","@id":"https:\/\/kapitalis.com\/tunisie\/#\/schema\/logo\/image\/","url":"https:\/\/kapitalis.com\/tunisie\/wp-content\/uploads\/2022\/05\/Kapitalis-big-size.png","contentUrl":"https:\/\/kapitalis.com\/tunisie\/wp-content\/uploads\/2022\/05\/Kapitalis-big-size.png","width":5000,"height":1500,"caption":"Kapitalis"},"image":{"@id":"https:\/\/kapitalis.com\/tunisie\/#\/schema\/logo\/image\/"},"sameAs":["https:\/\/www.facebook.com\/KapitalisInfo\/","https:\/\/x.com\/KapitalisInfo","https:\/\/www.youtube.com\/channel\/UC-yDYrHyfFBWWZaOw3FPg9Q"]},{"@type":"Person","@id":"https:\/\/kapitalis.com\/tunisie\/#\/schema\/person\/d71f33a9ca44f7bad4698210b480c8e9","name":"webmaster kapitalis","url":"https:\/\/kapitalis.com\/tunisie\/author\/webmaster-kapitalis\/"}]}},"_links":{"self":[{"href":"https:\/\/kapitalis.com\/tunisie\/wp-json\/wp\/v2\/posts\/1753874","targetHints":{"allow":["GET"]}}],"collection":[{"href":"https:\/\/kapitalis.com\/tunisie\/wp-json\/wp\/v2\/posts"}],"about":[{"href":"https:\/\/kapitalis.com\/tunisie\/wp-json\/wp\/v2\/types\/post"}],"author":[{"embeddable":true,"href":"https:\/\/kapitalis.com\/tunisie\/wp-json\/wp\/v2\/users\/8"}],"replies":[{"embeddable":true,"href":"https:\/\/kapitalis.com\/tunisie\/wp-json\/wp\/v2\/comments?post=1753874"}],"version-history":[{"count":0,"href":"https:\/\/kapitalis.com\/tunisie\/wp-json\/wp\/v2\/posts\/1753874\/revisions"}],"wp:featuredmedia":[{"embeddable":true,"href":"https:\/\/kapitalis.com\/tunisie\/wp-json\/wp\/v2\/media\/1754061"}],"wp:attachment":[{"href":"https:\/\/kapitalis.com\/tunisie\/wp-json\/wp\/v2\/media?parent=1753874"}],"wp:term":[{"taxonomy":"category","embeddable":true,"href":"https:\/\/kapitalis.com\/tunisie\/wp-json\/wp\/v2\/categories?post=1753874"},{"taxonomy":"post_tag","embeddable":true,"href":"https:\/\/kapitalis.com\/tunisie\/wp-json\/wp\/v2\/tags?post=1753874"}],"curies":[{"name":"wp","href":"https:\/\/api.w.org\/{rel}","templated":true}]}}