{"id":175583,"date":"2018-09-25T16:02:21","date_gmt":"2018-09-25T15:02:21","guid":{"rendered":"http:\/\/kapitalis.com\/tunisie\/?p=175583"},"modified":"2018-09-25T17:16:04","modified_gmt":"2018-09-25T16:16:04","slug":"meteo-suspension-des-cours-mercredi-au-gouvernorat-de-monastir","status":"publish","type":"post","link":"https:\/\/kapitalis.com\/tunisie\/2018\/09\/25\/meteo-suspension-des-cours-mercredi-au-gouvernorat-de-monastir\/","title":{"rendered":"M\u00e9t\u00e9o : Suspension des cours, mercredi, au gouvernorat de Monastir"},"content":{"rendered":"<p style=\"text-align: center;\"><img loading=\"lazy\" decoding=\"async\" class=\"alignnone size-full wp-image-175588\" src=\"http:\/\/kapitalis.com\/tunisie\/wp-content\/uploads\/2018\/09\/M\u00e9t\u00e9o-Tunisie-tempete-Sahel.jpg\" alt=\"\" width=\"626\" height=\"380\" \/><\/p>\n<p><em><strong>Les cours seront suspendus demain, mercredi 26 septembre 2018, dans tout le gouvernorat de Monastir, \u00e0 cause des pr\u00e9visions m\u00e9t\u00e9orologiques qui annoncent un temps pluvieux et orageux, avec des vents d\u00e9passant 80km\/h.<\/strong><\/em><!--more--><\/p>\n<p>Suite \u00e0 une r\u00e9union, ce matin, entre le gouverneur de Monastir, Akram Sebri, et les membres de la Commission r\u00e9gionale de lutte contre les catastrophes naturelles, il a \u00e9t\u00e9 d\u00e9cid\u00e9 de suspendre les cours dans l\u2019ensemble des \u00e9coles, lyc\u00e9es, universit\u00e9s et\u00a0 centres de formation professionnelle dans tout le gouvernorat.<\/p>\n<p>Cette mesure pr\u00e9ventive a \u00e9t\u00e9 d\u00e9cid\u00e9e suite \u00e0 l\u2019alerte donn\u00e9e par l\u2019Institut national de la m\u00e9t\u00e9orologie (INM), qui pr\u00e9voit un temps capricieux et annonce des pr\u00e9cipitations importantes au Sahel.<\/p>\n<p>Ladite Commission a \u00e9galement d\u00e9cid\u00e9 d\u2019interdire aux p\u00eacheurs et aux embarcations touristiques de naviguer, d\u00e8s ce soir et jusqu\u2019\u00e0 jeudi.<\/p>\n<div class=\"embed\">\n<div class=\"video\">\n<iframe loading=\"lazy\" width=\"560\" height=\"315\" src=\"https:\/\/www.youtube.com\/embed\/duLORlRneL0?rel=0&amp;controls=0&amp;showinfo=0\" frameborder=\"0\" allow=\"autoplay; encrypted-media\" allowfullscreen><\/iframe>\n<\/div>\n<\/div>\n<p>&nbsp;<br \/>\nIl semble que le d\u00e9sastre de Nabeul du weekend dernier, qui a fait 6 morts et caus\u00e9 d\u2019\u00e9normes d\u00e9g\u00e2ts mat\u00e9riels, a servi de le\u00e7on, et notamment l&rsquo;INM qui a fait, cette fois, une s\u00e9rieuse alerte.<\/p>\n<p style=\"text-align: right;\"><strong>Y. N.<\/strong><\/p>\n","protected":false},"excerpt":{"rendered":"<p>Les cours seront suspendus demain, mercredi 26 septembre 2018, dans tout le gouvernorat de Monastir, \u00e0 cause des pr\u00e9visions m\u00e9t\u00e9orologiques qui annoncent un temps pluvieux et orageux, avec des vents d\u00e9passant 80km\/h.<\/p>\n","protected":false},"author":6,"featured_media":175588,"comment_status":"open","ping_status":"open","sticky":false,"template":"","format":"standard","meta":{"footnotes":""},"categories":[998,2433,4806],"tags":[4498,4071,419,483,603,633,5405,799,6919],"class_list":["post-175583","post","type-post","status-publish","format-standard","has-post-thumbnail","hentry","category-societe","category-tunisie","category-videos","tag-catastrophes-naturelles","tag-cours","tag-gouverneur","tag-inm","tag-meteo","tag-monastir","tag-pecheurs","tag-sahel","tag-tempete"],"yoast_head":"<!-- This site is optimized with the Yoast SEO plugin v26.6 - https:\/\/yoast.com\/wordpress\/plugins\/seo\/ -->\n<title>M\u00e9t\u00e9o : Suspension des cours, mercredi, au gouvernorat de Monastir - Kapitalis<\/title>\n<meta name=\"robots\" content=\"index, follow, max-snippet:-1, max-image-preview:large, max-video-preview:-1\" \/>\n<link rel=\"canonical\" href=\"https:\/\/kapitalis.com\/tunisie\/2018\/09\/25\/meteo-suspension-des-cours-mercredi-au-gouvernorat-de-monastir\/\" \/>\n<meta property=\"og:locale\" content=\"fr_FR\" \/>\n<meta property=\"og:type\" content=\"article\" \/>\n<meta property=\"og:title\" content=\"M\u00e9t\u00e9o : Suspension des cours, mercredi, au gouvernorat de Monastir - Kapitalis\" \/>\n<meta property=\"og:description\" content=\"Les cours seront suspendus demain, mercredi 26 septembre 2018, dans tout le gouvernorat de Monastir, \u00e0 cause des pr\u00e9visions m\u00e9t\u00e9orologiques qui annoncent un temps pluvieux et orageux, avec des vents d\u00e9passant 80km\/h.\" \/>\n<meta property=\"og:url\" content=\"https:\/\/kapitalis.com\/tunisie\/2018\/09\/25\/meteo-suspension-des-cours-mercredi-au-gouvernorat-de-monastir\/\" \/>\n<meta property=\"og:site_name\" content=\"Kapitalis\" \/>\n<meta property=\"article:publisher\" content=\"https:\/\/www.facebook.com\/KapitalisInfo\/\" \/>\n<meta property=\"article:published_time\" content=\"2018-09-25T15:02:21+00:00\" \/>\n<meta property=\"article:modified_time\" content=\"2018-09-25T16:16:04+00:00\" \/>\n<meta property=\"og:image\" content=\"https:\/\/kapitalis.com\/tunisie\/wp-content\/uploads\/2022\/05\/kapitalis-logo-fb.png\" \/>\n\t<meta property=\"og:image:width\" content=\"1200\" \/>\n\t<meta property=\"og:image:height\" content=\"630\" \/>\n\t<meta property=\"og:image:type\" content=\"image\/png\" \/>\n<meta name=\"author\" content=\"Yusra NY\" \/>\n<meta name=\"twitter:card\" content=\"summary_large_image\" \/>\n<meta name=\"twitter:creator\" content=\"@KapitalisInfo\" \/>\n<meta name=\"twitter:site\" content=\"@KapitalisInfo\" \/>\n<meta name=\"twitter:label1\" content=\"\u00c9crit par\" \/>\n\t<meta name=\"twitter:data1\" content=\"Yusra NY\" \/>\n\t<meta name=\"twitter:label2\" content=\"Dur\u00e9e de lecture estim\u00e9e\" \/>\n\t<meta name=\"twitter:data2\" content=\"1 minute\" \/>\n<script type=\"application\/ld+json\" class=\"yoast-schema-graph\">{\"@context\":\"https:\/\/schema.org\",\"@graph\":[{\"@type\":\"Article\",\"@id\":\"https:\/\/kapitalis.com\/tunisie\/2018\/09\/25\/meteo-suspension-des-cours-mercredi-au-gouvernorat-de-monastir\/#article\",\"isPartOf\":{\"@id\":\"https:\/\/kapitalis.com\/tunisie\/2018\/09\/25\/meteo-suspension-des-cours-mercredi-au-gouvernorat-de-monastir\/\"},\"author\":{\"name\":\"Yusra NY\",\"@id\":\"https:\/\/kapitalis.com\/tunisie\/#\/schema\/person\/74bbde0154d49d790a92aaeac5bc01d5\"},\"headline\":\"M\u00e9t\u00e9o : Suspension des cours, mercredi, au gouvernorat de Monastir\",\"datePublished\":\"2018-09-25T15:02:21+00:00\",\"dateModified\":\"2018-09-25T16:16:04+00:00\",\"mainEntityOfPage\":{\"@id\":\"https:\/\/kapitalis.com\/tunisie\/2018\/09\/25\/meteo-suspension-des-cours-mercredi-au-gouvernorat-de-monastir\/\"},\"wordCount\":205,\"commentCount\":0,\"publisher\":{\"@id\":\"https:\/\/kapitalis.com\/tunisie\/#organization\"},\"image\":{\"@id\":\"https:\/\/kapitalis.com\/tunisie\/2018\/09\/25\/meteo-suspension-des-cours-mercredi-au-gouvernorat-de-monastir\/#primaryimage\"},\"thumbnailUrl\":\"\",\"keywords\":[\"catastrophes naturelles\",\"cours\",\"gouverneur\",\"INM\",\"m\u00e9t\u00e9o\",\"Monastir\",\"p\u00eacheurs\",\"Sahel\",\"Temp\u00eate\"],\"articleSection\":[\"SOCIETE\",\"Tunisie\",\"VIDEOS\"],\"inLanguage\":\"fr-FR\",\"potentialAction\":[{\"@type\":\"CommentAction\",\"name\":\"Comment\",\"target\":[\"https:\/\/kapitalis.com\/tunisie\/2018\/09\/25\/meteo-suspension-des-cours-mercredi-au-gouvernorat-de-monastir\/#respond\"]}]},{\"@type\":\"WebPage\",\"@id\":\"https:\/\/kapitalis.com\/tunisie\/2018\/09\/25\/meteo-suspension-des-cours-mercredi-au-gouvernorat-de-monastir\/\",\"url\":\"https:\/\/kapitalis.com\/tunisie\/2018\/09\/25\/meteo-suspension-des-cours-mercredi-au-gouvernorat-de-monastir\/\",\"name\":\"M\u00e9t\u00e9o : Suspension des cours, mercredi, au gouvernorat de Monastir - Kapitalis\",\"isPartOf\":{\"@id\":\"https:\/\/kapitalis.com\/tunisie\/#website\"},\"primaryImageOfPage\":{\"@id\":\"https:\/\/kapitalis.com\/tunisie\/2018\/09\/25\/meteo-suspension-des-cours-mercredi-au-gouvernorat-de-monastir\/#primaryimage\"},\"image\":{\"@id\":\"https:\/\/kapitalis.com\/tunisie\/2018\/09\/25\/meteo-suspension-des-cours-mercredi-au-gouvernorat-de-monastir\/#primaryimage\"},\"thumbnailUrl\":\"\",\"datePublished\":\"2018-09-25T15:02:21+00:00\",\"dateModified\":\"2018-09-25T16:16:04+00:00\",\"breadcrumb\":{\"@id\":\"https:\/\/kapitalis.com\/tunisie\/2018\/09\/25\/meteo-suspension-des-cours-mercredi-au-gouvernorat-de-monastir\/#breadcrumb\"},\"inLanguage\":\"fr-FR\",\"potentialAction\":[{\"@type\":\"ReadAction\",\"target\":[\"https:\/\/kapitalis.com\/tunisie\/2018\/09\/25\/meteo-suspension-des-cours-mercredi-au-gouvernorat-de-monastir\/\"]}]},{\"@type\":\"ImageObject\",\"inLanguage\":\"fr-FR\",\"@id\":\"https:\/\/kapitalis.com\/tunisie\/2018\/09\/25\/meteo-suspension-des-cours-mercredi-au-gouvernorat-de-monastir\/#primaryimage\",\"url\":\"\",\"contentUrl\":\"\"},{\"@type\":\"BreadcrumbList\",\"@id\":\"https:\/\/kapitalis.com\/tunisie\/2018\/09\/25\/meteo-suspension-des-cours-mercredi-au-gouvernorat-de-monastir\/#breadcrumb\",\"itemListElement\":[{\"@type\":\"ListItem\",\"position\":1,\"name\":\"Accueil\",\"item\":\"https:\/\/kapitalis.com\/tunisie\/\"},{\"@type\":\"ListItem\",\"position\":2,\"name\":\"M\u00e9t\u00e9o : Suspension des cours, mercredi, au gouvernorat de Monastir\"}]},{\"@type\":\"WebSite\",\"@id\":\"https:\/\/kapitalis.com\/tunisie\/#website\",\"url\":\"https:\/\/kapitalis.com\/tunisie\/\",\"name\":\"Kapitalis\",\"description\":\"L&#039;actualit\u00e9 en Tunisie et dans le monde\",\"publisher\":{\"@id\":\"https:\/\/kapitalis.com\/tunisie\/#organization\"},\"potentialAction\":[{\"@type\":\"SearchAction\",\"target\":{\"@type\":\"EntryPoint\",\"urlTemplate\":\"https:\/\/kapitalis.com\/tunisie\/?s={search_term_string}\"},\"query-input\":{\"@type\":\"PropertyValueSpecification\",\"valueRequired\":true,\"valueName\":\"search_term_string\"}}],\"inLanguage\":\"fr-FR\"},{\"@type\":\"Organization\",\"@id\":\"https:\/\/kapitalis.com\/tunisie\/#organization\",\"name\":\"Kapitalis\",\"url\":\"https:\/\/kapitalis.com\/tunisie\/\",\"logo\":{\"@type\":\"ImageObject\",\"inLanguage\":\"fr-FR\",\"@id\":\"https:\/\/kapitalis.com\/tunisie\/#\/schema\/logo\/image\/\",\"url\":\"https:\/\/kapitalis.com\/tunisie\/wp-content\/uploads\/2022\/05\/Kapitalis-big-size.png\",\"contentUrl\":\"https:\/\/kapitalis.com\/tunisie\/wp-content\/uploads\/2022\/05\/Kapitalis-big-size.png\",\"width\":5000,\"height\":1500,\"caption\":\"Kapitalis\"},\"image\":{\"@id\":\"https:\/\/kapitalis.com\/tunisie\/#\/schema\/logo\/image\/\"},\"sameAs\":[\"https:\/\/www.facebook.com\/KapitalisInfo\/\",\"https:\/\/x.com\/KapitalisInfo\",\"https:\/\/www.youtube.com\/channel\/UC-yDYrHyfFBWWZaOw3FPg9Q\"]},{\"@type\":\"Person\",\"@id\":\"https:\/\/kapitalis.com\/tunisie\/#\/schema\/person\/74bbde0154d49d790a92aaeac5bc01d5\",\"name\":\"Yusra NY\",\"url\":\"https:\/\/kapitalis.com\/tunisie\/author\/yuza_adam\/\"}]}<\/script>\n<!-- \/ Yoast SEO plugin. -->","yoast_head_json":{"title":"M\u00e9t\u00e9o : Suspension des cours, mercredi, au gouvernorat de Monastir - Kapitalis","robots":{"index":"index","follow":"follow","max-snippet":"max-snippet:-1","max-image-preview":"max-image-preview:large","max-video-preview":"max-video-preview:-1"},"canonical":"https:\/\/kapitalis.com\/tunisie\/2018\/09\/25\/meteo-suspension-des-cours-mercredi-au-gouvernorat-de-monastir\/","og_locale":"fr_FR","og_type":"article","og_title":"M\u00e9t\u00e9o : Suspension des cours, mercredi, au gouvernorat de Monastir - Kapitalis","og_description":"Les cours seront suspendus demain, mercredi 26 septembre 2018, dans tout le gouvernorat de Monastir, \u00e0 cause des pr\u00e9visions m\u00e9t\u00e9orologiques qui annoncent un temps pluvieux et orageux, avec des vents d\u00e9passant 80km\/h.","og_url":"https:\/\/kapitalis.com\/tunisie\/2018\/09\/25\/meteo-suspension-des-cours-mercredi-au-gouvernorat-de-monastir\/","og_site_name":"Kapitalis","article_publisher":"https:\/\/www.facebook.com\/KapitalisInfo\/","article_published_time":"2018-09-25T15:02:21+00:00","article_modified_time":"2018-09-25T16:16:04+00:00","og_image":[{"width":1200,"height":630,"url":"https:\/\/kapitalis.com\/tunisie\/wp-content\/uploads\/2022\/05\/kapitalis-logo-fb.png","type":"image\/png"}],"author":"Yusra NY","twitter_card":"summary_large_image","twitter_creator":"@KapitalisInfo","twitter_site":"@KapitalisInfo","twitter_misc":{"\u00c9crit par":"Yusra NY","Dur\u00e9e de lecture estim\u00e9e":"1 minute"},"schema":{"@context":"https:\/\/schema.org","@graph":[{"@type":"Article","@id":"https:\/\/kapitalis.com\/tunisie\/2018\/09\/25\/meteo-suspension-des-cours-mercredi-au-gouvernorat-de-monastir\/#article","isPartOf":{"@id":"https:\/\/kapitalis.com\/tunisie\/2018\/09\/25\/meteo-suspension-des-cours-mercredi-au-gouvernorat-de-monastir\/"},"author":{"name":"Yusra NY","@id":"https:\/\/kapitalis.com\/tunisie\/#\/schema\/person\/74bbde0154d49d790a92aaeac5bc01d5"},"headline":"M\u00e9t\u00e9o : Suspension des cours, mercredi, au gouvernorat de Monastir","datePublished":"2018-09-25T15:02:21+00:00","dateModified":"2018-09-25T16:16:04+00:00","mainEntityOfPage":{"@id":"https:\/\/kapitalis.com\/tunisie\/2018\/09\/25\/meteo-suspension-des-cours-mercredi-au-gouvernorat-de-monastir\/"},"wordCount":205,"commentCount":0,"publisher":{"@id":"https:\/\/kapitalis.com\/tunisie\/#organization"},"image":{"@id":"https:\/\/kapitalis.com\/tunisie\/2018\/09\/25\/meteo-suspension-des-cours-mercredi-au-gouvernorat-de-monastir\/#primaryimage"},"thumbnailUrl":"","keywords":["catastrophes naturelles","cours","gouverneur","INM","m\u00e9t\u00e9o","Monastir","p\u00eacheurs","Sahel","Temp\u00eate"],"articleSection":["SOCIETE","Tunisie","VIDEOS"],"inLanguage":"fr-FR","potentialAction":[{"@type":"CommentAction","name":"Comment","target":["https:\/\/kapitalis.com\/tunisie\/2018\/09\/25\/meteo-suspension-des-cours-mercredi-au-gouvernorat-de-monastir\/#respond"]}]},{"@type":"WebPage","@id":"https:\/\/kapitalis.com\/tunisie\/2018\/09\/25\/meteo-suspension-des-cours-mercredi-au-gouvernorat-de-monastir\/","url":"https:\/\/kapitalis.com\/tunisie\/2018\/09\/25\/meteo-suspension-des-cours-mercredi-au-gouvernorat-de-monastir\/","name":"M\u00e9t\u00e9o : Suspension des cours, mercredi, au gouvernorat de Monastir - Kapitalis","isPartOf":{"@id":"https:\/\/kapitalis.com\/tunisie\/#website"},"primaryImageOfPage":{"@id":"https:\/\/kapitalis.com\/tunisie\/2018\/09\/25\/meteo-suspension-des-cours-mercredi-au-gouvernorat-de-monastir\/#primaryimage"},"image":{"@id":"https:\/\/kapitalis.com\/tunisie\/2018\/09\/25\/meteo-suspension-des-cours-mercredi-au-gouvernorat-de-monastir\/#primaryimage"},"thumbnailUrl":"","datePublished":"2018-09-25T15:02:21+00:00","dateModified":"2018-09-25T16:16:04+00:00","breadcrumb":{"@id":"https:\/\/kapitalis.com\/tunisie\/2018\/09\/25\/meteo-suspension-des-cours-mercredi-au-gouvernorat-de-monastir\/#breadcrumb"},"inLanguage":"fr-FR","potentialAction":[{"@type":"ReadAction","target":["https:\/\/kapitalis.com\/tunisie\/2018\/09\/25\/meteo-suspension-des-cours-mercredi-au-gouvernorat-de-monastir\/"]}]},{"@type":"ImageObject","inLanguage":"fr-FR","@id":"https:\/\/kapitalis.com\/tunisie\/2018\/09\/25\/meteo-suspension-des-cours-mercredi-au-gouvernorat-de-monastir\/#primaryimage","url":"","contentUrl":""},{"@type":"BreadcrumbList","@id":"https:\/\/kapitalis.com\/tunisie\/2018\/09\/25\/meteo-suspension-des-cours-mercredi-au-gouvernorat-de-monastir\/#breadcrumb","itemListElement":[{"@type":"ListItem","position":1,"name":"Accueil","item":"https:\/\/kapitalis.com\/tunisie\/"},{"@type":"ListItem","position":2,"name":"M\u00e9t\u00e9o : Suspension des cours, mercredi, au gouvernorat de Monastir"}]},{"@type":"WebSite","@id":"https:\/\/kapitalis.com\/tunisie\/#website","url":"https:\/\/kapitalis.com\/tunisie\/","name":"Kapitalis","description":"L&#039;actualit\u00e9 en Tunisie et dans le monde","publisher":{"@id":"https:\/\/kapitalis.com\/tunisie\/#organization"},"potentialAction":[{"@type":"SearchAction","target":{"@type":"EntryPoint","urlTemplate":"https:\/\/kapitalis.com\/tunisie\/?s={search_term_string}"},"query-input":{"@type":"PropertyValueSpecification","valueRequired":true,"valueName":"search_term_string"}}],"inLanguage":"fr-FR"},{"@type":"Organization","@id":"https:\/\/kapitalis.com\/tunisie\/#organization","name":"Kapitalis","url":"https:\/\/kapitalis.com\/tunisie\/","logo":{"@type":"ImageObject","inLanguage":"fr-FR","@id":"https:\/\/kapitalis.com\/tunisie\/#\/schema\/logo\/image\/","url":"https:\/\/kapitalis.com\/tunisie\/wp-content\/uploads\/2022\/05\/Kapitalis-big-size.png","contentUrl":"https:\/\/kapitalis.com\/tunisie\/wp-content\/uploads\/2022\/05\/Kapitalis-big-size.png","width":5000,"height":1500,"caption":"Kapitalis"},"image":{"@id":"https:\/\/kapitalis.com\/tunisie\/#\/schema\/logo\/image\/"},"sameAs":["https:\/\/www.facebook.com\/KapitalisInfo\/","https:\/\/x.com\/KapitalisInfo","https:\/\/www.youtube.com\/channel\/UC-yDYrHyfFBWWZaOw3FPg9Q"]},{"@type":"Person","@id":"https:\/\/kapitalis.com\/tunisie\/#\/schema\/person\/74bbde0154d49d790a92aaeac5bc01d5","name":"Yusra NY","url":"https:\/\/kapitalis.com\/tunisie\/author\/yuza_adam\/"}]}},"_links":{"self":[{"href":"https:\/\/kapitalis.com\/tunisie\/wp-json\/wp\/v2\/posts\/175583","targetHints":{"allow":["GET"]}}],"collection":[{"href":"https:\/\/kapitalis.com\/tunisie\/wp-json\/wp\/v2\/posts"}],"about":[{"href":"https:\/\/kapitalis.com\/tunisie\/wp-json\/wp\/v2\/types\/post"}],"author":[{"embeddable":true,"href":"https:\/\/kapitalis.com\/tunisie\/wp-json\/wp\/v2\/users\/6"}],"replies":[{"embeddable":true,"href":"https:\/\/kapitalis.com\/tunisie\/wp-json\/wp\/v2\/comments?post=175583"}],"version-history":[{"count":0,"href":"https:\/\/kapitalis.com\/tunisie\/wp-json\/wp\/v2\/posts\/175583\/revisions"}],"wp:featuredmedia":[{"embeddable":true,"href":"https:\/\/kapitalis.com\/tunisie\/wp-json\/wp\/v2\/media\/175588"}],"wp:attachment":[{"href":"https:\/\/kapitalis.com\/tunisie\/wp-json\/wp\/v2\/media?parent=175583"}],"wp:term":[{"taxonomy":"category","embeddable":true,"href":"https:\/\/kapitalis.com\/tunisie\/wp-json\/wp\/v2\/categories?post=175583"},{"taxonomy":"post_tag","embeddable":true,"href":"https:\/\/kapitalis.com\/tunisie\/wp-json\/wp\/v2\/tags?post=175583"}],"curies":[{"name":"wp","href":"https:\/\/api.w.org\/{rel}","templated":true}]}}