{"id":175598,"date":"2018-09-25T16:17:00","date_gmt":"2018-09-25T15:17:00","guid":{"rendered":"http:\/\/kapitalis.com\/tunisie\/?p=175598"},"modified":"2018-09-25T16:20:07","modified_gmt":"2018-09-25T15:20:07","slug":"le-groupe-orange-lance-le-programme-femmesentrepreneuses","status":"publish","type":"post","link":"https:\/\/kapitalis.com\/tunisie\/2018\/09\/25\/le-groupe-orange-lance-le-programme-femmesentrepreneuses\/","title":{"rendered":"Le groupe Orange lance le programme #FemmesEntrepreneuses"},"content":{"rendered":"<p style=\"text-align: center;\"><img loading=\"lazy\" decoding=\"async\" class=\"alignnone size-full wp-image-175599\" src=\"http:\/\/kapitalis.com\/tunisie\/wp-content\/uploads\/2018\/09\/Startup-Orange.jpg\" alt=\"\" width=\"626\" height=\"380\" \/><\/p>\n<p><em><strong>Fabienne Dulac, directrice g\u00e9n\u00e9rale adjointe d\u2019Orange et Ceo d&rsquo;Orange France a pris l\u2019engagement au nom d\u2019Orange France d\u2019apporter son soutien \u00e0 100 femmes qui veulent entreprendre dans l\u2019ensemble des territoires couverts par le groupe.<\/strong><\/em><\/p>\n<p><!--more--><\/p>\n<p>D\u00e8s 2018, et dans chacune de ses 10 r\u00e9gions en m\u00e9tropole et dans les DROM (d\u00e9partements et r\u00e9gions d\u2019Outre-mer), Orange accompagnera 10 femmes startuppeuses au travers de diff\u00e9rentes formes de soutien.<\/p>\n<p>Le programme #FemmesEntrepreneuses entame son d\u00e9ploiement d\u00e8s, aujourd\u2019hui, \u00e0 Marseille avec 10 start-up s\u00e9lectionn\u00e9es par jury de professionnels Orange.<\/p>\n<p>Les formes de soutien de ce dispositif sont diverses et d\u00e9finies en fonction des besoins et capacit\u00e9s de chacun.<\/p>\n<p><em><strong>L\u2019inclusion de la startuppeuse chez Orange<\/strong><\/em>. Au travers de journ\u00e9es de <em>\u00abmentoring\u00bb<\/em>, la startuppeuse b\u00e9n\u00e9ficie de conseils professionnels sur des sujets marketing, relation client, financier ou bien encore technique et informatique. Elle peut b\u00e9n\u00e9ficier \u00e9galement d\u2019un local, permanent ou occasionnel, pour une dur\u00e9e d\u00e9finie ensemble, ou d\u2019une journ\u00e9e en boutique pour pr\u00e9senter et tester son offre.<\/p>\n<p><em><strong>Le management de transition<\/strong><\/em>. Orange met \u00e0 disposition de la startup pendant quelques heures ou quelques jours un professionnel d\u2019Orange, afin de l\u2019aider \u00e0 r\u00e9soudre un probl\u00e8me ou passer un cap important dans le projet.<\/p>\n<p><em><strong>Les \u00e9changes et partages<\/strong><\/em>. Des temps de partage et d\u2019\u00e9change libres autour des projets se mat\u00e9rialisant par des sessions de pitch devant des \u00e9quipes Orange, ou bien encore des sessions d\u2019entrainement aux lev\u00e9es de fonds.<\/p>\n<p>Par cet engagement fort, Orange souhaite contribuer \u00e0 bousculer le contexte connu : 10% seulement des start-up sont fond\u00e9es par des femmes ; ces entreprises ne recueillent que 7% du total des lev\u00e9es de fonds hexagonales; les entreprises comptant au moins une fondatrice sont 63% plus performantes que celles fond\u00e9es exclusivement par des hommes, preuve \u00e0 nouveau, s\u2019il en \u00e9tait n\u00e9cessaire, que l\u2019inclusion, la diversit\u00e9 est facteur d\u2019une meilleure performance.<\/p>\n<p><em>\u00abLa r\u00e9volution num\u00e9rique n\u2019est pas qu\u2019une r\u00e9volution technologique: elle est surtout une r\u00e9volution culturelle, qui rend toujours plus sensible les imp\u00e9ratifs d\u2019\u00e9galit\u00e9 professionnelle et de diversit\u00e9. En tant qu\u2019entreprise leader du secteur num\u00e9rique en France, Orange a pris, depuis longtemps, de nombreux engagements en faveur de la parit\u00e9 et compte poursuivre en ce sens. Nous sommes aujourd\u2019hui tr\u00e8s heureux d\u2019accompagner 100 femmes dans leur aventure entrepreneuriale, en mettant nos savoir-faire au service du succ\u00e8s de leur projet\u00bb,<\/em> explique Fabienne Dulac.<\/p>\n<p><em><strong>Source<\/strong><\/em> : communiqu\u00e9.<\/p>\n<p><strong><em>Plus d\u2019informations sur le programme sur<\/em> <a href=\"https:\/\/startup.orange.com\/fr\/\">Startups.Orange<\/a>.\u00a0<\/strong><\/p>\n<blockquote class=\"wp-embedded-content\" data-secret=\"uGztj591c4\"><p><a href=\"https:\/\/kapitalis.com\/tunisie\/2018\/09\/10\/orange-lance-des-promotions-exclusives-speciales-rentree\/\">Orange lance des promotions exclusives sp\u00e9ciales rentr\u00e9e<\/a><\/p><\/blockquote>\n<p><iframe loading=\"lazy\" class=\"wp-embedded-content\" sandbox=\"allow-scripts\" security=\"restricted\" style=\"position: absolute; clip: rect(1px, 1px, 1px, 1px);\" title=\"\u00ab\u00a0Orange lance des promotions exclusives sp\u00e9ciales rentr\u00e9e\u00a0\u00bb &#8212; Kapitalis\" src=\"https:\/\/kapitalis.com\/tunisie\/2018\/09\/10\/orange-lance-des-promotions-exclusives-speciales-rentree\/embed\/#?secret=QhgNpfYt6p#?secret=uGztj591c4\" data-secret=\"uGztj591c4\" width=\"600\" height=\"338\" frameborder=\"0\" marginwidth=\"0\" marginheight=\"0\" scrolling=\"no\"><\/iframe><\/p>\n<blockquote class=\"wp-embedded-content\" data-secret=\"DkYUIc8ThL\"><p><a href=\"https:\/\/kapitalis.com\/tunisie\/2018\/09\/07\/avec-3ajab-orange-tunisie-offre-le-bonus-internet-mobile-le-plus-genereux\/\">Avec 3ajab, Orange Tunisie offre le bonus internet mobile le plus g\u00e9n\u00e9reux<\/a><\/p><\/blockquote>\n<p><iframe loading=\"lazy\" class=\"wp-embedded-content\" sandbox=\"allow-scripts\" security=\"restricted\" style=\"position: absolute; clip: rect(1px, 1px, 1px, 1px);\" title=\"\u00ab\u00a0Avec 3ajab, Orange Tunisie offre le bonus internet mobile le plus g\u00e9n\u00e9reux\u00a0\u00bb &#8212; Kapitalis\" src=\"https:\/\/kapitalis.com\/tunisie\/2018\/09\/07\/avec-3ajab-orange-tunisie-offre-le-bonus-internet-mobile-le-plus-genereux\/embed\/#?secret=AhyTmpvACS#?secret=DkYUIc8ThL\" data-secret=\"DkYUIc8ThL\" width=\"600\" height=\"338\" frameborder=\"0\" marginwidth=\"0\" marginheight=\"0\" scrolling=\"no\"><\/iframe><\/p>\n<blockquote class=\"wp-embedded-content\" data-secret=\"s2BBQn4KNm\"><p><a href=\"https:\/\/kapitalis.com\/tunisie\/2018\/09\/06\/prix-orange-de-lentreprenariat-social-amira-cheniour-decroche-le-premier-prix-national\/\">Amira Cheniour laur\u00e9ate du prix national Orange de l\u2019entrepreneuriat social<\/a><\/p><\/blockquote>\n<p><iframe loading=\"lazy\" class=\"wp-embedded-content\" sandbox=\"allow-scripts\" security=\"restricted\" style=\"position: absolute; clip: rect(1px, 1px, 1px, 1px);\" title=\"\u00ab\u00a0Amira Cheniour laur\u00e9ate du prix national Orange de l\u2019entrepreneuriat social\u00a0\u00bb &#8212; Kapitalis\" src=\"https:\/\/kapitalis.com\/tunisie\/2018\/09\/06\/prix-orange-de-lentreprenariat-social-amira-cheniour-decroche-le-premier-prix-national\/embed\/#?secret=UyxApONbVw#?secret=s2BBQn4KNm\" data-secret=\"s2BBQn4KNm\" width=\"600\" height=\"338\" frameborder=\"0\" marginwidth=\"0\" marginheight=\"0\" scrolling=\"no\"><\/iframe><\/p>\n","protected":false},"excerpt":{"rendered":"<p>Fabienne Dulac, directrice g\u00e9n\u00e9rale adjointe d\u2019Orange et Ceo d&rsquo;Orange France a pris l\u2019engagement au nom d\u2019Orange France d\u2019apporter son soutien \u00e0 100 femmes qui veulent entreprendre dans l\u2019ensemble des territoires couverts par le groupe.<\/p>\n","protected":false},"author":8,"featured_media":175599,"comment_status":"open","ping_status":"open","sticky":false,"template":"","format":"standard","meta":{"footnotes":""},"categories":[995],"tags":[681],"class_list":["post-175598","post","type-post","status-publish","format-standard","has-post-thumbnail","hentry","category-economie","tag-orange"],"yoast_head":"<!-- This site is optimized with the Yoast SEO plugin v26.6 - https:\/\/yoast.com\/wordpress\/plugins\/seo\/ -->\n<title>Le groupe Orange lance le programme #FemmesEntrepreneuses - Kapitalis<\/title>\n<meta name=\"robots\" content=\"index, follow, max-snippet:-1, max-image-preview:large, max-video-preview:-1\" \/>\n<link rel=\"canonical\" href=\"https:\/\/kapitalis.com\/tunisie\/2018\/09\/25\/le-groupe-orange-lance-le-programme-femmesentrepreneuses\/\" \/>\n<meta property=\"og:locale\" content=\"fr_FR\" \/>\n<meta property=\"og:type\" content=\"article\" \/>\n<meta property=\"og:title\" content=\"Le groupe Orange lance le programme #FemmesEntrepreneuses - Kapitalis\" \/>\n<meta property=\"og:description\" content=\"Fabienne Dulac, directrice g\u00e9n\u00e9rale adjointe d\u2019Orange et Ceo d&rsquo;Orange France a pris l\u2019engagement au nom d\u2019Orange France d\u2019apporter son soutien \u00e0 100 femmes qui veulent entreprendre dans l\u2019ensemble des territoires couverts par le groupe.\" \/>\n<meta property=\"og:url\" content=\"https:\/\/kapitalis.com\/tunisie\/2018\/09\/25\/le-groupe-orange-lance-le-programme-femmesentrepreneuses\/\" \/>\n<meta property=\"og:site_name\" content=\"Kapitalis\" \/>\n<meta property=\"article:publisher\" content=\"https:\/\/www.facebook.com\/KapitalisInfo\/\" \/>\n<meta property=\"article:published_time\" content=\"2018-09-25T15:17:00+00:00\" \/>\n<meta property=\"article:modified_time\" content=\"2018-09-25T15:20:07+00:00\" \/>\n<meta property=\"og:image\" content=\"https:\/\/kapitalis.com\/tunisie\/wp-content\/uploads\/2022\/05\/kapitalis-logo-fb.png\" \/>\n\t<meta property=\"og:image:width\" content=\"1200\" \/>\n\t<meta property=\"og:image:height\" content=\"630\" \/>\n\t<meta property=\"og:image:type\" content=\"image\/png\" \/>\n<meta name=\"author\" content=\"webmaster kapitalis\" \/>\n<meta name=\"twitter:card\" content=\"summary_large_image\" \/>\n<meta name=\"twitter:creator\" content=\"@KapitalisInfo\" \/>\n<meta name=\"twitter:site\" content=\"@KapitalisInfo\" \/>\n<meta name=\"twitter:label1\" content=\"\u00c9crit par\" \/>\n\t<meta name=\"twitter:data1\" content=\"webmaster kapitalis\" \/>\n\t<meta name=\"twitter:label2\" content=\"Dur\u00e9e de lecture estim\u00e9e\" \/>\n\t<meta name=\"twitter:data2\" content=\"2 minutes\" \/>\n<script type=\"application\/ld+json\" class=\"yoast-schema-graph\">{\"@context\":\"https:\/\/schema.org\",\"@graph\":[{\"@type\":\"Article\",\"@id\":\"https:\/\/kapitalis.com\/tunisie\/2018\/09\/25\/le-groupe-orange-lance-le-programme-femmesentrepreneuses\/#article\",\"isPartOf\":{\"@id\":\"https:\/\/kapitalis.com\/tunisie\/2018\/09\/25\/le-groupe-orange-lance-le-programme-femmesentrepreneuses\/\"},\"author\":{\"name\":\"webmaster kapitalis\",\"@id\":\"https:\/\/kapitalis.com\/tunisie\/#\/schema\/person\/d71f33a9ca44f7bad4698210b480c8e9\"},\"headline\":\"Le groupe Orange lance le programme #FemmesEntrepreneuses\",\"datePublished\":\"2018-09-25T15:17:00+00:00\",\"dateModified\":\"2018-09-25T15:20:07+00:00\",\"mainEntityOfPage\":{\"@id\":\"https:\/\/kapitalis.com\/tunisie\/2018\/09\/25\/le-groupe-orange-lance-le-programme-femmesentrepreneuses\/\"},\"wordCount\":458,\"commentCount\":0,\"publisher\":{\"@id\":\"https:\/\/kapitalis.com\/tunisie\/#organization\"},\"image\":{\"@id\":\"https:\/\/kapitalis.com\/tunisie\/2018\/09\/25\/le-groupe-orange-lance-le-programme-femmesentrepreneuses\/#primaryimage\"},\"thumbnailUrl\":\"\",\"keywords\":[\"Orange\"],\"articleSection\":[\"ECONOMIE\"],\"inLanguage\":\"fr-FR\",\"potentialAction\":[{\"@type\":\"CommentAction\",\"name\":\"Comment\",\"target\":[\"https:\/\/kapitalis.com\/tunisie\/2018\/09\/25\/le-groupe-orange-lance-le-programme-femmesentrepreneuses\/#respond\"]}]},{\"@type\":\"WebPage\",\"@id\":\"https:\/\/kapitalis.com\/tunisie\/2018\/09\/25\/le-groupe-orange-lance-le-programme-femmesentrepreneuses\/\",\"url\":\"https:\/\/kapitalis.com\/tunisie\/2018\/09\/25\/le-groupe-orange-lance-le-programme-femmesentrepreneuses\/\",\"name\":\"Le groupe Orange lance le programme #FemmesEntrepreneuses - Kapitalis\",\"isPartOf\":{\"@id\":\"https:\/\/kapitalis.com\/tunisie\/#website\"},\"primaryImageOfPage\":{\"@id\":\"https:\/\/kapitalis.com\/tunisie\/2018\/09\/25\/le-groupe-orange-lance-le-programme-femmesentrepreneuses\/#primaryimage\"},\"image\":{\"@id\":\"https:\/\/kapitalis.com\/tunisie\/2018\/09\/25\/le-groupe-orange-lance-le-programme-femmesentrepreneuses\/#primaryimage\"},\"thumbnailUrl\":\"\",\"datePublished\":\"2018-09-25T15:17:00+00:00\",\"dateModified\":\"2018-09-25T15:20:07+00:00\",\"breadcrumb\":{\"@id\":\"https:\/\/kapitalis.com\/tunisie\/2018\/09\/25\/le-groupe-orange-lance-le-programme-femmesentrepreneuses\/#breadcrumb\"},\"inLanguage\":\"fr-FR\",\"potentialAction\":[{\"@type\":\"ReadAction\",\"target\":[\"https:\/\/kapitalis.com\/tunisie\/2018\/09\/25\/le-groupe-orange-lance-le-programme-femmesentrepreneuses\/\"]}]},{\"@type\":\"ImageObject\",\"inLanguage\":\"fr-FR\",\"@id\":\"https:\/\/kapitalis.com\/tunisie\/2018\/09\/25\/le-groupe-orange-lance-le-programme-femmesentrepreneuses\/#primaryimage\",\"url\":\"\",\"contentUrl\":\"\"},{\"@type\":\"BreadcrumbList\",\"@id\":\"https:\/\/kapitalis.com\/tunisie\/2018\/09\/25\/le-groupe-orange-lance-le-programme-femmesentrepreneuses\/#breadcrumb\",\"itemListElement\":[{\"@type\":\"ListItem\",\"position\":1,\"name\":\"Accueil\",\"item\":\"https:\/\/kapitalis.com\/tunisie\/\"},{\"@type\":\"ListItem\",\"position\":2,\"name\":\"Le groupe Orange lance le programme #FemmesEntrepreneuses\"}]},{\"@type\":\"WebSite\",\"@id\":\"https:\/\/kapitalis.com\/tunisie\/#website\",\"url\":\"https:\/\/kapitalis.com\/tunisie\/\",\"name\":\"Kapitalis\",\"description\":\"L&#039;actualit\u00e9 en Tunisie et dans le monde\",\"publisher\":{\"@id\":\"https:\/\/kapitalis.com\/tunisie\/#organization\"},\"potentialAction\":[{\"@type\":\"SearchAction\",\"target\":{\"@type\":\"EntryPoint\",\"urlTemplate\":\"https:\/\/kapitalis.com\/tunisie\/?s={search_term_string}\"},\"query-input\":{\"@type\":\"PropertyValueSpecification\",\"valueRequired\":true,\"valueName\":\"search_term_string\"}}],\"inLanguage\":\"fr-FR\"},{\"@type\":\"Organization\",\"@id\":\"https:\/\/kapitalis.com\/tunisie\/#organization\",\"name\":\"Kapitalis\",\"url\":\"https:\/\/kapitalis.com\/tunisie\/\",\"logo\":{\"@type\":\"ImageObject\",\"inLanguage\":\"fr-FR\",\"@id\":\"https:\/\/kapitalis.com\/tunisie\/#\/schema\/logo\/image\/\",\"url\":\"https:\/\/kapitalis.com\/tunisie\/wp-content\/uploads\/2022\/05\/Kapitalis-big-size.png\",\"contentUrl\":\"https:\/\/kapitalis.com\/tunisie\/wp-content\/uploads\/2022\/05\/Kapitalis-big-size.png\",\"width\":5000,\"height\":1500,\"caption\":\"Kapitalis\"},\"image\":{\"@id\":\"https:\/\/kapitalis.com\/tunisie\/#\/schema\/logo\/image\/\"},\"sameAs\":[\"https:\/\/www.facebook.com\/KapitalisInfo\/\",\"https:\/\/x.com\/KapitalisInfo\",\"https:\/\/www.youtube.com\/channel\/UC-yDYrHyfFBWWZaOw3FPg9Q\"]},{\"@type\":\"Person\",\"@id\":\"https:\/\/kapitalis.com\/tunisie\/#\/schema\/person\/d71f33a9ca44f7bad4698210b480c8e9\",\"name\":\"webmaster kapitalis\",\"url\":\"https:\/\/kapitalis.com\/tunisie\/author\/webmaster-kapitalis\/\"}]}<\/script>\n<!-- \/ Yoast SEO plugin. -->","yoast_head_json":{"title":"Le groupe Orange lance le programme #FemmesEntrepreneuses - Kapitalis","robots":{"index":"index","follow":"follow","max-snippet":"max-snippet:-1","max-image-preview":"max-image-preview:large","max-video-preview":"max-video-preview:-1"},"canonical":"https:\/\/kapitalis.com\/tunisie\/2018\/09\/25\/le-groupe-orange-lance-le-programme-femmesentrepreneuses\/","og_locale":"fr_FR","og_type":"article","og_title":"Le groupe Orange lance le programme #FemmesEntrepreneuses - Kapitalis","og_description":"Fabienne Dulac, directrice g\u00e9n\u00e9rale adjointe d\u2019Orange et Ceo d&rsquo;Orange France a pris l\u2019engagement au nom d\u2019Orange France d\u2019apporter son soutien \u00e0 100 femmes qui veulent entreprendre dans l\u2019ensemble des territoires couverts par le groupe.","og_url":"https:\/\/kapitalis.com\/tunisie\/2018\/09\/25\/le-groupe-orange-lance-le-programme-femmesentrepreneuses\/","og_site_name":"Kapitalis","article_publisher":"https:\/\/www.facebook.com\/KapitalisInfo\/","article_published_time":"2018-09-25T15:17:00+00:00","article_modified_time":"2018-09-25T15:20:07+00:00","og_image":[{"width":1200,"height":630,"url":"https:\/\/kapitalis.com\/tunisie\/wp-content\/uploads\/2022\/05\/kapitalis-logo-fb.png","type":"image\/png"}],"author":"webmaster kapitalis","twitter_card":"summary_large_image","twitter_creator":"@KapitalisInfo","twitter_site":"@KapitalisInfo","twitter_misc":{"\u00c9crit par":"webmaster kapitalis","Dur\u00e9e de lecture estim\u00e9e":"2 minutes"},"schema":{"@context":"https:\/\/schema.org","@graph":[{"@type":"Article","@id":"https:\/\/kapitalis.com\/tunisie\/2018\/09\/25\/le-groupe-orange-lance-le-programme-femmesentrepreneuses\/#article","isPartOf":{"@id":"https:\/\/kapitalis.com\/tunisie\/2018\/09\/25\/le-groupe-orange-lance-le-programme-femmesentrepreneuses\/"},"author":{"name":"webmaster kapitalis","@id":"https:\/\/kapitalis.com\/tunisie\/#\/schema\/person\/d71f33a9ca44f7bad4698210b480c8e9"},"headline":"Le groupe Orange lance le programme #FemmesEntrepreneuses","datePublished":"2018-09-25T15:17:00+00:00","dateModified":"2018-09-25T15:20:07+00:00","mainEntityOfPage":{"@id":"https:\/\/kapitalis.com\/tunisie\/2018\/09\/25\/le-groupe-orange-lance-le-programme-femmesentrepreneuses\/"},"wordCount":458,"commentCount":0,"publisher":{"@id":"https:\/\/kapitalis.com\/tunisie\/#organization"},"image":{"@id":"https:\/\/kapitalis.com\/tunisie\/2018\/09\/25\/le-groupe-orange-lance-le-programme-femmesentrepreneuses\/#primaryimage"},"thumbnailUrl":"","keywords":["Orange"],"articleSection":["ECONOMIE"],"inLanguage":"fr-FR","potentialAction":[{"@type":"CommentAction","name":"Comment","target":["https:\/\/kapitalis.com\/tunisie\/2018\/09\/25\/le-groupe-orange-lance-le-programme-femmesentrepreneuses\/#respond"]}]},{"@type":"WebPage","@id":"https:\/\/kapitalis.com\/tunisie\/2018\/09\/25\/le-groupe-orange-lance-le-programme-femmesentrepreneuses\/","url":"https:\/\/kapitalis.com\/tunisie\/2018\/09\/25\/le-groupe-orange-lance-le-programme-femmesentrepreneuses\/","name":"Le groupe Orange lance le programme #FemmesEntrepreneuses - Kapitalis","isPartOf":{"@id":"https:\/\/kapitalis.com\/tunisie\/#website"},"primaryImageOfPage":{"@id":"https:\/\/kapitalis.com\/tunisie\/2018\/09\/25\/le-groupe-orange-lance-le-programme-femmesentrepreneuses\/#primaryimage"},"image":{"@id":"https:\/\/kapitalis.com\/tunisie\/2018\/09\/25\/le-groupe-orange-lance-le-programme-femmesentrepreneuses\/#primaryimage"},"thumbnailUrl":"","datePublished":"2018-09-25T15:17:00+00:00","dateModified":"2018-09-25T15:20:07+00:00","breadcrumb":{"@id":"https:\/\/kapitalis.com\/tunisie\/2018\/09\/25\/le-groupe-orange-lance-le-programme-femmesentrepreneuses\/#breadcrumb"},"inLanguage":"fr-FR","potentialAction":[{"@type":"ReadAction","target":["https:\/\/kapitalis.com\/tunisie\/2018\/09\/25\/le-groupe-orange-lance-le-programme-femmesentrepreneuses\/"]}]},{"@type":"ImageObject","inLanguage":"fr-FR","@id":"https:\/\/kapitalis.com\/tunisie\/2018\/09\/25\/le-groupe-orange-lance-le-programme-femmesentrepreneuses\/#primaryimage","url":"","contentUrl":""},{"@type":"BreadcrumbList","@id":"https:\/\/kapitalis.com\/tunisie\/2018\/09\/25\/le-groupe-orange-lance-le-programme-femmesentrepreneuses\/#breadcrumb","itemListElement":[{"@type":"ListItem","position":1,"name":"Accueil","item":"https:\/\/kapitalis.com\/tunisie\/"},{"@type":"ListItem","position":2,"name":"Le groupe Orange lance le programme #FemmesEntrepreneuses"}]},{"@type":"WebSite","@id":"https:\/\/kapitalis.com\/tunisie\/#website","url":"https:\/\/kapitalis.com\/tunisie\/","name":"Kapitalis","description":"L&#039;actualit\u00e9 en Tunisie et dans le monde","publisher":{"@id":"https:\/\/kapitalis.com\/tunisie\/#organization"},"potentialAction":[{"@type":"SearchAction","target":{"@type":"EntryPoint","urlTemplate":"https:\/\/kapitalis.com\/tunisie\/?s={search_term_string}"},"query-input":{"@type":"PropertyValueSpecification","valueRequired":true,"valueName":"search_term_string"}}],"inLanguage":"fr-FR"},{"@type":"Organization","@id":"https:\/\/kapitalis.com\/tunisie\/#organization","name":"Kapitalis","url":"https:\/\/kapitalis.com\/tunisie\/","logo":{"@type":"ImageObject","inLanguage":"fr-FR","@id":"https:\/\/kapitalis.com\/tunisie\/#\/schema\/logo\/image\/","url":"https:\/\/kapitalis.com\/tunisie\/wp-content\/uploads\/2022\/05\/Kapitalis-big-size.png","contentUrl":"https:\/\/kapitalis.com\/tunisie\/wp-content\/uploads\/2022\/05\/Kapitalis-big-size.png","width":5000,"height":1500,"caption":"Kapitalis"},"image":{"@id":"https:\/\/kapitalis.com\/tunisie\/#\/schema\/logo\/image\/"},"sameAs":["https:\/\/www.facebook.com\/KapitalisInfo\/","https:\/\/x.com\/KapitalisInfo","https:\/\/www.youtube.com\/channel\/UC-yDYrHyfFBWWZaOw3FPg9Q"]},{"@type":"Person","@id":"https:\/\/kapitalis.com\/tunisie\/#\/schema\/person\/d71f33a9ca44f7bad4698210b480c8e9","name":"webmaster kapitalis","url":"https:\/\/kapitalis.com\/tunisie\/author\/webmaster-kapitalis\/"}]}},"_links":{"self":[{"href":"https:\/\/kapitalis.com\/tunisie\/wp-json\/wp\/v2\/posts\/175598","targetHints":{"allow":["GET"]}}],"collection":[{"href":"https:\/\/kapitalis.com\/tunisie\/wp-json\/wp\/v2\/posts"}],"about":[{"href":"https:\/\/kapitalis.com\/tunisie\/wp-json\/wp\/v2\/types\/post"}],"author":[{"embeddable":true,"href":"https:\/\/kapitalis.com\/tunisie\/wp-json\/wp\/v2\/users\/8"}],"replies":[{"embeddable":true,"href":"https:\/\/kapitalis.com\/tunisie\/wp-json\/wp\/v2\/comments?post=175598"}],"version-history":[{"count":0,"href":"https:\/\/kapitalis.com\/tunisie\/wp-json\/wp\/v2\/posts\/175598\/revisions"}],"wp:featuredmedia":[{"embeddable":true,"href":"https:\/\/kapitalis.com\/tunisie\/wp-json\/wp\/v2\/media\/175599"}],"wp:attachment":[{"href":"https:\/\/kapitalis.com\/tunisie\/wp-json\/wp\/v2\/media?parent=175598"}],"wp:term":[{"taxonomy":"category","embeddable":true,"href":"https:\/\/kapitalis.com\/tunisie\/wp-json\/wp\/v2\/categories?post=175598"},{"taxonomy":"post_tag","embeddable":true,"href":"https:\/\/kapitalis.com\/tunisie\/wp-json\/wp\/v2\/tags?post=175598"}],"curies":[{"name":"wp","href":"https:\/\/api.w.org\/{rel}","templated":true}]}}