{"id":175711,"date":"2018-09-26T11:57:34","date_gmt":"2018-09-26T10:57:34","guid":{"rendered":"http:\/\/kapitalis.com\/tunisie\/?p=175711"},"modified":"2018-09-26T11:57:34","modified_gmt":"2018-09-26T10:57:34","slug":"mahdia-un-ado-retrouve-pendu-a-sakiet-el-khadem","status":"publish","type":"post","link":"https:\/\/kapitalis.com\/tunisie\/2018\/09\/26\/mahdia-un-ado-retrouve-pendu-a-sakiet-el-khadem\/","title":{"rendered":"Mahdia : Un ado retrouv\u00e9 pendu \u00e0 Sakiet El-Khadem"},"content":{"rendered":"<p style=\"text-align: center;\"><img loading=\"lazy\" decoding=\"async\" class=\"alignnone size-full wp-image-175717\" src=\"http:\/\/kapitalis.com\/tunisie\/wp-content\/uploads\/2018\/09\/Aymen-ado-suicide-mahdia.jpg\" alt=\"\" width=\"626\" height=\"380\" \/><\/p>\n<p><em><strong>Le corps d&rsquo;Aymen, un adolescent de 15 ans, a \u00e9t\u00e9 d\u00e9couvert pendu hier, mardi 25 septembre 2018, chez lui, dans la localit\u00e9 de Sakiet El-Khadem, \u00e0 Mahdia. La piste du suicide est privil\u00e9gi\u00e9e.<\/strong><\/em><\/p>\n<p><!--more--><\/p>\n<p>Selon une source proche de la famille, l\u2019adolescent \u00e9tait rentr\u00e9 la veille d\u2019un chantier o\u00f9 il venait de commencer \u00e0 travailler apr\u00e8s avoir arr\u00eat\u00e9 sa scolarit\u00e9. Il se disait \u00e9puis\u00e9 et a indiqu\u00e9 \u00e0 ses parents qu\u2019il allait dormir.<\/p>\n<p>Au matin, sa m\u00e8re l\u2019a d\u00e9couvert pendu \u00e0 la fen\u00eatre de sa chambre. Elle a alert\u00e9 la police et les secours, qui ont transport\u00e9 le corps \u00e0 l\u2019h\u00f4pital Tahar Sfar de Mahdia, pour une autopsie ordonn\u00e9e par le procureur, dans le cadre de l\u2019enqu\u00eate ouverte.<\/p>\n<p style=\"text-align: right;\"><strong>Y. N.<\/strong><\/p>\n<blockquote class=\"wp-embedded-content\" data-secret=\"dp8goPc3I8\"><p><a href=\"https:\/\/kapitalis.com\/tunisie\/2018\/09\/17\/elle-tombe-du-3e-etage-a-ben-arous-suicide-rate-ou-tentative-de-meurtre\/\">Elle tombe du 3e \u00e9tage \u00e0 Ben Arous: Suicide rat\u00e9 ou tentative de meurtre?<\/a><\/p><\/blockquote>\n<p><iframe loading=\"lazy\" class=\"wp-embedded-content\" sandbox=\"allow-scripts\" security=\"restricted\" style=\"position: absolute; clip: rect(1px, 1px, 1px, 1px);\" title=\"\u00ab\u00a0Elle tombe du 3e \u00e9tage \u00e0 Ben Arous: Suicide rat\u00e9 ou tentative de meurtre?\u00a0\u00bb &#8212; Kapitalis\" src=\"https:\/\/kapitalis.com\/tunisie\/2018\/09\/17\/elle-tombe-du-3e-etage-a-ben-arous-suicide-rate-ou-tentative-de-meurtre\/embed\/#?secret=gxgh1mSEK9#?secret=dp8goPc3I8\" data-secret=\"dp8goPc3I8\" width=\"600\" height=\"338\" frameborder=\"0\" marginwidth=\"0\" marginheight=\"0\" scrolling=\"no\"><\/iframe><\/p>\n<blockquote class=\"wp-embedded-content\" data-secret=\"wlkT7kpgyc\"><p><a href=\"https:\/\/kapitalis.com\/tunisie\/2018\/09\/19\/le-pere-de-leleve-retrouve-pendu-a-sfax-mon-fils-na-pas-laisse-de-lettre\/\">Le p\u00e8re de l\u2019\u00e9l\u00e8ve retrouv\u00e9 pendu \u00e0 Sfax : \u00abMon fils n\u2019a pas laiss\u00e9 de lettre\u00bb<\/a><\/p><\/blockquote>\n<p><iframe loading=\"lazy\" class=\"wp-embedded-content\" sandbox=\"allow-scripts\" security=\"restricted\" style=\"position: absolute; clip: rect(1px, 1px, 1px, 1px);\" title=\"\u00ab\u00a0Le p\u00e8re de l\u2019\u00e9l\u00e8ve retrouv\u00e9 pendu \u00e0 Sfax : \u00abMon fils n\u2019a pas laiss\u00e9 de lettre\u00bb\u00a0\u00bb &#8212; Kapitalis\" src=\"https:\/\/kapitalis.com\/tunisie\/2018\/09\/19\/le-pere-de-leleve-retrouve-pendu-a-sfax-mon-fils-na-pas-laisse-de-lettre\/embed\/#?secret=3n08N3ubBf#?secret=wlkT7kpgyc\" data-secret=\"wlkT7kpgyc\" width=\"600\" height=\"338\" frameborder=\"0\" marginwidth=\"0\" marginheight=\"0\" scrolling=\"no\"><\/iframe><\/p>\n","protected":false},"excerpt":{"rendered":"<p>Le corps d&rsquo;Aymen, un adolescent de 15 ans, a \u00e9t\u00e9 d\u00e9couvert pendu hier, mardi 25 septembre 2018, chez lui, dans la localit\u00e9 de Sakiet El-Khadem, \u00e0 Mahdia. La piste du suicide est privil\u00e9gi\u00e9e.<\/p>\n","protected":false},"author":6,"featured_media":175717,"comment_status":"open","ping_status":"open","sticky":false,"template":"","format":"standard","meta":{"footnotes":""},"categories":[998,2433],"tags":[13798,112,565,1557,865],"class_list":["post-175711","post","type-post","status-publish","format-standard","has-post-thumbnail","hentry","category-societe","category-tunisie","tag-ado","tag-autopsie","tag-mahdia","tag-pendu","tag-suicide"],"yoast_head":"<!-- This site is optimized with the Yoast SEO plugin v26.6 - https:\/\/yoast.com\/wordpress\/plugins\/seo\/ -->\n<title>Mahdia : Un ado retrouv\u00e9 pendu \u00e0 Sakiet El-Khadem - Kapitalis<\/title>\n<meta name=\"robots\" content=\"index, follow, max-snippet:-1, max-image-preview:large, max-video-preview:-1\" \/>\n<link rel=\"canonical\" href=\"https:\/\/kapitalis.com\/tunisie\/2018\/09\/26\/mahdia-un-ado-retrouve-pendu-a-sakiet-el-khadem\/\" \/>\n<meta property=\"og:locale\" content=\"fr_FR\" \/>\n<meta property=\"og:type\" content=\"article\" \/>\n<meta property=\"og:title\" content=\"Mahdia : Un ado retrouv\u00e9 pendu \u00e0 Sakiet El-Khadem - Kapitalis\" \/>\n<meta property=\"og:description\" content=\"Le corps d&rsquo;Aymen, un adolescent de 15 ans, a \u00e9t\u00e9 d\u00e9couvert pendu hier, mardi 25 septembre 2018, chez lui, dans la localit\u00e9 de Sakiet El-Khadem, \u00e0 Mahdia. La piste du suicide est privil\u00e9gi\u00e9e.\" \/>\n<meta property=\"og:url\" content=\"https:\/\/kapitalis.com\/tunisie\/2018\/09\/26\/mahdia-un-ado-retrouve-pendu-a-sakiet-el-khadem\/\" \/>\n<meta property=\"og:site_name\" content=\"Kapitalis\" \/>\n<meta property=\"article:publisher\" content=\"https:\/\/www.facebook.com\/KapitalisInfo\/\" \/>\n<meta property=\"article:published_time\" content=\"2018-09-26T10:57:34+00:00\" \/>\n<meta property=\"og:image\" content=\"https:\/\/kapitalis.com\/tunisie\/wp-content\/uploads\/2022\/05\/kapitalis-logo-fb.png\" \/>\n\t<meta property=\"og:image:width\" content=\"1200\" \/>\n\t<meta property=\"og:image:height\" content=\"630\" \/>\n\t<meta property=\"og:image:type\" content=\"image\/png\" \/>\n<meta name=\"author\" content=\"Yusra NY\" \/>\n<meta name=\"twitter:card\" content=\"summary_large_image\" \/>\n<meta name=\"twitter:creator\" content=\"@KapitalisInfo\" \/>\n<meta name=\"twitter:site\" content=\"@KapitalisInfo\" \/>\n<meta name=\"twitter:label1\" content=\"\u00c9crit par\" \/>\n\t<meta name=\"twitter:data1\" content=\"Yusra NY\" \/>\n\t<meta name=\"twitter:label2\" content=\"Dur\u00e9e de lecture estim\u00e9e\" \/>\n\t<meta name=\"twitter:data2\" content=\"1 minute\" \/>\n<script type=\"application\/ld+json\" class=\"yoast-schema-graph\">{\"@context\":\"https:\/\/schema.org\",\"@graph\":[{\"@type\":\"Article\",\"@id\":\"https:\/\/kapitalis.com\/tunisie\/2018\/09\/26\/mahdia-un-ado-retrouve-pendu-a-sakiet-el-khadem\/#article\",\"isPartOf\":{\"@id\":\"https:\/\/kapitalis.com\/tunisie\/2018\/09\/26\/mahdia-un-ado-retrouve-pendu-a-sakiet-el-khadem\/\"},\"author\":{\"name\":\"Yusra NY\",\"@id\":\"https:\/\/kapitalis.com\/tunisie\/#\/schema\/person\/74bbde0154d49d790a92aaeac5bc01d5\"},\"headline\":\"Mahdia : Un ado retrouv\u00e9 pendu \u00e0 Sakiet El-Khadem\",\"datePublished\":\"2018-09-26T10:57:34+00:00\",\"mainEntityOfPage\":{\"@id\":\"https:\/\/kapitalis.com\/tunisie\/2018\/09\/26\/mahdia-un-ado-retrouve-pendu-a-sakiet-el-khadem\/\"},\"wordCount\":146,\"commentCount\":0,\"publisher\":{\"@id\":\"https:\/\/kapitalis.com\/tunisie\/#organization\"},\"image\":{\"@id\":\"https:\/\/kapitalis.com\/tunisie\/2018\/09\/26\/mahdia-un-ado-retrouve-pendu-a-sakiet-el-khadem\/#primaryimage\"},\"thumbnailUrl\":\"\",\"keywords\":[\"Ado\",\"autopsie\",\"Mahdia\",\"pendu\",\"suicide\"],\"articleSection\":[\"SOCIETE\",\"Tunisie\"],\"inLanguage\":\"fr-FR\",\"potentialAction\":[{\"@type\":\"CommentAction\",\"name\":\"Comment\",\"target\":[\"https:\/\/kapitalis.com\/tunisie\/2018\/09\/26\/mahdia-un-ado-retrouve-pendu-a-sakiet-el-khadem\/#respond\"]}]},{\"@type\":\"WebPage\",\"@id\":\"https:\/\/kapitalis.com\/tunisie\/2018\/09\/26\/mahdia-un-ado-retrouve-pendu-a-sakiet-el-khadem\/\",\"url\":\"https:\/\/kapitalis.com\/tunisie\/2018\/09\/26\/mahdia-un-ado-retrouve-pendu-a-sakiet-el-khadem\/\",\"name\":\"Mahdia : Un ado retrouv\u00e9 pendu \u00e0 Sakiet El-Khadem - Kapitalis\",\"isPartOf\":{\"@id\":\"https:\/\/kapitalis.com\/tunisie\/#website\"},\"primaryImageOfPage\":{\"@id\":\"https:\/\/kapitalis.com\/tunisie\/2018\/09\/26\/mahdia-un-ado-retrouve-pendu-a-sakiet-el-khadem\/#primaryimage\"},\"image\":{\"@id\":\"https:\/\/kapitalis.com\/tunisie\/2018\/09\/26\/mahdia-un-ado-retrouve-pendu-a-sakiet-el-khadem\/#primaryimage\"},\"thumbnailUrl\":\"\",\"datePublished\":\"2018-09-26T10:57:34+00:00\",\"breadcrumb\":{\"@id\":\"https:\/\/kapitalis.com\/tunisie\/2018\/09\/26\/mahdia-un-ado-retrouve-pendu-a-sakiet-el-khadem\/#breadcrumb\"},\"inLanguage\":\"fr-FR\",\"potentialAction\":[{\"@type\":\"ReadAction\",\"target\":[\"https:\/\/kapitalis.com\/tunisie\/2018\/09\/26\/mahdia-un-ado-retrouve-pendu-a-sakiet-el-khadem\/\"]}]},{\"@type\":\"ImageObject\",\"inLanguage\":\"fr-FR\",\"@id\":\"https:\/\/kapitalis.com\/tunisie\/2018\/09\/26\/mahdia-un-ado-retrouve-pendu-a-sakiet-el-khadem\/#primaryimage\",\"url\":\"\",\"contentUrl\":\"\"},{\"@type\":\"BreadcrumbList\",\"@id\":\"https:\/\/kapitalis.com\/tunisie\/2018\/09\/26\/mahdia-un-ado-retrouve-pendu-a-sakiet-el-khadem\/#breadcrumb\",\"itemListElement\":[{\"@type\":\"ListItem\",\"position\":1,\"name\":\"Accueil\",\"item\":\"https:\/\/kapitalis.com\/tunisie\/\"},{\"@type\":\"ListItem\",\"position\":2,\"name\":\"Mahdia : Un ado retrouv\u00e9 pendu \u00e0 Sakiet El-Khadem\"}]},{\"@type\":\"WebSite\",\"@id\":\"https:\/\/kapitalis.com\/tunisie\/#website\",\"url\":\"https:\/\/kapitalis.com\/tunisie\/\",\"name\":\"Kapitalis\",\"description\":\"L&#039;actualit\u00e9 en Tunisie et dans le monde\",\"publisher\":{\"@id\":\"https:\/\/kapitalis.com\/tunisie\/#organization\"},\"potentialAction\":[{\"@type\":\"SearchAction\",\"target\":{\"@type\":\"EntryPoint\",\"urlTemplate\":\"https:\/\/kapitalis.com\/tunisie\/?s={search_term_string}\"},\"query-input\":{\"@type\":\"PropertyValueSpecification\",\"valueRequired\":true,\"valueName\":\"search_term_string\"}}],\"inLanguage\":\"fr-FR\"},{\"@type\":\"Organization\",\"@id\":\"https:\/\/kapitalis.com\/tunisie\/#organization\",\"name\":\"Kapitalis\",\"url\":\"https:\/\/kapitalis.com\/tunisie\/\",\"logo\":{\"@type\":\"ImageObject\",\"inLanguage\":\"fr-FR\",\"@id\":\"https:\/\/kapitalis.com\/tunisie\/#\/schema\/logo\/image\/\",\"url\":\"https:\/\/kapitalis.com\/tunisie\/wp-content\/uploads\/2022\/05\/Kapitalis-big-size.png\",\"contentUrl\":\"https:\/\/kapitalis.com\/tunisie\/wp-content\/uploads\/2022\/05\/Kapitalis-big-size.png\",\"width\":5000,\"height\":1500,\"caption\":\"Kapitalis\"},\"image\":{\"@id\":\"https:\/\/kapitalis.com\/tunisie\/#\/schema\/logo\/image\/\"},\"sameAs\":[\"https:\/\/www.facebook.com\/KapitalisInfo\/\",\"https:\/\/x.com\/KapitalisInfo\",\"https:\/\/www.youtube.com\/channel\/UC-yDYrHyfFBWWZaOw3FPg9Q\"]},{\"@type\":\"Person\",\"@id\":\"https:\/\/kapitalis.com\/tunisie\/#\/schema\/person\/74bbde0154d49d790a92aaeac5bc01d5\",\"name\":\"Yusra NY\",\"url\":\"https:\/\/kapitalis.com\/tunisie\/author\/yuza_adam\/\"}]}<\/script>\n<!-- \/ Yoast SEO plugin. -->","yoast_head_json":{"title":"Mahdia : Un ado retrouv\u00e9 pendu \u00e0 Sakiet El-Khadem - Kapitalis","robots":{"index":"index","follow":"follow","max-snippet":"max-snippet:-1","max-image-preview":"max-image-preview:large","max-video-preview":"max-video-preview:-1"},"canonical":"https:\/\/kapitalis.com\/tunisie\/2018\/09\/26\/mahdia-un-ado-retrouve-pendu-a-sakiet-el-khadem\/","og_locale":"fr_FR","og_type":"article","og_title":"Mahdia : Un ado retrouv\u00e9 pendu \u00e0 Sakiet El-Khadem - Kapitalis","og_description":"Le corps d&rsquo;Aymen, un adolescent de 15 ans, a \u00e9t\u00e9 d\u00e9couvert pendu hier, mardi 25 septembre 2018, chez lui, dans la localit\u00e9 de Sakiet El-Khadem, \u00e0 Mahdia. La piste du suicide est privil\u00e9gi\u00e9e.","og_url":"https:\/\/kapitalis.com\/tunisie\/2018\/09\/26\/mahdia-un-ado-retrouve-pendu-a-sakiet-el-khadem\/","og_site_name":"Kapitalis","article_publisher":"https:\/\/www.facebook.com\/KapitalisInfo\/","article_published_time":"2018-09-26T10:57:34+00:00","og_image":[{"width":1200,"height":630,"url":"https:\/\/kapitalis.com\/tunisie\/wp-content\/uploads\/2022\/05\/kapitalis-logo-fb.png","type":"image\/png"}],"author":"Yusra NY","twitter_card":"summary_large_image","twitter_creator":"@KapitalisInfo","twitter_site":"@KapitalisInfo","twitter_misc":{"\u00c9crit par":"Yusra NY","Dur\u00e9e de lecture estim\u00e9e":"1 minute"},"schema":{"@context":"https:\/\/schema.org","@graph":[{"@type":"Article","@id":"https:\/\/kapitalis.com\/tunisie\/2018\/09\/26\/mahdia-un-ado-retrouve-pendu-a-sakiet-el-khadem\/#article","isPartOf":{"@id":"https:\/\/kapitalis.com\/tunisie\/2018\/09\/26\/mahdia-un-ado-retrouve-pendu-a-sakiet-el-khadem\/"},"author":{"name":"Yusra NY","@id":"https:\/\/kapitalis.com\/tunisie\/#\/schema\/person\/74bbde0154d49d790a92aaeac5bc01d5"},"headline":"Mahdia : Un ado retrouv\u00e9 pendu \u00e0 Sakiet El-Khadem","datePublished":"2018-09-26T10:57:34+00:00","mainEntityOfPage":{"@id":"https:\/\/kapitalis.com\/tunisie\/2018\/09\/26\/mahdia-un-ado-retrouve-pendu-a-sakiet-el-khadem\/"},"wordCount":146,"commentCount":0,"publisher":{"@id":"https:\/\/kapitalis.com\/tunisie\/#organization"},"image":{"@id":"https:\/\/kapitalis.com\/tunisie\/2018\/09\/26\/mahdia-un-ado-retrouve-pendu-a-sakiet-el-khadem\/#primaryimage"},"thumbnailUrl":"","keywords":["Ado","autopsie","Mahdia","pendu","suicide"],"articleSection":["SOCIETE","Tunisie"],"inLanguage":"fr-FR","potentialAction":[{"@type":"CommentAction","name":"Comment","target":["https:\/\/kapitalis.com\/tunisie\/2018\/09\/26\/mahdia-un-ado-retrouve-pendu-a-sakiet-el-khadem\/#respond"]}]},{"@type":"WebPage","@id":"https:\/\/kapitalis.com\/tunisie\/2018\/09\/26\/mahdia-un-ado-retrouve-pendu-a-sakiet-el-khadem\/","url":"https:\/\/kapitalis.com\/tunisie\/2018\/09\/26\/mahdia-un-ado-retrouve-pendu-a-sakiet-el-khadem\/","name":"Mahdia : Un ado retrouv\u00e9 pendu \u00e0 Sakiet El-Khadem - Kapitalis","isPartOf":{"@id":"https:\/\/kapitalis.com\/tunisie\/#website"},"primaryImageOfPage":{"@id":"https:\/\/kapitalis.com\/tunisie\/2018\/09\/26\/mahdia-un-ado-retrouve-pendu-a-sakiet-el-khadem\/#primaryimage"},"image":{"@id":"https:\/\/kapitalis.com\/tunisie\/2018\/09\/26\/mahdia-un-ado-retrouve-pendu-a-sakiet-el-khadem\/#primaryimage"},"thumbnailUrl":"","datePublished":"2018-09-26T10:57:34+00:00","breadcrumb":{"@id":"https:\/\/kapitalis.com\/tunisie\/2018\/09\/26\/mahdia-un-ado-retrouve-pendu-a-sakiet-el-khadem\/#breadcrumb"},"inLanguage":"fr-FR","potentialAction":[{"@type":"ReadAction","target":["https:\/\/kapitalis.com\/tunisie\/2018\/09\/26\/mahdia-un-ado-retrouve-pendu-a-sakiet-el-khadem\/"]}]},{"@type":"ImageObject","inLanguage":"fr-FR","@id":"https:\/\/kapitalis.com\/tunisie\/2018\/09\/26\/mahdia-un-ado-retrouve-pendu-a-sakiet-el-khadem\/#primaryimage","url":"","contentUrl":""},{"@type":"BreadcrumbList","@id":"https:\/\/kapitalis.com\/tunisie\/2018\/09\/26\/mahdia-un-ado-retrouve-pendu-a-sakiet-el-khadem\/#breadcrumb","itemListElement":[{"@type":"ListItem","position":1,"name":"Accueil","item":"https:\/\/kapitalis.com\/tunisie\/"},{"@type":"ListItem","position":2,"name":"Mahdia : Un ado retrouv\u00e9 pendu \u00e0 Sakiet El-Khadem"}]},{"@type":"WebSite","@id":"https:\/\/kapitalis.com\/tunisie\/#website","url":"https:\/\/kapitalis.com\/tunisie\/","name":"Kapitalis","description":"L&#039;actualit\u00e9 en Tunisie et dans le monde","publisher":{"@id":"https:\/\/kapitalis.com\/tunisie\/#organization"},"potentialAction":[{"@type":"SearchAction","target":{"@type":"EntryPoint","urlTemplate":"https:\/\/kapitalis.com\/tunisie\/?s={search_term_string}"},"query-input":{"@type":"PropertyValueSpecification","valueRequired":true,"valueName":"search_term_string"}}],"inLanguage":"fr-FR"},{"@type":"Organization","@id":"https:\/\/kapitalis.com\/tunisie\/#organization","name":"Kapitalis","url":"https:\/\/kapitalis.com\/tunisie\/","logo":{"@type":"ImageObject","inLanguage":"fr-FR","@id":"https:\/\/kapitalis.com\/tunisie\/#\/schema\/logo\/image\/","url":"https:\/\/kapitalis.com\/tunisie\/wp-content\/uploads\/2022\/05\/Kapitalis-big-size.png","contentUrl":"https:\/\/kapitalis.com\/tunisie\/wp-content\/uploads\/2022\/05\/Kapitalis-big-size.png","width":5000,"height":1500,"caption":"Kapitalis"},"image":{"@id":"https:\/\/kapitalis.com\/tunisie\/#\/schema\/logo\/image\/"},"sameAs":["https:\/\/www.facebook.com\/KapitalisInfo\/","https:\/\/x.com\/KapitalisInfo","https:\/\/www.youtube.com\/channel\/UC-yDYrHyfFBWWZaOw3FPg9Q"]},{"@type":"Person","@id":"https:\/\/kapitalis.com\/tunisie\/#\/schema\/person\/74bbde0154d49d790a92aaeac5bc01d5","name":"Yusra NY","url":"https:\/\/kapitalis.com\/tunisie\/author\/yuza_adam\/"}]}},"_links":{"self":[{"href":"https:\/\/kapitalis.com\/tunisie\/wp-json\/wp\/v2\/posts\/175711","targetHints":{"allow":["GET"]}}],"collection":[{"href":"https:\/\/kapitalis.com\/tunisie\/wp-json\/wp\/v2\/posts"}],"about":[{"href":"https:\/\/kapitalis.com\/tunisie\/wp-json\/wp\/v2\/types\/post"}],"author":[{"embeddable":true,"href":"https:\/\/kapitalis.com\/tunisie\/wp-json\/wp\/v2\/users\/6"}],"replies":[{"embeddable":true,"href":"https:\/\/kapitalis.com\/tunisie\/wp-json\/wp\/v2\/comments?post=175711"}],"version-history":[{"count":0,"href":"https:\/\/kapitalis.com\/tunisie\/wp-json\/wp\/v2\/posts\/175711\/revisions"}],"wp:featuredmedia":[{"embeddable":true,"href":"https:\/\/kapitalis.com\/tunisie\/wp-json\/wp\/v2\/media\/175717"}],"wp:attachment":[{"href":"https:\/\/kapitalis.com\/tunisie\/wp-json\/wp\/v2\/media?parent=175711"}],"wp:term":[{"taxonomy":"category","embeddable":true,"href":"https:\/\/kapitalis.com\/tunisie\/wp-json\/wp\/v2\/categories?post=175711"},{"taxonomy":"post_tag","embeddable":true,"href":"https:\/\/kapitalis.com\/tunisie\/wp-json\/wp\/v2\/tags?post=175711"}],"curies":[{"name":"wp","href":"https:\/\/api.w.org\/{rel}","templated":true}]}}