{"id":175721,"date":"2018-09-26T12:04:45","date_gmt":"2018-09-26T11:04:45","guid":{"rendered":"http:\/\/kapitalis.com\/tunisie\/?p=175721"},"modified":"2018-09-26T12:04:45","modified_gmt":"2018-09-26T11:04:45","slug":"pour-ses-propos-choquants-lingenieur-abderrazek-rahal-suspendu-de-ses-fonctions","status":"publish","type":"post","link":"https:\/\/kapitalis.com\/tunisie\/2018\/09\/26\/pour-ses-propos-choquants-lingenieur-abderrazek-rahal-suspendu-de-ses-fonctions\/","title":{"rendered":"Pour ses propos choquants : L\u2019ing\u00e9nieur Rahal suspendu de ses fonctions"},"content":{"rendered":"<p style=\"text-align: center;\"><img loading=\"lazy\" decoding=\"async\" class=\"alignnone size-full wp-image-175724\" src=\"http:\/\/kapitalis.com\/tunisie\/wp-content\/uploads\/2018\/09\/Abderrazek-Rahal.jpg\" alt=\"\" width=\"626\" height=\"380\" \/><\/p>\n<p><em><strong>Abderrazek Rahal, ing\u00e9nieur principal \u00e0 l\u2019Institut national de la m\u00e9t\u00e9orologie (INM), a \u00e9t\u00e9 suspendu de ses fonctions aujourd\u2019hui, mercredi 26 septembre 2018, suite \u00e0 ses d\u00e9clarations hier, sur Radio Med.<\/strong><\/em><!--more--><\/p>\n<p>C\u2019est ce qu\u2019a indiqu\u00e9 le minist\u00e8re du Transport dans un communiqu\u00e9 publi\u00e9 ce matin, en d\u00e9non\u00e7ant les d\u00e9clarations choquantes de l\u2019ing\u00e9nieur, qui a f\u00e9licit\u00e9, avec insistance, les familles des victimes des inondations, survenu samedi dernier dans le gouvernorat de Nabeul, et qui ont fait 6 morts et de nombreux d\u00e9g\u00e2ts mat\u00e9riels.<\/p>\n<p>L&rsquo;ing\u00e9nieur avait aussi indiqu\u00e9 que les d\u00e9funts ont eu de la chance, car ils sont consid\u00e9r\u00e9s comme des martyrs, ajoutant qu&rsquo;il aurait voulu \u00eatre \u00e0 leur place (sic!).<\/p>\n<p>Le minist\u00e8re estime que ces d\u00e9clarations portent atteinte aux Tunisiens en g\u00e9n\u00e9ral et aux familles des victimes en particulier et n\u2019engagent que la personne d\u2019Abderrazek Rahal et ne repr\u00e9sentent aucunement la position de l\u2019INM.<\/p>\n<p>De ce fait, l\u2019ing\u00e9nieur a \u00e9t\u00e9 imm\u00e9diatement suspendu de son travail, le temps de l\u2019enqu\u00eate administrative ouverte qui donnera lieu probablement \u00e0 une sanction disciplinaire.<\/p>\n<p style=\"text-align: right;\"><strong>Y. N.<\/strong><\/p>\n<blockquote class=\"wp-embedded-content\" data-secret=\"fKwnb1F0vM\"><p><a href=\"https:\/\/kapitalis.com\/tunisie\/2018\/09\/26\/inondations-un-ingenieur-meteorologiste-felicite-les-parents-des-victimes\/\">Inondations : Un ing\u00e9nieur m\u00e9t\u00e9orologiste f\u00e9licite les parents des victimes<\/a><\/p><\/blockquote>\n<p><iframe loading=\"lazy\" class=\"wp-embedded-content\" sandbox=\"allow-scripts\" security=\"restricted\" style=\"position: absolute; clip: rect(1px, 1px, 1px, 1px);\" title=\"\u00ab\u00a0Inondations : Un ing\u00e9nieur m\u00e9t\u00e9orologiste f\u00e9licite les parents des victimes\u00a0\u00bb &#8212; Kapitalis\" src=\"https:\/\/kapitalis.com\/tunisie\/2018\/09\/26\/inondations-un-ingenieur-meteorologiste-felicite-les-parents-des-victimes\/embed\/#?secret=hJ2sSoH7Ix#?secret=fKwnb1F0vM\" data-secret=\"fKwnb1F0vM\" width=\"600\" height=\"338\" frameborder=\"0\" marginwidth=\"0\" marginheight=\"0\" scrolling=\"no\"><\/iframe><\/p>\n","protected":false},"excerpt":{"rendered":"<p>Abderrazek Rahal, ing\u00e9nieur principal \u00e0 l\u2019Institut national de la m\u00e9t\u00e9orologie (INM), a \u00e9t\u00e9 suspendu de ses fonctions aujourd\u2019hui, mercredi 26 septembre 2018, suite \u00e0 ses d\u00e9clarations hier, sur Radio Med.<\/p>\n","protected":false},"author":6,"featured_media":175724,"comment_status":"open","ping_status":"open","sticky":false,"template":"","format":"standard","meta":{"footnotes":""},"categories":[998,2433],"tags":[483,5376,3288,650,1180],"class_list":["post-175721","post","type-post","status-publish","format-standard","has-post-thumbnail","hentry","category-societe","category-tunisie","tag-inm","tag-inondations","tag-ministere-transport","tag-nabeul","tag-radio-med"],"yoast_head":"<!-- This site is optimized with the Yoast SEO plugin v26.6 - https:\/\/yoast.com\/wordpress\/plugins\/seo\/ -->\n<title>Pour ses propos choquants : L\u2019ing\u00e9nieur Rahal suspendu de ses fonctions - Kapitalis<\/title>\n<meta name=\"robots\" content=\"index, follow, max-snippet:-1, max-image-preview:large, max-video-preview:-1\" \/>\n<link rel=\"canonical\" href=\"https:\/\/kapitalis.com\/tunisie\/2018\/09\/26\/pour-ses-propos-choquants-lingenieur-abderrazek-rahal-suspendu-de-ses-fonctions\/\" \/>\n<meta property=\"og:locale\" content=\"fr_FR\" \/>\n<meta property=\"og:type\" content=\"article\" \/>\n<meta property=\"og:title\" content=\"Pour ses propos choquants : L\u2019ing\u00e9nieur Rahal suspendu de ses fonctions - Kapitalis\" \/>\n<meta property=\"og:description\" content=\"Abderrazek Rahal, ing\u00e9nieur principal \u00e0 l\u2019Institut national de la m\u00e9t\u00e9orologie (INM), a \u00e9t\u00e9 suspendu de ses fonctions aujourd\u2019hui, mercredi 26 septembre 2018, suite \u00e0 ses d\u00e9clarations hier, sur Radio Med.\" \/>\n<meta property=\"og:url\" content=\"https:\/\/kapitalis.com\/tunisie\/2018\/09\/26\/pour-ses-propos-choquants-lingenieur-abderrazek-rahal-suspendu-de-ses-fonctions\/\" \/>\n<meta property=\"og:site_name\" content=\"Kapitalis\" \/>\n<meta property=\"article:publisher\" content=\"https:\/\/www.facebook.com\/KapitalisInfo\/\" \/>\n<meta property=\"article:published_time\" content=\"2018-09-26T11:04:45+00:00\" \/>\n<meta property=\"og:image\" content=\"https:\/\/kapitalis.com\/tunisie\/wp-content\/uploads\/2022\/05\/kapitalis-logo-fb.png\" \/>\n\t<meta property=\"og:image:width\" content=\"1200\" \/>\n\t<meta property=\"og:image:height\" content=\"630\" \/>\n\t<meta property=\"og:image:type\" content=\"image\/png\" \/>\n<meta name=\"author\" content=\"Yusra NY\" \/>\n<meta name=\"twitter:card\" content=\"summary_large_image\" \/>\n<meta name=\"twitter:creator\" content=\"@KapitalisInfo\" \/>\n<meta name=\"twitter:site\" content=\"@KapitalisInfo\" \/>\n<meta name=\"twitter:label1\" content=\"\u00c9crit par\" \/>\n\t<meta name=\"twitter:data1\" content=\"Yusra NY\" \/>\n\t<meta name=\"twitter:label2\" content=\"Dur\u00e9e de lecture estim\u00e9e\" \/>\n\t<meta name=\"twitter:data2\" content=\"1 minute\" \/>\n<script type=\"application\/ld+json\" class=\"yoast-schema-graph\">{\"@context\":\"https:\/\/schema.org\",\"@graph\":[{\"@type\":\"Article\",\"@id\":\"https:\/\/kapitalis.com\/tunisie\/2018\/09\/26\/pour-ses-propos-choquants-lingenieur-abderrazek-rahal-suspendu-de-ses-fonctions\/#article\",\"isPartOf\":{\"@id\":\"https:\/\/kapitalis.com\/tunisie\/2018\/09\/26\/pour-ses-propos-choquants-lingenieur-abderrazek-rahal-suspendu-de-ses-fonctions\/\"},\"author\":{\"name\":\"Yusra NY\",\"@id\":\"https:\/\/kapitalis.com\/tunisie\/#\/schema\/person\/74bbde0154d49d790a92aaeac5bc01d5\"},\"headline\":\"Pour ses propos choquants : L\u2019ing\u00e9nieur Rahal suspendu de ses fonctions\",\"datePublished\":\"2018-09-26T11:04:45+00:00\",\"mainEntityOfPage\":{\"@id\":\"https:\/\/kapitalis.com\/tunisie\/2018\/09\/26\/pour-ses-propos-choquants-lingenieur-abderrazek-rahal-suspendu-de-ses-fonctions\/\"},\"wordCount\":215,\"commentCount\":4,\"publisher\":{\"@id\":\"https:\/\/kapitalis.com\/tunisie\/#organization\"},\"image\":{\"@id\":\"https:\/\/kapitalis.com\/tunisie\/2018\/09\/26\/pour-ses-propos-choquants-lingenieur-abderrazek-rahal-suspendu-de-ses-fonctions\/#primaryimage\"},\"thumbnailUrl\":\"\",\"keywords\":[\"INM\",\"inondations\",\"minist\u00e8re transport\",\"Nabeul\",\"Radio Med\"],\"articleSection\":[\"SOCIETE\",\"Tunisie\"],\"inLanguage\":\"fr-FR\",\"potentialAction\":[{\"@type\":\"CommentAction\",\"name\":\"Comment\",\"target\":[\"https:\/\/kapitalis.com\/tunisie\/2018\/09\/26\/pour-ses-propos-choquants-lingenieur-abderrazek-rahal-suspendu-de-ses-fonctions\/#respond\"]}]},{\"@type\":\"WebPage\",\"@id\":\"https:\/\/kapitalis.com\/tunisie\/2018\/09\/26\/pour-ses-propos-choquants-lingenieur-abderrazek-rahal-suspendu-de-ses-fonctions\/\",\"url\":\"https:\/\/kapitalis.com\/tunisie\/2018\/09\/26\/pour-ses-propos-choquants-lingenieur-abderrazek-rahal-suspendu-de-ses-fonctions\/\",\"name\":\"Pour ses propos choquants : L\u2019ing\u00e9nieur Rahal suspendu de ses fonctions - Kapitalis\",\"isPartOf\":{\"@id\":\"https:\/\/kapitalis.com\/tunisie\/#website\"},\"primaryImageOfPage\":{\"@id\":\"https:\/\/kapitalis.com\/tunisie\/2018\/09\/26\/pour-ses-propos-choquants-lingenieur-abderrazek-rahal-suspendu-de-ses-fonctions\/#primaryimage\"},\"image\":{\"@id\":\"https:\/\/kapitalis.com\/tunisie\/2018\/09\/26\/pour-ses-propos-choquants-lingenieur-abderrazek-rahal-suspendu-de-ses-fonctions\/#primaryimage\"},\"thumbnailUrl\":\"\",\"datePublished\":\"2018-09-26T11:04:45+00:00\",\"breadcrumb\":{\"@id\":\"https:\/\/kapitalis.com\/tunisie\/2018\/09\/26\/pour-ses-propos-choquants-lingenieur-abderrazek-rahal-suspendu-de-ses-fonctions\/#breadcrumb\"},\"inLanguage\":\"fr-FR\",\"potentialAction\":[{\"@type\":\"ReadAction\",\"target\":[\"https:\/\/kapitalis.com\/tunisie\/2018\/09\/26\/pour-ses-propos-choquants-lingenieur-abderrazek-rahal-suspendu-de-ses-fonctions\/\"]}]},{\"@type\":\"ImageObject\",\"inLanguage\":\"fr-FR\",\"@id\":\"https:\/\/kapitalis.com\/tunisie\/2018\/09\/26\/pour-ses-propos-choquants-lingenieur-abderrazek-rahal-suspendu-de-ses-fonctions\/#primaryimage\",\"url\":\"\",\"contentUrl\":\"\"},{\"@type\":\"BreadcrumbList\",\"@id\":\"https:\/\/kapitalis.com\/tunisie\/2018\/09\/26\/pour-ses-propos-choquants-lingenieur-abderrazek-rahal-suspendu-de-ses-fonctions\/#breadcrumb\",\"itemListElement\":[{\"@type\":\"ListItem\",\"position\":1,\"name\":\"Accueil\",\"item\":\"https:\/\/kapitalis.com\/tunisie\/\"},{\"@type\":\"ListItem\",\"position\":2,\"name\":\"Pour ses propos choquants : L\u2019ing\u00e9nieur Rahal suspendu de ses fonctions\"}]},{\"@type\":\"WebSite\",\"@id\":\"https:\/\/kapitalis.com\/tunisie\/#website\",\"url\":\"https:\/\/kapitalis.com\/tunisie\/\",\"name\":\"Kapitalis\",\"description\":\"L&#039;actualit\u00e9 en Tunisie et dans le monde\",\"publisher\":{\"@id\":\"https:\/\/kapitalis.com\/tunisie\/#organization\"},\"potentialAction\":[{\"@type\":\"SearchAction\",\"target\":{\"@type\":\"EntryPoint\",\"urlTemplate\":\"https:\/\/kapitalis.com\/tunisie\/?s={search_term_string}\"},\"query-input\":{\"@type\":\"PropertyValueSpecification\",\"valueRequired\":true,\"valueName\":\"search_term_string\"}}],\"inLanguage\":\"fr-FR\"},{\"@type\":\"Organization\",\"@id\":\"https:\/\/kapitalis.com\/tunisie\/#organization\",\"name\":\"Kapitalis\",\"url\":\"https:\/\/kapitalis.com\/tunisie\/\",\"logo\":{\"@type\":\"ImageObject\",\"inLanguage\":\"fr-FR\",\"@id\":\"https:\/\/kapitalis.com\/tunisie\/#\/schema\/logo\/image\/\",\"url\":\"https:\/\/kapitalis.com\/tunisie\/wp-content\/uploads\/2022\/05\/Kapitalis-big-size.png\",\"contentUrl\":\"https:\/\/kapitalis.com\/tunisie\/wp-content\/uploads\/2022\/05\/Kapitalis-big-size.png\",\"width\":5000,\"height\":1500,\"caption\":\"Kapitalis\"},\"image\":{\"@id\":\"https:\/\/kapitalis.com\/tunisie\/#\/schema\/logo\/image\/\"},\"sameAs\":[\"https:\/\/www.facebook.com\/KapitalisInfo\/\",\"https:\/\/x.com\/KapitalisInfo\",\"https:\/\/www.youtube.com\/channel\/UC-yDYrHyfFBWWZaOw3FPg9Q\"]},{\"@type\":\"Person\",\"@id\":\"https:\/\/kapitalis.com\/tunisie\/#\/schema\/person\/74bbde0154d49d790a92aaeac5bc01d5\",\"name\":\"Yusra NY\",\"url\":\"https:\/\/kapitalis.com\/tunisie\/author\/yuza_adam\/\"}]}<\/script>\n<!-- \/ Yoast SEO plugin. -->","yoast_head_json":{"title":"Pour ses propos choquants : L\u2019ing\u00e9nieur Rahal suspendu de ses fonctions - Kapitalis","robots":{"index":"index","follow":"follow","max-snippet":"max-snippet:-1","max-image-preview":"max-image-preview:large","max-video-preview":"max-video-preview:-1"},"canonical":"https:\/\/kapitalis.com\/tunisie\/2018\/09\/26\/pour-ses-propos-choquants-lingenieur-abderrazek-rahal-suspendu-de-ses-fonctions\/","og_locale":"fr_FR","og_type":"article","og_title":"Pour ses propos choquants : L\u2019ing\u00e9nieur Rahal suspendu de ses fonctions - Kapitalis","og_description":"Abderrazek Rahal, ing\u00e9nieur principal \u00e0 l\u2019Institut national de la m\u00e9t\u00e9orologie (INM), a \u00e9t\u00e9 suspendu de ses fonctions aujourd\u2019hui, mercredi 26 septembre 2018, suite \u00e0 ses d\u00e9clarations hier, sur Radio Med.","og_url":"https:\/\/kapitalis.com\/tunisie\/2018\/09\/26\/pour-ses-propos-choquants-lingenieur-abderrazek-rahal-suspendu-de-ses-fonctions\/","og_site_name":"Kapitalis","article_publisher":"https:\/\/www.facebook.com\/KapitalisInfo\/","article_published_time":"2018-09-26T11:04:45+00:00","og_image":[{"width":1200,"height":630,"url":"https:\/\/kapitalis.com\/tunisie\/wp-content\/uploads\/2022\/05\/kapitalis-logo-fb.png","type":"image\/png"}],"author":"Yusra NY","twitter_card":"summary_large_image","twitter_creator":"@KapitalisInfo","twitter_site":"@KapitalisInfo","twitter_misc":{"\u00c9crit par":"Yusra NY","Dur\u00e9e de lecture estim\u00e9e":"1 minute"},"schema":{"@context":"https:\/\/schema.org","@graph":[{"@type":"Article","@id":"https:\/\/kapitalis.com\/tunisie\/2018\/09\/26\/pour-ses-propos-choquants-lingenieur-abderrazek-rahal-suspendu-de-ses-fonctions\/#article","isPartOf":{"@id":"https:\/\/kapitalis.com\/tunisie\/2018\/09\/26\/pour-ses-propos-choquants-lingenieur-abderrazek-rahal-suspendu-de-ses-fonctions\/"},"author":{"name":"Yusra NY","@id":"https:\/\/kapitalis.com\/tunisie\/#\/schema\/person\/74bbde0154d49d790a92aaeac5bc01d5"},"headline":"Pour ses propos choquants : L\u2019ing\u00e9nieur Rahal suspendu de ses fonctions","datePublished":"2018-09-26T11:04:45+00:00","mainEntityOfPage":{"@id":"https:\/\/kapitalis.com\/tunisie\/2018\/09\/26\/pour-ses-propos-choquants-lingenieur-abderrazek-rahal-suspendu-de-ses-fonctions\/"},"wordCount":215,"commentCount":4,"publisher":{"@id":"https:\/\/kapitalis.com\/tunisie\/#organization"},"image":{"@id":"https:\/\/kapitalis.com\/tunisie\/2018\/09\/26\/pour-ses-propos-choquants-lingenieur-abderrazek-rahal-suspendu-de-ses-fonctions\/#primaryimage"},"thumbnailUrl":"","keywords":["INM","inondations","minist\u00e8re transport","Nabeul","Radio Med"],"articleSection":["SOCIETE","Tunisie"],"inLanguage":"fr-FR","potentialAction":[{"@type":"CommentAction","name":"Comment","target":["https:\/\/kapitalis.com\/tunisie\/2018\/09\/26\/pour-ses-propos-choquants-lingenieur-abderrazek-rahal-suspendu-de-ses-fonctions\/#respond"]}]},{"@type":"WebPage","@id":"https:\/\/kapitalis.com\/tunisie\/2018\/09\/26\/pour-ses-propos-choquants-lingenieur-abderrazek-rahal-suspendu-de-ses-fonctions\/","url":"https:\/\/kapitalis.com\/tunisie\/2018\/09\/26\/pour-ses-propos-choquants-lingenieur-abderrazek-rahal-suspendu-de-ses-fonctions\/","name":"Pour ses propos choquants : L\u2019ing\u00e9nieur Rahal suspendu de ses fonctions - Kapitalis","isPartOf":{"@id":"https:\/\/kapitalis.com\/tunisie\/#website"},"primaryImageOfPage":{"@id":"https:\/\/kapitalis.com\/tunisie\/2018\/09\/26\/pour-ses-propos-choquants-lingenieur-abderrazek-rahal-suspendu-de-ses-fonctions\/#primaryimage"},"image":{"@id":"https:\/\/kapitalis.com\/tunisie\/2018\/09\/26\/pour-ses-propos-choquants-lingenieur-abderrazek-rahal-suspendu-de-ses-fonctions\/#primaryimage"},"thumbnailUrl":"","datePublished":"2018-09-26T11:04:45+00:00","breadcrumb":{"@id":"https:\/\/kapitalis.com\/tunisie\/2018\/09\/26\/pour-ses-propos-choquants-lingenieur-abderrazek-rahal-suspendu-de-ses-fonctions\/#breadcrumb"},"inLanguage":"fr-FR","potentialAction":[{"@type":"ReadAction","target":["https:\/\/kapitalis.com\/tunisie\/2018\/09\/26\/pour-ses-propos-choquants-lingenieur-abderrazek-rahal-suspendu-de-ses-fonctions\/"]}]},{"@type":"ImageObject","inLanguage":"fr-FR","@id":"https:\/\/kapitalis.com\/tunisie\/2018\/09\/26\/pour-ses-propos-choquants-lingenieur-abderrazek-rahal-suspendu-de-ses-fonctions\/#primaryimage","url":"","contentUrl":""},{"@type":"BreadcrumbList","@id":"https:\/\/kapitalis.com\/tunisie\/2018\/09\/26\/pour-ses-propos-choquants-lingenieur-abderrazek-rahal-suspendu-de-ses-fonctions\/#breadcrumb","itemListElement":[{"@type":"ListItem","position":1,"name":"Accueil","item":"https:\/\/kapitalis.com\/tunisie\/"},{"@type":"ListItem","position":2,"name":"Pour ses propos choquants : L\u2019ing\u00e9nieur Rahal suspendu de ses fonctions"}]},{"@type":"WebSite","@id":"https:\/\/kapitalis.com\/tunisie\/#website","url":"https:\/\/kapitalis.com\/tunisie\/","name":"Kapitalis","description":"L&#039;actualit\u00e9 en Tunisie et dans le monde","publisher":{"@id":"https:\/\/kapitalis.com\/tunisie\/#organization"},"potentialAction":[{"@type":"SearchAction","target":{"@type":"EntryPoint","urlTemplate":"https:\/\/kapitalis.com\/tunisie\/?s={search_term_string}"},"query-input":{"@type":"PropertyValueSpecification","valueRequired":true,"valueName":"search_term_string"}}],"inLanguage":"fr-FR"},{"@type":"Organization","@id":"https:\/\/kapitalis.com\/tunisie\/#organization","name":"Kapitalis","url":"https:\/\/kapitalis.com\/tunisie\/","logo":{"@type":"ImageObject","inLanguage":"fr-FR","@id":"https:\/\/kapitalis.com\/tunisie\/#\/schema\/logo\/image\/","url":"https:\/\/kapitalis.com\/tunisie\/wp-content\/uploads\/2022\/05\/Kapitalis-big-size.png","contentUrl":"https:\/\/kapitalis.com\/tunisie\/wp-content\/uploads\/2022\/05\/Kapitalis-big-size.png","width":5000,"height":1500,"caption":"Kapitalis"},"image":{"@id":"https:\/\/kapitalis.com\/tunisie\/#\/schema\/logo\/image\/"},"sameAs":["https:\/\/www.facebook.com\/KapitalisInfo\/","https:\/\/x.com\/KapitalisInfo","https:\/\/www.youtube.com\/channel\/UC-yDYrHyfFBWWZaOw3FPg9Q"]},{"@type":"Person","@id":"https:\/\/kapitalis.com\/tunisie\/#\/schema\/person\/74bbde0154d49d790a92aaeac5bc01d5","name":"Yusra NY","url":"https:\/\/kapitalis.com\/tunisie\/author\/yuza_adam\/"}]}},"_links":{"self":[{"href":"https:\/\/kapitalis.com\/tunisie\/wp-json\/wp\/v2\/posts\/175721","targetHints":{"allow":["GET"]}}],"collection":[{"href":"https:\/\/kapitalis.com\/tunisie\/wp-json\/wp\/v2\/posts"}],"about":[{"href":"https:\/\/kapitalis.com\/tunisie\/wp-json\/wp\/v2\/types\/post"}],"author":[{"embeddable":true,"href":"https:\/\/kapitalis.com\/tunisie\/wp-json\/wp\/v2\/users\/6"}],"replies":[{"embeddable":true,"href":"https:\/\/kapitalis.com\/tunisie\/wp-json\/wp\/v2\/comments?post=175721"}],"version-history":[{"count":0,"href":"https:\/\/kapitalis.com\/tunisie\/wp-json\/wp\/v2\/posts\/175721\/revisions"}],"wp:featuredmedia":[{"embeddable":true,"href":"https:\/\/kapitalis.com\/tunisie\/wp-json\/wp\/v2\/media\/175724"}],"wp:attachment":[{"href":"https:\/\/kapitalis.com\/tunisie\/wp-json\/wp\/v2\/media?parent=175721"}],"wp:term":[{"taxonomy":"category","embeddable":true,"href":"https:\/\/kapitalis.com\/tunisie\/wp-json\/wp\/v2\/categories?post=175721"},{"taxonomy":"post_tag","embeddable":true,"href":"https:\/\/kapitalis.com\/tunisie\/wp-json\/wp\/v2\/tags?post=175721"}],"curies":[{"name":"wp","href":"https:\/\/api.w.org\/{rel}","templated":true}]}}