{"id":1758227,"date":"2022-06-25T13:17:26","date_gmt":"2022-06-25T12:17:26","guid":{"rendered":"https:\/\/kapitalis.com\/tunisie\/?p=1758227"},"modified":"2022-06-25T13:17:28","modified_gmt":"2022-06-25T12:17:28","slug":"tunisie-le-batonnier-bouderbala-dans-le-collimateur-des-magistrats","status":"publish","type":"post","link":"https:\/\/kapitalis.com\/tunisie\/2022\/06\/25\/tunisie-le-batonnier-bouderbala-dans-le-collimateur-des-magistrats\/","title":{"rendered":"Tunisie\u00a0: le b\u00e2tonnier Bouderbala dans le collimateur des magistrats \u00a0\u00a0"},"content":{"rendered":"\n<p><strong><em>Suite \u00e0 une plainte d\u00e9pos\u00e9e par un groupe d\u2019avocats connus pour leur proximit\u00e9 avec le parti islamiste Ennahdha, la justice, qui est cens\u00e9e \u00eatre en gr\u00e8ve depuis le 9 juin et pour la troisi\u00e8me semaine cons\u00e9cutive, a convoqu\u00e9 Me Ibrahim Bouderbala pour compara\u00eetre en urgence apr\u00e8s-demain, lundi 27 juin 2022, devant le pr\u00e9sident de la Cour de 1<sup>\u00e8re<\/sup> instance de Tunis.<\/em><\/strong><\/p>\n\n\n\n<!--more-->\n\n\n\n<p>Les plaignants, qui reprochent au b\u00e2tonnier de l\u2019Ordre des avocats tunisiens ses positions favorables au projet de r\u00e9forme politique du pr\u00e9sident de la r\u00e9publique Ka\u00efs Sa\u00efed, ont demand\u00e9 la d\u00e9signation d\u2019administrateurs judiciaires parmi les anciens b\u00e2tonniers appeler \u00e0 une assembl\u00e9e g\u00e9n\u00e9rale ordinaire et \u00e9lective, et pr\u00e9sider l\u2019\u00e9lection d\u2019un nouveau b\u00e2tonnier et d\u2019un nouveau conseil national.<\/p>\n\n\n\n<p>Le but, on l\u2019a compris, est double\u00a0: remplacer l\u2019actuel b\u00e2tonnier, dont les positions ne plaisent pas aux avocats affili\u00e9s \u00e0 Ennahdha, et le punir pour ses positions clairement hostiles \u00e0 la gr\u00e8ve des magistrats lanc\u00e9e pour protester contre la r\u00e9vocation, par le pr\u00e9sident Ka\u00efs Sa\u00efed, de 57 magistrats poursuivis dans des affaires de corruption et d\u2019atteinte \u00e0 la s\u00e9curit\u00e9 de l\u2019Etat. \u00a0<\/p>\n\n\n\n<p class=\"has-text-align-right\"><strong>I. B. <\/strong><\/p>\n","protected":false},"excerpt":{"rendered":"<p>Un groupe d&rsquo;avocats et de juges ont lanc\u00e9 une campagne visant \u00e0 remplacer l&rsquo;actuel b\u00e2tonnier de l&rsquo;Ordre des avocats, Ibrahim Bouderbala. <\/p>\n","protected":false},"author":8,"featured_media":1758372,"comment_status":"open","ping_status":"open","sticky":false,"template":"","format":"standard","meta":{"footnotes":""},"categories":[997,2433],"tags":[49543,72962,76012,4696,62643],"class_list":["post-1758227","post","type-post","status-publish","format-standard","has-post-thumbnail","hentry","category-politique","category-tunisie","tag-ennahdha","tag-ibrahim-bouderbala","tag-kais-saied-2","tag-ordre-des-avocats","tag-tunisie"],"yoast_head":"<!-- This site is optimized with the Yoast SEO plugin v26.6 - https:\/\/yoast.com\/wordpress\/plugins\/seo\/ -->\n<title>Tunisie\u00a0: le b\u00e2tonnier Bouderbala dans le collimateur des magistrats \u00a0\u00a0 - Kapitalis<\/title>\n<meta name=\"robots\" content=\"index, follow, max-snippet:-1, max-image-preview:large, max-video-preview:-1\" \/>\n<link rel=\"canonical\" href=\"https:\/\/kapitalis.com\/tunisie\/2022\/06\/25\/tunisie-le-batonnier-bouderbala-dans-le-collimateur-des-magistrats\/\" \/>\n<meta property=\"og:locale\" content=\"fr_FR\" \/>\n<meta property=\"og:type\" content=\"article\" \/>\n<meta property=\"og:title\" content=\"Tunisie\u00a0: le b\u00e2tonnier Bouderbala dans le collimateur des magistrats \u00a0\u00a0 - Kapitalis\" \/>\n<meta property=\"og:description\" content=\"Un groupe d&#039;avocats et de juges ont lanc\u00e9 une campagne visant \u00e0 remplacer l&#039;actuel b\u00e2tonnier de l&#039;Ordre des avocats, Ibrahim Bouderbala.\" \/>\n<meta property=\"og:url\" content=\"https:\/\/kapitalis.com\/tunisie\/2022\/06\/25\/tunisie-le-batonnier-bouderbala-dans-le-collimateur-des-magistrats\/\" \/>\n<meta property=\"og:site_name\" content=\"Kapitalis\" \/>\n<meta property=\"article:publisher\" content=\"https:\/\/www.facebook.com\/KapitalisInfo\/\" \/>\n<meta property=\"article:published_time\" content=\"2022-06-25T12:17:26+00:00\" \/>\n<meta property=\"article:modified_time\" content=\"2022-06-25T12:17:28+00:00\" \/>\n<meta property=\"og:image\" content=\"https:\/\/kapitalis.com\/tunisie\/wp-content\/uploads\/2022\/06\/Ibrahim-Bouderbala.jpg\" \/>\n\t<meta property=\"og:image:width\" content=\"1200\" \/>\n\t<meta property=\"og:image:height\" content=\"630\" \/>\n\t<meta property=\"og:image:type\" content=\"image\/jpeg\" \/>\n<meta name=\"author\" content=\"webmaster kapitalis\" \/>\n<meta name=\"twitter:card\" content=\"summary_large_image\" \/>\n<meta name=\"twitter:creator\" content=\"@KapitalisInfo\" \/>\n<meta name=\"twitter:site\" content=\"@KapitalisInfo\" \/>\n<meta name=\"twitter:label1\" content=\"\u00c9crit par\" \/>\n\t<meta name=\"twitter:data1\" content=\"webmaster kapitalis\" \/>\n\t<meta name=\"twitter:label2\" content=\"Dur\u00e9e de lecture estim\u00e9e\" \/>\n\t<meta name=\"twitter:data2\" content=\"1 minute\" \/>\n<script type=\"application\/ld+json\" class=\"yoast-schema-graph\">{\"@context\":\"https:\/\/schema.org\",\"@graph\":[{\"@type\":\"Article\",\"@id\":\"https:\/\/kapitalis.com\/tunisie\/2022\/06\/25\/tunisie-le-batonnier-bouderbala-dans-le-collimateur-des-magistrats\/#article\",\"isPartOf\":{\"@id\":\"https:\/\/kapitalis.com\/tunisie\/2022\/06\/25\/tunisie-le-batonnier-bouderbala-dans-le-collimateur-des-magistrats\/\"},\"author\":{\"name\":\"webmaster kapitalis\",\"@id\":\"https:\/\/kapitalis.com\/tunisie\/#\/schema\/person\/d71f33a9ca44f7bad4698210b480c8e9\"},\"headline\":\"Tunisie\u00a0: le b\u00e2tonnier Bouderbala dans le collimateur des magistrats \u00a0\u00a0\",\"datePublished\":\"2022-06-25T12:17:26+00:00\",\"dateModified\":\"2022-06-25T12:17:28+00:00\",\"mainEntityOfPage\":{\"@id\":\"https:\/\/kapitalis.com\/tunisie\/2022\/06\/25\/tunisie-le-batonnier-bouderbala-dans-le-collimateur-des-magistrats\/\"},\"wordCount\":221,\"commentCount\":9,\"publisher\":{\"@id\":\"https:\/\/kapitalis.com\/tunisie\/#organization\"},\"image\":{\"@id\":\"https:\/\/kapitalis.com\/tunisie\/2022\/06\/25\/tunisie-le-batonnier-bouderbala-dans-le-collimateur-des-magistrats\/#primaryimage\"},\"thumbnailUrl\":\"https:\/\/kapitalis.com\/tunisie\/wp-content\/uploads\/2022\/06\/Ibrahim-Bouderbala.jpg\",\"keywords\":[\"Ennahdha\",\"Ibrahim Bouderbala\",\"Ka\u00efs Sa\u00efed\",\"Ordre des avocats\",\"Tunisie\"],\"articleSection\":[\"POLITIQUE\",\"Tunisie\"],\"inLanguage\":\"fr-FR\",\"potentialAction\":[{\"@type\":\"CommentAction\",\"name\":\"Comment\",\"target\":[\"https:\/\/kapitalis.com\/tunisie\/2022\/06\/25\/tunisie-le-batonnier-bouderbala-dans-le-collimateur-des-magistrats\/#respond\"]}]},{\"@type\":\"WebPage\",\"@id\":\"https:\/\/kapitalis.com\/tunisie\/2022\/06\/25\/tunisie-le-batonnier-bouderbala-dans-le-collimateur-des-magistrats\/\",\"url\":\"https:\/\/kapitalis.com\/tunisie\/2022\/06\/25\/tunisie-le-batonnier-bouderbala-dans-le-collimateur-des-magistrats\/\",\"name\":\"Tunisie\u00a0: le b\u00e2tonnier Bouderbala dans le collimateur des magistrats \u00a0\u00a0 - Kapitalis\",\"isPartOf\":{\"@id\":\"https:\/\/kapitalis.com\/tunisie\/#website\"},\"primaryImageOfPage\":{\"@id\":\"https:\/\/kapitalis.com\/tunisie\/2022\/06\/25\/tunisie-le-batonnier-bouderbala-dans-le-collimateur-des-magistrats\/#primaryimage\"},\"image\":{\"@id\":\"https:\/\/kapitalis.com\/tunisie\/2022\/06\/25\/tunisie-le-batonnier-bouderbala-dans-le-collimateur-des-magistrats\/#primaryimage\"},\"thumbnailUrl\":\"https:\/\/kapitalis.com\/tunisie\/wp-content\/uploads\/2022\/06\/Ibrahim-Bouderbala.jpg\",\"datePublished\":\"2022-06-25T12:17:26+00:00\",\"dateModified\":\"2022-06-25T12:17:28+00:00\",\"breadcrumb\":{\"@id\":\"https:\/\/kapitalis.com\/tunisie\/2022\/06\/25\/tunisie-le-batonnier-bouderbala-dans-le-collimateur-des-magistrats\/#breadcrumb\"},\"inLanguage\":\"fr-FR\",\"potentialAction\":[{\"@type\":\"ReadAction\",\"target\":[\"https:\/\/kapitalis.com\/tunisie\/2022\/06\/25\/tunisie-le-batonnier-bouderbala-dans-le-collimateur-des-magistrats\/\"]}]},{\"@type\":\"ImageObject\",\"inLanguage\":\"fr-FR\",\"@id\":\"https:\/\/kapitalis.com\/tunisie\/2022\/06\/25\/tunisie-le-batonnier-bouderbala-dans-le-collimateur-des-magistrats\/#primaryimage\",\"url\":\"https:\/\/kapitalis.com\/tunisie\/wp-content\/uploads\/2022\/06\/Ibrahim-Bouderbala.jpg\",\"contentUrl\":\"https:\/\/kapitalis.com\/tunisie\/wp-content\/uploads\/2022\/06\/Ibrahim-Bouderbala.jpg\",\"width\":1200,\"height\":630},{\"@type\":\"BreadcrumbList\",\"@id\":\"https:\/\/kapitalis.com\/tunisie\/2022\/06\/25\/tunisie-le-batonnier-bouderbala-dans-le-collimateur-des-magistrats\/#breadcrumb\",\"itemListElement\":[{\"@type\":\"ListItem\",\"position\":1,\"name\":\"Accueil\",\"item\":\"https:\/\/kapitalis.com\/tunisie\/\"},{\"@type\":\"ListItem\",\"position\":2,\"name\":\"Tunisie\u00a0: le b\u00e2tonnier Bouderbala dans le collimateur des magistrats \u00a0\u00a0\"}]},{\"@type\":\"WebSite\",\"@id\":\"https:\/\/kapitalis.com\/tunisie\/#website\",\"url\":\"https:\/\/kapitalis.com\/tunisie\/\",\"name\":\"Kapitalis\",\"description\":\"L&#039;actualit\u00e9 en Tunisie et dans le monde\",\"publisher\":{\"@id\":\"https:\/\/kapitalis.com\/tunisie\/#organization\"},\"potentialAction\":[{\"@type\":\"SearchAction\",\"target\":{\"@type\":\"EntryPoint\",\"urlTemplate\":\"https:\/\/kapitalis.com\/tunisie\/?s={search_term_string}\"},\"query-input\":{\"@type\":\"PropertyValueSpecification\",\"valueRequired\":true,\"valueName\":\"search_term_string\"}}],\"inLanguage\":\"fr-FR\"},{\"@type\":\"Organization\",\"@id\":\"https:\/\/kapitalis.com\/tunisie\/#organization\",\"name\":\"Kapitalis\",\"url\":\"https:\/\/kapitalis.com\/tunisie\/\",\"logo\":{\"@type\":\"ImageObject\",\"inLanguage\":\"fr-FR\",\"@id\":\"https:\/\/kapitalis.com\/tunisie\/#\/schema\/logo\/image\/\",\"url\":\"https:\/\/kapitalis.com\/tunisie\/wp-content\/uploads\/2022\/05\/Kapitalis-big-size.png\",\"contentUrl\":\"https:\/\/kapitalis.com\/tunisie\/wp-content\/uploads\/2022\/05\/Kapitalis-big-size.png\",\"width\":5000,\"height\":1500,\"caption\":\"Kapitalis\"},\"image\":{\"@id\":\"https:\/\/kapitalis.com\/tunisie\/#\/schema\/logo\/image\/\"},\"sameAs\":[\"https:\/\/www.facebook.com\/KapitalisInfo\/\",\"https:\/\/x.com\/KapitalisInfo\",\"https:\/\/www.youtube.com\/channel\/UC-yDYrHyfFBWWZaOw3FPg9Q\"]},{\"@type\":\"Person\",\"@id\":\"https:\/\/kapitalis.com\/tunisie\/#\/schema\/person\/d71f33a9ca44f7bad4698210b480c8e9\",\"name\":\"webmaster kapitalis\",\"url\":\"https:\/\/kapitalis.com\/tunisie\/author\/webmaster-kapitalis\/\"}]}<\/script>\n<!-- \/ Yoast SEO plugin. -->","yoast_head_json":{"title":"Tunisie\u00a0: le b\u00e2tonnier Bouderbala dans le collimateur des magistrats \u00a0\u00a0 - Kapitalis","robots":{"index":"index","follow":"follow","max-snippet":"max-snippet:-1","max-image-preview":"max-image-preview:large","max-video-preview":"max-video-preview:-1"},"canonical":"https:\/\/kapitalis.com\/tunisie\/2022\/06\/25\/tunisie-le-batonnier-bouderbala-dans-le-collimateur-des-magistrats\/","og_locale":"fr_FR","og_type":"article","og_title":"Tunisie\u00a0: le b\u00e2tonnier Bouderbala dans le collimateur des magistrats \u00a0\u00a0 - Kapitalis","og_description":"Un groupe d'avocats et de juges ont lanc\u00e9 une campagne visant \u00e0 remplacer l'actuel b\u00e2tonnier de l'Ordre des avocats, Ibrahim Bouderbala.","og_url":"https:\/\/kapitalis.com\/tunisie\/2022\/06\/25\/tunisie-le-batonnier-bouderbala-dans-le-collimateur-des-magistrats\/","og_site_name":"Kapitalis","article_publisher":"https:\/\/www.facebook.com\/KapitalisInfo\/","article_published_time":"2022-06-25T12:17:26+00:00","article_modified_time":"2022-06-25T12:17:28+00:00","og_image":[{"width":1200,"height":630,"url":"https:\/\/kapitalis.com\/tunisie\/wp-content\/uploads\/2022\/06\/Ibrahim-Bouderbala.jpg","type":"image\/jpeg"}],"author":"webmaster kapitalis","twitter_card":"summary_large_image","twitter_creator":"@KapitalisInfo","twitter_site":"@KapitalisInfo","twitter_misc":{"\u00c9crit par":"webmaster kapitalis","Dur\u00e9e de lecture estim\u00e9e":"1 minute"},"schema":{"@context":"https:\/\/schema.org","@graph":[{"@type":"Article","@id":"https:\/\/kapitalis.com\/tunisie\/2022\/06\/25\/tunisie-le-batonnier-bouderbala-dans-le-collimateur-des-magistrats\/#article","isPartOf":{"@id":"https:\/\/kapitalis.com\/tunisie\/2022\/06\/25\/tunisie-le-batonnier-bouderbala-dans-le-collimateur-des-magistrats\/"},"author":{"name":"webmaster kapitalis","@id":"https:\/\/kapitalis.com\/tunisie\/#\/schema\/person\/d71f33a9ca44f7bad4698210b480c8e9"},"headline":"Tunisie\u00a0: le b\u00e2tonnier Bouderbala dans le collimateur des magistrats \u00a0\u00a0","datePublished":"2022-06-25T12:17:26+00:00","dateModified":"2022-06-25T12:17:28+00:00","mainEntityOfPage":{"@id":"https:\/\/kapitalis.com\/tunisie\/2022\/06\/25\/tunisie-le-batonnier-bouderbala-dans-le-collimateur-des-magistrats\/"},"wordCount":221,"commentCount":9,"publisher":{"@id":"https:\/\/kapitalis.com\/tunisie\/#organization"},"image":{"@id":"https:\/\/kapitalis.com\/tunisie\/2022\/06\/25\/tunisie-le-batonnier-bouderbala-dans-le-collimateur-des-magistrats\/#primaryimage"},"thumbnailUrl":"https:\/\/kapitalis.com\/tunisie\/wp-content\/uploads\/2022\/06\/Ibrahim-Bouderbala.jpg","keywords":["Ennahdha","Ibrahim Bouderbala","Ka\u00efs Sa\u00efed","Ordre des avocats","Tunisie"],"articleSection":["POLITIQUE","Tunisie"],"inLanguage":"fr-FR","potentialAction":[{"@type":"CommentAction","name":"Comment","target":["https:\/\/kapitalis.com\/tunisie\/2022\/06\/25\/tunisie-le-batonnier-bouderbala-dans-le-collimateur-des-magistrats\/#respond"]}]},{"@type":"WebPage","@id":"https:\/\/kapitalis.com\/tunisie\/2022\/06\/25\/tunisie-le-batonnier-bouderbala-dans-le-collimateur-des-magistrats\/","url":"https:\/\/kapitalis.com\/tunisie\/2022\/06\/25\/tunisie-le-batonnier-bouderbala-dans-le-collimateur-des-magistrats\/","name":"Tunisie\u00a0: le b\u00e2tonnier Bouderbala dans le collimateur des magistrats \u00a0\u00a0 - Kapitalis","isPartOf":{"@id":"https:\/\/kapitalis.com\/tunisie\/#website"},"primaryImageOfPage":{"@id":"https:\/\/kapitalis.com\/tunisie\/2022\/06\/25\/tunisie-le-batonnier-bouderbala-dans-le-collimateur-des-magistrats\/#primaryimage"},"image":{"@id":"https:\/\/kapitalis.com\/tunisie\/2022\/06\/25\/tunisie-le-batonnier-bouderbala-dans-le-collimateur-des-magistrats\/#primaryimage"},"thumbnailUrl":"https:\/\/kapitalis.com\/tunisie\/wp-content\/uploads\/2022\/06\/Ibrahim-Bouderbala.jpg","datePublished":"2022-06-25T12:17:26+00:00","dateModified":"2022-06-25T12:17:28+00:00","breadcrumb":{"@id":"https:\/\/kapitalis.com\/tunisie\/2022\/06\/25\/tunisie-le-batonnier-bouderbala-dans-le-collimateur-des-magistrats\/#breadcrumb"},"inLanguage":"fr-FR","potentialAction":[{"@type":"ReadAction","target":["https:\/\/kapitalis.com\/tunisie\/2022\/06\/25\/tunisie-le-batonnier-bouderbala-dans-le-collimateur-des-magistrats\/"]}]},{"@type":"ImageObject","inLanguage":"fr-FR","@id":"https:\/\/kapitalis.com\/tunisie\/2022\/06\/25\/tunisie-le-batonnier-bouderbala-dans-le-collimateur-des-magistrats\/#primaryimage","url":"https:\/\/kapitalis.com\/tunisie\/wp-content\/uploads\/2022\/06\/Ibrahim-Bouderbala.jpg","contentUrl":"https:\/\/kapitalis.com\/tunisie\/wp-content\/uploads\/2022\/06\/Ibrahim-Bouderbala.jpg","width":1200,"height":630},{"@type":"BreadcrumbList","@id":"https:\/\/kapitalis.com\/tunisie\/2022\/06\/25\/tunisie-le-batonnier-bouderbala-dans-le-collimateur-des-magistrats\/#breadcrumb","itemListElement":[{"@type":"ListItem","position":1,"name":"Accueil","item":"https:\/\/kapitalis.com\/tunisie\/"},{"@type":"ListItem","position":2,"name":"Tunisie\u00a0: le b\u00e2tonnier Bouderbala dans le collimateur des magistrats \u00a0\u00a0"}]},{"@type":"WebSite","@id":"https:\/\/kapitalis.com\/tunisie\/#website","url":"https:\/\/kapitalis.com\/tunisie\/","name":"Kapitalis","description":"L&#039;actualit\u00e9 en Tunisie et dans le monde","publisher":{"@id":"https:\/\/kapitalis.com\/tunisie\/#organization"},"potentialAction":[{"@type":"SearchAction","target":{"@type":"EntryPoint","urlTemplate":"https:\/\/kapitalis.com\/tunisie\/?s={search_term_string}"},"query-input":{"@type":"PropertyValueSpecification","valueRequired":true,"valueName":"search_term_string"}}],"inLanguage":"fr-FR"},{"@type":"Organization","@id":"https:\/\/kapitalis.com\/tunisie\/#organization","name":"Kapitalis","url":"https:\/\/kapitalis.com\/tunisie\/","logo":{"@type":"ImageObject","inLanguage":"fr-FR","@id":"https:\/\/kapitalis.com\/tunisie\/#\/schema\/logo\/image\/","url":"https:\/\/kapitalis.com\/tunisie\/wp-content\/uploads\/2022\/05\/Kapitalis-big-size.png","contentUrl":"https:\/\/kapitalis.com\/tunisie\/wp-content\/uploads\/2022\/05\/Kapitalis-big-size.png","width":5000,"height":1500,"caption":"Kapitalis"},"image":{"@id":"https:\/\/kapitalis.com\/tunisie\/#\/schema\/logo\/image\/"},"sameAs":["https:\/\/www.facebook.com\/KapitalisInfo\/","https:\/\/x.com\/KapitalisInfo","https:\/\/www.youtube.com\/channel\/UC-yDYrHyfFBWWZaOw3FPg9Q"]},{"@type":"Person","@id":"https:\/\/kapitalis.com\/tunisie\/#\/schema\/person\/d71f33a9ca44f7bad4698210b480c8e9","name":"webmaster kapitalis","url":"https:\/\/kapitalis.com\/tunisie\/author\/webmaster-kapitalis\/"}]}},"_links":{"self":[{"href":"https:\/\/kapitalis.com\/tunisie\/wp-json\/wp\/v2\/posts\/1758227","targetHints":{"allow":["GET"]}}],"collection":[{"href":"https:\/\/kapitalis.com\/tunisie\/wp-json\/wp\/v2\/posts"}],"about":[{"href":"https:\/\/kapitalis.com\/tunisie\/wp-json\/wp\/v2\/types\/post"}],"author":[{"embeddable":true,"href":"https:\/\/kapitalis.com\/tunisie\/wp-json\/wp\/v2\/users\/8"}],"replies":[{"embeddable":true,"href":"https:\/\/kapitalis.com\/tunisie\/wp-json\/wp\/v2\/comments?post=1758227"}],"version-history":[{"count":0,"href":"https:\/\/kapitalis.com\/tunisie\/wp-json\/wp\/v2\/posts\/1758227\/revisions"}],"wp:featuredmedia":[{"embeddable":true,"href":"https:\/\/kapitalis.com\/tunisie\/wp-json\/wp\/v2\/media\/1758372"}],"wp:attachment":[{"href":"https:\/\/kapitalis.com\/tunisie\/wp-json\/wp\/v2\/media?parent=1758227"}],"wp:term":[{"taxonomy":"category","embeddable":true,"href":"https:\/\/kapitalis.com\/tunisie\/wp-json\/wp\/v2\/categories?post=1758227"},{"taxonomy":"post_tag","embeddable":true,"href":"https:\/\/kapitalis.com\/tunisie\/wp-json\/wp\/v2\/tags?post=1758227"}],"curies":[{"name":"wp","href":"https:\/\/api.w.org\/{rel}","templated":true}]}}