{"id":175936,"date":"2018-09-27T17:02:55","date_gmt":"2018-09-27T16:02:55","guid":{"rendered":"http:\/\/kapitalis.com\/tunisie\/?p=175936"},"modified":"2018-09-27T17:02:55","modified_gmt":"2018-09-27T16:02:55","slug":"accuses-de-diffamation-amri-libere-haj-mansour-maintenu-en-detention","status":"publish","type":"post","link":"https:\/\/kapitalis.com\/tunisie\/2018\/09\/27\/accuses-de-diffamation-amri-libere-haj-mansour-maintenu-en-detention\/","title":{"rendered":"Accus\u00e9s de diffamation : Amri lib\u00e9r\u00e9, Haj Mansour maintenu en d\u00e9tention"},"content":{"rendered":"<p style=\"text-align: center;\"><img loading=\"lazy\" decoding=\"async\" class=\"alignnone size-full wp-image-175947\" src=\"http:\/\/kapitalis.com\/tunisie\/wp-content\/uploads\/2018\/09\/Na\u00efm-Haj-Mansour-Sahbi-Amri.jpg\" alt=\"\" width=\"626\" height=\"380\" \/><\/p>\n<p style=\"text-align: center;\"><em> Na\u00efm Haj Mansour\/Sahbi Amri.<\/em><\/p>\n<p><em><strong>La justice a d\u00e9cid\u00e9 hier, mercredi 26 septembre 2018, de lib\u00e9rer l&rsquo;activiste et blogueur Sahbi Amri, qui avait \u00e9t\u00e9 arr\u00eat\u00e9 le 17 septembre suite \u00e0 la plainte d\u00e9pos\u00e9e \u00e0 son encontre par la magistrate M. M. pour injures et diffamation.<\/strong><\/em><!--more--><\/p>\n<p>Accus\u00e9 dans la m\u00eame affaire, Mohamed Na\u00efm Haj Mansour, directeur du journal <em>\u00ab\u00a0Athawra News\u00a0\u00bb<\/em>, n\u2019a pas \u00e9t\u00e9 entendu et le juge d\u2019instruction a d\u00e9cid\u00e9 de reporter le proc\u00e8s pour fin octobre. Il reste en d\u00e9tention \u00e0 la prison de Mornaguia.<\/p>\n<p>Ces activistes, proches de l\u2019affairiste Chafik Jarraya, poursuivi par le tribunal militaire pour atteinte \u00e0 la s\u00e9curit\u00e9 de l&rsquo;Etat, avaient partag\u00e9 le statut d\u2019une page Facebook g\u00e9r\u00e9e par une femme S. H. habitant \u00e0 New York o\u00f9 celle-ci insulte la juge et l\u2019accuse de corruption.<\/p>\n<p>Notons que les avocats de Amri et Haj Mansour crient \u00e0 l\u2019atteinte \u00e0 la libert\u00e9 d\u2019expression, oubliant que la diffamation et l&rsquo;insulte sont punis par la loi et que la libert\u00e9 d&rsquo;expression ne justifie pas l&rsquo;atteinte \u00e0 l&rsquo;honneur, \u00e0 la dignit\u00e9 et \u00e0 r\u00e9putation des gens.<\/p>\n<p style=\"text-align: right;\"><strong>Y. N.<\/strong><\/p>\n<blockquote class=\"wp-embedded-content\" data-secret=\"jPDQHk8iAc\"><p><a href=\"https:\/\/kapitalis.com\/tunisie\/2018\/09\/19\/injures-et-diffamation-sahbi-amri-et-naim-haj-mansour-ecroues\/\">Injures et diffamation : Sahbi Amri et Na\u00efm Haj Mansour \u00e9crou\u00e9s<\/a><\/p><\/blockquote>\n<p><iframe loading=\"lazy\" class=\"wp-embedded-content\" sandbox=\"allow-scripts\" security=\"restricted\" style=\"position: absolute; clip: rect(1px, 1px, 1px, 1px);\" title=\"\u00ab\u00a0Injures et diffamation : Sahbi Amri et Na\u00efm Haj Mansour \u00e9crou\u00e9s\u00a0\u00bb &#8212; Kapitalis\" src=\"https:\/\/kapitalis.com\/tunisie\/2018\/09\/19\/injures-et-diffamation-sahbi-amri-et-naim-haj-mansour-ecroues\/embed\/#?secret=XU59E4kcmg#?secret=jPDQHk8iAc\" data-secret=\"jPDQHk8iAc\" width=\"600\" height=\"338\" frameborder=\"0\" marginwidth=\"0\" marginheight=\"0\" scrolling=\"no\"><\/iframe><\/p>\n<blockquote class=\"wp-embedded-content\" data-secret=\"IIfz2NWlFi\"><p><a href=\"https:\/\/kapitalis.com\/tunisie\/2018\/01\/08\/tunisie-orphelins-de-chafik-jarraya-de-resistance\/\">Tunisie : Les \u00ab orphelins de Chafik Jarraya \u00bb font de la r\u00e9sistance<\/a><\/p><\/blockquote>\n<p><iframe loading=\"lazy\" class=\"wp-embedded-content\" sandbox=\"allow-scripts\" security=\"restricted\" style=\"position: absolute; clip: rect(1px, 1px, 1px, 1px);\" title=\"\u00ab\u00a0Tunisie : Les \u00ab orphelins de Chafik Jarraya \u00bb font de la r\u00e9sistance\u00a0\u00bb &#8212; Kapitalis\" src=\"https:\/\/kapitalis.com\/tunisie\/2018\/01\/08\/tunisie-orphelins-de-chafik-jarraya-de-resistance\/embed\/#?secret=B3jOIA6CZc#?secret=IIfz2NWlFi\" data-secret=\"IIfz2NWlFi\" width=\"600\" height=\"338\" frameborder=\"0\" marginwidth=\"0\" marginheight=\"0\" scrolling=\"no\"><\/iframe><\/p>\n","protected":false},"excerpt":{"rendered":"<p>Na\u00efm Haj Mansour\/Sahbi Amri. La justice a d\u00e9cid\u00e9 hier, mercredi 26 septembre 2018, de lib\u00e9rer l&rsquo;activiste et blogueur Sahbi Amri, qui avait \u00e9t\u00e9 arr\u00eat\u00e9 le 17 septembre suite \u00e0 la plainte d\u00e9pos\u00e9e \u00e0 son encontre par la magistrate M. M. pour injures et diffamation.<\/p>\n","protected":false},"author":6,"featured_media":175947,"comment_status":"open","ping_status":"open","sticky":false,"template":"","format":"standard","meta":{"footnotes":""},"categories":[998,2433],"tags":[2594,2747,521,2267,1315,1314,35898],"class_list":["post-175936","post","type-post","status-publish","format-standard","has-post-thumbnail","hentry","category-societe","category-tunisie","tag-chafik-jarraya","tag-diffamation","tag-juge","tag-magistrat","tag-mornaguia","tag-prison","tag-sahbi-amri"],"yoast_head":"<!-- This site is optimized with the Yoast SEO plugin v26.6 - https:\/\/yoast.com\/wordpress\/plugins\/seo\/ -->\n<title>Accus\u00e9s de diffamation : Amri lib\u00e9r\u00e9, Haj Mansour maintenu en d\u00e9tention - Kapitalis<\/title>\n<meta name=\"robots\" content=\"index, follow, max-snippet:-1, max-image-preview:large, max-video-preview:-1\" \/>\n<link rel=\"canonical\" href=\"https:\/\/kapitalis.com\/tunisie\/2018\/09\/27\/accuses-de-diffamation-amri-libere-haj-mansour-maintenu-en-detention\/\" \/>\n<meta property=\"og:locale\" content=\"fr_FR\" \/>\n<meta property=\"og:type\" content=\"article\" \/>\n<meta property=\"og:title\" content=\"Accus\u00e9s de diffamation : Amri lib\u00e9r\u00e9, Haj Mansour maintenu en d\u00e9tention - Kapitalis\" \/>\n<meta property=\"og:description\" content=\"Na\u00efm Haj Mansour\/Sahbi Amri. La justice a d\u00e9cid\u00e9 hier, mercredi 26 septembre 2018, de lib\u00e9rer l&rsquo;activiste et blogueur Sahbi Amri, qui avait \u00e9t\u00e9 arr\u00eat\u00e9 le 17 septembre suite \u00e0 la plainte d\u00e9pos\u00e9e \u00e0 son encontre par la magistrate M. M. pour injures et diffamation.\" \/>\n<meta property=\"og:url\" content=\"https:\/\/kapitalis.com\/tunisie\/2018\/09\/27\/accuses-de-diffamation-amri-libere-haj-mansour-maintenu-en-detention\/\" \/>\n<meta property=\"og:site_name\" content=\"Kapitalis\" \/>\n<meta property=\"article:publisher\" content=\"https:\/\/www.facebook.com\/KapitalisInfo\/\" \/>\n<meta property=\"article:published_time\" content=\"2018-09-27T16:02:55+00:00\" \/>\n<meta property=\"og:image\" content=\"https:\/\/kapitalis.com\/tunisie\/wp-content\/uploads\/2022\/05\/kapitalis-logo-fb.png\" \/>\n\t<meta property=\"og:image:width\" content=\"1200\" \/>\n\t<meta property=\"og:image:height\" content=\"630\" \/>\n\t<meta property=\"og:image:type\" content=\"image\/png\" \/>\n<meta name=\"author\" content=\"Yusra NY\" \/>\n<meta name=\"twitter:card\" content=\"summary_large_image\" \/>\n<meta name=\"twitter:creator\" content=\"@KapitalisInfo\" \/>\n<meta name=\"twitter:site\" content=\"@KapitalisInfo\" \/>\n<meta name=\"twitter:label1\" content=\"\u00c9crit par\" \/>\n\t<meta name=\"twitter:data1\" content=\"Yusra NY\" \/>\n\t<meta name=\"twitter:label2\" content=\"Dur\u00e9e de lecture estim\u00e9e\" \/>\n\t<meta name=\"twitter:data2\" content=\"1 minute\" \/>\n<script type=\"application\/ld+json\" class=\"yoast-schema-graph\">{\"@context\":\"https:\/\/schema.org\",\"@graph\":[{\"@type\":\"Article\",\"@id\":\"https:\/\/kapitalis.com\/tunisie\/2018\/09\/27\/accuses-de-diffamation-amri-libere-haj-mansour-maintenu-en-detention\/#article\",\"isPartOf\":{\"@id\":\"https:\/\/kapitalis.com\/tunisie\/2018\/09\/27\/accuses-de-diffamation-amri-libere-haj-mansour-maintenu-en-detention\/\"},\"author\":{\"name\":\"Yusra NY\",\"@id\":\"https:\/\/kapitalis.com\/tunisie\/#\/schema\/person\/74bbde0154d49d790a92aaeac5bc01d5\"},\"headline\":\"Accus\u00e9s de diffamation : Amri lib\u00e9r\u00e9, Haj Mansour maintenu en d\u00e9tention\",\"datePublished\":\"2018-09-27T16:02:55+00:00\",\"mainEntityOfPage\":{\"@id\":\"https:\/\/kapitalis.com\/tunisie\/2018\/09\/27\/accuses-de-diffamation-amri-libere-haj-mansour-maintenu-en-detention\/\"},\"wordCount\":210,\"commentCount\":0,\"publisher\":{\"@id\":\"https:\/\/kapitalis.com\/tunisie\/#organization\"},\"image\":{\"@id\":\"https:\/\/kapitalis.com\/tunisie\/2018\/09\/27\/accuses-de-diffamation-amri-libere-haj-mansour-maintenu-en-detention\/#primaryimage\"},\"thumbnailUrl\":\"\",\"keywords\":[\"Chafik Jarraya\",\"diffamation\",\"juge\",\"magistrat\",\"Mornaguia\",\"prison\",\"Sahbi Amri\"],\"articleSection\":[\"SOCIETE\",\"Tunisie\"],\"inLanguage\":\"fr-FR\",\"potentialAction\":[{\"@type\":\"CommentAction\",\"name\":\"Comment\",\"target\":[\"https:\/\/kapitalis.com\/tunisie\/2018\/09\/27\/accuses-de-diffamation-amri-libere-haj-mansour-maintenu-en-detention\/#respond\"]}]},{\"@type\":\"WebPage\",\"@id\":\"https:\/\/kapitalis.com\/tunisie\/2018\/09\/27\/accuses-de-diffamation-amri-libere-haj-mansour-maintenu-en-detention\/\",\"url\":\"https:\/\/kapitalis.com\/tunisie\/2018\/09\/27\/accuses-de-diffamation-amri-libere-haj-mansour-maintenu-en-detention\/\",\"name\":\"Accus\u00e9s de diffamation : Amri lib\u00e9r\u00e9, Haj Mansour maintenu en d\u00e9tention - Kapitalis\",\"isPartOf\":{\"@id\":\"https:\/\/kapitalis.com\/tunisie\/#website\"},\"primaryImageOfPage\":{\"@id\":\"https:\/\/kapitalis.com\/tunisie\/2018\/09\/27\/accuses-de-diffamation-amri-libere-haj-mansour-maintenu-en-detention\/#primaryimage\"},\"image\":{\"@id\":\"https:\/\/kapitalis.com\/tunisie\/2018\/09\/27\/accuses-de-diffamation-amri-libere-haj-mansour-maintenu-en-detention\/#primaryimage\"},\"thumbnailUrl\":\"\",\"datePublished\":\"2018-09-27T16:02:55+00:00\",\"breadcrumb\":{\"@id\":\"https:\/\/kapitalis.com\/tunisie\/2018\/09\/27\/accuses-de-diffamation-amri-libere-haj-mansour-maintenu-en-detention\/#breadcrumb\"},\"inLanguage\":\"fr-FR\",\"potentialAction\":[{\"@type\":\"ReadAction\",\"target\":[\"https:\/\/kapitalis.com\/tunisie\/2018\/09\/27\/accuses-de-diffamation-amri-libere-haj-mansour-maintenu-en-detention\/\"]}]},{\"@type\":\"ImageObject\",\"inLanguage\":\"fr-FR\",\"@id\":\"https:\/\/kapitalis.com\/tunisie\/2018\/09\/27\/accuses-de-diffamation-amri-libere-haj-mansour-maintenu-en-detention\/#primaryimage\",\"url\":\"\",\"contentUrl\":\"\"},{\"@type\":\"BreadcrumbList\",\"@id\":\"https:\/\/kapitalis.com\/tunisie\/2018\/09\/27\/accuses-de-diffamation-amri-libere-haj-mansour-maintenu-en-detention\/#breadcrumb\",\"itemListElement\":[{\"@type\":\"ListItem\",\"position\":1,\"name\":\"Accueil\",\"item\":\"https:\/\/kapitalis.com\/tunisie\/\"},{\"@type\":\"ListItem\",\"position\":2,\"name\":\"Accus\u00e9s de diffamation : Amri lib\u00e9r\u00e9, Haj Mansour maintenu en d\u00e9tention\"}]},{\"@type\":\"WebSite\",\"@id\":\"https:\/\/kapitalis.com\/tunisie\/#website\",\"url\":\"https:\/\/kapitalis.com\/tunisie\/\",\"name\":\"Kapitalis\",\"description\":\"L&#039;actualit\u00e9 en Tunisie et dans le monde\",\"publisher\":{\"@id\":\"https:\/\/kapitalis.com\/tunisie\/#organization\"},\"potentialAction\":[{\"@type\":\"SearchAction\",\"target\":{\"@type\":\"EntryPoint\",\"urlTemplate\":\"https:\/\/kapitalis.com\/tunisie\/?s={search_term_string}\"},\"query-input\":{\"@type\":\"PropertyValueSpecification\",\"valueRequired\":true,\"valueName\":\"search_term_string\"}}],\"inLanguage\":\"fr-FR\"},{\"@type\":\"Organization\",\"@id\":\"https:\/\/kapitalis.com\/tunisie\/#organization\",\"name\":\"Kapitalis\",\"url\":\"https:\/\/kapitalis.com\/tunisie\/\",\"logo\":{\"@type\":\"ImageObject\",\"inLanguage\":\"fr-FR\",\"@id\":\"https:\/\/kapitalis.com\/tunisie\/#\/schema\/logo\/image\/\",\"url\":\"https:\/\/kapitalis.com\/tunisie\/wp-content\/uploads\/2022\/05\/Kapitalis-big-size.png\",\"contentUrl\":\"https:\/\/kapitalis.com\/tunisie\/wp-content\/uploads\/2022\/05\/Kapitalis-big-size.png\",\"width\":5000,\"height\":1500,\"caption\":\"Kapitalis\"},\"image\":{\"@id\":\"https:\/\/kapitalis.com\/tunisie\/#\/schema\/logo\/image\/\"},\"sameAs\":[\"https:\/\/www.facebook.com\/KapitalisInfo\/\",\"https:\/\/x.com\/KapitalisInfo\",\"https:\/\/www.youtube.com\/channel\/UC-yDYrHyfFBWWZaOw3FPg9Q\"]},{\"@type\":\"Person\",\"@id\":\"https:\/\/kapitalis.com\/tunisie\/#\/schema\/person\/74bbde0154d49d790a92aaeac5bc01d5\",\"name\":\"Yusra NY\",\"url\":\"https:\/\/kapitalis.com\/tunisie\/author\/yuza_adam\/\"}]}<\/script>\n<!-- \/ Yoast SEO plugin. -->","yoast_head_json":{"title":"Accus\u00e9s de diffamation : Amri lib\u00e9r\u00e9, Haj Mansour maintenu en d\u00e9tention - Kapitalis","robots":{"index":"index","follow":"follow","max-snippet":"max-snippet:-1","max-image-preview":"max-image-preview:large","max-video-preview":"max-video-preview:-1"},"canonical":"https:\/\/kapitalis.com\/tunisie\/2018\/09\/27\/accuses-de-diffamation-amri-libere-haj-mansour-maintenu-en-detention\/","og_locale":"fr_FR","og_type":"article","og_title":"Accus\u00e9s de diffamation : Amri lib\u00e9r\u00e9, Haj Mansour maintenu en d\u00e9tention - Kapitalis","og_description":"Na\u00efm Haj Mansour\/Sahbi Amri. La justice a d\u00e9cid\u00e9 hier, mercredi 26 septembre 2018, de lib\u00e9rer l&rsquo;activiste et blogueur Sahbi Amri, qui avait \u00e9t\u00e9 arr\u00eat\u00e9 le 17 septembre suite \u00e0 la plainte d\u00e9pos\u00e9e \u00e0 son encontre par la magistrate M. M. pour injures et diffamation.","og_url":"https:\/\/kapitalis.com\/tunisie\/2018\/09\/27\/accuses-de-diffamation-amri-libere-haj-mansour-maintenu-en-detention\/","og_site_name":"Kapitalis","article_publisher":"https:\/\/www.facebook.com\/KapitalisInfo\/","article_published_time":"2018-09-27T16:02:55+00:00","og_image":[{"width":1200,"height":630,"url":"https:\/\/kapitalis.com\/tunisie\/wp-content\/uploads\/2022\/05\/kapitalis-logo-fb.png","type":"image\/png"}],"author":"Yusra NY","twitter_card":"summary_large_image","twitter_creator":"@KapitalisInfo","twitter_site":"@KapitalisInfo","twitter_misc":{"\u00c9crit par":"Yusra NY","Dur\u00e9e de lecture estim\u00e9e":"1 minute"},"schema":{"@context":"https:\/\/schema.org","@graph":[{"@type":"Article","@id":"https:\/\/kapitalis.com\/tunisie\/2018\/09\/27\/accuses-de-diffamation-amri-libere-haj-mansour-maintenu-en-detention\/#article","isPartOf":{"@id":"https:\/\/kapitalis.com\/tunisie\/2018\/09\/27\/accuses-de-diffamation-amri-libere-haj-mansour-maintenu-en-detention\/"},"author":{"name":"Yusra NY","@id":"https:\/\/kapitalis.com\/tunisie\/#\/schema\/person\/74bbde0154d49d790a92aaeac5bc01d5"},"headline":"Accus\u00e9s de diffamation : Amri lib\u00e9r\u00e9, Haj Mansour maintenu en d\u00e9tention","datePublished":"2018-09-27T16:02:55+00:00","mainEntityOfPage":{"@id":"https:\/\/kapitalis.com\/tunisie\/2018\/09\/27\/accuses-de-diffamation-amri-libere-haj-mansour-maintenu-en-detention\/"},"wordCount":210,"commentCount":0,"publisher":{"@id":"https:\/\/kapitalis.com\/tunisie\/#organization"},"image":{"@id":"https:\/\/kapitalis.com\/tunisie\/2018\/09\/27\/accuses-de-diffamation-amri-libere-haj-mansour-maintenu-en-detention\/#primaryimage"},"thumbnailUrl":"","keywords":["Chafik Jarraya","diffamation","juge","magistrat","Mornaguia","prison","Sahbi Amri"],"articleSection":["SOCIETE","Tunisie"],"inLanguage":"fr-FR","potentialAction":[{"@type":"CommentAction","name":"Comment","target":["https:\/\/kapitalis.com\/tunisie\/2018\/09\/27\/accuses-de-diffamation-amri-libere-haj-mansour-maintenu-en-detention\/#respond"]}]},{"@type":"WebPage","@id":"https:\/\/kapitalis.com\/tunisie\/2018\/09\/27\/accuses-de-diffamation-amri-libere-haj-mansour-maintenu-en-detention\/","url":"https:\/\/kapitalis.com\/tunisie\/2018\/09\/27\/accuses-de-diffamation-amri-libere-haj-mansour-maintenu-en-detention\/","name":"Accus\u00e9s de diffamation : Amri lib\u00e9r\u00e9, Haj Mansour maintenu en d\u00e9tention - Kapitalis","isPartOf":{"@id":"https:\/\/kapitalis.com\/tunisie\/#website"},"primaryImageOfPage":{"@id":"https:\/\/kapitalis.com\/tunisie\/2018\/09\/27\/accuses-de-diffamation-amri-libere-haj-mansour-maintenu-en-detention\/#primaryimage"},"image":{"@id":"https:\/\/kapitalis.com\/tunisie\/2018\/09\/27\/accuses-de-diffamation-amri-libere-haj-mansour-maintenu-en-detention\/#primaryimage"},"thumbnailUrl":"","datePublished":"2018-09-27T16:02:55+00:00","breadcrumb":{"@id":"https:\/\/kapitalis.com\/tunisie\/2018\/09\/27\/accuses-de-diffamation-amri-libere-haj-mansour-maintenu-en-detention\/#breadcrumb"},"inLanguage":"fr-FR","potentialAction":[{"@type":"ReadAction","target":["https:\/\/kapitalis.com\/tunisie\/2018\/09\/27\/accuses-de-diffamation-amri-libere-haj-mansour-maintenu-en-detention\/"]}]},{"@type":"ImageObject","inLanguage":"fr-FR","@id":"https:\/\/kapitalis.com\/tunisie\/2018\/09\/27\/accuses-de-diffamation-amri-libere-haj-mansour-maintenu-en-detention\/#primaryimage","url":"","contentUrl":""},{"@type":"BreadcrumbList","@id":"https:\/\/kapitalis.com\/tunisie\/2018\/09\/27\/accuses-de-diffamation-amri-libere-haj-mansour-maintenu-en-detention\/#breadcrumb","itemListElement":[{"@type":"ListItem","position":1,"name":"Accueil","item":"https:\/\/kapitalis.com\/tunisie\/"},{"@type":"ListItem","position":2,"name":"Accus\u00e9s de diffamation : Amri lib\u00e9r\u00e9, Haj Mansour maintenu en d\u00e9tention"}]},{"@type":"WebSite","@id":"https:\/\/kapitalis.com\/tunisie\/#website","url":"https:\/\/kapitalis.com\/tunisie\/","name":"Kapitalis","description":"L&#039;actualit\u00e9 en Tunisie et dans le monde","publisher":{"@id":"https:\/\/kapitalis.com\/tunisie\/#organization"},"potentialAction":[{"@type":"SearchAction","target":{"@type":"EntryPoint","urlTemplate":"https:\/\/kapitalis.com\/tunisie\/?s={search_term_string}"},"query-input":{"@type":"PropertyValueSpecification","valueRequired":true,"valueName":"search_term_string"}}],"inLanguage":"fr-FR"},{"@type":"Organization","@id":"https:\/\/kapitalis.com\/tunisie\/#organization","name":"Kapitalis","url":"https:\/\/kapitalis.com\/tunisie\/","logo":{"@type":"ImageObject","inLanguage":"fr-FR","@id":"https:\/\/kapitalis.com\/tunisie\/#\/schema\/logo\/image\/","url":"https:\/\/kapitalis.com\/tunisie\/wp-content\/uploads\/2022\/05\/Kapitalis-big-size.png","contentUrl":"https:\/\/kapitalis.com\/tunisie\/wp-content\/uploads\/2022\/05\/Kapitalis-big-size.png","width":5000,"height":1500,"caption":"Kapitalis"},"image":{"@id":"https:\/\/kapitalis.com\/tunisie\/#\/schema\/logo\/image\/"},"sameAs":["https:\/\/www.facebook.com\/KapitalisInfo\/","https:\/\/x.com\/KapitalisInfo","https:\/\/www.youtube.com\/channel\/UC-yDYrHyfFBWWZaOw3FPg9Q"]},{"@type":"Person","@id":"https:\/\/kapitalis.com\/tunisie\/#\/schema\/person\/74bbde0154d49d790a92aaeac5bc01d5","name":"Yusra NY","url":"https:\/\/kapitalis.com\/tunisie\/author\/yuza_adam\/"}]}},"_links":{"self":[{"href":"https:\/\/kapitalis.com\/tunisie\/wp-json\/wp\/v2\/posts\/175936","targetHints":{"allow":["GET"]}}],"collection":[{"href":"https:\/\/kapitalis.com\/tunisie\/wp-json\/wp\/v2\/posts"}],"about":[{"href":"https:\/\/kapitalis.com\/tunisie\/wp-json\/wp\/v2\/types\/post"}],"author":[{"embeddable":true,"href":"https:\/\/kapitalis.com\/tunisie\/wp-json\/wp\/v2\/users\/6"}],"replies":[{"embeddable":true,"href":"https:\/\/kapitalis.com\/tunisie\/wp-json\/wp\/v2\/comments?post=175936"}],"version-history":[{"count":0,"href":"https:\/\/kapitalis.com\/tunisie\/wp-json\/wp\/v2\/posts\/175936\/revisions"}],"wp:featuredmedia":[{"embeddable":true,"href":"https:\/\/kapitalis.com\/tunisie\/wp-json\/wp\/v2\/media\/175947"}],"wp:attachment":[{"href":"https:\/\/kapitalis.com\/tunisie\/wp-json\/wp\/v2\/media?parent=175936"}],"wp:term":[{"taxonomy":"category","embeddable":true,"href":"https:\/\/kapitalis.com\/tunisie\/wp-json\/wp\/v2\/categories?post=175936"},{"taxonomy":"post_tag","embeddable":true,"href":"https:\/\/kapitalis.com\/tunisie\/wp-json\/wp\/v2\/tags?post=175936"}],"curies":[{"name":"wp","href":"https:\/\/api.w.org\/{rel}","templated":true}]}}