{"id":175950,"date":"2018-09-27T17:09:18","date_gmt":"2018-09-27T16:09:18","guid":{"rendered":"http:\/\/kapitalis.com\/tunisie\/?p=175950"},"modified":"2018-09-27T17:09:18","modified_gmt":"2018-09-27T16:09:18","slug":"medenine-un-garde-penitentiaire-ecroue-pour-contrebande","status":"publish","type":"post","link":"https:\/\/kapitalis.com\/tunisie\/2018\/09\/27\/medenine-un-garde-penitentiaire-ecroue-pour-contrebande\/","title":{"rendered":"M\u00e9denine : Un garde p\u00e9nitentiaire \u00e9crou\u00e9 pour contrebande"},"content":{"rendered":"<p style=\"text-align: center;\"><img loading=\"lazy\" decoding=\"async\" class=\"alignnone size-full wp-image-98172\" src=\"http:\/\/kapitalis.com\/tunisie\/wp-content\/uploads\/2017\/05\/Tataouine-saisie-contrebande-.jpg\" alt=\"\" width=\"626\" height=\"380\" \/><\/p>\n<p><em><strong>La justice a plac\u00e9 en d\u00e9tention aujourd\u2019hui, jeudi 27 septembre 2018, un garde p\u00e9nitentiaire et un travailleur journalier, dans une affaire de contrebande \u00e0 M\u00e9denine.<\/strong><\/em><!--more--><\/p>\n<p>Une source a indiqu\u00e9 \u00e0 Kapitalis que la garde nationale a intercept\u00e9 une voiture transportant des marchandises de contrebande. L\u2019automobiliste s\u2019est arr\u00eat\u00e9 et son accompagnateur est descendu du v\u00e9hicule. Le conducteur en a profit\u00e9 pour fuir et les agents l\u2019ont pourchass\u00e9 durant plus d\u2019une demi-heure avant de l&rsquo;arr\u00eater. Ce dernier est un travailleur journalier habitant \u00e0 Bou Argoub et son accompagnateur travaille \u00e0 la prison d&rsquo;El-Haouareb, \u00e0 Kairouan.<\/p>\n<p>L\u2019agent a affirm\u00e9 ne pas conna\u00eetre le conducteur, qui l&rsquo;a juste pris en stop, et ne savait pas qu&rsquo;il transportait de la marchandise de contrebande. Mais ce dernier l\u2019a d\u00e9menti et affirm\u00e9 que la marchandise appartient \u00e0 l&rsquo;agent&#8230;<\/p>\n<p>Entendus par le juge, les suspects ont \u00e9chang\u00e9 des accusations, chacun se disant pi\u00e9g\u00e9 par l\u2019autre. La justice a donc d\u00e9cid\u00e9 de les \u00e9crouer en attendant la suite de l\u2019enqu\u00eate.<\/p>\n<p style=\"text-align: right;\"><strong>Y. N.<\/strong><\/p>\n","protected":false},"excerpt":{"rendered":"<p>La justice a plac\u00e9 en d\u00e9tention aujourd\u2019hui, jeudi 27 septembre 2018, un garde p\u00e9nitentiaire et un travailleur journalier, dans une affaire de contrebande \u00e0 M\u00e9denine.<\/p>\n","protected":false},"author":6,"featured_media":0,"comment_status":"open","ping_status":"open","sticky":false,"template":"","format":"standard","meta":{"footnotes":""},"categories":[998,2433],"tags":[233,591,1314],"class_list":["post-175950","post","type-post","status-publish","format-standard","hentry","category-societe","category-tunisie","tag-contrebande","tag-medenine","tag-prison"],"yoast_head":"<!-- This site is optimized with the Yoast SEO plugin v26.6 - https:\/\/yoast.com\/wordpress\/plugins\/seo\/ -->\n<title>M\u00e9denine : Un garde p\u00e9nitentiaire \u00e9crou\u00e9 pour contrebande - Kapitalis<\/title>\n<meta name=\"robots\" content=\"index, follow, max-snippet:-1, max-image-preview:large, max-video-preview:-1\" \/>\n<link rel=\"canonical\" href=\"https:\/\/kapitalis.com\/tunisie\/2018\/09\/27\/medenine-un-garde-penitentiaire-ecroue-pour-contrebande\/\" \/>\n<meta property=\"og:locale\" content=\"fr_FR\" \/>\n<meta property=\"og:type\" content=\"article\" \/>\n<meta property=\"og:title\" content=\"M\u00e9denine : Un garde p\u00e9nitentiaire \u00e9crou\u00e9 pour contrebande - Kapitalis\" \/>\n<meta property=\"og:description\" content=\"La justice a plac\u00e9 en d\u00e9tention aujourd\u2019hui, jeudi 27 septembre 2018, un garde p\u00e9nitentiaire et un travailleur journalier, dans une affaire de contrebande \u00e0 M\u00e9denine.\" \/>\n<meta property=\"og:url\" content=\"https:\/\/kapitalis.com\/tunisie\/2018\/09\/27\/medenine-un-garde-penitentiaire-ecroue-pour-contrebande\/\" \/>\n<meta property=\"og:site_name\" content=\"Kapitalis\" \/>\n<meta property=\"article:publisher\" content=\"https:\/\/www.facebook.com\/KapitalisInfo\/\" \/>\n<meta property=\"article:published_time\" content=\"2018-09-27T16:09:18+00:00\" \/>\n<meta property=\"og:image\" content=\"http:\/\/kapitalis.com\/tunisie\/wp-content\/uploads\/2017\/05\/Tataouine-saisie-contrebande-.jpg\" \/>\n<meta name=\"author\" content=\"Yusra NY\" \/>\n<meta name=\"twitter:card\" content=\"summary_large_image\" \/>\n<meta name=\"twitter:creator\" content=\"@KapitalisInfo\" \/>\n<meta name=\"twitter:site\" content=\"@KapitalisInfo\" \/>\n<meta name=\"twitter:label1\" content=\"\u00c9crit par\" \/>\n\t<meta name=\"twitter:data1\" content=\"Yusra NY\" \/>\n\t<meta name=\"twitter:label2\" content=\"Dur\u00e9e de lecture estim\u00e9e\" \/>\n\t<meta name=\"twitter:data2\" content=\"1 minute\" \/>\n<script type=\"application\/ld+json\" class=\"yoast-schema-graph\">{\"@context\":\"https:\/\/schema.org\",\"@graph\":[{\"@type\":\"Article\",\"@id\":\"https:\/\/kapitalis.com\/tunisie\/2018\/09\/27\/medenine-un-garde-penitentiaire-ecroue-pour-contrebande\/#article\",\"isPartOf\":{\"@id\":\"https:\/\/kapitalis.com\/tunisie\/2018\/09\/27\/medenine-un-garde-penitentiaire-ecroue-pour-contrebande\/\"},\"author\":{\"name\":\"Yusra NY\",\"@id\":\"https:\/\/kapitalis.com\/tunisie\/#\/schema\/person\/74bbde0154d49d790a92aaeac5bc01d5\"},\"headline\":\"M\u00e9denine : Un garde p\u00e9nitentiaire \u00e9crou\u00e9 pour contrebande\",\"datePublished\":\"2018-09-27T16:09:18+00:00\",\"mainEntityOfPage\":{\"@id\":\"https:\/\/kapitalis.com\/tunisie\/2018\/09\/27\/medenine-un-garde-penitentiaire-ecroue-pour-contrebande\/\"},\"wordCount\":184,\"commentCount\":0,\"publisher\":{\"@id\":\"https:\/\/kapitalis.com\/tunisie\/#organization\"},\"image\":{\"@id\":\"https:\/\/kapitalis.com\/tunisie\/2018\/09\/27\/medenine-un-garde-penitentiaire-ecroue-pour-contrebande\/#primaryimage\"},\"thumbnailUrl\":\"http:\/\/kapitalis.com\/tunisie\/wp-content\/uploads\/2017\/05\/Tataouine-saisie-contrebande-.jpg\",\"keywords\":[\"contrebande\",\"Medenine\",\"prison\"],\"articleSection\":[\"SOCIETE\",\"Tunisie\"],\"inLanguage\":\"fr-FR\",\"potentialAction\":[{\"@type\":\"CommentAction\",\"name\":\"Comment\",\"target\":[\"https:\/\/kapitalis.com\/tunisie\/2018\/09\/27\/medenine-un-garde-penitentiaire-ecroue-pour-contrebande\/#respond\"]}]},{\"@type\":\"WebPage\",\"@id\":\"https:\/\/kapitalis.com\/tunisie\/2018\/09\/27\/medenine-un-garde-penitentiaire-ecroue-pour-contrebande\/\",\"url\":\"https:\/\/kapitalis.com\/tunisie\/2018\/09\/27\/medenine-un-garde-penitentiaire-ecroue-pour-contrebande\/\",\"name\":\"M\u00e9denine : Un garde p\u00e9nitentiaire \u00e9crou\u00e9 pour contrebande - Kapitalis\",\"isPartOf\":{\"@id\":\"https:\/\/kapitalis.com\/tunisie\/#website\"},\"primaryImageOfPage\":{\"@id\":\"https:\/\/kapitalis.com\/tunisie\/2018\/09\/27\/medenine-un-garde-penitentiaire-ecroue-pour-contrebande\/#primaryimage\"},\"image\":{\"@id\":\"https:\/\/kapitalis.com\/tunisie\/2018\/09\/27\/medenine-un-garde-penitentiaire-ecroue-pour-contrebande\/#primaryimage\"},\"thumbnailUrl\":\"http:\/\/kapitalis.com\/tunisie\/wp-content\/uploads\/2017\/05\/Tataouine-saisie-contrebande-.jpg\",\"datePublished\":\"2018-09-27T16:09:18+00:00\",\"breadcrumb\":{\"@id\":\"https:\/\/kapitalis.com\/tunisie\/2018\/09\/27\/medenine-un-garde-penitentiaire-ecroue-pour-contrebande\/#breadcrumb\"},\"inLanguage\":\"fr-FR\",\"potentialAction\":[{\"@type\":\"ReadAction\",\"target\":[\"https:\/\/kapitalis.com\/tunisie\/2018\/09\/27\/medenine-un-garde-penitentiaire-ecroue-pour-contrebande\/\"]}]},{\"@type\":\"ImageObject\",\"inLanguage\":\"fr-FR\",\"@id\":\"https:\/\/kapitalis.com\/tunisie\/2018\/09\/27\/medenine-un-garde-penitentiaire-ecroue-pour-contrebande\/#primaryimage\",\"url\":\"http:\/\/kapitalis.com\/tunisie\/wp-content\/uploads\/2017\/05\/Tataouine-saisie-contrebande-.jpg\",\"contentUrl\":\"http:\/\/kapitalis.com\/tunisie\/wp-content\/uploads\/2017\/05\/Tataouine-saisie-contrebande-.jpg\"},{\"@type\":\"BreadcrumbList\",\"@id\":\"https:\/\/kapitalis.com\/tunisie\/2018\/09\/27\/medenine-un-garde-penitentiaire-ecroue-pour-contrebande\/#breadcrumb\",\"itemListElement\":[{\"@type\":\"ListItem\",\"position\":1,\"name\":\"Accueil\",\"item\":\"https:\/\/kapitalis.com\/tunisie\/\"},{\"@type\":\"ListItem\",\"position\":2,\"name\":\"M\u00e9denine : Un garde p\u00e9nitentiaire \u00e9crou\u00e9 pour contrebande\"}]},{\"@type\":\"WebSite\",\"@id\":\"https:\/\/kapitalis.com\/tunisie\/#website\",\"url\":\"https:\/\/kapitalis.com\/tunisie\/\",\"name\":\"Kapitalis\",\"description\":\"L&#039;actualit\u00e9 en Tunisie et dans le monde\",\"publisher\":{\"@id\":\"https:\/\/kapitalis.com\/tunisie\/#organization\"},\"potentialAction\":[{\"@type\":\"SearchAction\",\"target\":{\"@type\":\"EntryPoint\",\"urlTemplate\":\"https:\/\/kapitalis.com\/tunisie\/?s={search_term_string}\"},\"query-input\":{\"@type\":\"PropertyValueSpecification\",\"valueRequired\":true,\"valueName\":\"search_term_string\"}}],\"inLanguage\":\"fr-FR\"},{\"@type\":\"Organization\",\"@id\":\"https:\/\/kapitalis.com\/tunisie\/#organization\",\"name\":\"Kapitalis\",\"url\":\"https:\/\/kapitalis.com\/tunisie\/\",\"logo\":{\"@type\":\"ImageObject\",\"inLanguage\":\"fr-FR\",\"@id\":\"https:\/\/kapitalis.com\/tunisie\/#\/schema\/logo\/image\/\",\"url\":\"https:\/\/kapitalis.com\/tunisie\/wp-content\/uploads\/2022\/05\/Kapitalis-big-size.png\",\"contentUrl\":\"https:\/\/kapitalis.com\/tunisie\/wp-content\/uploads\/2022\/05\/Kapitalis-big-size.png\",\"width\":5000,\"height\":1500,\"caption\":\"Kapitalis\"},\"image\":{\"@id\":\"https:\/\/kapitalis.com\/tunisie\/#\/schema\/logo\/image\/\"},\"sameAs\":[\"https:\/\/www.facebook.com\/KapitalisInfo\/\",\"https:\/\/x.com\/KapitalisInfo\",\"https:\/\/www.youtube.com\/channel\/UC-yDYrHyfFBWWZaOw3FPg9Q\"]},{\"@type\":\"Person\",\"@id\":\"https:\/\/kapitalis.com\/tunisie\/#\/schema\/person\/74bbde0154d49d790a92aaeac5bc01d5\",\"name\":\"Yusra NY\",\"url\":\"https:\/\/kapitalis.com\/tunisie\/author\/yuza_adam\/\"}]}<\/script>\n<!-- \/ Yoast SEO plugin. -->","yoast_head_json":{"title":"M\u00e9denine : Un garde p\u00e9nitentiaire \u00e9crou\u00e9 pour contrebande - Kapitalis","robots":{"index":"index","follow":"follow","max-snippet":"max-snippet:-1","max-image-preview":"max-image-preview:large","max-video-preview":"max-video-preview:-1"},"canonical":"https:\/\/kapitalis.com\/tunisie\/2018\/09\/27\/medenine-un-garde-penitentiaire-ecroue-pour-contrebande\/","og_locale":"fr_FR","og_type":"article","og_title":"M\u00e9denine : Un garde p\u00e9nitentiaire \u00e9crou\u00e9 pour contrebande - Kapitalis","og_description":"La justice a plac\u00e9 en d\u00e9tention aujourd\u2019hui, jeudi 27 septembre 2018, un garde p\u00e9nitentiaire et un travailleur journalier, dans une affaire de contrebande \u00e0 M\u00e9denine.","og_url":"https:\/\/kapitalis.com\/tunisie\/2018\/09\/27\/medenine-un-garde-penitentiaire-ecroue-pour-contrebande\/","og_site_name":"Kapitalis","article_publisher":"https:\/\/www.facebook.com\/KapitalisInfo\/","article_published_time":"2018-09-27T16:09:18+00:00","og_image":[{"url":"http:\/\/kapitalis.com\/tunisie\/wp-content\/uploads\/2017\/05\/Tataouine-saisie-contrebande-.jpg","type":"","width":"","height":""}],"author":"Yusra NY","twitter_card":"summary_large_image","twitter_creator":"@KapitalisInfo","twitter_site":"@KapitalisInfo","twitter_misc":{"\u00c9crit par":"Yusra NY","Dur\u00e9e de lecture estim\u00e9e":"1 minute"},"schema":{"@context":"https:\/\/schema.org","@graph":[{"@type":"Article","@id":"https:\/\/kapitalis.com\/tunisie\/2018\/09\/27\/medenine-un-garde-penitentiaire-ecroue-pour-contrebande\/#article","isPartOf":{"@id":"https:\/\/kapitalis.com\/tunisie\/2018\/09\/27\/medenine-un-garde-penitentiaire-ecroue-pour-contrebande\/"},"author":{"name":"Yusra NY","@id":"https:\/\/kapitalis.com\/tunisie\/#\/schema\/person\/74bbde0154d49d790a92aaeac5bc01d5"},"headline":"M\u00e9denine : Un garde p\u00e9nitentiaire \u00e9crou\u00e9 pour contrebande","datePublished":"2018-09-27T16:09:18+00:00","mainEntityOfPage":{"@id":"https:\/\/kapitalis.com\/tunisie\/2018\/09\/27\/medenine-un-garde-penitentiaire-ecroue-pour-contrebande\/"},"wordCount":184,"commentCount":0,"publisher":{"@id":"https:\/\/kapitalis.com\/tunisie\/#organization"},"image":{"@id":"https:\/\/kapitalis.com\/tunisie\/2018\/09\/27\/medenine-un-garde-penitentiaire-ecroue-pour-contrebande\/#primaryimage"},"thumbnailUrl":"http:\/\/kapitalis.com\/tunisie\/wp-content\/uploads\/2017\/05\/Tataouine-saisie-contrebande-.jpg","keywords":["contrebande","Medenine","prison"],"articleSection":["SOCIETE","Tunisie"],"inLanguage":"fr-FR","potentialAction":[{"@type":"CommentAction","name":"Comment","target":["https:\/\/kapitalis.com\/tunisie\/2018\/09\/27\/medenine-un-garde-penitentiaire-ecroue-pour-contrebande\/#respond"]}]},{"@type":"WebPage","@id":"https:\/\/kapitalis.com\/tunisie\/2018\/09\/27\/medenine-un-garde-penitentiaire-ecroue-pour-contrebande\/","url":"https:\/\/kapitalis.com\/tunisie\/2018\/09\/27\/medenine-un-garde-penitentiaire-ecroue-pour-contrebande\/","name":"M\u00e9denine : Un garde p\u00e9nitentiaire \u00e9crou\u00e9 pour contrebande - Kapitalis","isPartOf":{"@id":"https:\/\/kapitalis.com\/tunisie\/#website"},"primaryImageOfPage":{"@id":"https:\/\/kapitalis.com\/tunisie\/2018\/09\/27\/medenine-un-garde-penitentiaire-ecroue-pour-contrebande\/#primaryimage"},"image":{"@id":"https:\/\/kapitalis.com\/tunisie\/2018\/09\/27\/medenine-un-garde-penitentiaire-ecroue-pour-contrebande\/#primaryimage"},"thumbnailUrl":"http:\/\/kapitalis.com\/tunisie\/wp-content\/uploads\/2017\/05\/Tataouine-saisie-contrebande-.jpg","datePublished":"2018-09-27T16:09:18+00:00","breadcrumb":{"@id":"https:\/\/kapitalis.com\/tunisie\/2018\/09\/27\/medenine-un-garde-penitentiaire-ecroue-pour-contrebande\/#breadcrumb"},"inLanguage":"fr-FR","potentialAction":[{"@type":"ReadAction","target":["https:\/\/kapitalis.com\/tunisie\/2018\/09\/27\/medenine-un-garde-penitentiaire-ecroue-pour-contrebande\/"]}]},{"@type":"ImageObject","inLanguage":"fr-FR","@id":"https:\/\/kapitalis.com\/tunisie\/2018\/09\/27\/medenine-un-garde-penitentiaire-ecroue-pour-contrebande\/#primaryimage","url":"http:\/\/kapitalis.com\/tunisie\/wp-content\/uploads\/2017\/05\/Tataouine-saisie-contrebande-.jpg","contentUrl":"http:\/\/kapitalis.com\/tunisie\/wp-content\/uploads\/2017\/05\/Tataouine-saisie-contrebande-.jpg"},{"@type":"BreadcrumbList","@id":"https:\/\/kapitalis.com\/tunisie\/2018\/09\/27\/medenine-un-garde-penitentiaire-ecroue-pour-contrebande\/#breadcrumb","itemListElement":[{"@type":"ListItem","position":1,"name":"Accueil","item":"https:\/\/kapitalis.com\/tunisie\/"},{"@type":"ListItem","position":2,"name":"M\u00e9denine : Un garde p\u00e9nitentiaire \u00e9crou\u00e9 pour contrebande"}]},{"@type":"WebSite","@id":"https:\/\/kapitalis.com\/tunisie\/#website","url":"https:\/\/kapitalis.com\/tunisie\/","name":"Kapitalis","description":"L&#039;actualit\u00e9 en Tunisie et dans le monde","publisher":{"@id":"https:\/\/kapitalis.com\/tunisie\/#organization"},"potentialAction":[{"@type":"SearchAction","target":{"@type":"EntryPoint","urlTemplate":"https:\/\/kapitalis.com\/tunisie\/?s={search_term_string}"},"query-input":{"@type":"PropertyValueSpecification","valueRequired":true,"valueName":"search_term_string"}}],"inLanguage":"fr-FR"},{"@type":"Organization","@id":"https:\/\/kapitalis.com\/tunisie\/#organization","name":"Kapitalis","url":"https:\/\/kapitalis.com\/tunisie\/","logo":{"@type":"ImageObject","inLanguage":"fr-FR","@id":"https:\/\/kapitalis.com\/tunisie\/#\/schema\/logo\/image\/","url":"https:\/\/kapitalis.com\/tunisie\/wp-content\/uploads\/2022\/05\/Kapitalis-big-size.png","contentUrl":"https:\/\/kapitalis.com\/tunisie\/wp-content\/uploads\/2022\/05\/Kapitalis-big-size.png","width":5000,"height":1500,"caption":"Kapitalis"},"image":{"@id":"https:\/\/kapitalis.com\/tunisie\/#\/schema\/logo\/image\/"},"sameAs":["https:\/\/www.facebook.com\/KapitalisInfo\/","https:\/\/x.com\/KapitalisInfo","https:\/\/www.youtube.com\/channel\/UC-yDYrHyfFBWWZaOw3FPg9Q"]},{"@type":"Person","@id":"https:\/\/kapitalis.com\/tunisie\/#\/schema\/person\/74bbde0154d49d790a92aaeac5bc01d5","name":"Yusra NY","url":"https:\/\/kapitalis.com\/tunisie\/author\/yuza_adam\/"}]}},"_links":{"self":[{"href":"https:\/\/kapitalis.com\/tunisie\/wp-json\/wp\/v2\/posts\/175950","targetHints":{"allow":["GET"]}}],"collection":[{"href":"https:\/\/kapitalis.com\/tunisie\/wp-json\/wp\/v2\/posts"}],"about":[{"href":"https:\/\/kapitalis.com\/tunisie\/wp-json\/wp\/v2\/types\/post"}],"author":[{"embeddable":true,"href":"https:\/\/kapitalis.com\/tunisie\/wp-json\/wp\/v2\/users\/6"}],"replies":[{"embeddable":true,"href":"https:\/\/kapitalis.com\/tunisie\/wp-json\/wp\/v2\/comments?post=175950"}],"version-history":[{"count":0,"href":"https:\/\/kapitalis.com\/tunisie\/wp-json\/wp\/v2\/posts\/175950\/revisions"}],"wp:attachment":[{"href":"https:\/\/kapitalis.com\/tunisie\/wp-json\/wp\/v2\/media?parent=175950"}],"wp:term":[{"taxonomy":"category","embeddable":true,"href":"https:\/\/kapitalis.com\/tunisie\/wp-json\/wp\/v2\/categories?post=175950"},{"taxonomy":"post_tag","embeddable":true,"href":"https:\/\/kapitalis.com\/tunisie\/wp-json\/wp\/v2\/tags?post=175950"}],"curies":[{"name":"wp","href":"https:\/\/api.w.org\/{rel}","templated":true}]}}