{"id":176054,"date":"2018-09-28T11:34:24","date_gmt":"2018-09-28T10:34:24","guid":{"rendered":"http:\/\/kapitalis.com\/tunisie\/?p=176054"},"modified":"2018-09-28T11:34:24","modified_gmt":"2018-09-28T10:34:24","slug":"a-propos-de-la-duree-de-la-transition-democratique-en-tunisie","status":"publish","type":"post","link":"https:\/\/kapitalis.com\/tunisie\/2018\/09\/28\/a-propos-de-la-duree-de-la-transition-democratique-en-tunisie\/","title":{"rendered":"A propos de la dur\u00e9e de la transition d\u00e9mocratique en Tunisie"},"content":{"rendered":"<p style=\"text-align: center;\"><img loading=\"lazy\" decoding=\"async\" class=\"alignnone size-full wp-image-32303\" src=\"http:\/\/kapitalis.com\/tunisie\/wp-content\/uploads\/2015\/12\/Revolution-5-ans-apres.jpg\" alt=\"\" width=\"626\" height=\"380\" \/><\/p>\n<p><strong>La transition d\u00e9mocratique, enclench\u00e9e en Tunisie avec le soul\u00e8vement du 14 janvier 2011, va-t-elle durer encore plus longtemps? La question a \u00e9t\u00e9 abord\u00e9e par plusieurs universitaires aux id\u00e9ologies diff\u00e9rentes. Pour certains, cette transition est vici\u00e9e \u00e0 la base par des blocages institutionnels. Pour d\u2019autres, les transitions n\u2019ont jamais r\u00e9ussi \u00e0 cent pour cent.<\/strong><\/p>\n<p>Par <strong>Kh\u00e9maies Krimi<\/strong><\/p>\n<p><!--more--><\/p>\n<p>Intervenant, fin juillet, \u00e0 Hammamet, lors de la 25e universit\u00e9 d\u2019\u00e9t\u00e9 de l\u2019Association Club Mohamed Ali de la culture ouvri\u00e8re (Acmaco) organis\u00e9e sur le th\u00e8me : \u00abLa transition d\u00e9mocratique en Tunisie, sept ans apr\u00e8s : bilan et prospective\u00bb, Mohamed Ali Halouani, philosophe issu de la gauche tunisienne et ancien candidat \u00e0 la pr\u00e9sidence de 2004 contre Ben Ali, estime que cette transition p\u00e8che par l\u2019absence de vision claire. <em>\u00abLes Tunisiens ont l\u2019impression de naviguer \u00e0 vue. On ne voit pas de finalit\u00e9 et d\u2019issue \u00e0 cette transition\u00bb<\/em>, a-t-il-dit.<\/p>\n<h3>La transition est vici\u00e9e \u00e0 la base<\/h3>\n<p>Pour sa part, Abdelbaki Hermassi, sociologue et ancien ministre de la Culture puis des Affaires \u00e9trang\u00e8res sous Ben Ali estime que la transition souffre de blocages institutionnels g\u00e9n\u00e9r\u00e9s par la nouvelle Constitution. \u00abDans sa mouture hydride actuelle, rel\u00e8ve-t-il, l\u2019ex\u00e9cutif est affaibli et divis\u00e9, face \u00e0 une Assembl\u00e9e elle-m\u00eame affaiblie par un mode de scrutin proportionnel qui emp\u00eache toute majorit\u00e9 stable de se constituer\u00bb. <em>\u00abLe paysage politique, ajoute-il, est marqu\u00e9 par une multiplicit\u00e9 de partis dits d\u00e9mocratiques (plus de 240) face \u00e0 l\u2019unique parti islamiste, Ennahdha, dont on peut douter de la transformation en parti civil, tandis que les partis dits progressistes restent d\u00e9sunis, pris dans des enjeux personnels, sans \u00e9gards pour l\u2019int\u00e9r\u00eat g\u00e9n\u00e9ral\u00bb.<\/em><\/p>\n<p>En clair, d\u2019apr\u00e8s lui, le syst\u00e8me politique actuel est destin\u00e9 non pas \u00e0 r\u00e9soudre les probl\u00e8mes mais \u00e0 bloquer et compromette tout projet de r\u00e9forme. <em>\u00abSans concentration de pouvoir, il n\u2019y aurait pas de r\u00e9forme structurelles\u00bb,<\/em> a-t-il-martel\u00e9.<br \/>\nEn Tunisie, la transition est incompl\u00e8te<\/p>\n<p>Intervenant, fin juin 2018, dans le cadre des <em>\u00abRencontres de Skifa Elkahla\u00bb<\/em> de l\u2019Association de r\u00e9flexions \u00e9conomiques \u00e0 Mahdia (Dream), H\u00e9di Larbi, ancien ministre de l\u2019Equipement et du D\u00e9veloppement durable sous la \u00ab<em>Tro\u00efka<\/em>\u00bb, la coalition domin\u00e9 par le parti Ennahdha qui a gouvern\u00e9 de janvier 2012 \u00e0 janvier 2014, professeur \u00e0 l\u2019Universit\u00e9 de Harvard et ancien conseiller du vice-pr\u00e9sident de la Banque Mondiale, de tendance plut\u00f4t lib\u00e9rale, s\u2019est r\u00e9f\u00e9r\u00e9 \u00e0 une \u00e9tude comparative effectu\u00e9e par la Banque mondiale sur les transitions d\u00e9mocratiques dans le monde.<\/p>\n<p>Selon lui, <em>\u00ables \u00e9tudes sur les processus de d\u00e9mocratisation, qui ont eu lieu dans les 70 derni\u00e8res ann\u00e9es, ont montr\u00e9 que 46% de ces processus ont r\u00e9ussi soit d\u00e8s le d\u00e9but soit lors d\u2019une deuxi\u00e8me fois. C\u2019est-\u00e0-dire que 46% des cas ont \u00e9chou\u00e9 dans un premier temps, ensuite ils ont r\u00e9ussi et sont revenus. En moyenne, au bout de 20 ans, on obtient une d\u00e9mocratie vibrante qui fonctionne\u00bb.<\/em><\/p>\n<p>Autres r\u00e9v\u00e9lations de H\u00e9di Larbi :<em> \u00abUn tiers des pays qui ont engag\u00e9 un processus de d\u00e9mocratisation ont vu le processus durer tr\u00e8s longtemps. C\u2019est ce qu\u2019on appelle une d\u00e9mocratie incompl\u00e8te. C\u2019est le type de transition le plus grave car d\u00e8s qu\u2019il d\u00e9passe les 5 ans, il entre dans un mode de fragilit\u00e9 institutionnelle, l\u2019Etat s\u2019affaiblit et il devient difficile de s\u2019en sortir. L\u2019autre tiers, ou un peu moins, conna\u00eet un \u00e9chec de la transition d\u00e9mocratique mais r\u00e9ussit sur le plan \u00e9conomique. Le gouvernement, dans ce cas, gagne en l\u00e9gitimit\u00e9 car la population soutient l\u2019am\u00e9lioration \u00e9conomique et sociale.\u00bb <\/em><\/p>\n<p>En Tunisie, nous sommes entre les deux derni\u00e8res situations, cela fait plus de 5 ans qu\u2019on est entr\u00e9 dans un processus de d\u00e9mocratisation qui avance cahin-caha, plut\u00f4t tr\u00e8s difficilement, avec souvent des blocages institutionnels et une crise larv\u00e9e, \u00e0 la fois politique, \u00e9conomique et social, ce qui fait que ce processus demeure inachev\u00e9.<\/p>\n","protected":false},"excerpt":{"rendered":"<p>La transition d\u00e9mocratique, enclench\u00e9e en Tunisie avec le soul\u00e8vement du 14 janvier 2011, va-t-elle durer encore plus longtemps? La question a \u00e9t\u00e9 abord\u00e9e par plusieurs universitaires aux id\u00e9ologies diff\u00e9rentes. Pour certains, cette transition est vici\u00e9e \u00e0 la base par des blocages institutionnels. Pour d\u2019autres, les transitions n\u2019ont jamais r\u00e9ussi \u00e0 cent pour cent. Par Kh\u00e9maies&#8230;<\/p>\n","protected":false},"author":8,"featured_media":0,"comment_status":"open","ping_status":"open","sticky":false,"template":"","format":"standard","meta":{"footnotes":""},"categories":[992,997,2433],"tags":[29388,3236],"class_list":["post-176054","post","type-post","status-publish","format-standard","hentry","category-a-la-une","category-politique","category-tunisie","tag-hedi-larbi","tag-transition-democratique"],"yoast_head":"<!-- This site is optimized with the Yoast SEO plugin v26.6 - https:\/\/yoast.com\/wordpress\/plugins\/seo\/ -->\n<title>A propos de la dur\u00e9e de la transition d\u00e9mocratique en Tunisie - Kapitalis<\/title>\n<meta name=\"robots\" content=\"index, follow, max-snippet:-1, max-image-preview:large, max-video-preview:-1\" \/>\n<link rel=\"canonical\" href=\"https:\/\/kapitalis.com\/tunisie\/2018\/09\/28\/a-propos-de-la-duree-de-la-transition-democratique-en-tunisie\/\" \/>\n<meta property=\"og:locale\" content=\"fr_FR\" \/>\n<meta property=\"og:type\" content=\"article\" \/>\n<meta property=\"og:title\" content=\"A propos de la dur\u00e9e de la transition d\u00e9mocratique en Tunisie - Kapitalis\" \/>\n<meta property=\"og:description\" content=\"La transition d\u00e9mocratique, enclench\u00e9e en Tunisie avec le soul\u00e8vement du 14 janvier 2011, va-t-elle durer encore plus longtemps? La question a \u00e9t\u00e9 abord\u00e9e par plusieurs universitaires aux id\u00e9ologies diff\u00e9rentes. Pour certains, cette transition est vici\u00e9e \u00e0 la base par des blocages institutionnels. Pour d\u2019autres, les transitions n\u2019ont jamais r\u00e9ussi \u00e0 cent pour cent. Par Kh\u00e9maies...\" \/>\n<meta property=\"og:url\" content=\"https:\/\/kapitalis.com\/tunisie\/2018\/09\/28\/a-propos-de-la-duree-de-la-transition-democratique-en-tunisie\/\" \/>\n<meta property=\"og:site_name\" content=\"Kapitalis\" \/>\n<meta property=\"article:publisher\" content=\"https:\/\/www.facebook.com\/KapitalisInfo\/\" \/>\n<meta property=\"article:published_time\" content=\"2018-09-28T10:34:24+00:00\" \/>\n<meta property=\"og:image\" content=\"http:\/\/kapitalis.com\/tunisie\/wp-content\/uploads\/2015\/12\/Revolution-5-ans-apres.jpg\" \/>\n<meta name=\"author\" content=\"webmaster kapitalis\" \/>\n<meta name=\"twitter:card\" content=\"summary_large_image\" \/>\n<meta name=\"twitter:creator\" content=\"@KapitalisInfo\" \/>\n<meta name=\"twitter:site\" content=\"@KapitalisInfo\" \/>\n<meta name=\"twitter:label1\" content=\"\u00c9crit par\" \/>\n\t<meta name=\"twitter:data1\" content=\"webmaster kapitalis\" \/>\n\t<meta name=\"twitter:label2\" content=\"Dur\u00e9e de lecture estim\u00e9e\" \/>\n\t<meta name=\"twitter:data2\" content=\"3 minutes\" \/>\n<script type=\"application\/ld+json\" class=\"yoast-schema-graph\">{\"@context\":\"https:\/\/schema.org\",\"@graph\":[{\"@type\":\"Article\",\"@id\":\"https:\/\/kapitalis.com\/tunisie\/2018\/09\/28\/a-propos-de-la-duree-de-la-transition-democratique-en-tunisie\/#article\",\"isPartOf\":{\"@id\":\"https:\/\/kapitalis.com\/tunisie\/2018\/09\/28\/a-propos-de-la-duree-de-la-transition-democratique-en-tunisie\/\"},\"author\":{\"name\":\"webmaster kapitalis\",\"@id\":\"https:\/\/kapitalis.com\/tunisie\/#\/schema\/person\/d71f33a9ca44f7bad4698210b480c8e9\"},\"headline\":\"A propos de la dur\u00e9e de la transition d\u00e9mocratique en Tunisie\",\"datePublished\":\"2018-09-28T10:34:24+00:00\",\"mainEntityOfPage\":{\"@id\":\"https:\/\/kapitalis.com\/tunisie\/2018\/09\/28\/a-propos-de-la-duree-de-la-transition-democratique-en-tunisie\/\"},\"wordCount\":699,\"commentCount\":2,\"publisher\":{\"@id\":\"https:\/\/kapitalis.com\/tunisie\/#organization\"},\"image\":{\"@id\":\"https:\/\/kapitalis.com\/tunisie\/2018\/09\/28\/a-propos-de-la-duree-de-la-transition-democratique-en-tunisie\/#primaryimage\"},\"thumbnailUrl\":\"http:\/\/kapitalis.com\/tunisie\/wp-content\/uploads\/2015\/12\/Revolution-5-ans-apres.jpg\",\"keywords\":[\"H\u00e9di Larbi\",\"transition d\u00e9mocratique\"],\"articleSection\":[\"A LA UNE\",\"POLITIQUE\",\"Tunisie\"],\"inLanguage\":\"fr-FR\",\"potentialAction\":[{\"@type\":\"CommentAction\",\"name\":\"Comment\",\"target\":[\"https:\/\/kapitalis.com\/tunisie\/2018\/09\/28\/a-propos-de-la-duree-de-la-transition-democratique-en-tunisie\/#respond\"]}]},{\"@type\":\"WebPage\",\"@id\":\"https:\/\/kapitalis.com\/tunisie\/2018\/09\/28\/a-propos-de-la-duree-de-la-transition-democratique-en-tunisie\/\",\"url\":\"https:\/\/kapitalis.com\/tunisie\/2018\/09\/28\/a-propos-de-la-duree-de-la-transition-democratique-en-tunisie\/\",\"name\":\"A propos de la dur\u00e9e de la transition d\u00e9mocratique en Tunisie - Kapitalis\",\"isPartOf\":{\"@id\":\"https:\/\/kapitalis.com\/tunisie\/#website\"},\"primaryImageOfPage\":{\"@id\":\"https:\/\/kapitalis.com\/tunisie\/2018\/09\/28\/a-propos-de-la-duree-de-la-transition-democratique-en-tunisie\/#primaryimage\"},\"image\":{\"@id\":\"https:\/\/kapitalis.com\/tunisie\/2018\/09\/28\/a-propos-de-la-duree-de-la-transition-democratique-en-tunisie\/#primaryimage\"},\"thumbnailUrl\":\"http:\/\/kapitalis.com\/tunisie\/wp-content\/uploads\/2015\/12\/Revolution-5-ans-apres.jpg\",\"datePublished\":\"2018-09-28T10:34:24+00:00\",\"breadcrumb\":{\"@id\":\"https:\/\/kapitalis.com\/tunisie\/2018\/09\/28\/a-propos-de-la-duree-de-la-transition-democratique-en-tunisie\/#breadcrumb\"},\"inLanguage\":\"fr-FR\",\"potentialAction\":[{\"@type\":\"ReadAction\",\"target\":[\"https:\/\/kapitalis.com\/tunisie\/2018\/09\/28\/a-propos-de-la-duree-de-la-transition-democratique-en-tunisie\/\"]}]},{\"@type\":\"ImageObject\",\"inLanguage\":\"fr-FR\",\"@id\":\"https:\/\/kapitalis.com\/tunisie\/2018\/09\/28\/a-propos-de-la-duree-de-la-transition-democratique-en-tunisie\/#primaryimage\",\"url\":\"http:\/\/kapitalis.com\/tunisie\/wp-content\/uploads\/2015\/12\/Revolution-5-ans-apres.jpg\",\"contentUrl\":\"http:\/\/kapitalis.com\/tunisie\/wp-content\/uploads\/2015\/12\/Revolution-5-ans-apres.jpg\"},{\"@type\":\"BreadcrumbList\",\"@id\":\"https:\/\/kapitalis.com\/tunisie\/2018\/09\/28\/a-propos-de-la-duree-de-la-transition-democratique-en-tunisie\/#breadcrumb\",\"itemListElement\":[{\"@type\":\"ListItem\",\"position\":1,\"name\":\"Accueil\",\"item\":\"https:\/\/kapitalis.com\/tunisie\/\"},{\"@type\":\"ListItem\",\"position\":2,\"name\":\"A propos de la dur\u00e9e de la transition d\u00e9mocratique en Tunisie\"}]},{\"@type\":\"WebSite\",\"@id\":\"https:\/\/kapitalis.com\/tunisie\/#website\",\"url\":\"https:\/\/kapitalis.com\/tunisie\/\",\"name\":\"Kapitalis\",\"description\":\"L&#039;actualit\u00e9 en Tunisie et dans le monde\",\"publisher\":{\"@id\":\"https:\/\/kapitalis.com\/tunisie\/#organization\"},\"potentialAction\":[{\"@type\":\"SearchAction\",\"target\":{\"@type\":\"EntryPoint\",\"urlTemplate\":\"https:\/\/kapitalis.com\/tunisie\/?s={search_term_string}\"},\"query-input\":{\"@type\":\"PropertyValueSpecification\",\"valueRequired\":true,\"valueName\":\"search_term_string\"}}],\"inLanguage\":\"fr-FR\"},{\"@type\":\"Organization\",\"@id\":\"https:\/\/kapitalis.com\/tunisie\/#organization\",\"name\":\"Kapitalis\",\"url\":\"https:\/\/kapitalis.com\/tunisie\/\",\"logo\":{\"@type\":\"ImageObject\",\"inLanguage\":\"fr-FR\",\"@id\":\"https:\/\/kapitalis.com\/tunisie\/#\/schema\/logo\/image\/\",\"url\":\"https:\/\/kapitalis.com\/tunisie\/wp-content\/uploads\/2022\/05\/Kapitalis-big-size.png\",\"contentUrl\":\"https:\/\/kapitalis.com\/tunisie\/wp-content\/uploads\/2022\/05\/Kapitalis-big-size.png\",\"width\":5000,\"height\":1500,\"caption\":\"Kapitalis\"},\"image\":{\"@id\":\"https:\/\/kapitalis.com\/tunisie\/#\/schema\/logo\/image\/\"},\"sameAs\":[\"https:\/\/www.facebook.com\/KapitalisInfo\/\",\"https:\/\/x.com\/KapitalisInfo\",\"https:\/\/www.youtube.com\/channel\/UC-yDYrHyfFBWWZaOw3FPg9Q\"]},{\"@type\":\"Person\",\"@id\":\"https:\/\/kapitalis.com\/tunisie\/#\/schema\/person\/d71f33a9ca44f7bad4698210b480c8e9\",\"name\":\"webmaster kapitalis\",\"url\":\"https:\/\/kapitalis.com\/tunisie\/author\/webmaster-kapitalis\/\"}]}<\/script>\n<!-- \/ Yoast SEO plugin. -->","yoast_head_json":{"title":"A propos de la dur\u00e9e de la transition d\u00e9mocratique en Tunisie - Kapitalis","robots":{"index":"index","follow":"follow","max-snippet":"max-snippet:-1","max-image-preview":"max-image-preview:large","max-video-preview":"max-video-preview:-1"},"canonical":"https:\/\/kapitalis.com\/tunisie\/2018\/09\/28\/a-propos-de-la-duree-de-la-transition-democratique-en-tunisie\/","og_locale":"fr_FR","og_type":"article","og_title":"A propos de la dur\u00e9e de la transition d\u00e9mocratique en Tunisie - Kapitalis","og_description":"La transition d\u00e9mocratique, enclench\u00e9e en Tunisie avec le soul\u00e8vement du 14 janvier 2011, va-t-elle durer encore plus longtemps? La question a \u00e9t\u00e9 abord\u00e9e par plusieurs universitaires aux id\u00e9ologies diff\u00e9rentes. Pour certains, cette transition est vici\u00e9e \u00e0 la base par des blocages institutionnels. Pour d\u2019autres, les transitions n\u2019ont jamais r\u00e9ussi \u00e0 cent pour cent. Par Kh\u00e9maies...","og_url":"https:\/\/kapitalis.com\/tunisie\/2018\/09\/28\/a-propos-de-la-duree-de-la-transition-democratique-en-tunisie\/","og_site_name":"Kapitalis","article_publisher":"https:\/\/www.facebook.com\/KapitalisInfo\/","article_published_time":"2018-09-28T10:34:24+00:00","og_image":[{"url":"http:\/\/kapitalis.com\/tunisie\/wp-content\/uploads\/2015\/12\/Revolution-5-ans-apres.jpg","type":"","width":"","height":""}],"author":"webmaster kapitalis","twitter_card":"summary_large_image","twitter_creator":"@KapitalisInfo","twitter_site":"@KapitalisInfo","twitter_misc":{"\u00c9crit par":"webmaster kapitalis","Dur\u00e9e de lecture estim\u00e9e":"3 minutes"},"schema":{"@context":"https:\/\/schema.org","@graph":[{"@type":"Article","@id":"https:\/\/kapitalis.com\/tunisie\/2018\/09\/28\/a-propos-de-la-duree-de-la-transition-democratique-en-tunisie\/#article","isPartOf":{"@id":"https:\/\/kapitalis.com\/tunisie\/2018\/09\/28\/a-propos-de-la-duree-de-la-transition-democratique-en-tunisie\/"},"author":{"name":"webmaster kapitalis","@id":"https:\/\/kapitalis.com\/tunisie\/#\/schema\/person\/d71f33a9ca44f7bad4698210b480c8e9"},"headline":"A propos de la dur\u00e9e de la transition d\u00e9mocratique en Tunisie","datePublished":"2018-09-28T10:34:24+00:00","mainEntityOfPage":{"@id":"https:\/\/kapitalis.com\/tunisie\/2018\/09\/28\/a-propos-de-la-duree-de-la-transition-democratique-en-tunisie\/"},"wordCount":699,"commentCount":2,"publisher":{"@id":"https:\/\/kapitalis.com\/tunisie\/#organization"},"image":{"@id":"https:\/\/kapitalis.com\/tunisie\/2018\/09\/28\/a-propos-de-la-duree-de-la-transition-democratique-en-tunisie\/#primaryimage"},"thumbnailUrl":"http:\/\/kapitalis.com\/tunisie\/wp-content\/uploads\/2015\/12\/Revolution-5-ans-apres.jpg","keywords":["H\u00e9di Larbi","transition d\u00e9mocratique"],"articleSection":["A LA UNE","POLITIQUE","Tunisie"],"inLanguage":"fr-FR","potentialAction":[{"@type":"CommentAction","name":"Comment","target":["https:\/\/kapitalis.com\/tunisie\/2018\/09\/28\/a-propos-de-la-duree-de-la-transition-democratique-en-tunisie\/#respond"]}]},{"@type":"WebPage","@id":"https:\/\/kapitalis.com\/tunisie\/2018\/09\/28\/a-propos-de-la-duree-de-la-transition-democratique-en-tunisie\/","url":"https:\/\/kapitalis.com\/tunisie\/2018\/09\/28\/a-propos-de-la-duree-de-la-transition-democratique-en-tunisie\/","name":"A propos de la dur\u00e9e de la transition d\u00e9mocratique en Tunisie - Kapitalis","isPartOf":{"@id":"https:\/\/kapitalis.com\/tunisie\/#website"},"primaryImageOfPage":{"@id":"https:\/\/kapitalis.com\/tunisie\/2018\/09\/28\/a-propos-de-la-duree-de-la-transition-democratique-en-tunisie\/#primaryimage"},"image":{"@id":"https:\/\/kapitalis.com\/tunisie\/2018\/09\/28\/a-propos-de-la-duree-de-la-transition-democratique-en-tunisie\/#primaryimage"},"thumbnailUrl":"http:\/\/kapitalis.com\/tunisie\/wp-content\/uploads\/2015\/12\/Revolution-5-ans-apres.jpg","datePublished":"2018-09-28T10:34:24+00:00","breadcrumb":{"@id":"https:\/\/kapitalis.com\/tunisie\/2018\/09\/28\/a-propos-de-la-duree-de-la-transition-democratique-en-tunisie\/#breadcrumb"},"inLanguage":"fr-FR","potentialAction":[{"@type":"ReadAction","target":["https:\/\/kapitalis.com\/tunisie\/2018\/09\/28\/a-propos-de-la-duree-de-la-transition-democratique-en-tunisie\/"]}]},{"@type":"ImageObject","inLanguage":"fr-FR","@id":"https:\/\/kapitalis.com\/tunisie\/2018\/09\/28\/a-propos-de-la-duree-de-la-transition-democratique-en-tunisie\/#primaryimage","url":"http:\/\/kapitalis.com\/tunisie\/wp-content\/uploads\/2015\/12\/Revolution-5-ans-apres.jpg","contentUrl":"http:\/\/kapitalis.com\/tunisie\/wp-content\/uploads\/2015\/12\/Revolution-5-ans-apres.jpg"},{"@type":"BreadcrumbList","@id":"https:\/\/kapitalis.com\/tunisie\/2018\/09\/28\/a-propos-de-la-duree-de-la-transition-democratique-en-tunisie\/#breadcrumb","itemListElement":[{"@type":"ListItem","position":1,"name":"Accueil","item":"https:\/\/kapitalis.com\/tunisie\/"},{"@type":"ListItem","position":2,"name":"A propos de la dur\u00e9e de la transition d\u00e9mocratique en Tunisie"}]},{"@type":"WebSite","@id":"https:\/\/kapitalis.com\/tunisie\/#website","url":"https:\/\/kapitalis.com\/tunisie\/","name":"Kapitalis","description":"L&#039;actualit\u00e9 en Tunisie et dans le monde","publisher":{"@id":"https:\/\/kapitalis.com\/tunisie\/#organization"},"potentialAction":[{"@type":"SearchAction","target":{"@type":"EntryPoint","urlTemplate":"https:\/\/kapitalis.com\/tunisie\/?s={search_term_string}"},"query-input":{"@type":"PropertyValueSpecification","valueRequired":true,"valueName":"search_term_string"}}],"inLanguage":"fr-FR"},{"@type":"Organization","@id":"https:\/\/kapitalis.com\/tunisie\/#organization","name":"Kapitalis","url":"https:\/\/kapitalis.com\/tunisie\/","logo":{"@type":"ImageObject","inLanguage":"fr-FR","@id":"https:\/\/kapitalis.com\/tunisie\/#\/schema\/logo\/image\/","url":"https:\/\/kapitalis.com\/tunisie\/wp-content\/uploads\/2022\/05\/Kapitalis-big-size.png","contentUrl":"https:\/\/kapitalis.com\/tunisie\/wp-content\/uploads\/2022\/05\/Kapitalis-big-size.png","width":5000,"height":1500,"caption":"Kapitalis"},"image":{"@id":"https:\/\/kapitalis.com\/tunisie\/#\/schema\/logo\/image\/"},"sameAs":["https:\/\/www.facebook.com\/KapitalisInfo\/","https:\/\/x.com\/KapitalisInfo","https:\/\/www.youtube.com\/channel\/UC-yDYrHyfFBWWZaOw3FPg9Q"]},{"@type":"Person","@id":"https:\/\/kapitalis.com\/tunisie\/#\/schema\/person\/d71f33a9ca44f7bad4698210b480c8e9","name":"webmaster kapitalis","url":"https:\/\/kapitalis.com\/tunisie\/author\/webmaster-kapitalis\/"}]}},"_links":{"self":[{"href":"https:\/\/kapitalis.com\/tunisie\/wp-json\/wp\/v2\/posts\/176054","targetHints":{"allow":["GET"]}}],"collection":[{"href":"https:\/\/kapitalis.com\/tunisie\/wp-json\/wp\/v2\/posts"}],"about":[{"href":"https:\/\/kapitalis.com\/tunisie\/wp-json\/wp\/v2\/types\/post"}],"author":[{"embeddable":true,"href":"https:\/\/kapitalis.com\/tunisie\/wp-json\/wp\/v2\/users\/8"}],"replies":[{"embeddable":true,"href":"https:\/\/kapitalis.com\/tunisie\/wp-json\/wp\/v2\/comments?post=176054"}],"version-history":[{"count":0,"href":"https:\/\/kapitalis.com\/tunisie\/wp-json\/wp\/v2\/posts\/176054\/revisions"}],"wp:attachment":[{"href":"https:\/\/kapitalis.com\/tunisie\/wp-json\/wp\/v2\/media?parent=176054"}],"wp:term":[{"taxonomy":"category","embeddable":true,"href":"https:\/\/kapitalis.com\/tunisie\/wp-json\/wp\/v2\/categories?post=176054"},{"taxonomy":"post_tag","embeddable":true,"href":"https:\/\/kapitalis.com\/tunisie\/wp-json\/wp\/v2\/tags?post=176054"}],"curies":[{"name":"wp","href":"https:\/\/api.w.org\/{rel}","templated":true}]}}