{"id":176088,"date":"2018-09-28T16:54:28","date_gmt":"2018-09-28T15:54:28","guid":{"rendered":"http:\/\/kapitalis.com\/tunisie\/?p=176088"},"modified":"2018-09-28T16:54:28","modified_gmt":"2018-09-28T15:54:28","slug":"aucun-avis-de-recherche-naurait-ete-emis-a-lencontre-de-gharsalli","status":"publish","type":"post","link":"https:\/\/kapitalis.com\/tunisie\/2018\/09\/28\/aucun-avis-de-recherche-naurait-ete-emis-a-lencontre-de-gharsalli\/","title":{"rendered":"Aucun avis de recherche n\u2019aurait \u00e9t\u00e9 \u00e9mis \u00e0 l\u2019encontre de Gharsalli !"},"content":{"rendered":"<p style=\"text-align: center;\"><img loading=\"lazy\" decoding=\"async\" class=\"alignnone size-full wp-image-9185\" src=\"http:\/\/kapitalis.com\/tunisie\/wp-content\/uploads\/2015\/08\/Majed-Gharsalli-Prison.jpg\" alt=\"\" width=\"626\" height=\"380\" \/><\/p>\n<p><em><strong>Raoudha Karafi, pr\u00e9sidente de l&rsquo;Association des magistrats tunisiens (AMT), a appel\u00e9 la \u00a0justice militaire \u00e0 \u00e9mettre un avis de recherche \u00e0 l\u2019encontre de l\u2019ancien ministre de l\u2019Int\u00e9rieur, Najem Gharsalli, accus\u00e9 dans une affaire d&rsquo;atteinte \u00e0 la s\u00fbret\u00e9 de l&rsquo;Etat.<\/strong><\/em><!--more--><\/p>\n<p>La magistrate a lanc\u00e9 cet appel, aujourd\u2019hui, vendredi 28 septembre 2018, dans une d\u00e9claration \u00e0 Mosa\u00efque FM, en pr\u00e9cisant que l\u2019absence de mandat de recherche \u00e0 l\u2019encontre de Gharsalli peut \u00eatre mal interpr\u00e9t\u00e9e.<\/p>\n<p>Elle a ajout\u00e9 cela laisse penser que l\u2019ancien ministre, juge de son \u00e9tat,\u00a0suspect\u00e9 de lien avec le baron de la contrebande et de la corruption Chafik Jarraya,\u00a0est au-dessus de la loi ou que des lobbys politiques sont intervenus en sa faveur.<\/p>\n<p>Rappelons que Najem Gharsalli devait se pr\u00e9senter le 20 f\u00e9vrier 2018 au tribunal militaire pour \u00eatre entendu dans l\u2019affaire Jarraya, poursuivi pour trahison et intelligence avec une arm\u00e9e \u00e9trang\u00e8re, mais il s\u2019\u00e9tait absent\u00e9 et ses avocats ont \u00e9voqu\u00e9\u00a0un vice de forme. Le proc\u00e8s avait alors \u00e9t\u00e9 renvoy\u00e9 au 28 f\u00e9vrier, mais l\u2019ancien ministre s\u2019est de nouveau absent\u00e9 et ses avocats ont pr\u00e9sent\u00e9 un dossier m\u00e9dical justifiant la maladie de leur client.<\/p>\n<p>Une descente de police avait \u00e9galement \u00e9t\u00e9 effectu\u00e9e le 14 mars 2018 au domicile du suspect mais il n\u2019\u00e9tait pas chez lui. Ses avocats avaient alors cri\u00e9 \u00e0 la <em>\u00abviolation des droits de l\u2019homme\u00bb<\/em>, bien que la descente avait \u00e9t\u00e9 men\u00e9e dans le cadre d\u2019un mandat d\u2019amener \u00e9mis par la justice, apr\u00e8s deux \u00a0convocations de Gharsalli, auxquelles il n\u2019a pas daign\u00e9 r\u00e9pondre. Ce qui s&rsquo;apparente \u00e0 un d\u00e9lit de fuite&#8230;<\/p>\n<p style=\"text-align: right;\"><strong>Y. N.<\/strong><\/p>\n<blockquote class=\"wp-embedded-content\" data-secret=\"HC9THH3X04\"><p><a href=\"https:\/\/kapitalis.com\/tunisie\/2018\/03\/15\/tunisie-tribunal-militaire-ou-est-passe-najem-gharsalli\/\">Tunisie-Tribunal militaire : O\u00f9 est pass\u00e9 Najem Gharsalli ?<\/a><\/p><\/blockquote>\n<p><iframe loading=\"lazy\" class=\"wp-embedded-content\" sandbox=\"allow-scripts\" security=\"restricted\" style=\"position: absolute; clip: rect(1px, 1px, 1px, 1px);\" title=\"\u00ab\u00a0Tunisie-Tribunal militaire : O\u00f9 est pass\u00e9 Najem Gharsalli ?\u00a0\u00bb &#8212; Kapitalis\" src=\"https:\/\/kapitalis.com\/tunisie\/2018\/03\/15\/tunisie-tribunal-militaire-ou-est-passe-najem-gharsalli\/embed\/#?secret=VfQjb3tRl0#?secret=HC9THH3X04\" data-secret=\"HC9THH3X04\" width=\"600\" height=\"338\" frameborder=\"0\" marginwidth=\"0\" marginheight=\"0\" scrolling=\"no\"><\/iframe><\/p>\n<blockquote class=\"wp-embedded-content\" data-secret=\"j3SUBrH4Aj\"><p><a href=\"https:\/\/kapitalis.com\/tunisie\/2018\/02\/28\/tribunal-militaire-najem-gharsalli-sabsente-raisons-de-sante\/\">Tribunal militaire : Najem Gharsalli s\u2019absente pour raison de sant\u00e9<\/a><\/p><\/blockquote>\n<p><iframe loading=\"lazy\" class=\"wp-embedded-content\" sandbox=\"allow-scripts\" security=\"restricted\" style=\"position: absolute; clip: rect(1px, 1px, 1px, 1px);\" title=\"\u00ab\u00a0Tribunal militaire : Najem Gharsalli s\u2019absente pour raison de sant\u00e9\u00a0\u00bb &#8212; Kapitalis\" src=\"https:\/\/kapitalis.com\/tunisie\/2018\/02\/28\/tribunal-militaire-najem-gharsalli-sabsente-raisons-de-sante\/embed\/#?secret=rYoUQZmC8w#?secret=j3SUBrH4Aj\" data-secret=\"j3SUBrH4Aj\" width=\"600\" height=\"338\" frameborder=\"0\" marginwidth=\"0\" marginheight=\"0\" scrolling=\"no\"><\/iframe><\/p>\n","protected":false},"excerpt":{"rendered":"<p>Raoudha Karafi, pr\u00e9sidente de l&rsquo;Association des magistrats tunisiens (AMT), a appel\u00e9 la \u00a0justice militaire \u00e0 \u00e9mettre un avis de recherche \u00e0 l\u2019encontre de l\u2019ancien ministre de l\u2019Int\u00e9rieur, Najem Gharsalli, accus\u00e9 dans une affaire d&rsquo;atteinte \u00e0 la s\u00fbret\u00e9 de l&rsquo;Etat.<\/p>\n","protected":false},"author":6,"featured_media":0,"comment_status":"open","ping_status":"open","sticky":false,"template":"","format":"standard","meta":{"footnotes":""},"categories":[997,2433],"tags":[2594,2319,24181,653,6871],"class_list":["post-176088","post","type-post","status-publish","format-standard","hentry","category-politique","category-tunisie","tag-chafik-jarraya","tag-juges","tag-justice-militaire","tag-najem-gharsalli","tag-raoudha-karafi"],"yoast_head":"<!-- This site is optimized with the Yoast SEO plugin v26.6 - https:\/\/yoast.com\/wordpress\/plugins\/seo\/ -->\n<title>Aucun avis de recherche n\u2019aurait \u00e9t\u00e9 \u00e9mis \u00e0 l\u2019encontre de Gharsalli ! - Kapitalis<\/title>\n<meta name=\"robots\" content=\"index, follow, max-snippet:-1, max-image-preview:large, max-video-preview:-1\" \/>\n<link rel=\"canonical\" href=\"https:\/\/kapitalis.com\/tunisie\/2018\/09\/28\/aucun-avis-de-recherche-naurait-ete-emis-a-lencontre-de-gharsalli\/\" \/>\n<meta property=\"og:locale\" content=\"fr_FR\" \/>\n<meta property=\"og:type\" content=\"article\" \/>\n<meta property=\"og:title\" content=\"Aucun avis de recherche n\u2019aurait \u00e9t\u00e9 \u00e9mis \u00e0 l\u2019encontre de Gharsalli ! - Kapitalis\" \/>\n<meta property=\"og:description\" content=\"Raoudha Karafi, pr\u00e9sidente de l&rsquo;Association des magistrats tunisiens (AMT), a appel\u00e9 la \u00a0justice militaire \u00e0 \u00e9mettre un avis de recherche \u00e0 l\u2019encontre de l\u2019ancien ministre de l\u2019Int\u00e9rieur, Najem Gharsalli, accus\u00e9 dans une affaire d&rsquo;atteinte \u00e0 la s\u00fbret\u00e9 de l&rsquo;Etat.\" \/>\n<meta property=\"og:url\" content=\"https:\/\/kapitalis.com\/tunisie\/2018\/09\/28\/aucun-avis-de-recherche-naurait-ete-emis-a-lencontre-de-gharsalli\/\" \/>\n<meta property=\"og:site_name\" content=\"Kapitalis\" \/>\n<meta property=\"article:publisher\" content=\"https:\/\/www.facebook.com\/KapitalisInfo\/\" \/>\n<meta property=\"article:published_time\" content=\"2018-09-28T15:54:28+00:00\" \/>\n<meta property=\"og:image\" content=\"http:\/\/kapitalis.com\/tunisie\/wp-content\/uploads\/2015\/08\/Majed-Gharsalli-Prison.jpg\" \/>\n<meta name=\"author\" content=\"Yusra NY\" \/>\n<meta name=\"twitter:card\" content=\"summary_large_image\" \/>\n<meta name=\"twitter:creator\" content=\"@KapitalisInfo\" \/>\n<meta name=\"twitter:site\" content=\"@KapitalisInfo\" \/>\n<meta name=\"twitter:label1\" content=\"\u00c9crit par\" \/>\n\t<meta name=\"twitter:data1\" content=\"Yusra NY\" \/>\n\t<meta name=\"twitter:label2\" content=\"Dur\u00e9e de lecture estim\u00e9e\" \/>\n\t<meta name=\"twitter:data2\" content=\"1 minute\" \/>\n<script type=\"application\/ld+json\" class=\"yoast-schema-graph\">{\"@context\":\"https:\/\/schema.org\",\"@graph\":[{\"@type\":\"Article\",\"@id\":\"https:\/\/kapitalis.com\/tunisie\/2018\/09\/28\/aucun-avis-de-recherche-naurait-ete-emis-a-lencontre-de-gharsalli\/#article\",\"isPartOf\":{\"@id\":\"https:\/\/kapitalis.com\/tunisie\/2018\/09\/28\/aucun-avis-de-recherche-naurait-ete-emis-a-lencontre-de-gharsalli\/\"},\"author\":{\"name\":\"Yusra NY\",\"@id\":\"https:\/\/kapitalis.com\/tunisie\/#\/schema\/person\/74bbde0154d49d790a92aaeac5bc01d5\"},\"headline\":\"Aucun avis de recherche n\u2019aurait \u00e9t\u00e9 \u00e9mis \u00e0 l\u2019encontre de Gharsalli !\",\"datePublished\":\"2018-09-28T15:54:28+00:00\",\"mainEntityOfPage\":{\"@id\":\"https:\/\/kapitalis.com\/tunisie\/2018\/09\/28\/aucun-avis-de-recherche-naurait-ete-emis-a-lencontre-de-gharsalli\/\"},\"wordCount\":304,\"commentCount\":1,\"publisher\":{\"@id\":\"https:\/\/kapitalis.com\/tunisie\/#organization\"},\"image\":{\"@id\":\"https:\/\/kapitalis.com\/tunisie\/2018\/09\/28\/aucun-avis-de-recherche-naurait-ete-emis-a-lencontre-de-gharsalli\/#primaryimage\"},\"thumbnailUrl\":\"http:\/\/kapitalis.com\/tunisie\/wp-content\/uploads\/2015\/08\/Majed-Gharsalli-Prison.jpg\",\"keywords\":[\"Chafik Jarraya\",\"juges\",\"justice militaire\",\"Najem Gharsalli\",\"Raoudha Karafi\"],\"articleSection\":[\"POLITIQUE\",\"Tunisie\"],\"inLanguage\":\"fr-FR\",\"potentialAction\":[{\"@type\":\"CommentAction\",\"name\":\"Comment\",\"target\":[\"https:\/\/kapitalis.com\/tunisie\/2018\/09\/28\/aucun-avis-de-recherche-naurait-ete-emis-a-lencontre-de-gharsalli\/#respond\"]}]},{\"@type\":\"WebPage\",\"@id\":\"https:\/\/kapitalis.com\/tunisie\/2018\/09\/28\/aucun-avis-de-recherche-naurait-ete-emis-a-lencontre-de-gharsalli\/\",\"url\":\"https:\/\/kapitalis.com\/tunisie\/2018\/09\/28\/aucun-avis-de-recherche-naurait-ete-emis-a-lencontre-de-gharsalli\/\",\"name\":\"Aucun avis de recherche n\u2019aurait \u00e9t\u00e9 \u00e9mis \u00e0 l\u2019encontre de Gharsalli ! - Kapitalis\",\"isPartOf\":{\"@id\":\"https:\/\/kapitalis.com\/tunisie\/#website\"},\"primaryImageOfPage\":{\"@id\":\"https:\/\/kapitalis.com\/tunisie\/2018\/09\/28\/aucun-avis-de-recherche-naurait-ete-emis-a-lencontre-de-gharsalli\/#primaryimage\"},\"image\":{\"@id\":\"https:\/\/kapitalis.com\/tunisie\/2018\/09\/28\/aucun-avis-de-recherche-naurait-ete-emis-a-lencontre-de-gharsalli\/#primaryimage\"},\"thumbnailUrl\":\"http:\/\/kapitalis.com\/tunisie\/wp-content\/uploads\/2015\/08\/Majed-Gharsalli-Prison.jpg\",\"datePublished\":\"2018-09-28T15:54:28+00:00\",\"breadcrumb\":{\"@id\":\"https:\/\/kapitalis.com\/tunisie\/2018\/09\/28\/aucun-avis-de-recherche-naurait-ete-emis-a-lencontre-de-gharsalli\/#breadcrumb\"},\"inLanguage\":\"fr-FR\",\"potentialAction\":[{\"@type\":\"ReadAction\",\"target\":[\"https:\/\/kapitalis.com\/tunisie\/2018\/09\/28\/aucun-avis-de-recherche-naurait-ete-emis-a-lencontre-de-gharsalli\/\"]}]},{\"@type\":\"ImageObject\",\"inLanguage\":\"fr-FR\",\"@id\":\"https:\/\/kapitalis.com\/tunisie\/2018\/09\/28\/aucun-avis-de-recherche-naurait-ete-emis-a-lencontre-de-gharsalli\/#primaryimage\",\"url\":\"http:\/\/kapitalis.com\/tunisie\/wp-content\/uploads\/2015\/08\/Majed-Gharsalli-Prison.jpg\",\"contentUrl\":\"http:\/\/kapitalis.com\/tunisie\/wp-content\/uploads\/2015\/08\/Majed-Gharsalli-Prison.jpg\"},{\"@type\":\"BreadcrumbList\",\"@id\":\"https:\/\/kapitalis.com\/tunisie\/2018\/09\/28\/aucun-avis-de-recherche-naurait-ete-emis-a-lencontre-de-gharsalli\/#breadcrumb\",\"itemListElement\":[{\"@type\":\"ListItem\",\"position\":1,\"name\":\"Accueil\",\"item\":\"https:\/\/kapitalis.com\/tunisie\/\"},{\"@type\":\"ListItem\",\"position\":2,\"name\":\"Aucun avis de recherche n\u2019aurait \u00e9t\u00e9 \u00e9mis \u00e0 l\u2019encontre de Gharsalli !\"}]},{\"@type\":\"WebSite\",\"@id\":\"https:\/\/kapitalis.com\/tunisie\/#website\",\"url\":\"https:\/\/kapitalis.com\/tunisie\/\",\"name\":\"Kapitalis\",\"description\":\"L&#039;actualit\u00e9 en Tunisie et dans le monde\",\"publisher\":{\"@id\":\"https:\/\/kapitalis.com\/tunisie\/#organization\"},\"potentialAction\":[{\"@type\":\"SearchAction\",\"target\":{\"@type\":\"EntryPoint\",\"urlTemplate\":\"https:\/\/kapitalis.com\/tunisie\/?s={search_term_string}\"},\"query-input\":{\"@type\":\"PropertyValueSpecification\",\"valueRequired\":true,\"valueName\":\"search_term_string\"}}],\"inLanguage\":\"fr-FR\"},{\"@type\":\"Organization\",\"@id\":\"https:\/\/kapitalis.com\/tunisie\/#organization\",\"name\":\"Kapitalis\",\"url\":\"https:\/\/kapitalis.com\/tunisie\/\",\"logo\":{\"@type\":\"ImageObject\",\"inLanguage\":\"fr-FR\",\"@id\":\"https:\/\/kapitalis.com\/tunisie\/#\/schema\/logo\/image\/\",\"url\":\"https:\/\/kapitalis.com\/tunisie\/wp-content\/uploads\/2022\/05\/Kapitalis-big-size.png\",\"contentUrl\":\"https:\/\/kapitalis.com\/tunisie\/wp-content\/uploads\/2022\/05\/Kapitalis-big-size.png\",\"width\":5000,\"height\":1500,\"caption\":\"Kapitalis\"},\"image\":{\"@id\":\"https:\/\/kapitalis.com\/tunisie\/#\/schema\/logo\/image\/\"},\"sameAs\":[\"https:\/\/www.facebook.com\/KapitalisInfo\/\",\"https:\/\/x.com\/KapitalisInfo\",\"https:\/\/www.youtube.com\/channel\/UC-yDYrHyfFBWWZaOw3FPg9Q\"]},{\"@type\":\"Person\",\"@id\":\"https:\/\/kapitalis.com\/tunisie\/#\/schema\/person\/74bbde0154d49d790a92aaeac5bc01d5\",\"name\":\"Yusra NY\",\"url\":\"https:\/\/kapitalis.com\/tunisie\/author\/yuza_adam\/\"}]}<\/script>\n<!-- \/ Yoast SEO plugin. -->","yoast_head_json":{"title":"Aucun avis de recherche n\u2019aurait \u00e9t\u00e9 \u00e9mis \u00e0 l\u2019encontre de Gharsalli ! - Kapitalis","robots":{"index":"index","follow":"follow","max-snippet":"max-snippet:-1","max-image-preview":"max-image-preview:large","max-video-preview":"max-video-preview:-1"},"canonical":"https:\/\/kapitalis.com\/tunisie\/2018\/09\/28\/aucun-avis-de-recherche-naurait-ete-emis-a-lencontre-de-gharsalli\/","og_locale":"fr_FR","og_type":"article","og_title":"Aucun avis de recherche n\u2019aurait \u00e9t\u00e9 \u00e9mis \u00e0 l\u2019encontre de Gharsalli ! - Kapitalis","og_description":"Raoudha Karafi, pr\u00e9sidente de l&rsquo;Association des magistrats tunisiens (AMT), a appel\u00e9 la \u00a0justice militaire \u00e0 \u00e9mettre un avis de recherche \u00e0 l\u2019encontre de l\u2019ancien ministre de l\u2019Int\u00e9rieur, Najem Gharsalli, accus\u00e9 dans une affaire d&rsquo;atteinte \u00e0 la s\u00fbret\u00e9 de l&rsquo;Etat.","og_url":"https:\/\/kapitalis.com\/tunisie\/2018\/09\/28\/aucun-avis-de-recherche-naurait-ete-emis-a-lencontre-de-gharsalli\/","og_site_name":"Kapitalis","article_publisher":"https:\/\/www.facebook.com\/KapitalisInfo\/","article_published_time":"2018-09-28T15:54:28+00:00","og_image":[{"url":"http:\/\/kapitalis.com\/tunisie\/wp-content\/uploads\/2015\/08\/Majed-Gharsalli-Prison.jpg","type":"","width":"","height":""}],"author":"Yusra NY","twitter_card":"summary_large_image","twitter_creator":"@KapitalisInfo","twitter_site":"@KapitalisInfo","twitter_misc":{"\u00c9crit par":"Yusra NY","Dur\u00e9e de lecture estim\u00e9e":"1 minute"},"schema":{"@context":"https:\/\/schema.org","@graph":[{"@type":"Article","@id":"https:\/\/kapitalis.com\/tunisie\/2018\/09\/28\/aucun-avis-de-recherche-naurait-ete-emis-a-lencontre-de-gharsalli\/#article","isPartOf":{"@id":"https:\/\/kapitalis.com\/tunisie\/2018\/09\/28\/aucun-avis-de-recherche-naurait-ete-emis-a-lencontre-de-gharsalli\/"},"author":{"name":"Yusra NY","@id":"https:\/\/kapitalis.com\/tunisie\/#\/schema\/person\/74bbde0154d49d790a92aaeac5bc01d5"},"headline":"Aucun avis de recherche n\u2019aurait \u00e9t\u00e9 \u00e9mis \u00e0 l\u2019encontre de Gharsalli !","datePublished":"2018-09-28T15:54:28+00:00","mainEntityOfPage":{"@id":"https:\/\/kapitalis.com\/tunisie\/2018\/09\/28\/aucun-avis-de-recherche-naurait-ete-emis-a-lencontre-de-gharsalli\/"},"wordCount":304,"commentCount":1,"publisher":{"@id":"https:\/\/kapitalis.com\/tunisie\/#organization"},"image":{"@id":"https:\/\/kapitalis.com\/tunisie\/2018\/09\/28\/aucun-avis-de-recherche-naurait-ete-emis-a-lencontre-de-gharsalli\/#primaryimage"},"thumbnailUrl":"http:\/\/kapitalis.com\/tunisie\/wp-content\/uploads\/2015\/08\/Majed-Gharsalli-Prison.jpg","keywords":["Chafik Jarraya","juges","justice militaire","Najem Gharsalli","Raoudha Karafi"],"articleSection":["POLITIQUE","Tunisie"],"inLanguage":"fr-FR","potentialAction":[{"@type":"CommentAction","name":"Comment","target":["https:\/\/kapitalis.com\/tunisie\/2018\/09\/28\/aucun-avis-de-recherche-naurait-ete-emis-a-lencontre-de-gharsalli\/#respond"]}]},{"@type":"WebPage","@id":"https:\/\/kapitalis.com\/tunisie\/2018\/09\/28\/aucun-avis-de-recherche-naurait-ete-emis-a-lencontre-de-gharsalli\/","url":"https:\/\/kapitalis.com\/tunisie\/2018\/09\/28\/aucun-avis-de-recherche-naurait-ete-emis-a-lencontre-de-gharsalli\/","name":"Aucun avis de recherche n\u2019aurait \u00e9t\u00e9 \u00e9mis \u00e0 l\u2019encontre de Gharsalli ! - Kapitalis","isPartOf":{"@id":"https:\/\/kapitalis.com\/tunisie\/#website"},"primaryImageOfPage":{"@id":"https:\/\/kapitalis.com\/tunisie\/2018\/09\/28\/aucun-avis-de-recherche-naurait-ete-emis-a-lencontre-de-gharsalli\/#primaryimage"},"image":{"@id":"https:\/\/kapitalis.com\/tunisie\/2018\/09\/28\/aucun-avis-de-recherche-naurait-ete-emis-a-lencontre-de-gharsalli\/#primaryimage"},"thumbnailUrl":"http:\/\/kapitalis.com\/tunisie\/wp-content\/uploads\/2015\/08\/Majed-Gharsalli-Prison.jpg","datePublished":"2018-09-28T15:54:28+00:00","breadcrumb":{"@id":"https:\/\/kapitalis.com\/tunisie\/2018\/09\/28\/aucun-avis-de-recherche-naurait-ete-emis-a-lencontre-de-gharsalli\/#breadcrumb"},"inLanguage":"fr-FR","potentialAction":[{"@type":"ReadAction","target":["https:\/\/kapitalis.com\/tunisie\/2018\/09\/28\/aucun-avis-de-recherche-naurait-ete-emis-a-lencontre-de-gharsalli\/"]}]},{"@type":"ImageObject","inLanguage":"fr-FR","@id":"https:\/\/kapitalis.com\/tunisie\/2018\/09\/28\/aucun-avis-de-recherche-naurait-ete-emis-a-lencontre-de-gharsalli\/#primaryimage","url":"http:\/\/kapitalis.com\/tunisie\/wp-content\/uploads\/2015\/08\/Majed-Gharsalli-Prison.jpg","contentUrl":"http:\/\/kapitalis.com\/tunisie\/wp-content\/uploads\/2015\/08\/Majed-Gharsalli-Prison.jpg"},{"@type":"BreadcrumbList","@id":"https:\/\/kapitalis.com\/tunisie\/2018\/09\/28\/aucun-avis-de-recherche-naurait-ete-emis-a-lencontre-de-gharsalli\/#breadcrumb","itemListElement":[{"@type":"ListItem","position":1,"name":"Accueil","item":"https:\/\/kapitalis.com\/tunisie\/"},{"@type":"ListItem","position":2,"name":"Aucun avis de recherche n\u2019aurait \u00e9t\u00e9 \u00e9mis \u00e0 l\u2019encontre de Gharsalli !"}]},{"@type":"WebSite","@id":"https:\/\/kapitalis.com\/tunisie\/#website","url":"https:\/\/kapitalis.com\/tunisie\/","name":"Kapitalis","description":"L&#039;actualit\u00e9 en Tunisie et dans le monde","publisher":{"@id":"https:\/\/kapitalis.com\/tunisie\/#organization"},"potentialAction":[{"@type":"SearchAction","target":{"@type":"EntryPoint","urlTemplate":"https:\/\/kapitalis.com\/tunisie\/?s={search_term_string}"},"query-input":{"@type":"PropertyValueSpecification","valueRequired":true,"valueName":"search_term_string"}}],"inLanguage":"fr-FR"},{"@type":"Organization","@id":"https:\/\/kapitalis.com\/tunisie\/#organization","name":"Kapitalis","url":"https:\/\/kapitalis.com\/tunisie\/","logo":{"@type":"ImageObject","inLanguage":"fr-FR","@id":"https:\/\/kapitalis.com\/tunisie\/#\/schema\/logo\/image\/","url":"https:\/\/kapitalis.com\/tunisie\/wp-content\/uploads\/2022\/05\/Kapitalis-big-size.png","contentUrl":"https:\/\/kapitalis.com\/tunisie\/wp-content\/uploads\/2022\/05\/Kapitalis-big-size.png","width":5000,"height":1500,"caption":"Kapitalis"},"image":{"@id":"https:\/\/kapitalis.com\/tunisie\/#\/schema\/logo\/image\/"},"sameAs":["https:\/\/www.facebook.com\/KapitalisInfo\/","https:\/\/x.com\/KapitalisInfo","https:\/\/www.youtube.com\/channel\/UC-yDYrHyfFBWWZaOw3FPg9Q"]},{"@type":"Person","@id":"https:\/\/kapitalis.com\/tunisie\/#\/schema\/person\/74bbde0154d49d790a92aaeac5bc01d5","name":"Yusra NY","url":"https:\/\/kapitalis.com\/tunisie\/author\/yuza_adam\/"}]}},"_links":{"self":[{"href":"https:\/\/kapitalis.com\/tunisie\/wp-json\/wp\/v2\/posts\/176088","targetHints":{"allow":["GET"]}}],"collection":[{"href":"https:\/\/kapitalis.com\/tunisie\/wp-json\/wp\/v2\/posts"}],"about":[{"href":"https:\/\/kapitalis.com\/tunisie\/wp-json\/wp\/v2\/types\/post"}],"author":[{"embeddable":true,"href":"https:\/\/kapitalis.com\/tunisie\/wp-json\/wp\/v2\/users\/6"}],"replies":[{"embeddable":true,"href":"https:\/\/kapitalis.com\/tunisie\/wp-json\/wp\/v2\/comments?post=176088"}],"version-history":[{"count":0,"href":"https:\/\/kapitalis.com\/tunisie\/wp-json\/wp\/v2\/posts\/176088\/revisions"}],"wp:attachment":[{"href":"https:\/\/kapitalis.com\/tunisie\/wp-json\/wp\/v2\/media?parent=176088"}],"wp:term":[{"taxonomy":"category","embeddable":true,"href":"https:\/\/kapitalis.com\/tunisie\/wp-json\/wp\/v2\/categories?post=176088"},{"taxonomy":"post_tag","embeddable":true,"href":"https:\/\/kapitalis.com\/tunisie\/wp-json\/wp\/v2\/tags?post=176088"}],"curies":[{"name":"wp","href":"https:\/\/api.w.org\/{rel}","templated":true}]}}