{"id":176132,"date":"2018-09-28T18:48:00","date_gmt":"2018-09-28T17:48:00","guid":{"rendered":"http:\/\/kapitalis.com\/tunisie\/?p=176132"},"modified":"2018-09-28T18:48:00","modified_gmt":"2018-09-28T17:48:00","slug":"tunisie-une-ado-de-14-ans-enceinte-plainte-contre-un-pere-de-famille","status":"publish","type":"post","link":"https:\/\/kapitalis.com\/tunisie\/2018\/09\/28\/tunisie-une-ado-de-14-ans-enceinte-plainte-contre-un-pere-de-famille\/","title":{"rendered":"Tunisie : Une ado de 14 ans enceinte, plainte contre un p\u00e8re de famille"},"content":{"rendered":"<p style=\"text-align: center;\"><img loading=\"lazy\" decoding=\"async\" class=\"alignnone size-full wp-image-38330\" src=\"http:\/\/kapitalis.com\/tunisie\/wp-content\/uploads\/2016\/02\/ado-enceinte.jpg\" alt=\"\" width=\"626\" height=\"380\" \/><\/p>\n<p><em><strong>La m\u00e8re d\u2019une adolescente de 14 ans a port\u00e9 plainte, la semaine derni\u00e8re, contre son voisin, un p\u00e8re de famille, qu\u2019elle accuse d\u2019avoir viol\u00e9 sa fille \u00e0 plusieurs reprises et de l&rsquo;avoir fait tomber enceinte.<\/strong><\/em><!--more--><\/p>\n<p>T\u00e9moignant aujourd\u2019hui, vendredi 28 septembre 2018, sur Sabra Fm, la maman n\u2019a pas voulu pr\u00e9ciser la ville o\u00f9 elle habite, afin d\u2019\u00e9viter tout risque d\u2019identification de sa fille, qui vit un v\u00e9ritable drame.<\/p>\n<p>Selon la plaignante, des viols r\u00e9p\u00e9titifs avaient eu lieu, au cours du mois de ramadan,\u00a0en juin dernier, mais sa fille ne lui en avait pas parl\u00e9, parce que son violeur, dit-elle, l\u2019avait film\u00e9e nue et mena\u00e7ait de publier ses photos et ses vid\u00e9os sur Facebook.<\/p>\n<p>Mais le mois dernier, la fille a \u00e9t\u00e9 prise de douleurs abdominales, et les m\u00e9decins ont d\u00e9couvert qu\u2019elle est enceinte. La maman a dit que la protection de l\u2019enfance a \u00e9t\u00e9 inform\u00e9e et qu\u2019une plainte a \u00e9t\u00e9 d\u00e9pos\u00e9e contre le violeur pr\u00e9sum\u00e9.<\/p>\n<p>Ce dernier a ni\u00e9 les faits et assur\u00e9 n\u2019avoir jamais touch\u00e9 \u00e0 l\u2019adolescente et qu\u2019il la consid\u00e8re comme sa propre fille, selon ses dires. L\u2019enqu\u00eate se poursuit et il a \u00e9t\u00e9 maintenu en libert\u00e9.<\/p>\n<p>La m\u00e8re a soulign\u00e9 que sa fille passait les soir\u00e9es ramadanesques chez ses voisins, mais ignorait que l\u2019\u00e9pouse et les enfants du violeur pr\u00e9sum\u00e9 n\u2019\u00e9taient pas \u00e0 la maison.<\/p>\n<p><em>\u00abJe le consid\u00e9rais comme un fr\u00e8re, jamais je n\u2019aurais imagin\u00e9 qu\u2019il puisse faire du mal \u00e0 ma fille, ce que j\u2019ai de plus cher\u00bb,<\/em> a lanc\u00e9 la maman de la victime, en appelant la justice \u00e0 trancher rapidement, car elle ne peut plus supporter de voir son voisin, vivre sa vie, comme si de rien n\u2019\u00e9tait.<\/p>\n<p style=\"text-align: right;\"><strong>Y. N.<\/strong><\/p>\n<blockquote class=\"wp-embedded-content\" data-secret=\"SHUiljCAo3\"><p><a href=\"https:\/\/kapitalis.com\/tunisie\/2018\/09\/28\/viol-dune-enfant-de-6-ans-a-tazarka-un-suspect-arrete\/\">Viol d\u2019une enfant de 6 ans \u00e0 Tazarka : Un suspect arr\u00eat\u00e9<\/a><\/p><\/blockquote>\n<p><iframe loading=\"lazy\" class=\"wp-embedded-content\" sandbox=\"allow-scripts\" security=\"restricted\" style=\"position: absolute; clip: rect(1px, 1px, 1px, 1px);\" title=\"\u00ab\u00a0Viol d\u2019une enfant de 6 ans \u00e0 Tazarka : Un suspect arr\u00eat\u00e9\u00a0\u00bb &#8212; Kapitalis\" src=\"https:\/\/kapitalis.com\/tunisie\/2018\/09\/28\/viol-dune-enfant-de-6-ans-a-tazarka-un-suspect-arrete\/embed\/#?secret=oi458ZhWX7#?secret=SHUiljCAo3\" data-secret=\"SHUiljCAo3\" width=\"600\" height=\"338\" frameborder=\"0\" marginwidth=\"0\" marginheight=\"0\" scrolling=\"no\"><\/iframe><\/p>\n<blockquote class=\"wp-embedded-content\" data-secret=\"8WAf2GasAJ\"><p><a href=\"https:\/\/kapitalis.com\/tunisie\/2018\/09\/07\/viol-dune-fille-de-18-ans-a-beja-un-pere-de-famille-arrete\/\">Viol d\u2019une fille de 18 ans \u00e0 B\u00e9ja : Un p\u00e8re de famille arr\u00eat\u00e9<\/a><\/p><\/blockquote>\n<p><iframe loading=\"lazy\" class=\"wp-embedded-content\" sandbox=\"allow-scripts\" security=\"restricted\" style=\"position: absolute; clip: rect(1px, 1px, 1px, 1px);\" title=\"\u00ab\u00a0Viol d\u2019une fille de 18 ans \u00e0 B\u00e9ja : Un p\u00e8re de famille arr\u00eat\u00e9\u00a0\u00bb &#8212; Kapitalis\" src=\"https:\/\/kapitalis.com\/tunisie\/2018\/09\/07\/viol-dune-fille-de-18-ans-a-beja-un-pere-de-famille-arrete\/embed\/#?secret=B3dPBTArRN#?secret=8WAf2GasAJ\" data-secret=\"8WAf2GasAJ\" width=\"600\" height=\"338\" frameborder=\"0\" marginwidth=\"0\" marginheight=\"0\" scrolling=\"no\"><\/iframe><\/p>\n","protected":false},"excerpt":{"rendered":"<p>La m\u00e8re d\u2019une adolescente de 14 ans a port\u00e9 plainte, la semaine derni\u00e8re, contre son voisin, un p\u00e8re de famille, qu\u2019elle accuse d\u2019avoir viol\u00e9 sa fille \u00e0 plusieurs reprises et de l&rsquo;avoir fait tomber enceinte.<\/p>\n","protected":false},"author":6,"featured_media":0,"comment_status":"open","ping_status":"open","sticky":false,"template":"","format":"standard","meta":{"footnotes":""},"categories":[998,2433],"tags":[17173,721,950],"class_list":["post-176132","post","type-post","status-publish","format-standard","hentry","category-societe","category-tunisie","tag-abus-sexuel","tag-plainte","tag-viol"],"yoast_head":"<!-- This site is optimized with the Yoast SEO plugin v26.6 - https:\/\/yoast.com\/wordpress\/plugins\/seo\/ -->\n<title>Tunisie : Une ado de 14 ans enceinte, plainte contre un p\u00e8re de famille - Kapitalis<\/title>\n<meta name=\"robots\" content=\"index, follow, max-snippet:-1, max-image-preview:large, max-video-preview:-1\" \/>\n<link rel=\"canonical\" href=\"https:\/\/kapitalis.com\/tunisie\/2018\/09\/28\/tunisie-une-ado-de-14-ans-enceinte-plainte-contre-un-pere-de-famille\/\" \/>\n<meta property=\"og:locale\" content=\"fr_FR\" \/>\n<meta property=\"og:type\" content=\"article\" \/>\n<meta property=\"og:title\" content=\"Tunisie : Une ado de 14 ans enceinte, plainte contre un p\u00e8re de famille - Kapitalis\" \/>\n<meta property=\"og:description\" content=\"La m\u00e8re d\u2019une adolescente de 14 ans a port\u00e9 plainte, la semaine derni\u00e8re, contre son voisin, un p\u00e8re de famille, qu\u2019elle accuse d\u2019avoir viol\u00e9 sa fille \u00e0 plusieurs reprises et de l&rsquo;avoir fait tomber enceinte.\" \/>\n<meta property=\"og:url\" content=\"https:\/\/kapitalis.com\/tunisie\/2018\/09\/28\/tunisie-une-ado-de-14-ans-enceinte-plainte-contre-un-pere-de-famille\/\" \/>\n<meta property=\"og:site_name\" content=\"Kapitalis\" \/>\n<meta property=\"article:publisher\" content=\"https:\/\/www.facebook.com\/KapitalisInfo\/\" \/>\n<meta property=\"article:published_time\" content=\"2018-09-28T17:48:00+00:00\" \/>\n<meta property=\"og:image\" content=\"http:\/\/kapitalis.com\/tunisie\/wp-content\/uploads\/2016\/02\/ado-enceinte.jpg\" \/>\n<meta name=\"author\" content=\"Yusra NY\" \/>\n<meta name=\"twitter:card\" content=\"summary_large_image\" \/>\n<meta name=\"twitter:creator\" content=\"@KapitalisInfo\" \/>\n<meta name=\"twitter:site\" content=\"@KapitalisInfo\" \/>\n<meta name=\"twitter:label1\" content=\"\u00c9crit par\" \/>\n\t<meta name=\"twitter:data1\" content=\"Yusra NY\" \/>\n\t<meta name=\"twitter:label2\" content=\"Dur\u00e9e de lecture estim\u00e9e\" \/>\n\t<meta name=\"twitter:data2\" content=\"2 minutes\" \/>\n<script type=\"application\/ld+json\" class=\"yoast-schema-graph\">{\"@context\":\"https:\/\/schema.org\",\"@graph\":[{\"@type\":\"Article\",\"@id\":\"https:\/\/kapitalis.com\/tunisie\/2018\/09\/28\/tunisie-une-ado-de-14-ans-enceinte-plainte-contre-un-pere-de-famille\/#article\",\"isPartOf\":{\"@id\":\"https:\/\/kapitalis.com\/tunisie\/2018\/09\/28\/tunisie-une-ado-de-14-ans-enceinte-plainte-contre-un-pere-de-famille\/\"},\"author\":{\"name\":\"Yusra NY\",\"@id\":\"https:\/\/kapitalis.com\/tunisie\/#\/schema\/person\/74bbde0154d49d790a92aaeac5bc01d5\"},\"headline\":\"Tunisie : Une ado de 14 ans enceinte, plainte contre un p\u00e8re de famille\",\"datePublished\":\"2018-09-28T17:48:00+00:00\",\"mainEntityOfPage\":{\"@id\":\"https:\/\/kapitalis.com\/tunisie\/2018\/09\/28\/tunisie-une-ado-de-14-ans-enceinte-plainte-contre-un-pere-de-famille\/\"},\"wordCount\":339,\"commentCount\":4,\"publisher\":{\"@id\":\"https:\/\/kapitalis.com\/tunisie\/#organization\"},\"image\":{\"@id\":\"https:\/\/kapitalis.com\/tunisie\/2018\/09\/28\/tunisie-une-ado-de-14-ans-enceinte-plainte-contre-un-pere-de-famille\/#primaryimage\"},\"thumbnailUrl\":\"http:\/\/kapitalis.com\/tunisie\/wp-content\/uploads\/2016\/02\/ado-enceinte.jpg\",\"keywords\":[\"abus sexuel\",\"plainte\",\"viol\"],\"articleSection\":[\"SOCIETE\",\"Tunisie\"],\"inLanguage\":\"fr-FR\",\"potentialAction\":[{\"@type\":\"CommentAction\",\"name\":\"Comment\",\"target\":[\"https:\/\/kapitalis.com\/tunisie\/2018\/09\/28\/tunisie-une-ado-de-14-ans-enceinte-plainte-contre-un-pere-de-famille\/#respond\"]}]},{\"@type\":\"WebPage\",\"@id\":\"https:\/\/kapitalis.com\/tunisie\/2018\/09\/28\/tunisie-une-ado-de-14-ans-enceinte-plainte-contre-un-pere-de-famille\/\",\"url\":\"https:\/\/kapitalis.com\/tunisie\/2018\/09\/28\/tunisie-une-ado-de-14-ans-enceinte-plainte-contre-un-pere-de-famille\/\",\"name\":\"Tunisie : Une ado de 14 ans enceinte, plainte contre un p\u00e8re de famille - Kapitalis\",\"isPartOf\":{\"@id\":\"https:\/\/kapitalis.com\/tunisie\/#website\"},\"primaryImageOfPage\":{\"@id\":\"https:\/\/kapitalis.com\/tunisie\/2018\/09\/28\/tunisie-une-ado-de-14-ans-enceinte-plainte-contre-un-pere-de-famille\/#primaryimage\"},\"image\":{\"@id\":\"https:\/\/kapitalis.com\/tunisie\/2018\/09\/28\/tunisie-une-ado-de-14-ans-enceinte-plainte-contre-un-pere-de-famille\/#primaryimage\"},\"thumbnailUrl\":\"http:\/\/kapitalis.com\/tunisie\/wp-content\/uploads\/2016\/02\/ado-enceinte.jpg\",\"datePublished\":\"2018-09-28T17:48:00+00:00\",\"breadcrumb\":{\"@id\":\"https:\/\/kapitalis.com\/tunisie\/2018\/09\/28\/tunisie-une-ado-de-14-ans-enceinte-plainte-contre-un-pere-de-famille\/#breadcrumb\"},\"inLanguage\":\"fr-FR\",\"potentialAction\":[{\"@type\":\"ReadAction\",\"target\":[\"https:\/\/kapitalis.com\/tunisie\/2018\/09\/28\/tunisie-une-ado-de-14-ans-enceinte-plainte-contre-un-pere-de-famille\/\"]}]},{\"@type\":\"ImageObject\",\"inLanguage\":\"fr-FR\",\"@id\":\"https:\/\/kapitalis.com\/tunisie\/2018\/09\/28\/tunisie-une-ado-de-14-ans-enceinte-plainte-contre-un-pere-de-famille\/#primaryimage\",\"url\":\"http:\/\/kapitalis.com\/tunisie\/wp-content\/uploads\/2016\/02\/ado-enceinte.jpg\",\"contentUrl\":\"http:\/\/kapitalis.com\/tunisie\/wp-content\/uploads\/2016\/02\/ado-enceinte.jpg\"},{\"@type\":\"BreadcrumbList\",\"@id\":\"https:\/\/kapitalis.com\/tunisie\/2018\/09\/28\/tunisie-une-ado-de-14-ans-enceinte-plainte-contre-un-pere-de-famille\/#breadcrumb\",\"itemListElement\":[{\"@type\":\"ListItem\",\"position\":1,\"name\":\"Accueil\",\"item\":\"https:\/\/kapitalis.com\/tunisie\/\"},{\"@type\":\"ListItem\",\"position\":2,\"name\":\"Tunisie : Une ado de 14 ans enceinte, plainte contre un p\u00e8re de famille\"}]},{\"@type\":\"WebSite\",\"@id\":\"https:\/\/kapitalis.com\/tunisie\/#website\",\"url\":\"https:\/\/kapitalis.com\/tunisie\/\",\"name\":\"Kapitalis\",\"description\":\"L&#039;actualit\u00e9 en Tunisie et dans le monde\",\"publisher\":{\"@id\":\"https:\/\/kapitalis.com\/tunisie\/#organization\"},\"potentialAction\":[{\"@type\":\"SearchAction\",\"target\":{\"@type\":\"EntryPoint\",\"urlTemplate\":\"https:\/\/kapitalis.com\/tunisie\/?s={search_term_string}\"},\"query-input\":{\"@type\":\"PropertyValueSpecification\",\"valueRequired\":true,\"valueName\":\"search_term_string\"}}],\"inLanguage\":\"fr-FR\"},{\"@type\":\"Organization\",\"@id\":\"https:\/\/kapitalis.com\/tunisie\/#organization\",\"name\":\"Kapitalis\",\"url\":\"https:\/\/kapitalis.com\/tunisie\/\",\"logo\":{\"@type\":\"ImageObject\",\"inLanguage\":\"fr-FR\",\"@id\":\"https:\/\/kapitalis.com\/tunisie\/#\/schema\/logo\/image\/\",\"url\":\"https:\/\/kapitalis.com\/tunisie\/wp-content\/uploads\/2022\/05\/Kapitalis-big-size.png\",\"contentUrl\":\"https:\/\/kapitalis.com\/tunisie\/wp-content\/uploads\/2022\/05\/Kapitalis-big-size.png\",\"width\":5000,\"height\":1500,\"caption\":\"Kapitalis\"},\"image\":{\"@id\":\"https:\/\/kapitalis.com\/tunisie\/#\/schema\/logo\/image\/\"},\"sameAs\":[\"https:\/\/www.facebook.com\/KapitalisInfo\/\",\"https:\/\/x.com\/KapitalisInfo\",\"https:\/\/www.youtube.com\/channel\/UC-yDYrHyfFBWWZaOw3FPg9Q\"]},{\"@type\":\"Person\",\"@id\":\"https:\/\/kapitalis.com\/tunisie\/#\/schema\/person\/74bbde0154d49d790a92aaeac5bc01d5\",\"name\":\"Yusra NY\",\"url\":\"https:\/\/kapitalis.com\/tunisie\/author\/yuza_adam\/\"}]}<\/script>\n<!-- \/ Yoast SEO plugin. -->","yoast_head_json":{"title":"Tunisie : Une ado de 14 ans enceinte, plainte contre un p\u00e8re de famille - Kapitalis","robots":{"index":"index","follow":"follow","max-snippet":"max-snippet:-1","max-image-preview":"max-image-preview:large","max-video-preview":"max-video-preview:-1"},"canonical":"https:\/\/kapitalis.com\/tunisie\/2018\/09\/28\/tunisie-une-ado-de-14-ans-enceinte-plainte-contre-un-pere-de-famille\/","og_locale":"fr_FR","og_type":"article","og_title":"Tunisie : Une ado de 14 ans enceinte, plainte contre un p\u00e8re de famille - Kapitalis","og_description":"La m\u00e8re d\u2019une adolescente de 14 ans a port\u00e9 plainte, la semaine derni\u00e8re, contre son voisin, un p\u00e8re de famille, qu\u2019elle accuse d\u2019avoir viol\u00e9 sa fille \u00e0 plusieurs reprises et de l&rsquo;avoir fait tomber enceinte.","og_url":"https:\/\/kapitalis.com\/tunisie\/2018\/09\/28\/tunisie-une-ado-de-14-ans-enceinte-plainte-contre-un-pere-de-famille\/","og_site_name":"Kapitalis","article_publisher":"https:\/\/www.facebook.com\/KapitalisInfo\/","article_published_time":"2018-09-28T17:48:00+00:00","og_image":[{"url":"http:\/\/kapitalis.com\/tunisie\/wp-content\/uploads\/2016\/02\/ado-enceinte.jpg","type":"","width":"","height":""}],"author":"Yusra NY","twitter_card":"summary_large_image","twitter_creator":"@KapitalisInfo","twitter_site":"@KapitalisInfo","twitter_misc":{"\u00c9crit par":"Yusra NY","Dur\u00e9e de lecture estim\u00e9e":"2 minutes"},"schema":{"@context":"https:\/\/schema.org","@graph":[{"@type":"Article","@id":"https:\/\/kapitalis.com\/tunisie\/2018\/09\/28\/tunisie-une-ado-de-14-ans-enceinte-plainte-contre-un-pere-de-famille\/#article","isPartOf":{"@id":"https:\/\/kapitalis.com\/tunisie\/2018\/09\/28\/tunisie-une-ado-de-14-ans-enceinte-plainte-contre-un-pere-de-famille\/"},"author":{"name":"Yusra NY","@id":"https:\/\/kapitalis.com\/tunisie\/#\/schema\/person\/74bbde0154d49d790a92aaeac5bc01d5"},"headline":"Tunisie : Une ado de 14 ans enceinte, plainte contre un p\u00e8re de famille","datePublished":"2018-09-28T17:48:00+00:00","mainEntityOfPage":{"@id":"https:\/\/kapitalis.com\/tunisie\/2018\/09\/28\/tunisie-une-ado-de-14-ans-enceinte-plainte-contre-un-pere-de-famille\/"},"wordCount":339,"commentCount":4,"publisher":{"@id":"https:\/\/kapitalis.com\/tunisie\/#organization"},"image":{"@id":"https:\/\/kapitalis.com\/tunisie\/2018\/09\/28\/tunisie-une-ado-de-14-ans-enceinte-plainte-contre-un-pere-de-famille\/#primaryimage"},"thumbnailUrl":"http:\/\/kapitalis.com\/tunisie\/wp-content\/uploads\/2016\/02\/ado-enceinte.jpg","keywords":["abus sexuel","plainte","viol"],"articleSection":["SOCIETE","Tunisie"],"inLanguage":"fr-FR","potentialAction":[{"@type":"CommentAction","name":"Comment","target":["https:\/\/kapitalis.com\/tunisie\/2018\/09\/28\/tunisie-une-ado-de-14-ans-enceinte-plainte-contre-un-pere-de-famille\/#respond"]}]},{"@type":"WebPage","@id":"https:\/\/kapitalis.com\/tunisie\/2018\/09\/28\/tunisie-une-ado-de-14-ans-enceinte-plainte-contre-un-pere-de-famille\/","url":"https:\/\/kapitalis.com\/tunisie\/2018\/09\/28\/tunisie-une-ado-de-14-ans-enceinte-plainte-contre-un-pere-de-famille\/","name":"Tunisie : Une ado de 14 ans enceinte, plainte contre un p\u00e8re de famille - Kapitalis","isPartOf":{"@id":"https:\/\/kapitalis.com\/tunisie\/#website"},"primaryImageOfPage":{"@id":"https:\/\/kapitalis.com\/tunisie\/2018\/09\/28\/tunisie-une-ado-de-14-ans-enceinte-plainte-contre-un-pere-de-famille\/#primaryimage"},"image":{"@id":"https:\/\/kapitalis.com\/tunisie\/2018\/09\/28\/tunisie-une-ado-de-14-ans-enceinte-plainte-contre-un-pere-de-famille\/#primaryimage"},"thumbnailUrl":"http:\/\/kapitalis.com\/tunisie\/wp-content\/uploads\/2016\/02\/ado-enceinte.jpg","datePublished":"2018-09-28T17:48:00+00:00","breadcrumb":{"@id":"https:\/\/kapitalis.com\/tunisie\/2018\/09\/28\/tunisie-une-ado-de-14-ans-enceinte-plainte-contre-un-pere-de-famille\/#breadcrumb"},"inLanguage":"fr-FR","potentialAction":[{"@type":"ReadAction","target":["https:\/\/kapitalis.com\/tunisie\/2018\/09\/28\/tunisie-une-ado-de-14-ans-enceinte-plainte-contre-un-pere-de-famille\/"]}]},{"@type":"ImageObject","inLanguage":"fr-FR","@id":"https:\/\/kapitalis.com\/tunisie\/2018\/09\/28\/tunisie-une-ado-de-14-ans-enceinte-plainte-contre-un-pere-de-famille\/#primaryimage","url":"http:\/\/kapitalis.com\/tunisie\/wp-content\/uploads\/2016\/02\/ado-enceinte.jpg","contentUrl":"http:\/\/kapitalis.com\/tunisie\/wp-content\/uploads\/2016\/02\/ado-enceinte.jpg"},{"@type":"BreadcrumbList","@id":"https:\/\/kapitalis.com\/tunisie\/2018\/09\/28\/tunisie-une-ado-de-14-ans-enceinte-plainte-contre-un-pere-de-famille\/#breadcrumb","itemListElement":[{"@type":"ListItem","position":1,"name":"Accueil","item":"https:\/\/kapitalis.com\/tunisie\/"},{"@type":"ListItem","position":2,"name":"Tunisie : Une ado de 14 ans enceinte, plainte contre un p\u00e8re de famille"}]},{"@type":"WebSite","@id":"https:\/\/kapitalis.com\/tunisie\/#website","url":"https:\/\/kapitalis.com\/tunisie\/","name":"Kapitalis","description":"L&#039;actualit\u00e9 en Tunisie et dans le monde","publisher":{"@id":"https:\/\/kapitalis.com\/tunisie\/#organization"},"potentialAction":[{"@type":"SearchAction","target":{"@type":"EntryPoint","urlTemplate":"https:\/\/kapitalis.com\/tunisie\/?s={search_term_string}"},"query-input":{"@type":"PropertyValueSpecification","valueRequired":true,"valueName":"search_term_string"}}],"inLanguage":"fr-FR"},{"@type":"Organization","@id":"https:\/\/kapitalis.com\/tunisie\/#organization","name":"Kapitalis","url":"https:\/\/kapitalis.com\/tunisie\/","logo":{"@type":"ImageObject","inLanguage":"fr-FR","@id":"https:\/\/kapitalis.com\/tunisie\/#\/schema\/logo\/image\/","url":"https:\/\/kapitalis.com\/tunisie\/wp-content\/uploads\/2022\/05\/Kapitalis-big-size.png","contentUrl":"https:\/\/kapitalis.com\/tunisie\/wp-content\/uploads\/2022\/05\/Kapitalis-big-size.png","width":5000,"height":1500,"caption":"Kapitalis"},"image":{"@id":"https:\/\/kapitalis.com\/tunisie\/#\/schema\/logo\/image\/"},"sameAs":["https:\/\/www.facebook.com\/KapitalisInfo\/","https:\/\/x.com\/KapitalisInfo","https:\/\/www.youtube.com\/channel\/UC-yDYrHyfFBWWZaOw3FPg9Q"]},{"@type":"Person","@id":"https:\/\/kapitalis.com\/tunisie\/#\/schema\/person\/74bbde0154d49d790a92aaeac5bc01d5","name":"Yusra NY","url":"https:\/\/kapitalis.com\/tunisie\/author\/yuza_adam\/"}]}},"_links":{"self":[{"href":"https:\/\/kapitalis.com\/tunisie\/wp-json\/wp\/v2\/posts\/176132","targetHints":{"allow":["GET"]}}],"collection":[{"href":"https:\/\/kapitalis.com\/tunisie\/wp-json\/wp\/v2\/posts"}],"about":[{"href":"https:\/\/kapitalis.com\/tunisie\/wp-json\/wp\/v2\/types\/post"}],"author":[{"embeddable":true,"href":"https:\/\/kapitalis.com\/tunisie\/wp-json\/wp\/v2\/users\/6"}],"replies":[{"embeddable":true,"href":"https:\/\/kapitalis.com\/tunisie\/wp-json\/wp\/v2\/comments?post=176132"}],"version-history":[{"count":0,"href":"https:\/\/kapitalis.com\/tunisie\/wp-json\/wp\/v2\/posts\/176132\/revisions"}],"wp:attachment":[{"href":"https:\/\/kapitalis.com\/tunisie\/wp-json\/wp\/v2\/media?parent=176132"}],"wp:term":[{"taxonomy":"category","embeddable":true,"href":"https:\/\/kapitalis.com\/tunisie\/wp-json\/wp\/v2\/categories?post=176132"},{"taxonomy":"post_tag","embeddable":true,"href":"https:\/\/kapitalis.com\/tunisie\/wp-json\/wp\/v2\/tags?post=176132"}],"curies":[{"name":"wp","href":"https:\/\/api.w.org\/{rel}","templated":true}]}}