{"id":176367,"date":"2018-10-01T08:01:11","date_gmt":"2018-10-01T07:01:11","guid":{"rendered":"http:\/\/kapitalis.com\/tunisie\/?p=176367"},"modified":"2018-10-01T08:41:34","modified_gmt":"2018-10-01T07:41:34","slug":"sahbi-basly-le-president-caid-essebsi-ne-rassure-plus-les-tunisiens","status":"publish","type":"post","link":"https:\/\/kapitalis.com\/tunisie\/2018\/10\/01\/sahbi-basly-le-president-caid-essebsi-ne-rassure-plus-les-tunisiens\/","title":{"rendered":"Sahbi Basly : Le pr\u00e9sident Ca\u00efd Essebsi ne rassure plus les Tunisiens"},"content":{"rendered":"<p style=\"text-align: center;\"><img loading=\"lazy\" decoding=\"async\" class=\"alignnone size-full wp-image-70218\" src=\"http:\/\/kapitalis.com\/tunisie\/wp-content\/uploads\/2016\/10\/Mohamed-Sahbi-Basly.jpg\" alt=\"\" width=\"626\" height=\"380\" \/><\/p>\n<p><em><strong>L\u2019ancien ambassadeur Sahbi Basly a comment\u00e9 l\u2019entretien t\u00e9l\u00e9vis\u00e9 donn\u00e9 lundi dernier par le pr\u00e9sident de la R\u00e9publique B\u00e9ji Ca\u00efd Essebsi \u00e0 la cha\u00eene El Hiwar Ettounsi. Il n\u2019y va pas par quatre chemin\u2026<\/strong> <\/em><\/p>\n<p><!--more--><\/p>\n<p>Tout en estimant que M. Ca\u00efd Essebsi aurait pu faire l\u2019\u00e9conomie d\u2019un tel entretien en ce moment parce qu\u2019il <em>\u00abne poss\u00e8de pas toutes les cartes en mains pour apporter des solutions radicales \u00e0 la situation politique du pays qui perdure depuis pr\u00e8s d&rsquo;une ann\u00e9e\u00bb<\/em>, il a constat\u00e9 que ce dernier <em>\u00abn\u2019\u00e9tait pas \u00e0 l\u2019aise, plut\u00f4t nerveux, h\u00e9sitant\u2026 et m\u00eame ses r\u00e9f\u00e9rences historiques n\u2019ont pas \u00e9t\u00e9 judicieuses et appropri\u00e9es\u00bb<\/em>. Bref, M. Ca\u00efd Essebsi <em>\u00abne rassure plus&#8230; il n\u2019est plus le refuge de tous les Tunisiens\u2026\u00bb<\/em> Son erreur a \u00e9t\u00e9 d\u2019avoir <em>\u00abpris part \u00e0 la bataille\u00bb<\/em> et d\u2019avoir <em>\u00abchoisi son camp\u00bb<\/em>. Traduire : dans le conflit opposant le chef du gouvernement Youssef Chahed et le directeur ex\u00e9cutif de Nidaa Tounes, Hafedh Ca\u00efd Essebsi, il a choisi de se ranger dans le camp de ce dernier.<\/p>\n<p>L\u2019autre grave erreur de M. Ca\u00efd Essebsi est de n\u2019avoir pas r\u00e9agi \u00e0 temps pour r\u00e9gler la crise au sein du parti qu\u2019il avait fond\u00e9 en 2012 et qui a commenc\u00e9 \u00e0 montrer des fissures d\u00e8s 2013. Et ce n\u2019est pas faute d\u2019avoir \u00e9t\u00e9 averti <em>\u00abquant \u00e0 cette issue in\u00e9luctable de Nidaa Tounes d\u00e8s 2013 par de nombreux patriotes dont moi m\u00eame a titre personnel puis publiquement\u00bb<\/em>, \u00e9crit-il. Ce qui explique, selon lui, la distance que de nombreux acteurs politiques de premier ordre ont pris vis-\u00e0-vis de Nidaa Tounes, qui \u00e9tait, par ailleurs, <em>\u00abenvahi par de nombreux opportunistes\u00bb.<\/em><\/p>\n<p>Tout en estimant que le pr\u00e9sident Ca\u00efd Essebsi a fait le bon choix en nommant Youssef Chahed \u00e0 la t\u00eate du gouvernement, <em>\u00abcar il fallait changer de g\u00e9n\u00e9ration politique\u00bb<\/em>. Et puis, ce dernier <em>\u00aba eu l\u2019intelligence d\u2019apprendre vite les rouages du pouvoir\u00bb, et il est \u00abconnu et appr\u00e9ci\u00e9 dans les r\u00e9gions, ce que ses pr\u00e9d\u00e9cesseurs n\u2019ont pas fait&#8230; ou n\u2019ont pas pu faire\u00bb.<\/em> Mieux encore : <em>\u00abil semble avoir le courage et la fougue n\u00e9cessaire pour son travail&#8230; le verbe franc&#8230; la d\u00e9cision rapide&#8230; le r\u00e9flexe du d\u00e9cideur&#8230; m\u00eame s\u2019il lui arrive de se tromper parfois&#8230; qui ne le fait pas?\u00bb.<\/em><\/p>\n<p>M. Basly rappelle au pr\u00e9sident de la r\u00e9publique, qui veut pousser M. Chahed \u00e0 la d\u00e9mission pour satisfaire un caprice de son fils, que<em> \u00abla stabilit\u00e9 sociale, \u00e9conomique et politique de la Tunisie\u2026 n\u00e9cessite une continuit\u00e9 dans l\u2019exercice du pouvoir m\u00eame si ce gouvernement d\u2019union nationale \u2013 votre produit \u2013 n\u2019a jamais \u00e9t\u00e9 efficace\u00bb<\/em>, et d\u2019encha\u00eener :<em> \u00abMonsieur le Pr\u00e9sident, vous \u00eates le gardien du temple et celui de la constitution tunisienne, alors que le pays approche d\u2019une \u00e9ch\u00e9ance \u00e9lectorale importante dans moins d\u2019un an&#8230; il est de votre devoir encore une fois de rester au dessus du lot&#8230; et concentrer vos efforts \u00e0 la pr\u00e9servation de la coh\u00e9sion nationale et de l\u2019unit\u00e9 de tous les Tunisiens sans exclusion aucune&#8230; Le pays a besoin de votre sagesse, de votre exp\u00e9rience et de votre lucidit\u00e9, je sais que vous pouvez le faire, vous aviez d\u00e9j\u00e0 r\u00e9ussi, rappelez-vous, il n\u2019y a pas si longtemps, lorsqu\u2019on \u00e9tait tous autour de vous, les premi\u00e8res \u00e9lections d\u00e9mocratiques en Tunisie et une passation de pouvoir magistrale en octobre 2011 salu\u00e9e par le monde entier! Alors. Si B\u00e9ji, si vous pouvez encore le faire, faites le&#8230;le peuple sera reconnaissant.\u00bb<\/em><\/p>\n<p style=\"text-align: right;\"><strong>I. B.\u00a0<\/strong><\/p>\n","protected":false},"excerpt":{"rendered":"<p>L\u2019ancien ambassadeur Sahbi Basly a comment\u00e9 l\u2019entretien t\u00e9l\u00e9vis\u00e9 donn\u00e9 lundi dernier par le pr\u00e9sident de la R\u00e9publique B\u00e9ji Ca\u00efd Essebsi \u00e0 la cha\u00eene El Hiwar Ettounsi. Il n\u2019y va pas par quatre chemin\u2026<\/p>\n","protected":false},"author":8,"featured_media":0,"comment_status":"open","ping_status":"open","sticky":false,"template":"","format":"standard","meta":{"footnotes":""},"categories":[997,2433],"tags":[1108,49571],"class_list":["post-176367","post","type-post","status-publish","format-standard","hentry","category-politique","category-tunisie","tag-beji-caid-essebsi","tag-nidaa-tounes"],"yoast_head":"<!-- This site is optimized with the Yoast SEO plugin v26.6 - https:\/\/yoast.com\/wordpress\/plugins\/seo\/ -->\n<title>Sahbi Basly : Le pr\u00e9sident Ca\u00efd Essebsi ne rassure plus les Tunisiens - Kapitalis<\/title>\n<meta name=\"robots\" content=\"index, follow, max-snippet:-1, max-image-preview:large, max-video-preview:-1\" \/>\n<link rel=\"canonical\" href=\"https:\/\/kapitalis.com\/tunisie\/2018\/10\/01\/sahbi-basly-le-president-caid-essebsi-ne-rassure-plus-les-tunisiens\/\" \/>\n<meta property=\"og:locale\" content=\"fr_FR\" \/>\n<meta property=\"og:type\" content=\"article\" \/>\n<meta property=\"og:title\" content=\"Sahbi Basly : Le pr\u00e9sident Ca\u00efd Essebsi ne rassure plus les Tunisiens - Kapitalis\" \/>\n<meta property=\"og:description\" content=\"L\u2019ancien ambassadeur Sahbi Basly a comment\u00e9 l\u2019entretien t\u00e9l\u00e9vis\u00e9 donn\u00e9 lundi dernier par le pr\u00e9sident de la R\u00e9publique B\u00e9ji Ca\u00efd Essebsi \u00e0 la cha\u00eene El Hiwar Ettounsi. Il n\u2019y va pas par quatre chemin\u2026\" \/>\n<meta property=\"og:url\" content=\"https:\/\/kapitalis.com\/tunisie\/2018\/10\/01\/sahbi-basly-le-president-caid-essebsi-ne-rassure-plus-les-tunisiens\/\" \/>\n<meta property=\"og:site_name\" content=\"Kapitalis\" \/>\n<meta property=\"article:publisher\" content=\"https:\/\/www.facebook.com\/KapitalisInfo\/\" \/>\n<meta property=\"article:published_time\" content=\"2018-10-01T07:01:11+00:00\" \/>\n<meta property=\"article:modified_time\" content=\"2018-10-01T07:41:34+00:00\" \/>\n<meta property=\"og:image\" content=\"http:\/\/kapitalis.com\/tunisie\/wp-content\/uploads\/2016\/10\/Mohamed-Sahbi-Basly.jpg\" \/>\n<meta name=\"author\" content=\"webmaster kapitalis\" \/>\n<meta name=\"twitter:card\" content=\"summary_large_image\" \/>\n<meta name=\"twitter:creator\" content=\"@KapitalisInfo\" \/>\n<meta name=\"twitter:site\" content=\"@KapitalisInfo\" \/>\n<meta name=\"twitter:label1\" content=\"\u00c9crit par\" \/>\n\t<meta name=\"twitter:data1\" content=\"webmaster kapitalis\" \/>\n\t<meta name=\"twitter:label2\" content=\"Dur\u00e9e de lecture estim\u00e9e\" \/>\n\t<meta name=\"twitter:data2\" content=\"3 minutes\" \/>\n<script type=\"application\/ld+json\" class=\"yoast-schema-graph\">{\"@context\":\"https:\/\/schema.org\",\"@graph\":[{\"@type\":\"Article\",\"@id\":\"https:\/\/kapitalis.com\/tunisie\/2018\/10\/01\/sahbi-basly-le-president-caid-essebsi-ne-rassure-plus-les-tunisiens\/#article\",\"isPartOf\":{\"@id\":\"https:\/\/kapitalis.com\/tunisie\/2018\/10\/01\/sahbi-basly-le-president-caid-essebsi-ne-rassure-plus-les-tunisiens\/\"},\"author\":{\"name\":\"webmaster kapitalis\",\"@id\":\"https:\/\/kapitalis.com\/tunisie\/#\/schema\/person\/d71f33a9ca44f7bad4698210b480c8e9\"},\"headline\":\"Sahbi Basly : Le pr\u00e9sident Ca\u00efd Essebsi ne rassure plus les Tunisiens\",\"datePublished\":\"2018-10-01T07:01:11+00:00\",\"dateModified\":\"2018-10-01T07:41:34+00:00\",\"mainEntityOfPage\":{\"@id\":\"https:\/\/kapitalis.com\/tunisie\/2018\/10\/01\/sahbi-basly-le-president-caid-essebsi-ne-rassure-plus-les-tunisiens\/\"},\"wordCount\":644,\"commentCount\":10,\"publisher\":{\"@id\":\"https:\/\/kapitalis.com\/tunisie\/#organization\"},\"image\":{\"@id\":\"https:\/\/kapitalis.com\/tunisie\/2018\/10\/01\/sahbi-basly-le-president-caid-essebsi-ne-rassure-plus-les-tunisiens\/#primaryimage\"},\"thumbnailUrl\":\"http:\/\/kapitalis.com\/tunisie\/wp-content\/uploads\/2016\/10\/Mohamed-Sahbi-Basly.jpg\",\"keywords\":[\"B\u00e9ji Ca\u00efd Essebsi\",\"Nidaa Tounes\"],\"articleSection\":[\"POLITIQUE\",\"Tunisie\"],\"inLanguage\":\"fr-FR\",\"potentialAction\":[{\"@type\":\"CommentAction\",\"name\":\"Comment\",\"target\":[\"https:\/\/kapitalis.com\/tunisie\/2018\/10\/01\/sahbi-basly-le-president-caid-essebsi-ne-rassure-plus-les-tunisiens\/#respond\"]}]},{\"@type\":\"WebPage\",\"@id\":\"https:\/\/kapitalis.com\/tunisie\/2018\/10\/01\/sahbi-basly-le-president-caid-essebsi-ne-rassure-plus-les-tunisiens\/\",\"url\":\"https:\/\/kapitalis.com\/tunisie\/2018\/10\/01\/sahbi-basly-le-president-caid-essebsi-ne-rassure-plus-les-tunisiens\/\",\"name\":\"Sahbi Basly : Le pr\u00e9sident Ca\u00efd Essebsi ne rassure plus les Tunisiens - Kapitalis\",\"isPartOf\":{\"@id\":\"https:\/\/kapitalis.com\/tunisie\/#website\"},\"primaryImageOfPage\":{\"@id\":\"https:\/\/kapitalis.com\/tunisie\/2018\/10\/01\/sahbi-basly-le-president-caid-essebsi-ne-rassure-plus-les-tunisiens\/#primaryimage\"},\"image\":{\"@id\":\"https:\/\/kapitalis.com\/tunisie\/2018\/10\/01\/sahbi-basly-le-president-caid-essebsi-ne-rassure-plus-les-tunisiens\/#primaryimage\"},\"thumbnailUrl\":\"http:\/\/kapitalis.com\/tunisie\/wp-content\/uploads\/2016\/10\/Mohamed-Sahbi-Basly.jpg\",\"datePublished\":\"2018-10-01T07:01:11+00:00\",\"dateModified\":\"2018-10-01T07:41:34+00:00\",\"breadcrumb\":{\"@id\":\"https:\/\/kapitalis.com\/tunisie\/2018\/10\/01\/sahbi-basly-le-president-caid-essebsi-ne-rassure-plus-les-tunisiens\/#breadcrumb\"},\"inLanguage\":\"fr-FR\",\"potentialAction\":[{\"@type\":\"ReadAction\",\"target\":[\"https:\/\/kapitalis.com\/tunisie\/2018\/10\/01\/sahbi-basly-le-president-caid-essebsi-ne-rassure-plus-les-tunisiens\/\"]}]},{\"@type\":\"ImageObject\",\"inLanguage\":\"fr-FR\",\"@id\":\"https:\/\/kapitalis.com\/tunisie\/2018\/10\/01\/sahbi-basly-le-president-caid-essebsi-ne-rassure-plus-les-tunisiens\/#primaryimage\",\"url\":\"http:\/\/kapitalis.com\/tunisie\/wp-content\/uploads\/2016\/10\/Mohamed-Sahbi-Basly.jpg\",\"contentUrl\":\"http:\/\/kapitalis.com\/tunisie\/wp-content\/uploads\/2016\/10\/Mohamed-Sahbi-Basly.jpg\"},{\"@type\":\"BreadcrumbList\",\"@id\":\"https:\/\/kapitalis.com\/tunisie\/2018\/10\/01\/sahbi-basly-le-president-caid-essebsi-ne-rassure-plus-les-tunisiens\/#breadcrumb\",\"itemListElement\":[{\"@type\":\"ListItem\",\"position\":1,\"name\":\"Accueil\",\"item\":\"https:\/\/kapitalis.com\/tunisie\/\"},{\"@type\":\"ListItem\",\"position\":2,\"name\":\"Sahbi Basly : Le pr\u00e9sident Ca\u00efd Essebsi ne rassure plus les Tunisiens\"}]},{\"@type\":\"WebSite\",\"@id\":\"https:\/\/kapitalis.com\/tunisie\/#website\",\"url\":\"https:\/\/kapitalis.com\/tunisie\/\",\"name\":\"Kapitalis\",\"description\":\"L&#039;actualit\u00e9 en Tunisie et dans le monde\",\"publisher\":{\"@id\":\"https:\/\/kapitalis.com\/tunisie\/#organization\"},\"potentialAction\":[{\"@type\":\"SearchAction\",\"target\":{\"@type\":\"EntryPoint\",\"urlTemplate\":\"https:\/\/kapitalis.com\/tunisie\/?s={search_term_string}\"},\"query-input\":{\"@type\":\"PropertyValueSpecification\",\"valueRequired\":true,\"valueName\":\"search_term_string\"}}],\"inLanguage\":\"fr-FR\"},{\"@type\":\"Organization\",\"@id\":\"https:\/\/kapitalis.com\/tunisie\/#organization\",\"name\":\"Kapitalis\",\"url\":\"https:\/\/kapitalis.com\/tunisie\/\",\"logo\":{\"@type\":\"ImageObject\",\"inLanguage\":\"fr-FR\",\"@id\":\"https:\/\/kapitalis.com\/tunisie\/#\/schema\/logo\/image\/\",\"url\":\"https:\/\/kapitalis.com\/tunisie\/wp-content\/uploads\/2022\/05\/Kapitalis-big-size.png\",\"contentUrl\":\"https:\/\/kapitalis.com\/tunisie\/wp-content\/uploads\/2022\/05\/Kapitalis-big-size.png\",\"width\":5000,\"height\":1500,\"caption\":\"Kapitalis\"},\"image\":{\"@id\":\"https:\/\/kapitalis.com\/tunisie\/#\/schema\/logo\/image\/\"},\"sameAs\":[\"https:\/\/www.facebook.com\/KapitalisInfo\/\",\"https:\/\/x.com\/KapitalisInfo\",\"https:\/\/www.youtube.com\/channel\/UC-yDYrHyfFBWWZaOw3FPg9Q\"]},{\"@type\":\"Person\",\"@id\":\"https:\/\/kapitalis.com\/tunisie\/#\/schema\/person\/d71f33a9ca44f7bad4698210b480c8e9\",\"name\":\"webmaster kapitalis\",\"url\":\"https:\/\/kapitalis.com\/tunisie\/author\/webmaster-kapitalis\/\"}]}<\/script>\n<!-- \/ Yoast SEO plugin. -->","yoast_head_json":{"title":"Sahbi Basly : Le pr\u00e9sident Ca\u00efd Essebsi ne rassure plus les Tunisiens - Kapitalis","robots":{"index":"index","follow":"follow","max-snippet":"max-snippet:-1","max-image-preview":"max-image-preview:large","max-video-preview":"max-video-preview:-1"},"canonical":"https:\/\/kapitalis.com\/tunisie\/2018\/10\/01\/sahbi-basly-le-president-caid-essebsi-ne-rassure-plus-les-tunisiens\/","og_locale":"fr_FR","og_type":"article","og_title":"Sahbi Basly : Le pr\u00e9sident Ca\u00efd Essebsi ne rassure plus les Tunisiens - Kapitalis","og_description":"L\u2019ancien ambassadeur Sahbi Basly a comment\u00e9 l\u2019entretien t\u00e9l\u00e9vis\u00e9 donn\u00e9 lundi dernier par le pr\u00e9sident de la R\u00e9publique B\u00e9ji Ca\u00efd Essebsi \u00e0 la cha\u00eene El Hiwar Ettounsi. Il n\u2019y va pas par quatre chemin\u2026","og_url":"https:\/\/kapitalis.com\/tunisie\/2018\/10\/01\/sahbi-basly-le-president-caid-essebsi-ne-rassure-plus-les-tunisiens\/","og_site_name":"Kapitalis","article_publisher":"https:\/\/www.facebook.com\/KapitalisInfo\/","article_published_time":"2018-10-01T07:01:11+00:00","article_modified_time":"2018-10-01T07:41:34+00:00","og_image":[{"url":"http:\/\/kapitalis.com\/tunisie\/wp-content\/uploads\/2016\/10\/Mohamed-Sahbi-Basly.jpg","type":"","width":"","height":""}],"author":"webmaster kapitalis","twitter_card":"summary_large_image","twitter_creator":"@KapitalisInfo","twitter_site":"@KapitalisInfo","twitter_misc":{"\u00c9crit par":"webmaster kapitalis","Dur\u00e9e de lecture estim\u00e9e":"3 minutes"},"schema":{"@context":"https:\/\/schema.org","@graph":[{"@type":"Article","@id":"https:\/\/kapitalis.com\/tunisie\/2018\/10\/01\/sahbi-basly-le-president-caid-essebsi-ne-rassure-plus-les-tunisiens\/#article","isPartOf":{"@id":"https:\/\/kapitalis.com\/tunisie\/2018\/10\/01\/sahbi-basly-le-president-caid-essebsi-ne-rassure-plus-les-tunisiens\/"},"author":{"name":"webmaster kapitalis","@id":"https:\/\/kapitalis.com\/tunisie\/#\/schema\/person\/d71f33a9ca44f7bad4698210b480c8e9"},"headline":"Sahbi Basly : Le pr\u00e9sident Ca\u00efd Essebsi ne rassure plus les Tunisiens","datePublished":"2018-10-01T07:01:11+00:00","dateModified":"2018-10-01T07:41:34+00:00","mainEntityOfPage":{"@id":"https:\/\/kapitalis.com\/tunisie\/2018\/10\/01\/sahbi-basly-le-president-caid-essebsi-ne-rassure-plus-les-tunisiens\/"},"wordCount":644,"commentCount":10,"publisher":{"@id":"https:\/\/kapitalis.com\/tunisie\/#organization"},"image":{"@id":"https:\/\/kapitalis.com\/tunisie\/2018\/10\/01\/sahbi-basly-le-president-caid-essebsi-ne-rassure-plus-les-tunisiens\/#primaryimage"},"thumbnailUrl":"http:\/\/kapitalis.com\/tunisie\/wp-content\/uploads\/2016\/10\/Mohamed-Sahbi-Basly.jpg","keywords":["B\u00e9ji Ca\u00efd Essebsi","Nidaa Tounes"],"articleSection":["POLITIQUE","Tunisie"],"inLanguage":"fr-FR","potentialAction":[{"@type":"CommentAction","name":"Comment","target":["https:\/\/kapitalis.com\/tunisie\/2018\/10\/01\/sahbi-basly-le-president-caid-essebsi-ne-rassure-plus-les-tunisiens\/#respond"]}]},{"@type":"WebPage","@id":"https:\/\/kapitalis.com\/tunisie\/2018\/10\/01\/sahbi-basly-le-president-caid-essebsi-ne-rassure-plus-les-tunisiens\/","url":"https:\/\/kapitalis.com\/tunisie\/2018\/10\/01\/sahbi-basly-le-president-caid-essebsi-ne-rassure-plus-les-tunisiens\/","name":"Sahbi Basly : Le pr\u00e9sident Ca\u00efd Essebsi ne rassure plus les Tunisiens - Kapitalis","isPartOf":{"@id":"https:\/\/kapitalis.com\/tunisie\/#website"},"primaryImageOfPage":{"@id":"https:\/\/kapitalis.com\/tunisie\/2018\/10\/01\/sahbi-basly-le-president-caid-essebsi-ne-rassure-plus-les-tunisiens\/#primaryimage"},"image":{"@id":"https:\/\/kapitalis.com\/tunisie\/2018\/10\/01\/sahbi-basly-le-president-caid-essebsi-ne-rassure-plus-les-tunisiens\/#primaryimage"},"thumbnailUrl":"http:\/\/kapitalis.com\/tunisie\/wp-content\/uploads\/2016\/10\/Mohamed-Sahbi-Basly.jpg","datePublished":"2018-10-01T07:01:11+00:00","dateModified":"2018-10-01T07:41:34+00:00","breadcrumb":{"@id":"https:\/\/kapitalis.com\/tunisie\/2018\/10\/01\/sahbi-basly-le-president-caid-essebsi-ne-rassure-plus-les-tunisiens\/#breadcrumb"},"inLanguage":"fr-FR","potentialAction":[{"@type":"ReadAction","target":["https:\/\/kapitalis.com\/tunisie\/2018\/10\/01\/sahbi-basly-le-president-caid-essebsi-ne-rassure-plus-les-tunisiens\/"]}]},{"@type":"ImageObject","inLanguage":"fr-FR","@id":"https:\/\/kapitalis.com\/tunisie\/2018\/10\/01\/sahbi-basly-le-president-caid-essebsi-ne-rassure-plus-les-tunisiens\/#primaryimage","url":"http:\/\/kapitalis.com\/tunisie\/wp-content\/uploads\/2016\/10\/Mohamed-Sahbi-Basly.jpg","contentUrl":"http:\/\/kapitalis.com\/tunisie\/wp-content\/uploads\/2016\/10\/Mohamed-Sahbi-Basly.jpg"},{"@type":"BreadcrumbList","@id":"https:\/\/kapitalis.com\/tunisie\/2018\/10\/01\/sahbi-basly-le-president-caid-essebsi-ne-rassure-plus-les-tunisiens\/#breadcrumb","itemListElement":[{"@type":"ListItem","position":1,"name":"Accueil","item":"https:\/\/kapitalis.com\/tunisie\/"},{"@type":"ListItem","position":2,"name":"Sahbi Basly : Le pr\u00e9sident Ca\u00efd Essebsi ne rassure plus les Tunisiens"}]},{"@type":"WebSite","@id":"https:\/\/kapitalis.com\/tunisie\/#website","url":"https:\/\/kapitalis.com\/tunisie\/","name":"Kapitalis","description":"L&#039;actualit\u00e9 en Tunisie et dans le monde","publisher":{"@id":"https:\/\/kapitalis.com\/tunisie\/#organization"},"potentialAction":[{"@type":"SearchAction","target":{"@type":"EntryPoint","urlTemplate":"https:\/\/kapitalis.com\/tunisie\/?s={search_term_string}"},"query-input":{"@type":"PropertyValueSpecification","valueRequired":true,"valueName":"search_term_string"}}],"inLanguage":"fr-FR"},{"@type":"Organization","@id":"https:\/\/kapitalis.com\/tunisie\/#organization","name":"Kapitalis","url":"https:\/\/kapitalis.com\/tunisie\/","logo":{"@type":"ImageObject","inLanguage":"fr-FR","@id":"https:\/\/kapitalis.com\/tunisie\/#\/schema\/logo\/image\/","url":"https:\/\/kapitalis.com\/tunisie\/wp-content\/uploads\/2022\/05\/Kapitalis-big-size.png","contentUrl":"https:\/\/kapitalis.com\/tunisie\/wp-content\/uploads\/2022\/05\/Kapitalis-big-size.png","width":5000,"height":1500,"caption":"Kapitalis"},"image":{"@id":"https:\/\/kapitalis.com\/tunisie\/#\/schema\/logo\/image\/"},"sameAs":["https:\/\/www.facebook.com\/KapitalisInfo\/","https:\/\/x.com\/KapitalisInfo","https:\/\/www.youtube.com\/channel\/UC-yDYrHyfFBWWZaOw3FPg9Q"]},{"@type":"Person","@id":"https:\/\/kapitalis.com\/tunisie\/#\/schema\/person\/d71f33a9ca44f7bad4698210b480c8e9","name":"webmaster kapitalis","url":"https:\/\/kapitalis.com\/tunisie\/author\/webmaster-kapitalis\/"}]}},"_links":{"self":[{"href":"https:\/\/kapitalis.com\/tunisie\/wp-json\/wp\/v2\/posts\/176367","targetHints":{"allow":["GET"]}}],"collection":[{"href":"https:\/\/kapitalis.com\/tunisie\/wp-json\/wp\/v2\/posts"}],"about":[{"href":"https:\/\/kapitalis.com\/tunisie\/wp-json\/wp\/v2\/types\/post"}],"author":[{"embeddable":true,"href":"https:\/\/kapitalis.com\/tunisie\/wp-json\/wp\/v2\/users\/8"}],"replies":[{"embeddable":true,"href":"https:\/\/kapitalis.com\/tunisie\/wp-json\/wp\/v2\/comments?post=176367"}],"version-history":[{"count":0,"href":"https:\/\/kapitalis.com\/tunisie\/wp-json\/wp\/v2\/posts\/176367\/revisions"}],"wp:attachment":[{"href":"https:\/\/kapitalis.com\/tunisie\/wp-json\/wp\/v2\/media?parent=176367"}],"wp:term":[{"taxonomy":"category","embeddable":true,"href":"https:\/\/kapitalis.com\/tunisie\/wp-json\/wp\/v2\/categories?post=176367"},{"taxonomy":"post_tag","embeddable":true,"href":"https:\/\/kapitalis.com\/tunisie\/wp-json\/wp\/v2\/tags?post=176367"}],"curies":[{"name":"wp","href":"https:\/\/api.w.org\/{rel}","templated":true}]}}