{"id":176707,"date":"2018-10-03T14:31:22","date_gmt":"2018-10-03T13:31:22","guid":{"rendered":"http:\/\/kapitalis.com\/tunisie\/?p=176707"},"modified":"2018-10-03T14:40:32","modified_gmt":"2018-10-03T13:40:32","slug":"ajmi-lourimi-demande-la-grace-presidentielle-pour-borhen-bsaies","status":"publish","type":"post","link":"https:\/\/kapitalis.com\/tunisie\/2018\/10\/03\/ajmi-lourimi-demande-la-grace-presidentielle-pour-borhen-bsaies\/","title":{"rendered":"Ajmi Lourimi demande la gr\u00e2ce pr\u00e9sidentielle pour Borhen Bsaies"},"content":{"rendered":"<p style=\"text-align: center;\"><img loading=\"lazy\" decoding=\"async\" class=\"alignnone size-full wp-image-176711\" src=\"http:\/\/kapitalis.com\/tunisie\/wp-content\/uploads\/2018\/10\/B\u00e9ji-Ca\u00efd-Essebsi_Borhen-Bsaies.jpg\" alt=\"\" width=\"626\" height=\"380\" \/><\/p>\n<p><em><strong>Ajmi Lourimi, d\u00e9put\u00e9 du mouvement islamiste Ennahdha, a appel\u00e9 le pr\u00e9sident de la r\u00e9publique, B\u00e9ji Ca\u00efd Essebsi, \u00e0 accorder la gr\u00e2ce pr\u00e9sidentielle \u00e0 Borhen Bsaies, dirigeant de Nidaa Tounes, condamn\u00e9 \u00e0 2 ans de prison ferme pour&#8230; corruption.<\/strong><\/em><!--more--><\/p>\n<p>Cet appel pour le moins surprenant a \u00e9t\u00e9 lanc\u00e9 aujourd&rsquo;hui, mercredi 3 octobre 2018, au lendemain de la condamnation en appel du charg\u00e9 des affaires politiques de Nidaa Tounes et ancien journaliste chroniqueur de Nessma TV, \u00e0 2 ans de prison ferme et l&rsquo;ex\u00e9cution de cette sentence.<\/p>\n<p>Le dirigeant islamiste a indiqu\u00e9, dans un statut publi\u00e9 sur son compte Facebook, qu&rsquo;il aurait souhait\u00e9 que Borhen Bsaies soit laiss\u00e9 libre.<\/p>\n<p>\u00ab<em>J&rsquo;esp\u00e8re que le pr\u00e9sident de la r\u00e9publique lui accordera une gr\u00e2ce pr\u00e9sidentielle le plus t\u00f4t possible et qu&rsquo;il rassurera sa femme et ses enfants. Il y a ceux qui paient une facture qui ne correspond pas au contexte politique du pays<\/em>\u00bb, a-t-il \u00e9crit.<\/p>\n<p style=\"text-align: center;\"><img loading=\"lazy\" decoding=\"async\" class=\"alignnone size-full wp-image-176712\" src=\"http:\/\/kapitalis.com\/tunisie\/wp-content\/uploads\/2018\/10\/Statut-Ajmi-Lourimi.jpg\" alt=\"\" width=\"518\" height=\"341\" \/><\/p>\n<p>Tant qu&rsquo;il y est, pourquoi M. Lourimi ne demande-t-il pas que l&rsquo;on classe toutes les affaires de corruption en cours, y compris celle relative \u00e0 l&rsquo;ancien ministre des Affaires \u00e9trang\u00e8res, Rafik Abdessalem, le gendre du pr\u00e9sident du parti islamiste Ennahdha ? Et pourquoi ne pas rel\u00e2cher Chafik Jarraya, Imed Trabelsi et tous autres figures nationales de la corruption ? Et pourquoi, cher d\u00e9put\u00e9, ne proposez-vous pas un projet de loi pour supprimer totalement le d\u00e9lit de corruption de la l\u00e9gislation tunisienne ? Ainsi, tous vos amis, corrompus, contrebandiers, blanchisseurs d&rsquo;argent et financiers du terrorisme resteront toujours libres&#8230;<\/p>\n<p>Ainsi, on ne serait pas oblig\u00e9 de d\u00e9ranger le pr\u00e9sident de la r\u00e9publique pour solliciter sa gr\u00e2ce pr\u00e9sidentielle pour les copains et les coquins!<\/p>\n<p style=\"text-align: right;\"><strong>E. B. A.<\/strong><\/p>\n<blockquote class=\"wp-embedded-content\" data-secret=\"yoyfiFdIQ2\"><p><a href=\"https:\/\/kapitalis.com\/tunisie\/2018\/10\/03\/mongi-harbaoui-borhen-bsaies-nest-pas-un-criminel\/\">Mongi Harbaoui : Borhen Bsaies n&rsquo;est pas un criminel<\/a><\/p><\/blockquote>\n<p><iframe loading=\"lazy\" class=\"wp-embedded-content\" sandbox=\"allow-scripts\" security=\"restricted\" style=\"position: absolute; clip: rect(1px, 1px, 1px, 1px);\" title=\"\u00ab\u00a0Mongi Harbaoui : Borhen Bsaies n&rsquo;est pas un criminel\u00a0\u00bb &#8212; Kapitalis\" src=\"https:\/\/kapitalis.com\/tunisie\/2018\/10\/03\/mongi-harbaoui-borhen-bsaies-nest-pas-un-criminel\/embed\/#?secret=kpNVqoqyFe#?secret=yoyfiFdIQ2\" data-secret=\"yoyfiFdIQ2\" width=\"600\" height=\"338\" frameborder=\"0\" marginwidth=\"0\" marginheight=\"0\" scrolling=\"no\"><\/iframe><\/p>\n<blockquote class=\"wp-embedded-content\" data-secret=\"RweWcLeF4P\"><p><a href=\"https:\/\/kapitalis.com\/tunisie\/2018\/10\/03\/la-condamnation-de-bsaies-annonce-t-elle-la-fin-de-limpunite\/\">La condamnation de Bsaies annonce-t-elle la fin de l\u2019impunit\u00e9 ?<\/a><\/p><\/blockquote>\n<p><iframe loading=\"lazy\" class=\"wp-embedded-content\" sandbox=\"allow-scripts\" security=\"restricted\" style=\"position: absolute; clip: rect(1px, 1px, 1px, 1px);\" title=\"\u00ab\u00a0La condamnation de Bsaies annonce-t-elle la fin de l\u2019impunit\u00e9 ?\u00a0\u00bb &#8212; Kapitalis\" src=\"https:\/\/kapitalis.com\/tunisie\/2018\/10\/03\/la-condamnation-de-bsaies-annonce-t-elle-la-fin-de-limpunite\/embed\/#?secret=GtJUJCAnmT#?secret=RweWcLeF4P\" data-secret=\"RweWcLeF4P\" width=\"600\" height=\"338\" frameborder=\"0\" marginwidth=\"0\" marginheight=\"0\" scrolling=\"no\"><\/iframe><\/p>\n<p>&nbsp;<\/p>\n<p>&nbsp;<\/p>\n","protected":false},"excerpt":{"rendered":"<p>Ajmi Lourimi, d\u00e9put\u00e9 du mouvement islamiste Ennahdha, a appel\u00e9 le pr\u00e9sident de la r\u00e9publique, B\u00e9ji Ca\u00efd Essebsi, \u00e0 accorder la gr\u00e2ce pr\u00e9sidentielle \u00e0 Borhen Bsaies, dirigeant de Nidaa Tounes, condamn\u00e9 \u00e0 2 ans de prison ferme pour&#8230; corruption.<\/p>\n","protected":false},"author":16,"featured_media":176712,"comment_status":"open","ping_status":"open","sticky":false,"template":"","format":"standard","meta":{"footnotes":""},"categories":[997,2433],"tags":[1626,1108,29058,49571],"class_list":["post-176707","post","type-post","status-publish","format-standard","has-post-thumbnail","hentry","category-politique","category-tunisie","tag-ajmi-lourimi","tag-beji-caid-essebsi","tag-borhen-bsaies","tag-nidaa-tounes"],"yoast_head":"<!-- This site is optimized with the Yoast SEO plugin v26.6 - https:\/\/yoast.com\/wordpress\/plugins\/seo\/ -->\n<title>Ajmi Lourimi demande la gr\u00e2ce pr\u00e9sidentielle pour Borhen Bsaies - Kapitalis<\/title>\n<meta name=\"robots\" content=\"index, follow, max-snippet:-1, max-image-preview:large, max-video-preview:-1\" \/>\n<link rel=\"canonical\" href=\"https:\/\/kapitalis.com\/tunisie\/2018\/10\/03\/ajmi-lourimi-demande-la-grace-presidentielle-pour-borhen-bsaies\/\" \/>\n<meta property=\"og:locale\" content=\"fr_FR\" \/>\n<meta property=\"og:type\" content=\"article\" \/>\n<meta property=\"og:title\" content=\"Ajmi Lourimi demande la gr\u00e2ce pr\u00e9sidentielle pour Borhen Bsaies - Kapitalis\" \/>\n<meta property=\"og:description\" content=\"Ajmi Lourimi, d\u00e9put\u00e9 du mouvement islamiste Ennahdha, a appel\u00e9 le pr\u00e9sident de la r\u00e9publique, B\u00e9ji Ca\u00efd Essebsi, \u00e0 accorder la gr\u00e2ce pr\u00e9sidentielle \u00e0 Borhen Bsaies, dirigeant de Nidaa Tounes, condamn\u00e9 \u00e0 2 ans de prison ferme pour&#8230; corruption.\" \/>\n<meta property=\"og:url\" content=\"https:\/\/kapitalis.com\/tunisie\/2018\/10\/03\/ajmi-lourimi-demande-la-grace-presidentielle-pour-borhen-bsaies\/\" \/>\n<meta property=\"og:site_name\" content=\"Kapitalis\" \/>\n<meta property=\"article:publisher\" content=\"https:\/\/www.facebook.com\/KapitalisInfo\/\" \/>\n<meta property=\"article:published_time\" content=\"2018-10-03T13:31:22+00:00\" \/>\n<meta property=\"article:modified_time\" content=\"2018-10-03T13:40:32+00:00\" \/>\n<meta property=\"og:image\" content=\"https:\/\/kapitalis.com\/tunisie\/wp-content\/uploads\/2022\/05\/kapitalis-logo-fb.png\" \/>\n\t<meta property=\"og:image:width\" content=\"1200\" \/>\n\t<meta property=\"og:image:height\" content=\"630\" \/>\n\t<meta property=\"og:image:type\" content=\"image\/png\" \/>\n<meta name=\"author\" content=\"emna benabdallah\" \/>\n<meta name=\"twitter:card\" content=\"summary_large_image\" \/>\n<meta name=\"twitter:creator\" content=\"@KapitalisInfo\" \/>\n<meta name=\"twitter:site\" content=\"@KapitalisInfo\" \/>\n<meta name=\"twitter:label1\" content=\"\u00c9crit par\" \/>\n\t<meta name=\"twitter:data1\" content=\"emna benabdallah\" \/>\n\t<meta name=\"twitter:label2\" content=\"Dur\u00e9e de lecture estim\u00e9e\" \/>\n\t<meta name=\"twitter:data2\" content=\"1 minute\" \/>\n<script type=\"application\/ld+json\" class=\"yoast-schema-graph\">{\"@context\":\"https:\/\/schema.org\",\"@graph\":[{\"@type\":\"Article\",\"@id\":\"https:\/\/kapitalis.com\/tunisie\/2018\/10\/03\/ajmi-lourimi-demande-la-grace-presidentielle-pour-borhen-bsaies\/#article\",\"isPartOf\":{\"@id\":\"https:\/\/kapitalis.com\/tunisie\/2018\/10\/03\/ajmi-lourimi-demande-la-grace-presidentielle-pour-borhen-bsaies\/\"},\"author\":{\"name\":\"emna benabdallah\",\"@id\":\"https:\/\/kapitalis.com\/tunisie\/#\/schema\/person\/2c6e134b2f3369dffcd1daf5f087d28b\"},\"headline\":\"Ajmi Lourimi demande la gr\u00e2ce pr\u00e9sidentielle pour Borhen Bsaies\",\"datePublished\":\"2018-10-03T13:31:22+00:00\",\"dateModified\":\"2018-10-03T13:40:32+00:00\",\"mainEntityOfPage\":{\"@id\":\"https:\/\/kapitalis.com\/tunisie\/2018\/10\/03\/ajmi-lourimi-demande-la-grace-presidentielle-pour-borhen-bsaies\/\"},\"wordCount\":310,\"commentCount\":7,\"publisher\":{\"@id\":\"https:\/\/kapitalis.com\/tunisie\/#organization\"},\"image\":{\"@id\":\"https:\/\/kapitalis.com\/tunisie\/2018\/10\/03\/ajmi-lourimi-demande-la-grace-presidentielle-pour-borhen-bsaies\/#primaryimage\"},\"thumbnailUrl\":\"\",\"keywords\":[\"Ajmi Lourimi\",\"B\u00e9ji Ca\u00efd Essebsi\",\"Borhen Bsa\u00efes\",\"Nidaa Tounes\"],\"articleSection\":[\"POLITIQUE\",\"Tunisie\"],\"inLanguage\":\"fr-FR\",\"potentialAction\":[{\"@type\":\"CommentAction\",\"name\":\"Comment\",\"target\":[\"https:\/\/kapitalis.com\/tunisie\/2018\/10\/03\/ajmi-lourimi-demande-la-grace-presidentielle-pour-borhen-bsaies\/#respond\"]}]},{\"@type\":\"WebPage\",\"@id\":\"https:\/\/kapitalis.com\/tunisie\/2018\/10\/03\/ajmi-lourimi-demande-la-grace-presidentielle-pour-borhen-bsaies\/\",\"url\":\"https:\/\/kapitalis.com\/tunisie\/2018\/10\/03\/ajmi-lourimi-demande-la-grace-presidentielle-pour-borhen-bsaies\/\",\"name\":\"Ajmi Lourimi demande la gr\u00e2ce pr\u00e9sidentielle pour Borhen Bsaies - Kapitalis\",\"isPartOf\":{\"@id\":\"https:\/\/kapitalis.com\/tunisie\/#website\"},\"primaryImageOfPage\":{\"@id\":\"https:\/\/kapitalis.com\/tunisie\/2018\/10\/03\/ajmi-lourimi-demande-la-grace-presidentielle-pour-borhen-bsaies\/#primaryimage\"},\"image\":{\"@id\":\"https:\/\/kapitalis.com\/tunisie\/2018\/10\/03\/ajmi-lourimi-demande-la-grace-presidentielle-pour-borhen-bsaies\/#primaryimage\"},\"thumbnailUrl\":\"\",\"datePublished\":\"2018-10-03T13:31:22+00:00\",\"dateModified\":\"2018-10-03T13:40:32+00:00\",\"breadcrumb\":{\"@id\":\"https:\/\/kapitalis.com\/tunisie\/2018\/10\/03\/ajmi-lourimi-demande-la-grace-presidentielle-pour-borhen-bsaies\/#breadcrumb\"},\"inLanguage\":\"fr-FR\",\"potentialAction\":[{\"@type\":\"ReadAction\",\"target\":[\"https:\/\/kapitalis.com\/tunisie\/2018\/10\/03\/ajmi-lourimi-demande-la-grace-presidentielle-pour-borhen-bsaies\/\"]}]},{\"@type\":\"ImageObject\",\"inLanguage\":\"fr-FR\",\"@id\":\"https:\/\/kapitalis.com\/tunisie\/2018\/10\/03\/ajmi-lourimi-demande-la-grace-presidentielle-pour-borhen-bsaies\/#primaryimage\",\"url\":\"\",\"contentUrl\":\"\"},{\"@type\":\"BreadcrumbList\",\"@id\":\"https:\/\/kapitalis.com\/tunisie\/2018\/10\/03\/ajmi-lourimi-demande-la-grace-presidentielle-pour-borhen-bsaies\/#breadcrumb\",\"itemListElement\":[{\"@type\":\"ListItem\",\"position\":1,\"name\":\"Accueil\",\"item\":\"https:\/\/kapitalis.com\/tunisie\/\"},{\"@type\":\"ListItem\",\"position\":2,\"name\":\"Ajmi Lourimi demande la gr\u00e2ce pr\u00e9sidentielle pour Borhen Bsaies\"}]},{\"@type\":\"WebSite\",\"@id\":\"https:\/\/kapitalis.com\/tunisie\/#website\",\"url\":\"https:\/\/kapitalis.com\/tunisie\/\",\"name\":\"Kapitalis\",\"description\":\"L&#039;actualit\u00e9 en Tunisie et dans le monde\",\"publisher\":{\"@id\":\"https:\/\/kapitalis.com\/tunisie\/#organization\"},\"potentialAction\":[{\"@type\":\"SearchAction\",\"target\":{\"@type\":\"EntryPoint\",\"urlTemplate\":\"https:\/\/kapitalis.com\/tunisie\/?s={search_term_string}\"},\"query-input\":{\"@type\":\"PropertyValueSpecification\",\"valueRequired\":true,\"valueName\":\"search_term_string\"}}],\"inLanguage\":\"fr-FR\"},{\"@type\":\"Organization\",\"@id\":\"https:\/\/kapitalis.com\/tunisie\/#organization\",\"name\":\"Kapitalis\",\"url\":\"https:\/\/kapitalis.com\/tunisie\/\",\"logo\":{\"@type\":\"ImageObject\",\"inLanguage\":\"fr-FR\",\"@id\":\"https:\/\/kapitalis.com\/tunisie\/#\/schema\/logo\/image\/\",\"url\":\"https:\/\/kapitalis.com\/tunisie\/wp-content\/uploads\/2022\/05\/Kapitalis-big-size.png\",\"contentUrl\":\"https:\/\/kapitalis.com\/tunisie\/wp-content\/uploads\/2022\/05\/Kapitalis-big-size.png\",\"width\":5000,\"height\":1500,\"caption\":\"Kapitalis\"},\"image\":{\"@id\":\"https:\/\/kapitalis.com\/tunisie\/#\/schema\/logo\/image\/\"},\"sameAs\":[\"https:\/\/www.facebook.com\/KapitalisInfo\/\",\"https:\/\/x.com\/KapitalisInfo\",\"https:\/\/www.youtube.com\/channel\/UC-yDYrHyfFBWWZaOw3FPg9Q\"]},{\"@type\":\"Person\",\"@id\":\"https:\/\/kapitalis.com\/tunisie\/#\/schema\/person\/2c6e134b2f3369dffcd1daf5f087d28b\",\"name\":\"emna benabdallah\",\"url\":\"https:\/\/kapitalis.com\/tunisie\/author\/emna\/\"}]}<\/script>\n<!-- \/ Yoast SEO plugin. -->","yoast_head_json":{"title":"Ajmi Lourimi demande la gr\u00e2ce pr\u00e9sidentielle pour Borhen Bsaies - Kapitalis","robots":{"index":"index","follow":"follow","max-snippet":"max-snippet:-1","max-image-preview":"max-image-preview:large","max-video-preview":"max-video-preview:-1"},"canonical":"https:\/\/kapitalis.com\/tunisie\/2018\/10\/03\/ajmi-lourimi-demande-la-grace-presidentielle-pour-borhen-bsaies\/","og_locale":"fr_FR","og_type":"article","og_title":"Ajmi Lourimi demande la gr\u00e2ce pr\u00e9sidentielle pour Borhen Bsaies - Kapitalis","og_description":"Ajmi Lourimi, d\u00e9put\u00e9 du mouvement islamiste Ennahdha, a appel\u00e9 le pr\u00e9sident de la r\u00e9publique, B\u00e9ji Ca\u00efd Essebsi, \u00e0 accorder la gr\u00e2ce pr\u00e9sidentielle \u00e0 Borhen Bsaies, dirigeant de Nidaa Tounes, condamn\u00e9 \u00e0 2 ans de prison ferme pour&#8230; corruption.","og_url":"https:\/\/kapitalis.com\/tunisie\/2018\/10\/03\/ajmi-lourimi-demande-la-grace-presidentielle-pour-borhen-bsaies\/","og_site_name":"Kapitalis","article_publisher":"https:\/\/www.facebook.com\/KapitalisInfo\/","article_published_time":"2018-10-03T13:31:22+00:00","article_modified_time":"2018-10-03T13:40:32+00:00","og_image":[{"width":1200,"height":630,"url":"https:\/\/kapitalis.com\/tunisie\/wp-content\/uploads\/2022\/05\/kapitalis-logo-fb.png","type":"image\/png"}],"author":"emna benabdallah","twitter_card":"summary_large_image","twitter_creator":"@KapitalisInfo","twitter_site":"@KapitalisInfo","twitter_misc":{"\u00c9crit par":"emna benabdallah","Dur\u00e9e de lecture estim\u00e9e":"1 minute"},"schema":{"@context":"https:\/\/schema.org","@graph":[{"@type":"Article","@id":"https:\/\/kapitalis.com\/tunisie\/2018\/10\/03\/ajmi-lourimi-demande-la-grace-presidentielle-pour-borhen-bsaies\/#article","isPartOf":{"@id":"https:\/\/kapitalis.com\/tunisie\/2018\/10\/03\/ajmi-lourimi-demande-la-grace-presidentielle-pour-borhen-bsaies\/"},"author":{"name":"emna benabdallah","@id":"https:\/\/kapitalis.com\/tunisie\/#\/schema\/person\/2c6e134b2f3369dffcd1daf5f087d28b"},"headline":"Ajmi Lourimi demande la gr\u00e2ce pr\u00e9sidentielle pour Borhen Bsaies","datePublished":"2018-10-03T13:31:22+00:00","dateModified":"2018-10-03T13:40:32+00:00","mainEntityOfPage":{"@id":"https:\/\/kapitalis.com\/tunisie\/2018\/10\/03\/ajmi-lourimi-demande-la-grace-presidentielle-pour-borhen-bsaies\/"},"wordCount":310,"commentCount":7,"publisher":{"@id":"https:\/\/kapitalis.com\/tunisie\/#organization"},"image":{"@id":"https:\/\/kapitalis.com\/tunisie\/2018\/10\/03\/ajmi-lourimi-demande-la-grace-presidentielle-pour-borhen-bsaies\/#primaryimage"},"thumbnailUrl":"","keywords":["Ajmi Lourimi","B\u00e9ji Ca\u00efd Essebsi","Borhen Bsa\u00efes","Nidaa Tounes"],"articleSection":["POLITIQUE","Tunisie"],"inLanguage":"fr-FR","potentialAction":[{"@type":"CommentAction","name":"Comment","target":["https:\/\/kapitalis.com\/tunisie\/2018\/10\/03\/ajmi-lourimi-demande-la-grace-presidentielle-pour-borhen-bsaies\/#respond"]}]},{"@type":"WebPage","@id":"https:\/\/kapitalis.com\/tunisie\/2018\/10\/03\/ajmi-lourimi-demande-la-grace-presidentielle-pour-borhen-bsaies\/","url":"https:\/\/kapitalis.com\/tunisie\/2018\/10\/03\/ajmi-lourimi-demande-la-grace-presidentielle-pour-borhen-bsaies\/","name":"Ajmi Lourimi demande la gr\u00e2ce pr\u00e9sidentielle pour Borhen Bsaies - Kapitalis","isPartOf":{"@id":"https:\/\/kapitalis.com\/tunisie\/#website"},"primaryImageOfPage":{"@id":"https:\/\/kapitalis.com\/tunisie\/2018\/10\/03\/ajmi-lourimi-demande-la-grace-presidentielle-pour-borhen-bsaies\/#primaryimage"},"image":{"@id":"https:\/\/kapitalis.com\/tunisie\/2018\/10\/03\/ajmi-lourimi-demande-la-grace-presidentielle-pour-borhen-bsaies\/#primaryimage"},"thumbnailUrl":"","datePublished":"2018-10-03T13:31:22+00:00","dateModified":"2018-10-03T13:40:32+00:00","breadcrumb":{"@id":"https:\/\/kapitalis.com\/tunisie\/2018\/10\/03\/ajmi-lourimi-demande-la-grace-presidentielle-pour-borhen-bsaies\/#breadcrumb"},"inLanguage":"fr-FR","potentialAction":[{"@type":"ReadAction","target":["https:\/\/kapitalis.com\/tunisie\/2018\/10\/03\/ajmi-lourimi-demande-la-grace-presidentielle-pour-borhen-bsaies\/"]}]},{"@type":"ImageObject","inLanguage":"fr-FR","@id":"https:\/\/kapitalis.com\/tunisie\/2018\/10\/03\/ajmi-lourimi-demande-la-grace-presidentielle-pour-borhen-bsaies\/#primaryimage","url":"","contentUrl":""},{"@type":"BreadcrumbList","@id":"https:\/\/kapitalis.com\/tunisie\/2018\/10\/03\/ajmi-lourimi-demande-la-grace-presidentielle-pour-borhen-bsaies\/#breadcrumb","itemListElement":[{"@type":"ListItem","position":1,"name":"Accueil","item":"https:\/\/kapitalis.com\/tunisie\/"},{"@type":"ListItem","position":2,"name":"Ajmi Lourimi demande la gr\u00e2ce pr\u00e9sidentielle pour Borhen Bsaies"}]},{"@type":"WebSite","@id":"https:\/\/kapitalis.com\/tunisie\/#website","url":"https:\/\/kapitalis.com\/tunisie\/","name":"Kapitalis","description":"L&#039;actualit\u00e9 en Tunisie et dans le monde","publisher":{"@id":"https:\/\/kapitalis.com\/tunisie\/#organization"},"potentialAction":[{"@type":"SearchAction","target":{"@type":"EntryPoint","urlTemplate":"https:\/\/kapitalis.com\/tunisie\/?s={search_term_string}"},"query-input":{"@type":"PropertyValueSpecification","valueRequired":true,"valueName":"search_term_string"}}],"inLanguage":"fr-FR"},{"@type":"Organization","@id":"https:\/\/kapitalis.com\/tunisie\/#organization","name":"Kapitalis","url":"https:\/\/kapitalis.com\/tunisie\/","logo":{"@type":"ImageObject","inLanguage":"fr-FR","@id":"https:\/\/kapitalis.com\/tunisie\/#\/schema\/logo\/image\/","url":"https:\/\/kapitalis.com\/tunisie\/wp-content\/uploads\/2022\/05\/Kapitalis-big-size.png","contentUrl":"https:\/\/kapitalis.com\/tunisie\/wp-content\/uploads\/2022\/05\/Kapitalis-big-size.png","width":5000,"height":1500,"caption":"Kapitalis"},"image":{"@id":"https:\/\/kapitalis.com\/tunisie\/#\/schema\/logo\/image\/"},"sameAs":["https:\/\/www.facebook.com\/KapitalisInfo\/","https:\/\/x.com\/KapitalisInfo","https:\/\/www.youtube.com\/channel\/UC-yDYrHyfFBWWZaOw3FPg9Q"]},{"@type":"Person","@id":"https:\/\/kapitalis.com\/tunisie\/#\/schema\/person\/2c6e134b2f3369dffcd1daf5f087d28b","name":"emna benabdallah","url":"https:\/\/kapitalis.com\/tunisie\/author\/emna\/"}]}},"_links":{"self":[{"href":"https:\/\/kapitalis.com\/tunisie\/wp-json\/wp\/v2\/posts\/176707","targetHints":{"allow":["GET"]}}],"collection":[{"href":"https:\/\/kapitalis.com\/tunisie\/wp-json\/wp\/v2\/posts"}],"about":[{"href":"https:\/\/kapitalis.com\/tunisie\/wp-json\/wp\/v2\/types\/post"}],"author":[{"embeddable":true,"href":"https:\/\/kapitalis.com\/tunisie\/wp-json\/wp\/v2\/users\/16"}],"replies":[{"embeddable":true,"href":"https:\/\/kapitalis.com\/tunisie\/wp-json\/wp\/v2\/comments?post=176707"}],"version-history":[{"count":0,"href":"https:\/\/kapitalis.com\/tunisie\/wp-json\/wp\/v2\/posts\/176707\/revisions"}],"wp:featuredmedia":[{"embeddable":true,"href":"https:\/\/kapitalis.com\/tunisie\/wp-json\/wp\/v2\/media\/176712"}],"wp:attachment":[{"href":"https:\/\/kapitalis.com\/tunisie\/wp-json\/wp\/v2\/media?parent=176707"}],"wp:term":[{"taxonomy":"category","embeddable":true,"href":"https:\/\/kapitalis.com\/tunisie\/wp-json\/wp\/v2\/categories?post=176707"},{"taxonomy":"post_tag","embeddable":true,"href":"https:\/\/kapitalis.com\/tunisie\/wp-json\/wp\/v2\/tags?post=176707"}],"curies":[{"name":"wp","href":"https:\/\/api.w.org\/{rel}","templated":true}]}}