{"id":17696,"date":"2015-10-05T17:54:16","date_gmt":"2015-10-05T16:54:16","guid":{"rendered":"http:\/\/kapitalis.com\/tunisie\/?p=17696"},"modified":"2015-10-05T17:54:16","modified_gmt":"2015-10-05T16:54:16","slug":"mort-suspecte-dun-patient-lhopital-desengage-de-toute-responsabilite","status":"publish","type":"post","link":"https:\/\/kapitalis.com\/tunisie\/2015\/10\/05\/mort-suspecte-dun-patient-lhopital-desengage-de-toute-responsabilite\/","title":{"rendered":"Mort suspecte d\u2019un patient: L\u2019h\u00f4pital d\u00e9sengag\u00e9 de toute responsabilit\u00e9"},"content":{"rendered":"<p><img loading=\"lazy\" decoding=\"async\" class=\"alignnone size-full wp-image-17697 aligncenter\" src=\"http:\/\/kapitalis.com\/tunisie\/wp-content\/uploads\/2015\/10\/operation-chirurgicale.jpg\" alt=\"operation-chirurgicale\" width=\"628\" height=\"380\" \/><\/p>\n<p><em><strong>Le minist\u00e8re de la Sant\u00e9 a tranch\u00e9 sur le dossier de la mort \u00absuspecte\u00bb d\u2019un patient \u00e0 l\u2019h\u00f4pital Rabta, \u00e0 Tunis, indiquant qu\u2019aucune faute m\u00e9dicale n\u2019a \u00e9t\u00e9 commise.<\/strong><\/em><\/p>\n<p><!--more--><\/p>\n<p>Le minist\u00e8re a rendu public, aujourd\u2019hui, les r\u00e9sultats de l\u2019enqu\u00eate qu\u2019il a men\u00e9e \u00e0 ce sujet et indiqu\u00e9 qu\u2019aucune n\u00e9gligence m\u00e9dicale n\u2019a \u00e9t\u00e9 constat\u00e9e. \u00abLes chances de survie du patient \u00e9taient tr\u00e8s limit\u00e9es vu qu\u2019au moment de son admission, il \u00e9tait d\u00e9j\u00e0 dans un \u00e9tat tr\u00e8s critique\u00bb, indique le communiqu\u00e9, qui pr\u00e9cise que les m\u00e9decins ont d\u00fb laisser la plaie ouverte pour parer \u00e0 toute complication.<\/p>\n<p>L\u2019enqu\u00eate pr\u00e9cise que la famille de feu Sassi Riahi avait \u00e9t\u00e9 inform\u00e9e que son pronostic vital du partent \u00e9tait engag\u00e9.<\/p>\n<p style=\"text-align: right;\"><strong>Y. N.<\/strong><\/p>\n<p><em><strong>Article li\u00e9 : \u00a0<\/strong><\/em><\/p>\n<p><a href=\"http:\/\/kapitalis.com\/tunisie\/2015\/10\/05\/sante-enquete-sur-la-mort-suspecte-dun-patient-a-lhopital-rabta\/\" target=\"_blank\"><em>Sant\u00e9 : Enqu\u00eate sur la mort suspecte d\u2019un patient \u00e0 l\u2019h\u00f4pital Rabta.<\/em> <\/a><\/p>\n","protected":false},"excerpt":{"rendered":"<p>Le minist\u00e8re de la Sant\u00e9 a tranch\u00e9 sur le dossier de la mort \u00absuspecte\u00bb d\u2019un patient \u00e0 l\u2019h\u00f4pital Rabta, \u00e0 Tunis, indiquant qu\u2019aucune faute m\u00e9dicale n\u2019a \u00e9t\u00e9 commise.<\/p>\n","protected":false},"author":8,"featured_media":17697,"comment_status":"open","ping_status":"open","sticky":false,"template":"","format":"standard","meta":{"footnotes":""},"categories":[998,2433],"tags":[7326,1337,612,810],"class_list":["post-17696","post","type-post","status-publish","format-standard","has-post-thumbnail","hentry","category-societe","category-tunisie","tag-hopital-rabta","tag-medecins","tag-ministere","tag-sante"],"yoast_head":"<!-- This site is optimized with the Yoast SEO plugin v26.6 - https:\/\/yoast.com\/wordpress\/plugins\/seo\/ -->\n<title>Mort suspecte d\u2019un patient: L\u2019h\u00f4pital d\u00e9sengag\u00e9 de toute responsabilit\u00e9 - Kapitalis<\/title>\n<meta name=\"robots\" content=\"index, follow, max-snippet:-1, max-image-preview:large, max-video-preview:-1\" \/>\n<link rel=\"canonical\" href=\"https:\/\/kapitalis.com\/tunisie\/2015\/10\/05\/mort-suspecte-dun-patient-lhopital-desengage-de-toute-responsabilite\/\" \/>\n<meta property=\"og:locale\" content=\"fr_FR\" \/>\n<meta property=\"og:type\" content=\"article\" \/>\n<meta property=\"og:title\" content=\"Mort suspecte d\u2019un patient: L\u2019h\u00f4pital d\u00e9sengag\u00e9 de toute responsabilit\u00e9 - Kapitalis\" \/>\n<meta property=\"og:description\" content=\"Le minist\u00e8re de la Sant\u00e9 a tranch\u00e9 sur le dossier de la mort \u00absuspecte\u00bb d\u2019un patient \u00e0 l\u2019h\u00f4pital Rabta, \u00e0 Tunis, indiquant qu\u2019aucune faute m\u00e9dicale n\u2019a \u00e9t\u00e9 commise.\" \/>\n<meta property=\"og:url\" content=\"https:\/\/kapitalis.com\/tunisie\/2015\/10\/05\/mort-suspecte-dun-patient-lhopital-desengage-de-toute-responsabilite\/\" \/>\n<meta property=\"og:site_name\" content=\"Kapitalis\" \/>\n<meta property=\"article:publisher\" content=\"https:\/\/www.facebook.com\/KapitalisInfo\/\" \/>\n<meta property=\"article:published_time\" content=\"2015-10-05T16:54:16+00:00\" \/>\n<meta property=\"og:image\" content=\"https:\/\/kapitalis.com\/tunisie\/wp-content\/uploads\/2022\/05\/kapitalis-logo-fb.png\" \/>\n\t<meta property=\"og:image:width\" content=\"1200\" \/>\n\t<meta property=\"og:image:height\" content=\"630\" \/>\n\t<meta property=\"og:image:type\" content=\"image\/png\" \/>\n<meta name=\"author\" content=\"webmaster kapitalis\" \/>\n<meta name=\"twitter:card\" content=\"summary_large_image\" \/>\n<meta name=\"twitter:creator\" content=\"@KapitalisInfo\" \/>\n<meta name=\"twitter:site\" content=\"@KapitalisInfo\" \/>\n<meta name=\"twitter:label1\" content=\"\u00c9crit par\" \/>\n\t<meta name=\"twitter:data1\" content=\"webmaster kapitalis\" \/>\n\t<meta name=\"twitter:label2\" content=\"Dur\u00e9e de lecture estim\u00e9e\" \/>\n\t<meta name=\"twitter:data2\" content=\"1 minute\" \/>\n<script type=\"application\/ld+json\" class=\"yoast-schema-graph\">{\"@context\":\"https:\/\/schema.org\",\"@graph\":[{\"@type\":\"Article\",\"@id\":\"https:\/\/kapitalis.com\/tunisie\/2015\/10\/05\/mort-suspecte-dun-patient-lhopital-desengage-de-toute-responsabilite\/#article\",\"isPartOf\":{\"@id\":\"https:\/\/kapitalis.com\/tunisie\/2015\/10\/05\/mort-suspecte-dun-patient-lhopital-desengage-de-toute-responsabilite\/\"},\"author\":{\"name\":\"webmaster kapitalis\",\"@id\":\"https:\/\/kapitalis.com\/tunisie\/#\/schema\/person\/d71f33a9ca44f7bad4698210b480c8e9\"},\"headline\":\"Mort suspecte d\u2019un patient: L\u2019h\u00f4pital d\u00e9sengag\u00e9 de toute responsabilit\u00e9\",\"datePublished\":\"2015-10-05T16:54:16+00:00\",\"mainEntityOfPage\":{\"@id\":\"https:\/\/kapitalis.com\/tunisie\/2015\/10\/05\/mort-suspecte-dun-patient-lhopital-desengage-de-toute-responsabilite\/\"},\"wordCount\":171,\"commentCount\":2,\"publisher\":{\"@id\":\"https:\/\/kapitalis.com\/tunisie\/#organization\"},\"image\":{\"@id\":\"https:\/\/kapitalis.com\/tunisie\/2015\/10\/05\/mort-suspecte-dun-patient-lhopital-desengage-de-toute-responsabilite\/#primaryimage\"},\"thumbnailUrl\":\"\",\"keywords\":[\"h\u00f4pital Rabta\",\"m\u00e9decins\",\"minist\u00e8re\",\"Sant\u00e9\"],\"articleSection\":[\"SOCIETE\",\"Tunisie\"],\"inLanguage\":\"fr-FR\",\"potentialAction\":[{\"@type\":\"CommentAction\",\"name\":\"Comment\",\"target\":[\"https:\/\/kapitalis.com\/tunisie\/2015\/10\/05\/mort-suspecte-dun-patient-lhopital-desengage-de-toute-responsabilite\/#respond\"]}]},{\"@type\":\"WebPage\",\"@id\":\"https:\/\/kapitalis.com\/tunisie\/2015\/10\/05\/mort-suspecte-dun-patient-lhopital-desengage-de-toute-responsabilite\/\",\"url\":\"https:\/\/kapitalis.com\/tunisie\/2015\/10\/05\/mort-suspecte-dun-patient-lhopital-desengage-de-toute-responsabilite\/\",\"name\":\"Mort suspecte d\u2019un patient: L\u2019h\u00f4pital d\u00e9sengag\u00e9 de toute responsabilit\u00e9 - Kapitalis\",\"isPartOf\":{\"@id\":\"https:\/\/kapitalis.com\/tunisie\/#website\"},\"primaryImageOfPage\":{\"@id\":\"https:\/\/kapitalis.com\/tunisie\/2015\/10\/05\/mort-suspecte-dun-patient-lhopital-desengage-de-toute-responsabilite\/#primaryimage\"},\"image\":{\"@id\":\"https:\/\/kapitalis.com\/tunisie\/2015\/10\/05\/mort-suspecte-dun-patient-lhopital-desengage-de-toute-responsabilite\/#primaryimage\"},\"thumbnailUrl\":\"\",\"datePublished\":\"2015-10-05T16:54:16+00:00\",\"breadcrumb\":{\"@id\":\"https:\/\/kapitalis.com\/tunisie\/2015\/10\/05\/mort-suspecte-dun-patient-lhopital-desengage-de-toute-responsabilite\/#breadcrumb\"},\"inLanguage\":\"fr-FR\",\"potentialAction\":[{\"@type\":\"ReadAction\",\"target\":[\"https:\/\/kapitalis.com\/tunisie\/2015\/10\/05\/mort-suspecte-dun-patient-lhopital-desengage-de-toute-responsabilite\/\"]}]},{\"@type\":\"ImageObject\",\"inLanguage\":\"fr-FR\",\"@id\":\"https:\/\/kapitalis.com\/tunisie\/2015\/10\/05\/mort-suspecte-dun-patient-lhopital-desengage-de-toute-responsabilite\/#primaryimage\",\"url\":\"\",\"contentUrl\":\"\"},{\"@type\":\"BreadcrumbList\",\"@id\":\"https:\/\/kapitalis.com\/tunisie\/2015\/10\/05\/mort-suspecte-dun-patient-lhopital-desengage-de-toute-responsabilite\/#breadcrumb\",\"itemListElement\":[{\"@type\":\"ListItem\",\"position\":1,\"name\":\"Accueil\",\"item\":\"https:\/\/kapitalis.com\/tunisie\/\"},{\"@type\":\"ListItem\",\"position\":2,\"name\":\"Mort suspecte d\u2019un patient: L\u2019h\u00f4pital d\u00e9sengag\u00e9 de toute responsabilit\u00e9\"}]},{\"@type\":\"WebSite\",\"@id\":\"https:\/\/kapitalis.com\/tunisie\/#website\",\"url\":\"https:\/\/kapitalis.com\/tunisie\/\",\"name\":\"Kapitalis\",\"description\":\"L&#039;actualit\u00e9 en Tunisie et dans le monde\",\"publisher\":{\"@id\":\"https:\/\/kapitalis.com\/tunisie\/#organization\"},\"potentialAction\":[{\"@type\":\"SearchAction\",\"target\":{\"@type\":\"EntryPoint\",\"urlTemplate\":\"https:\/\/kapitalis.com\/tunisie\/?s={search_term_string}\"},\"query-input\":{\"@type\":\"PropertyValueSpecification\",\"valueRequired\":true,\"valueName\":\"search_term_string\"}}],\"inLanguage\":\"fr-FR\"},{\"@type\":\"Organization\",\"@id\":\"https:\/\/kapitalis.com\/tunisie\/#organization\",\"name\":\"Kapitalis\",\"url\":\"https:\/\/kapitalis.com\/tunisie\/\",\"logo\":{\"@type\":\"ImageObject\",\"inLanguage\":\"fr-FR\",\"@id\":\"https:\/\/kapitalis.com\/tunisie\/#\/schema\/logo\/image\/\",\"url\":\"https:\/\/kapitalis.com\/tunisie\/wp-content\/uploads\/2022\/05\/Kapitalis-big-size.png\",\"contentUrl\":\"https:\/\/kapitalis.com\/tunisie\/wp-content\/uploads\/2022\/05\/Kapitalis-big-size.png\",\"width\":5000,\"height\":1500,\"caption\":\"Kapitalis\"},\"image\":{\"@id\":\"https:\/\/kapitalis.com\/tunisie\/#\/schema\/logo\/image\/\"},\"sameAs\":[\"https:\/\/www.facebook.com\/KapitalisInfo\/\",\"https:\/\/x.com\/KapitalisInfo\",\"https:\/\/www.youtube.com\/channel\/UC-yDYrHyfFBWWZaOw3FPg9Q\"]},{\"@type\":\"Person\",\"@id\":\"https:\/\/kapitalis.com\/tunisie\/#\/schema\/person\/d71f33a9ca44f7bad4698210b480c8e9\",\"name\":\"webmaster kapitalis\",\"url\":\"https:\/\/kapitalis.com\/tunisie\/author\/webmaster-kapitalis\/\"}]}<\/script>\n<!-- \/ Yoast SEO plugin. -->","yoast_head_json":{"title":"Mort suspecte d\u2019un patient: L\u2019h\u00f4pital d\u00e9sengag\u00e9 de toute responsabilit\u00e9 - Kapitalis","robots":{"index":"index","follow":"follow","max-snippet":"max-snippet:-1","max-image-preview":"max-image-preview:large","max-video-preview":"max-video-preview:-1"},"canonical":"https:\/\/kapitalis.com\/tunisie\/2015\/10\/05\/mort-suspecte-dun-patient-lhopital-desengage-de-toute-responsabilite\/","og_locale":"fr_FR","og_type":"article","og_title":"Mort suspecte d\u2019un patient: L\u2019h\u00f4pital d\u00e9sengag\u00e9 de toute responsabilit\u00e9 - Kapitalis","og_description":"Le minist\u00e8re de la Sant\u00e9 a tranch\u00e9 sur le dossier de la mort \u00absuspecte\u00bb d\u2019un patient \u00e0 l\u2019h\u00f4pital Rabta, \u00e0 Tunis, indiquant qu\u2019aucune faute m\u00e9dicale n\u2019a \u00e9t\u00e9 commise.","og_url":"https:\/\/kapitalis.com\/tunisie\/2015\/10\/05\/mort-suspecte-dun-patient-lhopital-desengage-de-toute-responsabilite\/","og_site_name":"Kapitalis","article_publisher":"https:\/\/www.facebook.com\/KapitalisInfo\/","article_published_time":"2015-10-05T16:54:16+00:00","og_image":[{"width":1200,"height":630,"url":"https:\/\/kapitalis.com\/tunisie\/wp-content\/uploads\/2022\/05\/kapitalis-logo-fb.png","type":"image\/png"}],"author":"webmaster kapitalis","twitter_card":"summary_large_image","twitter_creator":"@KapitalisInfo","twitter_site":"@KapitalisInfo","twitter_misc":{"\u00c9crit par":"webmaster kapitalis","Dur\u00e9e de lecture estim\u00e9e":"1 minute"},"schema":{"@context":"https:\/\/schema.org","@graph":[{"@type":"Article","@id":"https:\/\/kapitalis.com\/tunisie\/2015\/10\/05\/mort-suspecte-dun-patient-lhopital-desengage-de-toute-responsabilite\/#article","isPartOf":{"@id":"https:\/\/kapitalis.com\/tunisie\/2015\/10\/05\/mort-suspecte-dun-patient-lhopital-desengage-de-toute-responsabilite\/"},"author":{"name":"webmaster kapitalis","@id":"https:\/\/kapitalis.com\/tunisie\/#\/schema\/person\/d71f33a9ca44f7bad4698210b480c8e9"},"headline":"Mort suspecte d\u2019un patient: L\u2019h\u00f4pital d\u00e9sengag\u00e9 de toute responsabilit\u00e9","datePublished":"2015-10-05T16:54:16+00:00","mainEntityOfPage":{"@id":"https:\/\/kapitalis.com\/tunisie\/2015\/10\/05\/mort-suspecte-dun-patient-lhopital-desengage-de-toute-responsabilite\/"},"wordCount":171,"commentCount":2,"publisher":{"@id":"https:\/\/kapitalis.com\/tunisie\/#organization"},"image":{"@id":"https:\/\/kapitalis.com\/tunisie\/2015\/10\/05\/mort-suspecte-dun-patient-lhopital-desengage-de-toute-responsabilite\/#primaryimage"},"thumbnailUrl":"","keywords":["h\u00f4pital Rabta","m\u00e9decins","minist\u00e8re","Sant\u00e9"],"articleSection":["SOCIETE","Tunisie"],"inLanguage":"fr-FR","potentialAction":[{"@type":"CommentAction","name":"Comment","target":["https:\/\/kapitalis.com\/tunisie\/2015\/10\/05\/mort-suspecte-dun-patient-lhopital-desengage-de-toute-responsabilite\/#respond"]}]},{"@type":"WebPage","@id":"https:\/\/kapitalis.com\/tunisie\/2015\/10\/05\/mort-suspecte-dun-patient-lhopital-desengage-de-toute-responsabilite\/","url":"https:\/\/kapitalis.com\/tunisie\/2015\/10\/05\/mort-suspecte-dun-patient-lhopital-desengage-de-toute-responsabilite\/","name":"Mort suspecte d\u2019un patient: L\u2019h\u00f4pital d\u00e9sengag\u00e9 de toute responsabilit\u00e9 - Kapitalis","isPartOf":{"@id":"https:\/\/kapitalis.com\/tunisie\/#website"},"primaryImageOfPage":{"@id":"https:\/\/kapitalis.com\/tunisie\/2015\/10\/05\/mort-suspecte-dun-patient-lhopital-desengage-de-toute-responsabilite\/#primaryimage"},"image":{"@id":"https:\/\/kapitalis.com\/tunisie\/2015\/10\/05\/mort-suspecte-dun-patient-lhopital-desengage-de-toute-responsabilite\/#primaryimage"},"thumbnailUrl":"","datePublished":"2015-10-05T16:54:16+00:00","breadcrumb":{"@id":"https:\/\/kapitalis.com\/tunisie\/2015\/10\/05\/mort-suspecte-dun-patient-lhopital-desengage-de-toute-responsabilite\/#breadcrumb"},"inLanguage":"fr-FR","potentialAction":[{"@type":"ReadAction","target":["https:\/\/kapitalis.com\/tunisie\/2015\/10\/05\/mort-suspecte-dun-patient-lhopital-desengage-de-toute-responsabilite\/"]}]},{"@type":"ImageObject","inLanguage":"fr-FR","@id":"https:\/\/kapitalis.com\/tunisie\/2015\/10\/05\/mort-suspecte-dun-patient-lhopital-desengage-de-toute-responsabilite\/#primaryimage","url":"","contentUrl":""},{"@type":"BreadcrumbList","@id":"https:\/\/kapitalis.com\/tunisie\/2015\/10\/05\/mort-suspecte-dun-patient-lhopital-desengage-de-toute-responsabilite\/#breadcrumb","itemListElement":[{"@type":"ListItem","position":1,"name":"Accueil","item":"https:\/\/kapitalis.com\/tunisie\/"},{"@type":"ListItem","position":2,"name":"Mort suspecte d\u2019un patient: L\u2019h\u00f4pital d\u00e9sengag\u00e9 de toute responsabilit\u00e9"}]},{"@type":"WebSite","@id":"https:\/\/kapitalis.com\/tunisie\/#website","url":"https:\/\/kapitalis.com\/tunisie\/","name":"Kapitalis","description":"L&#039;actualit\u00e9 en Tunisie et dans le monde","publisher":{"@id":"https:\/\/kapitalis.com\/tunisie\/#organization"},"potentialAction":[{"@type":"SearchAction","target":{"@type":"EntryPoint","urlTemplate":"https:\/\/kapitalis.com\/tunisie\/?s={search_term_string}"},"query-input":{"@type":"PropertyValueSpecification","valueRequired":true,"valueName":"search_term_string"}}],"inLanguage":"fr-FR"},{"@type":"Organization","@id":"https:\/\/kapitalis.com\/tunisie\/#organization","name":"Kapitalis","url":"https:\/\/kapitalis.com\/tunisie\/","logo":{"@type":"ImageObject","inLanguage":"fr-FR","@id":"https:\/\/kapitalis.com\/tunisie\/#\/schema\/logo\/image\/","url":"https:\/\/kapitalis.com\/tunisie\/wp-content\/uploads\/2022\/05\/Kapitalis-big-size.png","contentUrl":"https:\/\/kapitalis.com\/tunisie\/wp-content\/uploads\/2022\/05\/Kapitalis-big-size.png","width":5000,"height":1500,"caption":"Kapitalis"},"image":{"@id":"https:\/\/kapitalis.com\/tunisie\/#\/schema\/logo\/image\/"},"sameAs":["https:\/\/www.facebook.com\/KapitalisInfo\/","https:\/\/x.com\/KapitalisInfo","https:\/\/www.youtube.com\/channel\/UC-yDYrHyfFBWWZaOw3FPg9Q"]},{"@type":"Person","@id":"https:\/\/kapitalis.com\/tunisie\/#\/schema\/person\/d71f33a9ca44f7bad4698210b480c8e9","name":"webmaster kapitalis","url":"https:\/\/kapitalis.com\/tunisie\/author\/webmaster-kapitalis\/"}]}},"_links":{"self":[{"href":"https:\/\/kapitalis.com\/tunisie\/wp-json\/wp\/v2\/posts\/17696","targetHints":{"allow":["GET"]}}],"collection":[{"href":"https:\/\/kapitalis.com\/tunisie\/wp-json\/wp\/v2\/posts"}],"about":[{"href":"https:\/\/kapitalis.com\/tunisie\/wp-json\/wp\/v2\/types\/post"}],"author":[{"embeddable":true,"href":"https:\/\/kapitalis.com\/tunisie\/wp-json\/wp\/v2\/users\/8"}],"replies":[{"embeddable":true,"href":"https:\/\/kapitalis.com\/tunisie\/wp-json\/wp\/v2\/comments?post=17696"}],"version-history":[{"count":0,"href":"https:\/\/kapitalis.com\/tunisie\/wp-json\/wp\/v2\/posts\/17696\/revisions"}],"wp:featuredmedia":[{"embeddable":true,"href":"https:\/\/kapitalis.com\/tunisie\/wp-json\/wp\/v2\/media\/17697"}],"wp:attachment":[{"href":"https:\/\/kapitalis.com\/tunisie\/wp-json\/wp\/v2\/media?parent=17696"}],"wp:term":[{"taxonomy":"category","embeddable":true,"href":"https:\/\/kapitalis.com\/tunisie\/wp-json\/wp\/v2\/categories?post=17696"},{"taxonomy":"post_tag","embeddable":true,"href":"https:\/\/kapitalis.com\/tunisie\/wp-json\/wp\/v2\/tags?post=17696"}],"curies":[{"name":"wp","href":"https:\/\/api.w.org\/{rel}","templated":true}]}}