{"id":176966,"date":"2018-10-05T11:13:04","date_gmt":"2018-10-05T10:13:04","guid":{"rendered":"http:\/\/kapitalis.com\/tunisie\/?p=176966"},"modified":"2018-10-05T11:13:04","modified_gmt":"2018-10-05T10:13:04","slug":"kairouan-deces-dun-ado-probablement-atteint-par-le-virus-du-nil","status":"publish","type":"post","link":"https:\/\/kapitalis.com\/tunisie\/2018\/10\/05\/kairouan-deces-dun-ado-probablement-atteint-par-le-virus-du-nil\/","title":{"rendered":"Kairouan : D\u00e9c\u00e8s d&rsquo;un ado, probablement atteint par le virus du Nil"},"content":{"rendered":"<p style=\"text-align: center;\"><img loading=\"lazy\" decoding=\"async\" class=\"alignnone size-full wp-image-176972\" src=\"http:\/\/kapitalis.com\/tunisie\/wp-content\/uploads\/2018\/10\/virus-Nil-occidental.jpg\" alt=\"\" width=\"626\" height=\"380\" \/><\/p>\n<p><em><strong>Un adolescent de 17 ans est d\u00e9c\u00e9d\u00e9 ce matin, vendredi 5 octobre 2018, \u00e0 l&rsquo;h\u00f4pital Ibn El Jazzar de Kairouan. Suspect\u00e9 d&rsquo;\u00eatre atteint du virus du Nil occidental, il avait \u00e9t\u00e9 hospitalis\u00e9 en urgence hier matin. Si les analyses le confirment, ce sera le 3e d\u00e9c\u00e8s en Tunisie par cette maladie.<\/strong><\/em><\/p>\n<p><!--more--><\/p>\n<p>Le d\u00e9l\u00e9gu\u00e9 r\u00e9gional de la Sant\u00e9 de Kairouan, Sami Rekik, a d\u00e9clar\u00e9, sur Mosa\u00efque FM, que l\u2019adolescent \u00e9tait admis \u00e0 l&rsquo;h\u00f4pital dans un \u00e9tat critique et pr\u00e9sentait des sympt\u00f4mes d&rsquo;atteinte par ledit virus. Les analyses n\u00e9cessaires vont \u00eatre effectu\u00e9es par l&rsquo;Institut Pasteur de Tunis, pour v\u00e9rifier s&rsquo;il \u00e9tait atteint de la fi\u00e8vre du Nil.<\/p>\n<p>Notons qu\u2019une femme \u00e2g\u00e9e d&rsquo;une cinquantaine d&rsquo;ann\u00e9es, pr\u00e9sentant des sympt\u00f4mes similaires, est \u00e9galement hospitalis\u00e9e \u00e0 Kairouan mais les r\u00e9sultats des analyses n\u2019ont pas encore \u00e9t\u00e9 livr\u00e9s et rien ne confirme encore qu\u2019elle est atteinte du virus du Nil. Son \u00e9tat serait stable, selon les m\u00e9decins qui la prennent en charge.<\/p>\n<p>Rappelons que le 1<sup>er<\/sup> septembre, un homme est d\u00e9c\u00e9d\u00e9 de ce virus \u00a0\u00e0 Msaken, et un autre, avant-hier, \u00e0 Mahdia.<\/p>\n<p>Depuis le 27 septembre, on a enregistr\u00e9 30 cas confirm\u00e9s et 69 suspect\u00e9s, dans les gouvernorats de Sousse, Mahdia, Kairouan et dans le nord-ouest tunisien.<\/p>\n<p style=\"text-align: right;\"><strong>Y. N.<\/strong><\/p>\n<blockquote class=\"wp-embedded-content\" data-secret=\"T8mvP1ppWE\"><p><a href=\"https:\/\/kapitalis.com\/tunisie\/2018\/10\/03\/virus-de-nil-occidental-six-cas-dinfection-a-mahdia\/\">Virus de Nil occidental : Six cas d&rsquo;infection \u00e0 Mahdia<\/a><\/p><\/blockquote>\n<p><iframe loading=\"lazy\" class=\"wp-embedded-content\" sandbox=\"allow-scripts\" security=\"restricted\" style=\"position: absolute; clip: rect(1px, 1px, 1px, 1px);\" title=\"\u00ab\u00a0Virus de Nil occidental : Six cas d&rsquo;infection \u00e0 Mahdia\u00a0\u00bb &#8212; Kapitalis\" src=\"https:\/\/kapitalis.com\/tunisie\/2018\/10\/03\/virus-de-nil-occidental-six-cas-dinfection-a-mahdia\/embed\/#?secret=jIrf0Cpg9p#?secret=T8mvP1ppWE\" data-secret=\"T8mvP1ppWE\" width=\"600\" height=\"338\" frameborder=\"0\" marginwidth=\"0\" marginheight=\"0\" scrolling=\"no\"><\/iframe><\/p>\n<blockquote class=\"wp-embedded-content\" data-secret=\"zTnpMUiXSW\"><p><a href=\"https:\/\/kapitalis.com\/tunisie\/2018\/10\/02\/virus-du-nil-occidental-riadh-mouakher-rassure-les-tunisiens\/\">Virus du Nil occidental : Riadh Mouakher rassure les Tunisiens<\/a><\/p><\/blockquote>\n<p><iframe loading=\"lazy\" class=\"wp-embedded-content\" sandbox=\"allow-scripts\" security=\"restricted\" style=\"position: absolute; clip: rect(1px, 1px, 1px, 1px);\" title=\"\u00ab\u00a0Virus du Nil occidental : Riadh Mouakher rassure les Tunisiens\u00a0\u00bb &#8212; Kapitalis\" src=\"https:\/\/kapitalis.com\/tunisie\/2018\/10\/02\/virus-du-nil-occidental-riadh-mouakher-rassure-les-tunisiens\/embed\/#?secret=EcmiXE3clL#?secret=zTnpMUiXSW\" data-secret=\"zTnpMUiXSW\" width=\"600\" height=\"338\" frameborder=\"0\" marginwidth=\"0\" marginheight=\"0\" scrolling=\"no\"><\/iframe><\/p>\n","protected":false},"excerpt":{"rendered":"<p>Un adolescent de 17 ans est d\u00e9c\u00e9d\u00e9 ce matin, vendredi 5 octobre 2018, \u00e0 l&rsquo;h\u00f4pital Ibn El Jazzar de Kairouan. Suspect\u00e9 d&rsquo;\u00eatre atteint du virus du Nil occidental, il avait \u00e9t\u00e9 hospitalis\u00e9 en urgence hier matin. Si les analyses le confirment, ce sera le 3e d\u00e9c\u00e8s en Tunisie par cette maladie.<\/p>\n","protected":false},"author":6,"featured_media":176972,"comment_status":"open","ping_status":"open","sticky":false,"template":"","format":"standard","meta":{"footnotes":""},"categories":[998,2433],"tags":[451,565,1543,1567,5420,810,854,8494],"class_list":["post-176966","post","type-post","status-publish","format-standard","has-post-thumbnail","hentry","category-societe","category-tunisie","tag-hopital","tag-mahdia","tag-maladie","tag-msaken","tag-nord-ouest","tag-sante","tag-sousse","tag-virus"],"yoast_head":"<!-- This site is optimized with the Yoast SEO plugin v26.6 - https:\/\/yoast.com\/wordpress\/plugins\/seo\/ -->\n<title>Kairouan : D\u00e9c\u00e8s d&#039;un ado, probablement atteint par le virus du Nil - Kapitalis<\/title>\n<meta name=\"robots\" content=\"index, follow, max-snippet:-1, max-image-preview:large, max-video-preview:-1\" \/>\n<link rel=\"canonical\" href=\"https:\/\/kapitalis.com\/tunisie\/2018\/10\/05\/kairouan-deces-dun-ado-probablement-atteint-par-le-virus-du-nil\/\" \/>\n<meta property=\"og:locale\" content=\"fr_FR\" \/>\n<meta property=\"og:type\" content=\"article\" \/>\n<meta property=\"og:title\" content=\"Kairouan : D\u00e9c\u00e8s d&#039;un ado, probablement atteint par le virus du Nil - Kapitalis\" \/>\n<meta property=\"og:description\" content=\"Un adolescent de 17 ans est d\u00e9c\u00e9d\u00e9 ce matin, vendredi 5 octobre 2018, \u00e0 l&rsquo;h\u00f4pital Ibn El Jazzar de Kairouan. Suspect\u00e9 d&rsquo;\u00eatre atteint du virus du Nil occidental, il avait \u00e9t\u00e9 hospitalis\u00e9 en urgence hier matin. Si les analyses le confirment, ce sera le 3e d\u00e9c\u00e8s en Tunisie par cette maladie.\" \/>\n<meta property=\"og:url\" content=\"https:\/\/kapitalis.com\/tunisie\/2018\/10\/05\/kairouan-deces-dun-ado-probablement-atteint-par-le-virus-du-nil\/\" \/>\n<meta property=\"og:site_name\" content=\"Kapitalis\" \/>\n<meta property=\"article:publisher\" content=\"https:\/\/www.facebook.com\/KapitalisInfo\/\" \/>\n<meta property=\"article:published_time\" content=\"2018-10-05T10:13:04+00:00\" \/>\n<meta property=\"og:image\" content=\"https:\/\/kapitalis.com\/tunisie\/wp-content\/uploads\/2022\/05\/kapitalis-logo-fb.png\" \/>\n\t<meta property=\"og:image:width\" content=\"1200\" \/>\n\t<meta property=\"og:image:height\" content=\"630\" \/>\n\t<meta property=\"og:image:type\" content=\"image\/png\" \/>\n<meta name=\"author\" content=\"Yusra NY\" \/>\n<meta name=\"twitter:card\" content=\"summary_large_image\" \/>\n<meta name=\"twitter:creator\" content=\"@KapitalisInfo\" \/>\n<meta name=\"twitter:site\" content=\"@KapitalisInfo\" \/>\n<meta name=\"twitter:label1\" content=\"\u00c9crit par\" \/>\n\t<meta name=\"twitter:data1\" content=\"Yusra NY\" \/>\n\t<meta name=\"twitter:label2\" content=\"Dur\u00e9e de lecture estim\u00e9e\" \/>\n\t<meta name=\"twitter:data2\" content=\"1 minute\" \/>\n<script type=\"application\/ld+json\" class=\"yoast-schema-graph\">{\"@context\":\"https:\/\/schema.org\",\"@graph\":[{\"@type\":\"Article\",\"@id\":\"https:\/\/kapitalis.com\/tunisie\/2018\/10\/05\/kairouan-deces-dun-ado-probablement-atteint-par-le-virus-du-nil\/#article\",\"isPartOf\":{\"@id\":\"https:\/\/kapitalis.com\/tunisie\/2018\/10\/05\/kairouan-deces-dun-ado-probablement-atteint-par-le-virus-du-nil\/\"},\"author\":{\"name\":\"Yusra NY\",\"@id\":\"https:\/\/kapitalis.com\/tunisie\/#\/schema\/person\/74bbde0154d49d790a92aaeac5bc01d5\"},\"headline\":\"Kairouan : D\u00e9c\u00e8s d&rsquo;un ado, probablement atteint par le virus du Nil\",\"datePublished\":\"2018-10-05T10:13:04+00:00\",\"mainEntityOfPage\":{\"@id\":\"https:\/\/kapitalis.com\/tunisie\/2018\/10\/05\/kairouan-deces-dun-ado-probablement-atteint-par-le-virus-du-nil\/\"},\"wordCount\":248,\"commentCount\":0,\"publisher\":{\"@id\":\"https:\/\/kapitalis.com\/tunisie\/#organization\"},\"image\":{\"@id\":\"https:\/\/kapitalis.com\/tunisie\/2018\/10\/05\/kairouan-deces-dun-ado-probablement-atteint-par-le-virus-du-nil\/#primaryimage\"},\"thumbnailUrl\":\"\",\"keywords\":[\"h\u00f4pital\",\"Mahdia\",\"maladie\",\"Msaken\",\"nord-ouest\",\"Sant\u00e9\",\"Sousse\",\"virus\"],\"articleSection\":[\"SOCIETE\",\"Tunisie\"],\"inLanguage\":\"fr-FR\",\"potentialAction\":[{\"@type\":\"CommentAction\",\"name\":\"Comment\",\"target\":[\"https:\/\/kapitalis.com\/tunisie\/2018\/10\/05\/kairouan-deces-dun-ado-probablement-atteint-par-le-virus-du-nil\/#respond\"]}]},{\"@type\":\"WebPage\",\"@id\":\"https:\/\/kapitalis.com\/tunisie\/2018\/10\/05\/kairouan-deces-dun-ado-probablement-atteint-par-le-virus-du-nil\/\",\"url\":\"https:\/\/kapitalis.com\/tunisie\/2018\/10\/05\/kairouan-deces-dun-ado-probablement-atteint-par-le-virus-du-nil\/\",\"name\":\"Kairouan : D\u00e9c\u00e8s d'un ado, probablement atteint par le virus du Nil - Kapitalis\",\"isPartOf\":{\"@id\":\"https:\/\/kapitalis.com\/tunisie\/#website\"},\"primaryImageOfPage\":{\"@id\":\"https:\/\/kapitalis.com\/tunisie\/2018\/10\/05\/kairouan-deces-dun-ado-probablement-atteint-par-le-virus-du-nil\/#primaryimage\"},\"image\":{\"@id\":\"https:\/\/kapitalis.com\/tunisie\/2018\/10\/05\/kairouan-deces-dun-ado-probablement-atteint-par-le-virus-du-nil\/#primaryimage\"},\"thumbnailUrl\":\"\",\"datePublished\":\"2018-10-05T10:13:04+00:00\",\"breadcrumb\":{\"@id\":\"https:\/\/kapitalis.com\/tunisie\/2018\/10\/05\/kairouan-deces-dun-ado-probablement-atteint-par-le-virus-du-nil\/#breadcrumb\"},\"inLanguage\":\"fr-FR\",\"potentialAction\":[{\"@type\":\"ReadAction\",\"target\":[\"https:\/\/kapitalis.com\/tunisie\/2018\/10\/05\/kairouan-deces-dun-ado-probablement-atteint-par-le-virus-du-nil\/\"]}]},{\"@type\":\"ImageObject\",\"inLanguage\":\"fr-FR\",\"@id\":\"https:\/\/kapitalis.com\/tunisie\/2018\/10\/05\/kairouan-deces-dun-ado-probablement-atteint-par-le-virus-du-nil\/#primaryimage\",\"url\":\"\",\"contentUrl\":\"\"},{\"@type\":\"BreadcrumbList\",\"@id\":\"https:\/\/kapitalis.com\/tunisie\/2018\/10\/05\/kairouan-deces-dun-ado-probablement-atteint-par-le-virus-du-nil\/#breadcrumb\",\"itemListElement\":[{\"@type\":\"ListItem\",\"position\":1,\"name\":\"Accueil\",\"item\":\"https:\/\/kapitalis.com\/tunisie\/\"},{\"@type\":\"ListItem\",\"position\":2,\"name\":\"Kairouan : D\u00e9c\u00e8s d&rsquo;un ado, probablement atteint par le virus du Nil\"}]},{\"@type\":\"WebSite\",\"@id\":\"https:\/\/kapitalis.com\/tunisie\/#website\",\"url\":\"https:\/\/kapitalis.com\/tunisie\/\",\"name\":\"Kapitalis\",\"description\":\"L&#039;actualit\u00e9 en Tunisie et dans le monde\",\"publisher\":{\"@id\":\"https:\/\/kapitalis.com\/tunisie\/#organization\"},\"potentialAction\":[{\"@type\":\"SearchAction\",\"target\":{\"@type\":\"EntryPoint\",\"urlTemplate\":\"https:\/\/kapitalis.com\/tunisie\/?s={search_term_string}\"},\"query-input\":{\"@type\":\"PropertyValueSpecification\",\"valueRequired\":true,\"valueName\":\"search_term_string\"}}],\"inLanguage\":\"fr-FR\"},{\"@type\":\"Organization\",\"@id\":\"https:\/\/kapitalis.com\/tunisie\/#organization\",\"name\":\"Kapitalis\",\"url\":\"https:\/\/kapitalis.com\/tunisie\/\",\"logo\":{\"@type\":\"ImageObject\",\"inLanguage\":\"fr-FR\",\"@id\":\"https:\/\/kapitalis.com\/tunisie\/#\/schema\/logo\/image\/\",\"url\":\"https:\/\/kapitalis.com\/tunisie\/wp-content\/uploads\/2022\/05\/Kapitalis-big-size.png\",\"contentUrl\":\"https:\/\/kapitalis.com\/tunisie\/wp-content\/uploads\/2022\/05\/Kapitalis-big-size.png\",\"width\":5000,\"height\":1500,\"caption\":\"Kapitalis\"},\"image\":{\"@id\":\"https:\/\/kapitalis.com\/tunisie\/#\/schema\/logo\/image\/\"},\"sameAs\":[\"https:\/\/www.facebook.com\/KapitalisInfo\/\",\"https:\/\/x.com\/KapitalisInfo\",\"https:\/\/www.youtube.com\/channel\/UC-yDYrHyfFBWWZaOw3FPg9Q\"]},{\"@type\":\"Person\",\"@id\":\"https:\/\/kapitalis.com\/tunisie\/#\/schema\/person\/74bbde0154d49d790a92aaeac5bc01d5\",\"name\":\"Yusra NY\",\"url\":\"https:\/\/kapitalis.com\/tunisie\/author\/yuza_adam\/\"}]}<\/script>\n<!-- \/ Yoast SEO plugin. -->","yoast_head_json":{"title":"Kairouan : D\u00e9c\u00e8s d'un ado, probablement atteint par le virus du Nil - Kapitalis","robots":{"index":"index","follow":"follow","max-snippet":"max-snippet:-1","max-image-preview":"max-image-preview:large","max-video-preview":"max-video-preview:-1"},"canonical":"https:\/\/kapitalis.com\/tunisie\/2018\/10\/05\/kairouan-deces-dun-ado-probablement-atteint-par-le-virus-du-nil\/","og_locale":"fr_FR","og_type":"article","og_title":"Kairouan : D\u00e9c\u00e8s d'un ado, probablement atteint par le virus du Nil - Kapitalis","og_description":"Un adolescent de 17 ans est d\u00e9c\u00e9d\u00e9 ce matin, vendredi 5 octobre 2018, \u00e0 l&rsquo;h\u00f4pital Ibn El Jazzar de Kairouan. Suspect\u00e9 d&rsquo;\u00eatre atteint du virus du Nil occidental, il avait \u00e9t\u00e9 hospitalis\u00e9 en urgence hier matin. Si les analyses le confirment, ce sera le 3e d\u00e9c\u00e8s en Tunisie par cette maladie.","og_url":"https:\/\/kapitalis.com\/tunisie\/2018\/10\/05\/kairouan-deces-dun-ado-probablement-atteint-par-le-virus-du-nil\/","og_site_name":"Kapitalis","article_publisher":"https:\/\/www.facebook.com\/KapitalisInfo\/","article_published_time":"2018-10-05T10:13:04+00:00","og_image":[{"width":1200,"height":630,"url":"https:\/\/kapitalis.com\/tunisie\/wp-content\/uploads\/2022\/05\/kapitalis-logo-fb.png","type":"image\/png"}],"author":"Yusra NY","twitter_card":"summary_large_image","twitter_creator":"@KapitalisInfo","twitter_site":"@KapitalisInfo","twitter_misc":{"\u00c9crit par":"Yusra NY","Dur\u00e9e de lecture estim\u00e9e":"1 minute"},"schema":{"@context":"https:\/\/schema.org","@graph":[{"@type":"Article","@id":"https:\/\/kapitalis.com\/tunisie\/2018\/10\/05\/kairouan-deces-dun-ado-probablement-atteint-par-le-virus-du-nil\/#article","isPartOf":{"@id":"https:\/\/kapitalis.com\/tunisie\/2018\/10\/05\/kairouan-deces-dun-ado-probablement-atteint-par-le-virus-du-nil\/"},"author":{"name":"Yusra NY","@id":"https:\/\/kapitalis.com\/tunisie\/#\/schema\/person\/74bbde0154d49d790a92aaeac5bc01d5"},"headline":"Kairouan : D\u00e9c\u00e8s d&rsquo;un ado, probablement atteint par le virus du Nil","datePublished":"2018-10-05T10:13:04+00:00","mainEntityOfPage":{"@id":"https:\/\/kapitalis.com\/tunisie\/2018\/10\/05\/kairouan-deces-dun-ado-probablement-atteint-par-le-virus-du-nil\/"},"wordCount":248,"commentCount":0,"publisher":{"@id":"https:\/\/kapitalis.com\/tunisie\/#organization"},"image":{"@id":"https:\/\/kapitalis.com\/tunisie\/2018\/10\/05\/kairouan-deces-dun-ado-probablement-atteint-par-le-virus-du-nil\/#primaryimage"},"thumbnailUrl":"","keywords":["h\u00f4pital","Mahdia","maladie","Msaken","nord-ouest","Sant\u00e9","Sousse","virus"],"articleSection":["SOCIETE","Tunisie"],"inLanguage":"fr-FR","potentialAction":[{"@type":"CommentAction","name":"Comment","target":["https:\/\/kapitalis.com\/tunisie\/2018\/10\/05\/kairouan-deces-dun-ado-probablement-atteint-par-le-virus-du-nil\/#respond"]}]},{"@type":"WebPage","@id":"https:\/\/kapitalis.com\/tunisie\/2018\/10\/05\/kairouan-deces-dun-ado-probablement-atteint-par-le-virus-du-nil\/","url":"https:\/\/kapitalis.com\/tunisie\/2018\/10\/05\/kairouan-deces-dun-ado-probablement-atteint-par-le-virus-du-nil\/","name":"Kairouan : D\u00e9c\u00e8s d'un ado, probablement atteint par le virus du Nil - Kapitalis","isPartOf":{"@id":"https:\/\/kapitalis.com\/tunisie\/#website"},"primaryImageOfPage":{"@id":"https:\/\/kapitalis.com\/tunisie\/2018\/10\/05\/kairouan-deces-dun-ado-probablement-atteint-par-le-virus-du-nil\/#primaryimage"},"image":{"@id":"https:\/\/kapitalis.com\/tunisie\/2018\/10\/05\/kairouan-deces-dun-ado-probablement-atteint-par-le-virus-du-nil\/#primaryimage"},"thumbnailUrl":"","datePublished":"2018-10-05T10:13:04+00:00","breadcrumb":{"@id":"https:\/\/kapitalis.com\/tunisie\/2018\/10\/05\/kairouan-deces-dun-ado-probablement-atteint-par-le-virus-du-nil\/#breadcrumb"},"inLanguage":"fr-FR","potentialAction":[{"@type":"ReadAction","target":["https:\/\/kapitalis.com\/tunisie\/2018\/10\/05\/kairouan-deces-dun-ado-probablement-atteint-par-le-virus-du-nil\/"]}]},{"@type":"ImageObject","inLanguage":"fr-FR","@id":"https:\/\/kapitalis.com\/tunisie\/2018\/10\/05\/kairouan-deces-dun-ado-probablement-atteint-par-le-virus-du-nil\/#primaryimage","url":"","contentUrl":""},{"@type":"BreadcrumbList","@id":"https:\/\/kapitalis.com\/tunisie\/2018\/10\/05\/kairouan-deces-dun-ado-probablement-atteint-par-le-virus-du-nil\/#breadcrumb","itemListElement":[{"@type":"ListItem","position":1,"name":"Accueil","item":"https:\/\/kapitalis.com\/tunisie\/"},{"@type":"ListItem","position":2,"name":"Kairouan : D\u00e9c\u00e8s d&rsquo;un ado, probablement atteint par le virus du Nil"}]},{"@type":"WebSite","@id":"https:\/\/kapitalis.com\/tunisie\/#website","url":"https:\/\/kapitalis.com\/tunisie\/","name":"Kapitalis","description":"L&#039;actualit\u00e9 en Tunisie et dans le monde","publisher":{"@id":"https:\/\/kapitalis.com\/tunisie\/#organization"},"potentialAction":[{"@type":"SearchAction","target":{"@type":"EntryPoint","urlTemplate":"https:\/\/kapitalis.com\/tunisie\/?s={search_term_string}"},"query-input":{"@type":"PropertyValueSpecification","valueRequired":true,"valueName":"search_term_string"}}],"inLanguage":"fr-FR"},{"@type":"Organization","@id":"https:\/\/kapitalis.com\/tunisie\/#organization","name":"Kapitalis","url":"https:\/\/kapitalis.com\/tunisie\/","logo":{"@type":"ImageObject","inLanguage":"fr-FR","@id":"https:\/\/kapitalis.com\/tunisie\/#\/schema\/logo\/image\/","url":"https:\/\/kapitalis.com\/tunisie\/wp-content\/uploads\/2022\/05\/Kapitalis-big-size.png","contentUrl":"https:\/\/kapitalis.com\/tunisie\/wp-content\/uploads\/2022\/05\/Kapitalis-big-size.png","width":5000,"height":1500,"caption":"Kapitalis"},"image":{"@id":"https:\/\/kapitalis.com\/tunisie\/#\/schema\/logo\/image\/"},"sameAs":["https:\/\/www.facebook.com\/KapitalisInfo\/","https:\/\/x.com\/KapitalisInfo","https:\/\/www.youtube.com\/channel\/UC-yDYrHyfFBWWZaOw3FPg9Q"]},{"@type":"Person","@id":"https:\/\/kapitalis.com\/tunisie\/#\/schema\/person\/74bbde0154d49d790a92aaeac5bc01d5","name":"Yusra NY","url":"https:\/\/kapitalis.com\/tunisie\/author\/yuza_adam\/"}]}},"_links":{"self":[{"href":"https:\/\/kapitalis.com\/tunisie\/wp-json\/wp\/v2\/posts\/176966","targetHints":{"allow":["GET"]}}],"collection":[{"href":"https:\/\/kapitalis.com\/tunisie\/wp-json\/wp\/v2\/posts"}],"about":[{"href":"https:\/\/kapitalis.com\/tunisie\/wp-json\/wp\/v2\/types\/post"}],"author":[{"embeddable":true,"href":"https:\/\/kapitalis.com\/tunisie\/wp-json\/wp\/v2\/users\/6"}],"replies":[{"embeddable":true,"href":"https:\/\/kapitalis.com\/tunisie\/wp-json\/wp\/v2\/comments?post=176966"}],"version-history":[{"count":0,"href":"https:\/\/kapitalis.com\/tunisie\/wp-json\/wp\/v2\/posts\/176966\/revisions"}],"wp:featuredmedia":[{"embeddable":true,"href":"https:\/\/kapitalis.com\/tunisie\/wp-json\/wp\/v2\/media\/176972"}],"wp:attachment":[{"href":"https:\/\/kapitalis.com\/tunisie\/wp-json\/wp\/v2\/media?parent=176966"}],"wp:term":[{"taxonomy":"category","embeddable":true,"href":"https:\/\/kapitalis.com\/tunisie\/wp-json\/wp\/v2\/categories?post=176966"},{"taxonomy":"post_tag","embeddable":true,"href":"https:\/\/kapitalis.com\/tunisie\/wp-json\/wp\/v2\/tags?post=176966"}],"curies":[{"name":"wp","href":"https:\/\/api.w.org\/{rel}","templated":true}]}}