{"id":17727535,"date":"2026-01-18T07:29:00","date_gmt":"2026-01-18T06:29:00","guid":{"rendered":"https:\/\/kapitalis.com\/tunisie\/?p=17727535"},"modified":"2025-10-25T09:31:36","modified_gmt":"2025-10-25T08:31:36","slug":"le-poeme-du-dimanche-romain-parti-de-thierry-renard","status":"publish","type":"post","link":"https:\/\/kapitalis.com\/tunisie\/2026\/01\/18\/le-poeme-du-dimanche-romain-parti-de-thierry-renard\/","title":{"rendered":"Le po\u00e8me du dimanche | \u2018\u2018Romain parti\u2019\u2019 de Thierry Renard"},"content":{"rendered":"\n<p><strong><em>N\u00e9 en 1963 \u00e0 Lyon, Thierry Renard, est po\u00e8te, directeur litt\u00e9raire pr\u00e8s des \u00e9ditions La Rumeur Libre, directeur artistique de l\u2019Espace Pandora, \u00e0 V\u00e9nissieux.<\/em><\/strong><\/p>\n\n\n\n<!--more-->\n\n\n\n<p>Parall\u00e8lement \u00e0 son activit\u00e9 culturelle, il m\u00e8ne une \u0153uvre de cr\u00e9ation qui compte de nombreux ouvrages, rassembl\u00e9s dans les <em>\u0152uvres po\u00e9tiques <\/em>(parus en deux volumes, en 2016 et 2018, aux Editions La rumeur libre.). De son aveu, sa rencontre avec l\u2019\u00e9crivain Charles Juliet, en 1978, fut d\u00e9terminante.<\/p>\n\n\n\n<p class=\"has-text-align-right\"><strong>Tahar Bekri<\/strong><\/p>\n\n\n\n<p><em>\u00abTout na\u00eet tout meurt \u00e0 qui mieux mieux<\/em><\/p>\n\n\n\n<p><em>arbres \u00e9toiles hommes<\/em><\/p>\n\n\n\n<p><em>virus et cetera<\/em><\/p>\n\n\n\n<p><em>quel empressement quel boucan<\/em><\/p>\n\n\n\n<p><em>et autant de nostalgie que d\u2019espoir<\/em><\/p>\n\n\n\n<p><em>on meurt on na\u00eet \u00e0 l\u2019envi\u00bb<\/em><\/p>\n\n\n\n<p><strong>N\u00e2zim Hikmet<\/strong>, <em>Il neige dans la nuit<\/em><\/p>\n\n\n\n<p><em>Pour Corinne<\/em><\/p>\n\n\n\n<p><em>Les mots parfois ne suffisent pas<\/em><\/p>\n\n\n\n<p><em>\u00e0 nous rendre heureux<\/em><\/p>\n\n\n\n<p><em>Les mots parfois sont impuissants<\/em><\/p>\n\n\n\n<p><em>Je songe \u00e0 tout ce qui nous d\u00e9passe<\/em><\/p>\n\n\n\n<p><em>\u00e0 ce qu\u2019on ne comprend pas<\/em><\/p>\n\n\n\n<p><em>Mon neveu Romain s\u2019est envol\u00e9<\/em><\/p>\n\n\n\n<p><em>il y a d\u00e9j\u00e0 huit mois<\/em><\/p>\n\n\n\n<p><em>Parti brutalement<\/em><\/p>\n\n\n\n<p><em>Et je voudrais tant apporter<\/em><\/p>\n\n\n\n<p><em>du r\u00e9confort \u00e0 ses proches<\/em><\/p>\n\n\n\n<p><em>les sortir de leur souffrance<\/em><\/p>\n\n\n\n<p><em>Ce n\u2019est pas facile<\/em><\/p>\n\n\n\n<p><em>Rien n\u2019est simple<\/em><\/p>\n\n\n\n<p><em>Quand on perd un enfant<\/em><\/p>\n\n\n\n<p><em>on perd tout<\/em><\/p>\n\n\n\n<p><em>Tout devient sombre soudain<\/em><\/p>\n\n\n\n<p><em>On se demande ce qui a pu arriver<\/em><\/p>\n\n\n\n<p><em>Et pourquoi c\u2019est arriv\u00e9<\/em><\/p>\n\n\n\n<p><em>Alors peut-\u00eatre doit-on uniquement<\/em><\/p>\n\n\n\n<p><em>regarder vers le ciel<\/em><\/p>\n\n\n\n<p><em>tendre la main<\/em><\/p>\n\n\n\n<p><em>aux nuages aux oiseaux<\/em><\/p>\n\n\n\n<p><em>Ici pas question de Paradis<\/em><\/p>\n\n\n\n<p><em>Laissons cela \u00e0 d\u2019autres<\/em><\/p>\n\n\n\n<p><em>Ici seulement<\/em><\/p>\n\n\n\n<p><em>de petites cendres dans le vent<\/em><\/p>\n\n\n\n<p><em>Le ciel est terrestre<\/em><\/p>\n\n\n\n<p><em>Le ciel est humain<\/em><\/p>\n\n\n\n<p><em>L\u2019existence traverse<\/em><\/p>\n\n\n\n<p><em>les nombreux territoires<\/em><\/p>\n\n\n\n<p><em>du c\u0153ur et de l\u2019esprit<\/em><\/p>\n\n\n\n<p><em>L\u2019existence de nos morts est en nous<\/em><\/p>\n\n\n\n<p><em>Nous la prolongeons<\/em><\/p>\n\n\n\n<p><em>sans m\u00eame nous en rendre compte<\/em><\/p>\n\n\n\n<p><em>Parfois les mots ne suffisent plus<\/em><\/p>\n\n\n\n<p><em>\u00e0 rompre le silence \u00e0 apaiser les tourments<\/em><\/p>\n\n\n\n<p><em>Il faudrait un r\u00eave de gosse dans la nuit \u00e9toil\u00e9e<\/em><\/p>\n\n\n\n<p><em>Un r\u00eave contre le chagrin et les larmes<\/em><\/p>\n\n\n\n<p><em>Un r\u00eave sans fin<\/em><\/p>\n\n\n\n<p><em>sous la lune attendrissante<\/em><\/p>\n\n\n\n<p><em>Romain est parti<\/em><\/p>\n\n\n\n<p><em>mais il reste vivant dans nos c\u0153urs<\/em><\/p>\n\n\n\n<p class=\"has-text-align-right\">(<strong><em>Remerciements \u00e0 l\u2019auteur)<\/em><\/strong><\/p>\n","protected":false},"excerpt":{"rendered":"<p>N\u00e9 \u00e0 Lyon en 1963, Thierry Renard, est po\u00e8te, directeur litt\u00e9raire pr\u00e8s des \u00e9ditions La Rumeur Libre en France. <\/p>\n","protected":false},"author":8,"featured_media":17727569,"comment_status":"open","ping_status":"open","sticky":false,"template":"","format":"standard","meta":{"footnotes":""},"categories":[992,994,2433],"tags":[109379,5634,98275,106342],"class_list":["post-17727535","post","type-post","status-publish","format-standard","has-post-thumbnail","hentry","category-a-la-une","category-culture","category-tunisie","tag-charles-juliet","tag-lyon","tag-poete-francais","tag-thierry-renard"],"yoast_head":"<!-- This site is optimized with the Yoast SEO plugin v26.6 - https:\/\/yoast.com\/wordpress\/plugins\/seo\/ -->\n<title>Le po\u00e8me du dimanche | \u2018\u2018Romain parti\u2019\u2019 de Thierry Renard - Kapitalis<\/title>\n<meta name=\"description\" content=\"N\u00e9 \u00e0 Lyon en 1963, Thierry Renard, est po\u00e8te, directeur litt\u00e9raire pr\u00e8s des \u00e9ditions La Rumeur Libre en France.\" \/>\n<meta name=\"robots\" content=\"index, follow, max-snippet:-1, max-image-preview:large, max-video-preview:-1\" \/>\n<link rel=\"canonical\" href=\"https:\/\/kapitalis.com\/tunisie\/2026\/01\/18\/le-poeme-du-dimanche-romain-parti-de-thierry-renard\/\" \/>\n<meta property=\"og:locale\" content=\"fr_FR\" \/>\n<meta property=\"og:type\" content=\"article\" \/>\n<meta property=\"og:title\" content=\"Le po\u00e8me du dimanche | \u2018\u2018Romain parti\u2019\u2019 de Thierry Renard - Kapitalis\" \/>\n<meta property=\"og:description\" content=\"N\u00e9 \u00e0 Lyon en 1963, Thierry Renard, est po\u00e8te, directeur litt\u00e9raire pr\u00e8s des \u00e9ditions La Rumeur Libre en France.\" \/>\n<meta property=\"og:url\" content=\"https:\/\/kapitalis.com\/tunisie\/2026\/01\/18\/le-poeme-du-dimanche-romain-parti-de-thierry-renard\/\" \/>\n<meta property=\"og:site_name\" content=\"Kapitalis\" \/>\n<meta property=\"article:publisher\" content=\"https:\/\/www.facebook.com\/KapitalisInfo\/\" \/>\n<meta property=\"article:published_time\" content=\"2026-01-18T06:29:00+00:00\" \/>\n<meta property=\"og:image\" content=\"https:\/\/kapitalis.com\/tunisie\/wp-content\/uploads\/2026\/01\/Thierry-Renard.jpg\" \/>\n\t<meta property=\"og:image:width\" content=\"1200\" \/>\n\t<meta property=\"og:image:height\" content=\"630\" \/>\n\t<meta property=\"og:image:type\" content=\"image\/jpeg\" \/>\n<meta name=\"author\" content=\"webmaster kapitalis\" \/>\n<meta name=\"twitter:card\" content=\"summary_large_image\" \/>\n<meta name=\"twitter:creator\" content=\"@KapitalisInfo\" \/>\n<meta name=\"twitter:site\" content=\"@KapitalisInfo\" \/>\n<meta name=\"twitter:label1\" content=\"\u00c9crit par\" \/>\n\t<meta name=\"twitter:data1\" content=\"webmaster kapitalis\" \/>\n\t<meta name=\"twitter:label2\" content=\"Dur\u00e9e de lecture estim\u00e9e\" \/>\n\t<meta name=\"twitter:data2\" content=\"2 minutes\" \/>\n<script type=\"application\/ld+json\" class=\"yoast-schema-graph\">{\"@context\":\"https:\/\/schema.org\",\"@graph\":[{\"@type\":\"Article\",\"@id\":\"https:\/\/kapitalis.com\/tunisie\/2026\/01\/18\/le-poeme-du-dimanche-romain-parti-de-thierry-renard\/#article\",\"isPartOf\":{\"@id\":\"https:\/\/kapitalis.com\/tunisie\/2026\/01\/18\/le-poeme-du-dimanche-romain-parti-de-thierry-renard\/\"},\"author\":{\"name\":\"webmaster kapitalis\",\"@id\":\"https:\/\/kapitalis.com\/tunisie\/#\/schema\/person\/d71f33a9ca44f7bad4698210b480c8e9\"},\"headline\":\"Le po\u00e8me du dimanche | \u2018\u2018Romain parti\u2019\u2019 de Thierry Renard\",\"datePublished\":\"2026-01-18T06:29:00+00:00\",\"mainEntityOfPage\":{\"@id\":\"https:\/\/kapitalis.com\/tunisie\/2026\/01\/18\/le-poeme-du-dimanche-romain-parti-de-thierry-renard\/\"},\"wordCount\":350,\"commentCount\":0,\"publisher\":{\"@id\":\"https:\/\/kapitalis.com\/tunisie\/#organization\"},\"image\":{\"@id\":\"https:\/\/kapitalis.com\/tunisie\/2026\/01\/18\/le-poeme-du-dimanche-romain-parti-de-thierry-renard\/#primaryimage\"},\"thumbnailUrl\":\"https:\/\/kapitalis.com\/tunisie\/wp-content\/uploads\/2026\/01\/Thierry-Renard.jpg\",\"keywords\":[\"Charles Juliet\",\"Lyon\",\"po\u00e8te fran\u00e7ais\",\"Thierry Renard\"],\"articleSection\":[\"A LA UNE\",\"CULTURE\",\"Tunisie\"],\"inLanguage\":\"fr-FR\",\"potentialAction\":[{\"@type\":\"CommentAction\",\"name\":\"Comment\",\"target\":[\"https:\/\/kapitalis.com\/tunisie\/2026\/01\/18\/le-poeme-du-dimanche-romain-parti-de-thierry-renard\/#respond\"]}]},{\"@type\":\"WebPage\",\"@id\":\"https:\/\/kapitalis.com\/tunisie\/2026\/01\/18\/le-poeme-du-dimanche-romain-parti-de-thierry-renard\/\",\"url\":\"https:\/\/kapitalis.com\/tunisie\/2026\/01\/18\/le-poeme-du-dimanche-romain-parti-de-thierry-renard\/\",\"name\":\"Le po\u00e8me du dimanche | \u2018\u2018Romain parti\u2019\u2019 de Thierry Renard - Kapitalis\",\"isPartOf\":{\"@id\":\"https:\/\/kapitalis.com\/tunisie\/#website\"},\"primaryImageOfPage\":{\"@id\":\"https:\/\/kapitalis.com\/tunisie\/2026\/01\/18\/le-poeme-du-dimanche-romain-parti-de-thierry-renard\/#primaryimage\"},\"image\":{\"@id\":\"https:\/\/kapitalis.com\/tunisie\/2026\/01\/18\/le-poeme-du-dimanche-romain-parti-de-thierry-renard\/#primaryimage\"},\"thumbnailUrl\":\"https:\/\/kapitalis.com\/tunisie\/wp-content\/uploads\/2026\/01\/Thierry-Renard.jpg\",\"datePublished\":\"2026-01-18T06:29:00+00:00\",\"description\":\"N\u00e9 \u00e0 Lyon en 1963, Thierry Renard, est po\u00e8te, directeur litt\u00e9raire pr\u00e8s des \u00e9ditions La Rumeur Libre en France.\",\"breadcrumb\":{\"@id\":\"https:\/\/kapitalis.com\/tunisie\/2026\/01\/18\/le-poeme-du-dimanche-romain-parti-de-thierry-renard\/#breadcrumb\"},\"inLanguage\":\"fr-FR\",\"potentialAction\":[{\"@type\":\"ReadAction\",\"target\":[\"https:\/\/kapitalis.com\/tunisie\/2026\/01\/18\/le-poeme-du-dimanche-romain-parti-de-thierry-renard\/\"]}]},{\"@type\":\"ImageObject\",\"inLanguage\":\"fr-FR\",\"@id\":\"https:\/\/kapitalis.com\/tunisie\/2026\/01\/18\/le-poeme-du-dimanche-romain-parti-de-thierry-renard\/#primaryimage\",\"url\":\"https:\/\/kapitalis.com\/tunisie\/wp-content\/uploads\/2026\/01\/Thierry-Renard.jpg\",\"contentUrl\":\"https:\/\/kapitalis.com\/tunisie\/wp-content\/uploads\/2026\/01\/Thierry-Renard.jpg\",\"width\":1200,\"height\":630},{\"@type\":\"BreadcrumbList\",\"@id\":\"https:\/\/kapitalis.com\/tunisie\/2026\/01\/18\/le-poeme-du-dimanche-romain-parti-de-thierry-renard\/#breadcrumb\",\"itemListElement\":[{\"@type\":\"ListItem\",\"position\":1,\"name\":\"Accueil\",\"item\":\"https:\/\/kapitalis.com\/tunisie\/\"},{\"@type\":\"ListItem\",\"position\":2,\"name\":\"Le po\u00e8me du dimanche | \u2018\u2018Romain parti\u2019\u2019 de Thierry Renard\"}]},{\"@type\":\"WebSite\",\"@id\":\"https:\/\/kapitalis.com\/tunisie\/#website\",\"url\":\"https:\/\/kapitalis.com\/tunisie\/\",\"name\":\"Kapitalis\",\"description\":\"L&#039;actualit\u00e9 en Tunisie et dans le monde\",\"publisher\":{\"@id\":\"https:\/\/kapitalis.com\/tunisie\/#organization\"},\"potentialAction\":[{\"@type\":\"SearchAction\",\"target\":{\"@type\":\"EntryPoint\",\"urlTemplate\":\"https:\/\/kapitalis.com\/tunisie\/?s={search_term_string}\"},\"query-input\":{\"@type\":\"PropertyValueSpecification\",\"valueRequired\":true,\"valueName\":\"search_term_string\"}}],\"inLanguage\":\"fr-FR\"},{\"@type\":\"Organization\",\"@id\":\"https:\/\/kapitalis.com\/tunisie\/#organization\",\"name\":\"Kapitalis\",\"url\":\"https:\/\/kapitalis.com\/tunisie\/\",\"logo\":{\"@type\":\"ImageObject\",\"inLanguage\":\"fr-FR\",\"@id\":\"https:\/\/kapitalis.com\/tunisie\/#\/schema\/logo\/image\/\",\"url\":\"https:\/\/kapitalis.com\/tunisie\/wp-content\/uploads\/2022\/05\/Kapitalis-big-size.png\",\"contentUrl\":\"https:\/\/kapitalis.com\/tunisie\/wp-content\/uploads\/2022\/05\/Kapitalis-big-size.png\",\"width\":5000,\"height\":1500,\"caption\":\"Kapitalis\"},\"image\":{\"@id\":\"https:\/\/kapitalis.com\/tunisie\/#\/schema\/logo\/image\/\"},\"sameAs\":[\"https:\/\/www.facebook.com\/KapitalisInfo\/\",\"https:\/\/x.com\/KapitalisInfo\",\"https:\/\/www.youtube.com\/channel\/UC-yDYrHyfFBWWZaOw3FPg9Q\"]},{\"@type\":\"Person\",\"@id\":\"https:\/\/kapitalis.com\/tunisie\/#\/schema\/person\/d71f33a9ca44f7bad4698210b480c8e9\",\"name\":\"webmaster kapitalis\",\"url\":\"https:\/\/kapitalis.com\/tunisie\/author\/webmaster-kapitalis\/\"}]}<\/script>\n<!-- \/ Yoast SEO plugin. -->","yoast_head_json":{"title":"Le po\u00e8me du dimanche | \u2018\u2018Romain parti\u2019\u2019 de Thierry Renard - Kapitalis","description":"N\u00e9 \u00e0 Lyon en 1963, Thierry Renard, est po\u00e8te, directeur litt\u00e9raire pr\u00e8s des \u00e9ditions La Rumeur Libre en France.","robots":{"index":"index","follow":"follow","max-snippet":"max-snippet:-1","max-image-preview":"max-image-preview:large","max-video-preview":"max-video-preview:-1"},"canonical":"https:\/\/kapitalis.com\/tunisie\/2026\/01\/18\/le-poeme-du-dimanche-romain-parti-de-thierry-renard\/","og_locale":"fr_FR","og_type":"article","og_title":"Le po\u00e8me du dimanche | \u2018\u2018Romain parti\u2019\u2019 de Thierry Renard - Kapitalis","og_description":"N\u00e9 \u00e0 Lyon en 1963, Thierry Renard, est po\u00e8te, directeur litt\u00e9raire pr\u00e8s des \u00e9ditions La Rumeur Libre en France.","og_url":"https:\/\/kapitalis.com\/tunisie\/2026\/01\/18\/le-poeme-du-dimanche-romain-parti-de-thierry-renard\/","og_site_name":"Kapitalis","article_publisher":"https:\/\/www.facebook.com\/KapitalisInfo\/","article_published_time":"2026-01-18T06:29:00+00:00","og_image":[{"width":1200,"height":630,"url":"https:\/\/kapitalis.com\/tunisie\/wp-content\/uploads\/2026\/01\/Thierry-Renard.jpg","type":"image\/jpeg"}],"author":"webmaster kapitalis","twitter_card":"summary_large_image","twitter_creator":"@KapitalisInfo","twitter_site":"@KapitalisInfo","twitter_misc":{"\u00c9crit par":"webmaster kapitalis","Dur\u00e9e de lecture estim\u00e9e":"2 minutes"},"schema":{"@context":"https:\/\/schema.org","@graph":[{"@type":"Article","@id":"https:\/\/kapitalis.com\/tunisie\/2026\/01\/18\/le-poeme-du-dimanche-romain-parti-de-thierry-renard\/#article","isPartOf":{"@id":"https:\/\/kapitalis.com\/tunisie\/2026\/01\/18\/le-poeme-du-dimanche-romain-parti-de-thierry-renard\/"},"author":{"name":"webmaster kapitalis","@id":"https:\/\/kapitalis.com\/tunisie\/#\/schema\/person\/d71f33a9ca44f7bad4698210b480c8e9"},"headline":"Le po\u00e8me du dimanche | \u2018\u2018Romain parti\u2019\u2019 de Thierry Renard","datePublished":"2026-01-18T06:29:00+00:00","mainEntityOfPage":{"@id":"https:\/\/kapitalis.com\/tunisie\/2026\/01\/18\/le-poeme-du-dimanche-romain-parti-de-thierry-renard\/"},"wordCount":350,"commentCount":0,"publisher":{"@id":"https:\/\/kapitalis.com\/tunisie\/#organization"},"image":{"@id":"https:\/\/kapitalis.com\/tunisie\/2026\/01\/18\/le-poeme-du-dimanche-romain-parti-de-thierry-renard\/#primaryimage"},"thumbnailUrl":"https:\/\/kapitalis.com\/tunisie\/wp-content\/uploads\/2026\/01\/Thierry-Renard.jpg","keywords":["Charles Juliet","Lyon","po\u00e8te fran\u00e7ais","Thierry Renard"],"articleSection":["A LA UNE","CULTURE","Tunisie"],"inLanguage":"fr-FR","potentialAction":[{"@type":"CommentAction","name":"Comment","target":["https:\/\/kapitalis.com\/tunisie\/2026\/01\/18\/le-poeme-du-dimanche-romain-parti-de-thierry-renard\/#respond"]}]},{"@type":"WebPage","@id":"https:\/\/kapitalis.com\/tunisie\/2026\/01\/18\/le-poeme-du-dimanche-romain-parti-de-thierry-renard\/","url":"https:\/\/kapitalis.com\/tunisie\/2026\/01\/18\/le-poeme-du-dimanche-romain-parti-de-thierry-renard\/","name":"Le po\u00e8me du dimanche | \u2018\u2018Romain parti\u2019\u2019 de Thierry Renard - Kapitalis","isPartOf":{"@id":"https:\/\/kapitalis.com\/tunisie\/#website"},"primaryImageOfPage":{"@id":"https:\/\/kapitalis.com\/tunisie\/2026\/01\/18\/le-poeme-du-dimanche-romain-parti-de-thierry-renard\/#primaryimage"},"image":{"@id":"https:\/\/kapitalis.com\/tunisie\/2026\/01\/18\/le-poeme-du-dimanche-romain-parti-de-thierry-renard\/#primaryimage"},"thumbnailUrl":"https:\/\/kapitalis.com\/tunisie\/wp-content\/uploads\/2026\/01\/Thierry-Renard.jpg","datePublished":"2026-01-18T06:29:00+00:00","description":"N\u00e9 \u00e0 Lyon en 1963, Thierry Renard, est po\u00e8te, directeur litt\u00e9raire pr\u00e8s des \u00e9ditions La Rumeur Libre en France.","breadcrumb":{"@id":"https:\/\/kapitalis.com\/tunisie\/2026\/01\/18\/le-poeme-du-dimanche-romain-parti-de-thierry-renard\/#breadcrumb"},"inLanguage":"fr-FR","potentialAction":[{"@type":"ReadAction","target":["https:\/\/kapitalis.com\/tunisie\/2026\/01\/18\/le-poeme-du-dimanche-romain-parti-de-thierry-renard\/"]}]},{"@type":"ImageObject","inLanguage":"fr-FR","@id":"https:\/\/kapitalis.com\/tunisie\/2026\/01\/18\/le-poeme-du-dimanche-romain-parti-de-thierry-renard\/#primaryimage","url":"https:\/\/kapitalis.com\/tunisie\/wp-content\/uploads\/2026\/01\/Thierry-Renard.jpg","contentUrl":"https:\/\/kapitalis.com\/tunisie\/wp-content\/uploads\/2026\/01\/Thierry-Renard.jpg","width":1200,"height":630},{"@type":"BreadcrumbList","@id":"https:\/\/kapitalis.com\/tunisie\/2026\/01\/18\/le-poeme-du-dimanche-romain-parti-de-thierry-renard\/#breadcrumb","itemListElement":[{"@type":"ListItem","position":1,"name":"Accueil","item":"https:\/\/kapitalis.com\/tunisie\/"},{"@type":"ListItem","position":2,"name":"Le po\u00e8me du dimanche | \u2018\u2018Romain parti\u2019\u2019 de Thierry Renard"}]},{"@type":"WebSite","@id":"https:\/\/kapitalis.com\/tunisie\/#website","url":"https:\/\/kapitalis.com\/tunisie\/","name":"Kapitalis","description":"L&#039;actualit\u00e9 en Tunisie et dans le monde","publisher":{"@id":"https:\/\/kapitalis.com\/tunisie\/#organization"},"potentialAction":[{"@type":"SearchAction","target":{"@type":"EntryPoint","urlTemplate":"https:\/\/kapitalis.com\/tunisie\/?s={search_term_string}"},"query-input":{"@type":"PropertyValueSpecification","valueRequired":true,"valueName":"search_term_string"}}],"inLanguage":"fr-FR"},{"@type":"Organization","@id":"https:\/\/kapitalis.com\/tunisie\/#organization","name":"Kapitalis","url":"https:\/\/kapitalis.com\/tunisie\/","logo":{"@type":"ImageObject","inLanguage":"fr-FR","@id":"https:\/\/kapitalis.com\/tunisie\/#\/schema\/logo\/image\/","url":"https:\/\/kapitalis.com\/tunisie\/wp-content\/uploads\/2022\/05\/Kapitalis-big-size.png","contentUrl":"https:\/\/kapitalis.com\/tunisie\/wp-content\/uploads\/2022\/05\/Kapitalis-big-size.png","width":5000,"height":1500,"caption":"Kapitalis"},"image":{"@id":"https:\/\/kapitalis.com\/tunisie\/#\/schema\/logo\/image\/"},"sameAs":["https:\/\/www.facebook.com\/KapitalisInfo\/","https:\/\/x.com\/KapitalisInfo","https:\/\/www.youtube.com\/channel\/UC-yDYrHyfFBWWZaOw3FPg9Q"]},{"@type":"Person","@id":"https:\/\/kapitalis.com\/tunisie\/#\/schema\/person\/d71f33a9ca44f7bad4698210b480c8e9","name":"webmaster kapitalis","url":"https:\/\/kapitalis.com\/tunisie\/author\/webmaster-kapitalis\/"}]}},"_links":{"self":[{"href":"https:\/\/kapitalis.com\/tunisie\/wp-json\/wp\/v2\/posts\/17727535","targetHints":{"allow":["GET"]}}],"collection":[{"href":"https:\/\/kapitalis.com\/tunisie\/wp-json\/wp\/v2\/posts"}],"about":[{"href":"https:\/\/kapitalis.com\/tunisie\/wp-json\/wp\/v2\/types\/post"}],"author":[{"embeddable":true,"href":"https:\/\/kapitalis.com\/tunisie\/wp-json\/wp\/v2\/users\/8"}],"replies":[{"embeddable":true,"href":"https:\/\/kapitalis.com\/tunisie\/wp-json\/wp\/v2\/comments?post=17727535"}],"version-history":[{"count":3,"href":"https:\/\/kapitalis.com\/tunisie\/wp-json\/wp\/v2\/posts\/17727535\/revisions"}],"predecessor-version":[{"id":18250908,"href":"https:\/\/kapitalis.com\/tunisie\/wp-json\/wp\/v2\/posts\/17727535\/revisions\/18250908"}],"wp:featuredmedia":[{"embeddable":true,"href":"https:\/\/kapitalis.com\/tunisie\/wp-json\/wp\/v2\/media\/17727569"}],"wp:attachment":[{"href":"https:\/\/kapitalis.com\/tunisie\/wp-json\/wp\/v2\/media?parent=17727535"}],"wp:term":[{"taxonomy":"category","embeddable":true,"href":"https:\/\/kapitalis.com\/tunisie\/wp-json\/wp\/v2\/categories?post=17727535"},{"taxonomy":"post_tag","embeddable":true,"href":"https:\/\/kapitalis.com\/tunisie\/wp-json\/wp\/v2\/tags?post=17727535"}],"curies":[{"name":"wp","href":"https:\/\/api.w.org\/{rel}","templated":true}]}}