{"id":177427,"date":"2018-10-08T14:26:28","date_gmt":"2018-10-08T13:26:28","guid":{"rendered":"http:\/\/kapitalis.com\/tunisie\/?p=177427"},"modified":"2018-10-08T14:26:28","modified_gmt":"2018-10-08T13:26:28","slug":"tunisie-quand-le-ministere-du-commerce-detruit-lenvironnement","status":"publish","type":"post","link":"https:\/\/kapitalis.com\/tunisie\/2018\/10\/08\/tunisie-quand-le-ministere-du-commerce-detruit-lenvironnement\/","title":{"rendered":"Tunisie : Quand le minist\u00e8re du Commerce d\u00e9truit l\u2019environnement !"},"content":{"rendered":"<p style=\"text-align: center;\"><img loading=\"lazy\" decoding=\"async\" class=\"alignnone size-full wp-image-177432\" src=\"http:\/\/kapitalis.com\/tunisie\/wp-content\/uploads\/2018\/10\/Environnementminist\u00e8re-Commerce-.jpg\" alt=\"\" width=\"626\" height=\"380\" \/><\/p>\n<p><em><strong>Le minist\u00e8re du Commerce a enseveli sous terre plus de 2 tonnes de tomates et d&rsquo;harissa en conserve, r\u00e9cemment confisqu\u00e9es et impropres \u00e0 la consommation. Un geste qui a provoqu\u00e9 la col\u00e8re des d\u00e9fenseurs de la nature.<\/strong><\/em><!--more--><\/p>\n<p>Les amis de l\u2019environnement ne s\u2019expliquent pas que le minist\u00e8re du Commerce puisse se f\u00e9liciter d\u2019avoir d\u00e9truit cette marchandise, dont la date limite de consommation est d\u00e9pass\u00e9es et qui a \u00e9t\u00e9 r\u00e9cemment saisie \u00e0 Tunis, en l\u2019enterrant dans un terrain situ\u00e9 pr\u00e8s d&rsquo;un champs,\u00a0 \u00e0 Sidi Thabet, au nord de Tunis.<\/p>\n<p>Quand on sait que la biod\u00e9gradation d\u2019une bo\u00eete de conserve dure entre 50 et 100 ans, on comprend la col\u00e8re des amis de l\u2019environnement qui tirent la sonnette d\u2019alarme et appellent les autorit\u00e9s \u00e0 intervenir rapidement, d&rsquo;autant que les bo\u00eete de conserve, tout comme les canettes, peuvent \u00eatre recycl\u00e9es.<\/p>\n<p style=\"text-align: right;\"><strong>Y. N.<\/strong><\/p>\n<blockquote class=\"wp-embedded-content\" data-secret=\"RcLjQdsenH\"><p><a href=\"https:\/\/kapitalis.com\/tunisie\/2018\/09\/17\/tunisie-des-tonnes-de-dechets-troquees-contre-des-fournitures-scolaires\/\">Tunisie : Des tonnes de d\u00e9chets troqu\u00e9es contre des fournitures scolaires<\/a><\/p><\/blockquote>\n<p><iframe loading=\"lazy\" class=\"wp-embedded-content\" sandbox=\"allow-scripts\" security=\"restricted\" style=\"position: absolute; clip: rect(1px, 1px, 1px, 1px);\" title=\"\u00ab\u00a0Tunisie : Des tonnes de d\u00e9chets troqu\u00e9es contre des fournitures scolaires\u00a0\u00bb &#8212; Kapitalis\" src=\"https:\/\/kapitalis.com\/tunisie\/2018\/09\/17\/tunisie-des-tonnes-de-dechets-troquees-contre-des-fournitures-scolaires\/embed\/#?secret=n5PkbYdWDJ#?secret=RcLjQdsenH\" data-secret=\"RcLjQdsenH\" width=\"600\" height=\"338\" frameborder=\"0\" marginwidth=\"0\" marginheight=\"0\" scrolling=\"no\"><\/iframe><\/p>\n<blockquote class=\"wp-embedded-content\" data-secret=\"by5tLXQ3Un\"><p><a href=\"https:\/\/kapitalis.com\/tunisie\/2018\/06\/26\/tunisie-300-km-a-pied-pour-nettoyer-30-plages-en-60-jours\/\">Tunisie : 300 Km \u00e0 pied, pour nettoyer 30 plages en 60 jours<\/a><\/p><\/blockquote>\n<p><iframe loading=\"lazy\" class=\"wp-embedded-content\" sandbox=\"allow-scripts\" security=\"restricted\" style=\"position: absolute; clip: rect(1px, 1px, 1px, 1px);\" title=\"\u00ab\u00a0Tunisie : 300 Km \u00e0 pied, pour nettoyer 30 plages en 60 jours\u00a0\u00bb &#8212; Kapitalis\" src=\"https:\/\/kapitalis.com\/tunisie\/2018\/06\/26\/tunisie-300-km-a-pied-pour-nettoyer-30-plages-en-60-jours\/embed\/#?secret=f5r3WJRjyA#?secret=by5tLXQ3Un\" data-secret=\"by5tLXQ3Un\" width=\"600\" height=\"338\" frameborder=\"0\" marginwidth=\"0\" marginheight=\"0\" scrolling=\"no\"><\/iframe><\/p>\n<p><em><strong>\u00a0<\/strong><\/em><\/p>\n","protected":false},"excerpt":{"rendered":"<p>Le minist\u00e8re du Commerce a enseveli sous terre plus de 2 tonnes de tomates et d&rsquo;harissa en conserve, r\u00e9cemment confisqu\u00e9es et impropres \u00e0 la consommation. Un geste qui a provoqu\u00e9 la col\u00e8re des d\u00e9fenseurs de la nature.<\/p>\n","protected":false},"author":6,"featured_media":177432,"comment_status":"open","ping_status":"open","sticky":false,"template":"","format":"standard","meta":{"footnotes":""},"categories":[998,2433],"tags":[218,335,612,9387,829],"class_list":["post-177427","post","type-post","status-publish","format-standard","has-post-thumbnail","hentry","category-societe","category-tunisie","tag-commerce","tag-environnement","tag-ministere","tag-nature","tag-sidi-thabet"],"yoast_head":"<!-- This site is optimized with the Yoast SEO plugin v26.6 - https:\/\/yoast.com\/wordpress\/plugins\/seo\/ -->\n<title>Tunisie : Quand le minist\u00e8re du Commerce d\u00e9truit l\u2019environnement ! - Kapitalis<\/title>\n<meta name=\"robots\" content=\"index, follow, max-snippet:-1, max-image-preview:large, max-video-preview:-1\" \/>\n<link rel=\"canonical\" href=\"https:\/\/kapitalis.com\/tunisie\/2018\/10\/08\/tunisie-quand-le-ministere-du-commerce-detruit-lenvironnement\/\" \/>\n<meta property=\"og:locale\" content=\"fr_FR\" \/>\n<meta property=\"og:type\" content=\"article\" \/>\n<meta property=\"og:title\" content=\"Tunisie : Quand le minist\u00e8re du Commerce d\u00e9truit l\u2019environnement ! - Kapitalis\" \/>\n<meta property=\"og:description\" content=\"Le minist\u00e8re du Commerce a enseveli sous terre plus de 2 tonnes de tomates et d&rsquo;harissa en conserve, r\u00e9cemment confisqu\u00e9es et impropres \u00e0 la consommation. Un geste qui a provoqu\u00e9 la col\u00e8re des d\u00e9fenseurs de la nature.\" \/>\n<meta property=\"og:url\" content=\"https:\/\/kapitalis.com\/tunisie\/2018\/10\/08\/tunisie-quand-le-ministere-du-commerce-detruit-lenvironnement\/\" \/>\n<meta property=\"og:site_name\" content=\"Kapitalis\" \/>\n<meta property=\"article:publisher\" content=\"https:\/\/www.facebook.com\/KapitalisInfo\/\" \/>\n<meta property=\"article:published_time\" content=\"2018-10-08T13:26:28+00:00\" \/>\n<meta property=\"og:image\" content=\"https:\/\/kapitalis.com\/tunisie\/wp-content\/uploads\/2022\/05\/kapitalis-logo-fb.png\" \/>\n\t<meta property=\"og:image:width\" content=\"1200\" \/>\n\t<meta property=\"og:image:height\" content=\"630\" \/>\n\t<meta property=\"og:image:type\" content=\"image\/png\" \/>\n<meta name=\"author\" content=\"Yusra NY\" \/>\n<meta name=\"twitter:card\" content=\"summary_large_image\" \/>\n<meta name=\"twitter:creator\" content=\"@KapitalisInfo\" \/>\n<meta name=\"twitter:site\" content=\"@KapitalisInfo\" \/>\n<meta name=\"twitter:label1\" content=\"\u00c9crit par\" \/>\n\t<meta name=\"twitter:data1\" content=\"Yusra NY\" \/>\n\t<meta name=\"twitter:label2\" content=\"Dur\u00e9e de lecture estim\u00e9e\" \/>\n\t<meta name=\"twitter:data2\" content=\"1 minute\" \/>\n<script type=\"application\/ld+json\" class=\"yoast-schema-graph\">{\"@context\":\"https:\/\/schema.org\",\"@graph\":[{\"@type\":\"Article\",\"@id\":\"https:\/\/kapitalis.com\/tunisie\/2018\/10\/08\/tunisie-quand-le-ministere-du-commerce-detruit-lenvironnement\/#article\",\"isPartOf\":{\"@id\":\"https:\/\/kapitalis.com\/tunisie\/2018\/10\/08\/tunisie-quand-le-ministere-du-commerce-detruit-lenvironnement\/\"},\"author\":{\"name\":\"Yusra NY\",\"@id\":\"https:\/\/kapitalis.com\/tunisie\/#\/schema\/person\/74bbde0154d49d790a92aaeac5bc01d5\"},\"headline\":\"Tunisie : Quand le minist\u00e8re du Commerce d\u00e9truit l\u2019environnement !\",\"datePublished\":\"2018-10-08T13:26:28+00:00\",\"mainEntityOfPage\":{\"@id\":\"https:\/\/kapitalis.com\/tunisie\/2018\/10\/08\/tunisie-quand-le-ministere-du-commerce-detruit-lenvironnement\/\"},\"wordCount\":181,\"commentCount\":3,\"publisher\":{\"@id\":\"https:\/\/kapitalis.com\/tunisie\/#organization\"},\"image\":{\"@id\":\"https:\/\/kapitalis.com\/tunisie\/2018\/10\/08\/tunisie-quand-le-ministere-du-commerce-detruit-lenvironnement\/#primaryimage\"},\"thumbnailUrl\":\"\",\"keywords\":[\"commerce\",\"environnement\",\"minist\u00e8re\",\"nature\",\"Sidi Thabet\"],\"articleSection\":[\"SOCIETE\",\"Tunisie\"],\"inLanguage\":\"fr-FR\",\"potentialAction\":[{\"@type\":\"CommentAction\",\"name\":\"Comment\",\"target\":[\"https:\/\/kapitalis.com\/tunisie\/2018\/10\/08\/tunisie-quand-le-ministere-du-commerce-detruit-lenvironnement\/#respond\"]}]},{\"@type\":\"WebPage\",\"@id\":\"https:\/\/kapitalis.com\/tunisie\/2018\/10\/08\/tunisie-quand-le-ministere-du-commerce-detruit-lenvironnement\/\",\"url\":\"https:\/\/kapitalis.com\/tunisie\/2018\/10\/08\/tunisie-quand-le-ministere-du-commerce-detruit-lenvironnement\/\",\"name\":\"Tunisie : Quand le minist\u00e8re du Commerce d\u00e9truit l\u2019environnement ! - Kapitalis\",\"isPartOf\":{\"@id\":\"https:\/\/kapitalis.com\/tunisie\/#website\"},\"primaryImageOfPage\":{\"@id\":\"https:\/\/kapitalis.com\/tunisie\/2018\/10\/08\/tunisie-quand-le-ministere-du-commerce-detruit-lenvironnement\/#primaryimage\"},\"image\":{\"@id\":\"https:\/\/kapitalis.com\/tunisie\/2018\/10\/08\/tunisie-quand-le-ministere-du-commerce-detruit-lenvironnement\/#primaryimage\"},\"thumbnailUrl\":\"\",\"datePublished\":\"2018-10-08T13:26:28+00:00\",\"breadcrumb\":{\"@id\":\"https:\/\/kapitalis.com\/tunisie\/2018\/10\/08\/tunisie-quand-le-ministere-du-commerce-detruit-lenvironnement\/#breadcrumb\"},\"inLanguage\":\"fr-FR\",\"potentialAction\":[{\"@type\":\"ReadAction\",\"target\":[\"https:\/\/kapitalis.com\/tunisie\/2018\/10\/08\/tunisie-quand-le-ministere-du-commerce-detruit-lenvironnement\/\"]}]},{\"@type\":\"ImageObject\",\"inLanguage\":\"fr-FR\",\"@id\":\"https:\/\/kapitalis.com\/tunisie\/2018\/10\/08\/tunisie-quand-le-ministere-du-commerce-detruit-lenvironnement\/#primaryimage\",\"url\":\"\",\"contentUrl\":\"\"},{\"@type\":\"BreadcrumbList\",\"@id\":\"https:\/\/kapitalis.com\/tunisie\/2018\/10\/08\/tunisie-quand-le-ministere-du-commerce-detruit-lenvironnement\/#breadcrumb\",\"itemListElement\":[{\"@type\":\"ListItem\",\"position\":1,\"name\":\"Accueil\",\"item\":\"https:\/\/kapitalis.com\/tunisie\/\"},{\"@type\":\"ListItem\",\"position\":2,\"name\":\"Tunisie : Quand le minist\u00e8re du Commerce d\u00e9truit l\u2019environnement !\"}]},{\"@type\":\"WebSite\",\"@id\":\"https:\/\/kapitalis.com\/tunisie\/#website\",\"url\":\"https:\/\/kapitalis.com\/tunisie\/\",\"name\":\"Kapitalis\",\"description\":\"L&#039;actualit\u00e9 en Tunisie et dans le monde\",\"publisher\":{\"@id\":\"https:\/\/kapitalis.com\/tunisie\/#organization\"},\"potentialAction\":[{\"@type\":\"SearchAction\",\"target\":{\"@type\":\"EntryPoint\",\"urlTemplate\":\"https:\/\/kapitalis.com\/tunisie\/?s={search_term_string}\"},\"query-input\":{\"@type\":\"PropertyValueSpecification\",\"valueRequired\":true,\"valueName\":\"search_term_string\"}}],\"inLanguage\":\"fr-FR\"},{\"@type\":\"Organization\",\"@id\":\"https:\/\/kapitalis.com\/tunisie\/#organization\",\"name\":\"Kapitalis\",\"url\":\"https:\/\/kapitalis.com\/tunisie\/\",\"logo\":{\"@type\":\"ImageObject\",\"inLanguage\":\"fr-FR\",\"@id\":\"https:\/\/kapitalis.com\/tunisie\/#\/schema\/logo\/image\/\",\"url\":\"https:\/\/kapitalis.com\/tunisie\/wp-content\/uploads\/2022\/05\/Kapitalis-big-size.png\",\"contentUrl\":\"https:\/\/kapitalis.com\/tunisie\/wp-content\/uploads\/2022\/05\/Kapitalis-big-size.png\",\"width\":5000,\"height\":1500,\"caption\":\"Kapitalis\"},\"image\":{\"@id\":\"https:\/\/kapitalis.com\/tunisie\/#\/schema\/logo\/image\/\"},\"sameAs\":[\"https:\/\/www.facebook.com\/KapitalisInfo\/\",\"https:\/\/x.com\/KapitalisInfo\",\"https:\/\/www.youtube.com\/channel\/UC-yDYrHyfFBWWZaOw3FPg9Q\"]},{\"@type\":\"Person\",\"@id\":\"https:\/\/kapitalis.com\/tunisie\/#\/schema\/person\/74bbde0154d49d790a92aaeac5bc01d5\",\"name\":\"Yusra NY\",\"url\":\"https:\/\/kapitalis.com\/tunisie\/author\/yuza_adam\/\"}]}<\/script>\n<!-- \/ Yoast SEO plugin. -->","yoast_head_json":{"title":"Tunisie : Quand le minist\u00e8re du Commerce d\u00e9truit l\u2019environnement ! - Kapitalis","robots":{"index":"index","follow":"follow","max-snippet":"max-snippet:-1","max-image-preview":"max-image-preview:large","max-video-preview":"max-video-preview:-1"},"canonical":"https:\/\/kapitalis.com\/tunisie\/2018\/10\/08\/tunisie-quand-le-ministere-du-commerce-detruit-lenvironnement\/","og_locale":"fr_FR","og_type":"article","og_title":"Tunisie : Quand le minist\u00e8re du Commerce d\u00e9truit l\u2019environnement ! - Kapitalis","og_description":"Le minist\u00e8re du Commerce a enseveli sous terre plus de 2 tonnes de tomates et d&rsquo;harissa en conserve, r\u00e9cemment confisqu\u00e9es et impropres \u00e0 la consommation. Un geste qui a provoqu\u00e9 la col\u00e8re des d\u00e9fenseurs de la nature.","og_url":"https:\/\/kapitalis.com\/tunisie\/2018\/10\/08\/tunisie-quand-le-ministere-du-commerce-detruit-lenvironnement\/","og_site_name":"Kapitalis","article_publisher":"https:\/\/www.facebook.com\/KapitalisInfo\/","article_published_time":"2018-10-08T13:26:28+00:00","og_image":[{"width":1200,"height":630,"url":"https:\/\/kapitalis.com\/tunisie\/wp-content\/uploads\/2022\/05\/kapitalis-logo-fb.png","type":"image\/png"}],"author":"Yusra NY","twitter_card":"summary_large_image","twitter_creator":"@KapitalisInfo","twitter_site":"@KapitalisInfo","twitter_misc":{"\u00c9crit par":"Yusra NY","Dur\u00e9e de lecture estim\u00e9e":"1 minute"},"schema":{"@context":"https:\/\/schema.org","@graph":[{"@type":"Article","@id":"https:\/\/kapitalis.com\/tunisie\/2018\/10\/08\/tunisie-quand-le-ministere-du-commerce-detruit-lenvironnement\/#article","isPartOf":{"@id":"https:\/\/kapitalis.com\/tunisie\/2018\/10\/08\/tunisie-quand-le-ministere-du-commerce-detruit-lenvironnement\/"},"author":{"name":"Yusra NY","@id":"https:\/\/kapitalis.com\/tunisie\/#\/schema\/person\/74bbde0154d49d790a92aaeac5bc01d5"},"headline":"Tunisie : Quand le minist\u00e8re du Commerce d\u00e9truit l\u2019environnement !","datePublished":"2018-10-08T13:26:28+00:00","mainEntityOfPage":{"@id":"https:\/\/kapitalis.com\/tunisie\/2018\/10\/08\/tunisie-quand-le-ministere-du-commerce-detruit-lenvironnement\/"},"wordCount":181,"commentCount":3,"publisher":{"@id":"https:\/\/kapitalis.com\/tunisie\/#organization"},"image":{"@id":"https:\/\/kapitalis.com\/tunisie\/2018\/10\/08\/tunisie-quand-le-ministere-du-commerce-detruit-lenvironnement\/#primaryimage"},"thumbnailUrl":"","keywords":["commerce","environnement","minist\u00e8re","nature","Sidi Thabet"],"articleSection":["SOCIETE","Tunisie"],"inLanguage":"fr-FR","potentialAction":[{"@type":"CommentAction","name":"Comment","target":["https:\/\/kapitalis.com\/tunisie\/2018\/10\/08\/tunisie-quand-le-ministere-du-commerce-detruit-lenvironnement\/#respond"]}]},{"@type":"WebPage","@id":"https:\/\/kapitalis.com\/tunisie\/2018\/10\/08\/tunisie-quand-le-ministere-du-commerce-detruit-lenvironnement\/","url":"https:\/\/kapitalis.com\/tunisie\/2018\/10\/08\/tunisie-quand-le-ministere-du-commerce-detruit-lenvironnement\/","name":"Tunisie : Quand le minist\u00e8re du Commerce d\u00e9truit l\u2019environnement ! - Kapitalis","isPartOf":{"@id":"https:\/\/kapitalis.com\/tunisie\/#website"},"primaryImageOfPage":{"@id":"https:\/\/kapitalis.com\/tunisie\/2018\/10\/08\/tunisie-quand-le-ministere-du-commerce-detruit-lenvironnement\/#primaryimage"},"image":{"@id":"https:\/\/kapitalis.com\/tunisie\/2018\/10\/08\/tunisie-quand-le-ministere-du-commerce-detruit-lenvironnement\/#primaryimage"},"thumbnailUrl":"","datePublished":"2018-10-08T13:26:28+00:00","breadcrumb":{"@id":"https:\/\/kapitalis.com\/tunisie\/2018\/10\/08\/tunisie-quand-le-ministere-du-commerce-detruit-lenvironnement\/#breadcrumb"},"inLanguage":"fr-FR","potentialAction":[{"@type":"ReadAction","target":["https:\/\/kapitalis.com\/tunisie\/2018\/10\/08\/tunisie-quand-le-ministere-du-commerce-detruit-lenvironnement\/"]}]},{"@type":"ImageObject","inLanguage":"fr-FR","@id":"https:\/\/kapitalis.com\/tunisie\/2018\/10\/08\/tunisie-quand-le-ministere-du-commerce-detruit-lenvironnement\/#primaryimage","url":"","contentUrl":""},{"@type":"BreadcrumbList","@id":"https:\/\/kapitalis.com\/tunisie\/2018\/10\/08\/tunisie-quand-le-ministere-du-commerce-detruit-lenvironnement\/#breadcrumb","itemListElement":[{"@type":"ListItem","position":1,"name":"Accueil","item":"https:\/\/kapitalis.com\/tunisie\/"},{"@type":"ListItem","position":2,"name":"Tunisie : Quand le minist\u00e8re du Commerce d\u00e9truit l\u2019environnement !"}]},{"@type":"WebSite","@id":"https:\/\/kapitalis.com\/tunisie\/#website","url":"https:\/\/kapitalis.com\/tunisie\/","name":"Kapitalis","description":"L&#039;actualit\u00e9 en Tunisie et dans le monde","publisher":{"@id":"https:\/\/kapitalis.com\/tunisie\/#organization"},"potentialAction":[{"@type":"SearchAction","target":{"@type":"EntryPoint","urlTemplate":"https:\/\/kapitalis.com\/tunisie\/?s={search_term_string}"},"query-input":{"@type":"PropertyValueSpecification","valueRequired":true,"valueName":"search_term_string"}}],"inLanguage":"fr-FR"},{"@type":"Organization","@id":"https:\/\/kapitalis.com\/tunisie\/#organization","name":"Kapitalis","url":"https:\/\/kapitalis.com\/tunisie\/","logo":{"@type":"ImageObject","inLanguage":"fr-FR","@id":"https:\/\/kapitalis.com\/tunisie\/#\/schema\/logo\/image\/","url":"https:\/\/kapitalis.com\/tunisie\/wp-content\/uploads\/2022\/05\/Kapitalis-big-size.png","contentUrl":"https:\/\/kapitalis.com\/tunisie\/wp-content\/uploads\/2022\/05\/Kapitalis-big-size.png","width":5000,"height":1500,"caption":"Kapitalis"},"image":{"@id":"https:\/\/kapitalis.com\/tunisie\/#\/schema\/logo\/image\/"},"sameAs":["https:\/\/www.facebook.com\/KapitalisInfo\/","https:\/\/x.com\/KapitalisInfo","https:\/\/www.youtube.com\/channel\/UC-yDYrHyfFBWWZaOw3FPg9Q"]},{"@type":"Person","@id":"https:\/\/kapitalis.com\/tunisie\/#\/schema\/person\/74bbde0154d49d790a92aaeac5bc01d5","name":"Yusra NY","url":"https:\/\/kapitalis.com\/tunisie\/author\/yuza_adam\/"}]}},"_links":{"self":[{"href":"https:\/\/kapitalis.com\/tunisie\/wp-json\/wp\/v2\/posts\/177427","targetHints":{"allow":["GET"]}}],"collection":[{"href":"https:\/\/kapitalis.com\/tunisie\/wp-json\/wp\/v2\/posts"}],"about":[{"href":"https:\/\/kapitalis.com\/tunisie\/wp-json\/wp\/v2\/types\/post"}],"author":[{"embeddable":true,"href":"https:\/\/kapitalis.com\/tunisie\/wp-json\/wp\/v2\/users\/6"}],"replies":[{"embeddable":true,"href":"https:\/\/kapitalis.com\/tunisie\/wp-json\/wp\/v2\/comments?post=177427"}],"version-history":[{"count":0,"href":"https:\/\/kapitalis.com\/tunisie\/wp-json\/wp\/v2\/posts\/177427\/revisions"}],"wp:featuredmedia":[{"embeddable":true,"href":"https:\/\/kapitalis.com\/tunisie\/wp-json\/wp\/v2\/media\/177432"}],"wp:attachment":[{"href":"https:\/\/kapitalis.com\/tunisie\/wp-json\/wp\/v2\/media?parent=177427"}],"wp:term":[{"taxonomy":"category","embeddable":true,"href":"https:\/\/kapitalis.com\/tunisie\/wp-json\/wp\/v2\/categories?post=177427"},{"taxonomy":"post_tag","embeddable":true,"href":"https:\/\/kapitalis.com\/tunisie\/wp-json\/wp\/v2\/tags?post=177427"}],"curies":[{"name":"wp","href":"https:\/\/api.w.org\/{rel}","templated":true}]}}