{"id":1774819,"date":"2022-06-26T07:55:19","date_gmt":"2022-06-26T06:55:19","guid":{"rendered":"https:\/\/kapitalis.com\/tunisie\/?p=1774819"},"modified":"2022-06-26T07:55:20","modified_gmt":"2022-06-26T06:55:20","slug":"tunisie-hausse-des-prix-le-contribuable-mis-a-rude-epreuve","status":"publish","type":"post","link":"https:\/\/kapitalis.com\/tunisie\/2022\/06\/26\/tunisie-hausse-des-prix-le-contribuable-mis-a-rude-epreuve\/","title":{"rendered":"Tunisie-Hausse des prix : le contribuable mis \u00e0 rude \u00e9preuve"},"content":{"rendered":"\n<p><strong><em>Le monde fait face aujourd&rsquo;hui \u00e0 une hausse vertigineuse des prix. Mais si, dans beaucoup de pays, on prend des mesures pour att\u00e9nuer les effets de cette hausse sur le pouvoir d&rsquo;achat des citoyens, en Tunisie, o\u00f9 l&rsquo;Etat fait face \u00e0 une grave crise financi\u00e8re, ce sera le contribuable qui, au final, subira les cons\u00e9quences de la crise, avec, d&rsquo;un c\u00f4t\u00e9, la lev\u00e9e progressive des subventions, et de l&rsquo;autre, l\u2019augmentation attendue des imp\u00f4ts.<\/em><\/strong><\/p>\n\n\n\n<p>Par <strong>Amine Ben Gamra<\/strong> *<\/p>\n\n\n\n<!--more-->\n\n\n<div class=\"wp-block-image\">\n<figure class=\"alignleft size-full\"><img decoding=\"async\" src=\"http:\/\/kapitalis.com\/tunisie\/wp-content\/uploads\/2022\/04\/Amine-Ben-Gamra-1.jpg\" alt=\"\" class=\"wp-image-387692\"\/><\/figure>\n<\/div>\n\n\n<p>Les d\u00e9penses de l&rsquo;Etat au titre des subventions doivent enregistrer une hausse&nbsp;en 2022 pour atteindre 4,2 milliards de dinars (1,3 md d&rsquo;euros) contre 3,2 mds de dinars en 2021 (environ 1 md d&rsquo;euros). Ce co\u00fbt devrait d\u00e9passer les 5 mds de dinars (1,5 md d&rsquo;euros) en 2023.<\/p>\n\n\n\n<p>Ces d\u00e9penses suppl\u00e9mentaires doivent-elles \u00eatre financ\u00e9es par les imp\u00f4ts, qui sont d\u00e9j\u00e0 jug\u00e9s tr\u00e8s \u00e9lev\u00e9s, ou, comme ce fut souvent le cas, par la dette, qui atteint un seuil critique en plafonnant \u00e0 100% du PIB?<\/p>\n\n\n\n<h2 class=\"wp-block-heading\">La n\u00e9cessaire protection des m\u00e9nages<\/h2>\n\n\n\n<p>Comme l\u2019Union europ\u00e9enne et le Fonds mon\u00e9taire international (FMI), partenaires essentiels de la Tunisie, sont de plus en plus perplexes face \u00e0 ce qui se passe dans notre pays, qui absorbe l&rsquo;aide internationale sans montrer aucun signe d&rsquo;am\u00e9lioration de ses \u00e9quilibres g\u00e9n\u00e9raux, c&rsquo;est, parions-le, le contribuable qui sera mis \u00e0 contribution pour payer les pots cass\u00e9s d&rsquo;une tr\u00e8s mauvaise gouvernance publique.<\/p>\n\n\n\n<p>La question est donc de savoir comment g\u00e9rer cette situation socialement difficile et prot\u00e9ger au mieux les m\u00e9nages, qui subissent d\u00e9j\u00e0 la hausse g\u00e9n\u00e9rale des prix et la baisse continue de leur pouvoir d&rsquo;achat.<\/p>\n\n\n\n<p>Depuis que les prix de l\u2019\u00e9nergie ont commenc\u00e9 \u00e0 augmenter, en raison de la reprise \u00e9conomique post-Covid et de la guerre russo-ukrainienne, les \u00c9tats membres de l\u2019UE se sont employ\u00e9s \u00e0 mettre en place une s\u00e9rie de dispositifs destin\u00e9s \u00e0 att\u00e9nuer le choc. Ces mesures peuvent \u00eatre regroup\u00e9s sous deux rubriques&nbsp;: la r\u00e9duction temporaire des taxes sur l\u2019\u00e9nergie&nbsp;; et la r\u00e9glementation des prix qui consiste \u00e0 d\u00e9coupler les prix de certains produits, comme l\u2019\u00e9lectricit\u00e9, de leur co\u00fbt marginal.<\/p>\n\n\n\n<p>Par exemple, la France a demand\u00e9 \u00e0 la principale compagnie d\u2019\u00e9lectricit\u00e9 du pays de limiter la hausse des prix \u00e0 4% pour 2022 et de satisfaire la demande \u00e0 ce prix, demandant ainsi \u00e0 la compagnie d\u2019absorber une grande partie du co\u00fbt, ce qui entra\u00eene une forte diminution anticip\u00e9e des flux de tr\u00e9sorerie et une forte baisse de la valeur marchande.<\/p>\n\n\n\n<h2 class=\"wp-block-heading\">Hausse des prix et baisse des subventions<\/h2>\n\n\n\n<p>En Tunisie, le gouvernement envisage, dans le cadre de la rationalisation des subventions dans le secteur des hydrocarbures, d\u2019atteindre les prix r\u00e9els des bouteilles de gaz liqu\u00e9fi\u00e9 destin\u00e9es \u00e0 la consommation d\u2019ici 2026, avec l\u2019adoption de mesures de soutien, lesquelles consistent \u00e0 d\u00e9velopper un programme de transferts financiers dans le cadre de la r\u00e9forme du syst\u00e8me de subventions des produits de base.<\/p>\n\n\n\n<figure class=\"wp-block-embed is-type-wp-embed is-provider-kapitalis wp-block-embed-kapitalis\"><div class=\"wp-block-embed__wrapper\">\n<blockquote class=\"wp-embedded-content\" data-secret=\"6XY8IMu97K\"><a href=\"https:\/\/kapitalis.com\/tunisie\/2022\/06\/14\/tunisie-une-nouvelle-hausse-des-prix-des-carburants-a-lexamen\/\">Tunisie\u00a0: une nouvelle hausse des prix des carburants \u00e0 l\u2019examen<\/a><\/blockquote><iframe loading=\"lazy\" class=\"wp-embedded-content\" sandbox=\"allow-scripts\" security=\"restricted\" style=\"position: absolute; clip: rect(1px, 1px, 1px, 1px);\" title=\"\u00ab\u00a0Tunisie\u00a0: une nouvelle hausse des prix des carburants \u00e0 l\u2019examen\u00a0\u00bb &#8212; Kapitalis\" src=\"https:\/\/kapitalis.com\/tunisie\/2022\/06\/14\/tunisie-une-nouvelle-hausse-des-prix-des-carburants-a-lexamen\/embed\/#?secret=MIQbOSVl5Z#?secret=6XY8IMu97K\" data-secret=\"6XY8IMu97K\" width=\"600\" height=\"338\" frameborder=\"0\" marginwidth=\"0\" marginheight=\"0\" scrolling=\"no\"><\/iframe>\n<\/div><\/figure>\n\n\n\n<p>Il envisage aussi, la lib\u00e9ralisation de l\u2019importation des produits p\u00e9troliers d\u00e8s que les prix r\u00e9els seront en vigueur, tout en pr\u00e9servant le r\u00f4le de la Soci\u00e9t\u00e9 tunisienne des industries de raffinage (Stir) dans la s\u00e9curisation de l\u2019approvisionnement et le d\u00e9veloppement des capacit\u00e9s de stockage, ainsi que la rationalisation de la consommation des produits p\u00e9troliers et l\u2019ajustement progressif des prix de l\u2019\u00e9lectricit\u00e9 et du gaz<\/p>\n\n\n\n<p>C&rsquo;est, donc, au final, le contribuable qui subira les cons\u00e9quences de toutes ces \u00e9volutions par, d&rsquo;un c\u00f4t\u00e9, la lev\u00e9e de la subvention, et de l&rsquo;autre, l\u2019augmentation des imp\u00f4ts.<\/p>\n\n\n\n<p>Dans tout \u00e7a, la population, prise en otage, traversera une p\u00e9riode difficile. La vie co\u00fbtera toujours plus cher et les salaires ne bougeront plus.<\/p>\n\n\n\n<figure class=\"wp-block-embed is-type-wp-embed is-provider-kapitalis wp-block-embed-kapitalis\"><div class=\"wp-block-embed__wrapper\">\n<blockquote class=\"wp-embedded-content\" data-secret=\"EzaE8oG2uX\"><a href=\"https:\/\/kapitalis.com\/tunisie\/2022\/06\/07\/ministre-tunisienne-du-commerce-on-gardera-les-subventions-mais\/\">Ministre tunisienne du Commerce : \u00abOn gardera les subventions, mais&#8230;\u00bb<\/a><\/blockquote><iframe loading=\"lazy\" class=\"wp-embedded-content\" sandbox=\"allow-scripts\" security=\"restricted\" style=\"position: absolute; clip: rect(1px, 1px, 1px, 1px);\" title=\"\u00ab\u00a0Ministre tunisienne du Commerce : \u00abOn gardera les subventions, mais&#8230;\u00bb\u00a0\u00bb &#8212; Kapitalis\" src=\"https:\/\/kapitalis.com\/tunisie\/2022\/06\/07\/ministre-tunisienne-du-commerce-on-gardera-les-subventions-mais\/embed\/#?secret=ZmzsWJokAO#?secret=EzaE8oG2uX\" data-secret=\"EzaE8oG2uX\" width=\"600\" height=\"338\" frameborder=\"0\" marginwidth=\"0\" marginheight=\"0\" scrolling=\"no\"><\/iframe>\n<\/div><\/figure>\n\n\n\n<p>A toutes les strates de la soci\u00e9t\u00e9, la peur de prendre des d\u00e9cisions et d\u2019aller de l\u2019avant est omnipr\u00e9sente. L\u2019envie de travailler et de sortir la nation du p\u00e9trin n\u2019est plus l\u00e0. Et pour ne rien arranger, la crise politique dans laquelle est plong\u00e9e le pays depuis de nombreuses ann\u00e9es l\u00e9zarde tous les jours un peu plus l\u2019espoir d\u2019une vraie relance \u00e9conomique.&nbsp;<\/p>\n\n\n\n<p><em>* Expert comptable, commissaire aux comptes, membre de l&rsquo;Ordre des experts comptables de Tunisie.<\/em><\/p>\n","protected":false},"excerpt":{"rendered":"<p>En Tunisie, ce sera, au final, le contribuable qui subira les cons\u00e9quences de la hausse des prix  par, d&rsquo;un c\u00f4t\u00e9, la lev\u00e9e de la subvention, et de l&rsquo;autre, l\u2019augmentation des imp\u00f4ts.<\/p>\n","protected":false},"author":8,"featured_media":1775012,"comment_status":"open","ping_status":"open","sticky":false,"template":"","format":"standard","meta":{"footnotes":""},"categories":[992,995,1000,2433],"tags":[388,8830,2059,863,62643,937],"class_list":["post-1774819","post","type-post","status-publish","format-standard","has-post-thumbnail","hentry","category-a-la-une","category-economie","category-tribune","category-tunisie","tag-fmi","tag-hausse-des-prix","tag-pouvoir-dachat","tag-subventions","tag-tunisie","tag-union-europeenne"],"yoast_head":"<!-- This site is optimized with the Yoast SEO plugin v26.6 - https:\/\/yoast.com\/wordpress\/plugins\/seo\/ -->\n<title>Tunisie-Hausse des prix : le contribuable mis \u00e0 rude \u00e9preuve - Kapitalis<\/title>\n<meta name=\"robots\" content=\"index, follow, max-snippet:-1, max-image-preview:large, max-video-preview:-1\" \/>\n<link rel=\"canonical\" href=\"https:\/\/kapitalis.com\/tunisie\/2022\/06\/26\/tunisie-hausse-des-prix-le-contribuable-mis-a-rude-epreuve\/\" \/>\n<meta property=\"og:locale\" content=\"fr_FR\" \/>\n<meta property=\"og:type\" content=\"article\" \/>\n<meta property=\"og:title\" content=\"Tunisie-Hausse des prix : le contribuable mis \u00e0 rude \u00e9preuve - Kapitalis\" \/>\n<meta property=\"og:description\" content=\"En Tunisie, ce sera, au final, le contribuable qui subira les cons\u00e9quences de la hausse des prix par, d&#039;un c\u00f4t\u00e9, la lev\u00e9e de la subvention, et de l&#039;autre, l\u2019augmentation des imp\u00f4ts.\" \/>\n<meta property=\"og:url\" content=\"https:\/\/kapitalis.com\/tunisie\/2022\/06\/26\/tunisie-hausse-des-prix-le-contribuable-mis-a-rude-epreuve\/\" \/>\n<meta property=\"og:site_name\" content=\"Kapitalis\" \/>\n<meta property=\"article:publisher\" content=\"https:\/\/www.facebook.com\/KapitalisInfo\/\" \/>\n<meta property=\"article:published_time\" content=\"2022-06-26T06:55:19+00:00\" \/>\n<meta property=\"article:modified_time\" content=\"2022-06-26T06:55:20+00:00\" \/>\n<meta property=\"og:image\" content=\"https:\/\/kapitalis.com\/tunisie\/wp-content\/uploads\/2022\/06\/Inflation-1.jpg\" \/>\n\t<meta property=\"og:image:width\" content=\"1200\" \/>\n\t<meta property=\"og:image:height\" content=\"630\" \/>\n\t<meta property=\"og:image:type\" content=\"image\/jpeg\" \/>\n<meta name=\"author\" content=\"webmaster kapitalis\" \/>\n<meta name=\"twitter:card\" content=\"summary_large_image\" \/>\n<meta name=\"twitter:creator\" content=\"@KapitalisInfo\" \/>\n<meta name=\"twitter:site\" content=\"@KapitalisInfo\" \/>\n<meta name=\"twitter:label1\" content=\"\u00c9crit par\" \/>\n\t<meta name=\"twitter:data1\" content=\"webmaster kapitalis\" \/>\n\t<meta name=\"twitter:label2\" content=\"Dur\u00e9e de lecture estim\u00e9e\" \/>\n\t<meta name=\"twitter:data2\" content=\"4 minutes\" \/>\n<script type=\"application\/ld+json\" class=\"yoast-schema-graph\">{\"@context\":\"https:\/\/schema.org\",\"@graph\":[{\"@type\":\"Article\",\"@id\":\"https:\/\/kapitalis.com\/tunisie\/2022\/06\/26\/tunisie-hausse-des-prix-le-contribuable-mis-a-rude-epreuve\/#article\",\"isPartOf\":{\"@id\":\"https:\/\/kapitalis.com\/tunisie\/2022\/06\/26\/tunisie-hausse-des-prix-le-contribuable-mis-a-rude-epreuve\/\"},\"author\":{\"name\":\"webmaster kapitalis\",\"@id\":\"https:\/\/kapitalis.com\/tunisie\/#\/schema\/person\/d71f33a9ca44f7bad4698210b480c8e9\"},\"headline\":\"Tunisie-Hausse des prix : le contribuable mis \u00e0 rude \u00e9preuve\",\"datePublished\":\"2022-06-26T06:55:19+00:00\",\"dateModified\":\"2022-06-26T06:55:20+00:00\",\"mainEntityOfPage\":{\"@id\":\"https:\/\/kapitalis.com\/tunisie\/2022\/06\/26\/tunisie-hausse-des-prix-le-contribuable-mis-a-rude-epreuve\/\"},\"wordCount\":751,\"commentCount\":0,\"publisher\":{\"@id\":\"https:\/\/kapitalis.com\/tunisie\/#organization\"},\"image\":{\"@id\":\"https:\/\/kapitalis.com\/tunisie\/2022\/06\/26\/tunisie-hausse-des-prix-le-contribuable-mis-a-rude-epreuve\/#primaryimage\"},\"thumbnailUrl\":\"https:\/\/kapitalis.com\/tunisie\/wp-content\/uploads\/2022\/06\/Inflation-1.jpg\",\"keywords\":[\"FMI\",\"hausse des prix\",\"pouvoir d'achat\",\"subventions\",\"Tunisie\",\"Union europ\u00e9enne\"],\"articleSection\":[\"A LA UNE\",\"ECONOMIE\",\"TRIBUNE\",\"Tunisie\"],\"inLanguage\":\"fr-FR\",\"potentialAction\":[{\"@type\":\"CommentAction\",\"name\":\"Comment\",\"target\":[\"https:\/\/kapitalis.com\/tunisie\/2022\/06\/26\/tunisie-hausse-des-prix-le-contribuable-mis-a-rude-epreuve\/#respond\"]}]},{\"@type\":\"WebPage\",\"@id\":\"https:\/\/kapitalis.com\/tunisie\/2022\/06\/26\/tunisie-hausse-des-prix-le-contribuable-mis-a-rude-epreuve\/\",\"url\":\"https:\/\/kapitalis.com\/tunisie\/2022\/06\/26\/tunisie-hausse-des-prix-le-contribuable-mis-a-rude-epreuve\/\",\"name\":\"Tunisie-Hausse des prix : le contribuable mis \u00e0 rude \u00e9preuve - Kapitalis\",\"isPartOf\":{\"@id\":\"https:\/\/kapitalis.com\/tunisie\/#website\"},\"primaryImageOfPage\":{\"@id\":\"https:\/\/kapitalis.com\/tunisie\/2022\/06\/26\/tunisie-hausse-des-prix-le-contribuable-mis-a-rude-epreuve\/#primaryimage\"},\"image\":{\"@id\":\"https:\/\/kapitalis.com\/tunisie\/2022\/06\/26\/tunisie-hausse-des-prix-le-contribuable-mis-a-rude-epreuve\/#primaryimage\"},\"thumbnailUrl\":\"https:\/\/kapitalis.com\/tunisie\/wp-content\/uploads\/2022\/06\/Inflation-1.jpg\",\"datePublished\":\"2022-06-26T06:55:19+00:00\",\"dateModified\":\"2022-06-26T06:55:20+00:00\",\"breadcrumb\":{\"@id\":\"https:\/\/kapitalis.com\/tunisie\/2022\/06\/26\/tunisie-hausse-des-prix-le-contribuable-mis-a-rude-epreuve\/#breadcrumb\"},\"inLanguage\":\"fr-FR\",\"potentialAction\":[{\"@type\":\"ReadAction\",\"target\":[\"https:\/\/kapitalis.com\/tunisie\/2022\/06\/26\/tunisie-hausse-des-prix-le-contribuable-mis-a-rude-epreuve\/\"]}]},{\"@type\":\"ImageObject\",\"inLanguage\":\"fr-FR\",\"@id\":\"https:\/\/kapitalis.com\/tunisie\/2022\/06\/26\/tunisie-hausse-des-prix-le-contribuable-mis-a-rude-epreuve\/#primaryimage\",\"url\":\"https:\/\/kapitalis.com\/tunisie\/wp-content\/uploads\/2022\/06\/Inflation-1.jpg\",\"contentUrl\":\"https:\/\/kapitalis.com\/tunisie\/wp-content\/uploads\/2022\/06\/Inflation-1.jpg\",\"width\":1200,\"height\":630},{\"@type\":\"BreadcrumbList\",\"@id\":\"https:\/\/kapitalis.com\/tunisie\/2022\/06\/26\/tunisie-hausse-des-prix-le-contribuable-mis-a-rude-epreuve\/#breadcrumb\",\"itemListElement\":[{\"@type\":\"ListItem\",\"position\":1,\"name\":\"Accueil\",\"item\":\"https:\/\/kapitalis.com\/tunisie\/\"},{\"@type\":\"ListItem\",\"position\":2,\"name\":\"Tunisie-Hausse des prix : le contribuable mis \u00e0 rude \u00e9preuve\"}]},{\"@type\":\"WebSite\",\"@id\":\"https:\/\/kapitalis.com\/tunisie\/#website\",\"url\":\"https:\/\/kapitalis.com\/tunisie\/\",\"name\":\"Kapitalis\",\"description\":\"L&#039;actualit\u00e9 en Tunisie et dans le monde\",\"publisher\":{\"@id\":\"https:\/\/kapitalis.com\/tunisie\/#organization\"},\"potentialAction\":[{\"@type\":\"SearchAction\",\"target\":{\"@type\":\"EntryPoint\",\"urlTemplate\":\"https:\/\/kapitalis.com\/tunisie\/?s={search_term_string}\"},\"query-input\":{\"@type\":\"PropertyValueSpecification\",\"valueRequired\":true,\"valueName\":\"search_term_string\"}}],\"inLanguage\":\"fr-FR\"},{\"@type\":\"Organization\",\"@id\":\"https:\/\/kapitalis.com\/tunisie\/#organization\",\"name\":\"Kapitalis\",\"url\":\"https:\/\/kapitalis.com\/tunisie\/\",\"logo\":{\"@type\":\"ImageObject\",\"inLanguage\":\"fr-FR\",\"@id\":\"https:\/\/kapitalis.com\/tunisie\/#\/schema\/logo\/image\/\",\"url\":\"https:\/\/kapitalis.com\/tunisie\/wp-content\/uploads\/2022\/05\/Kapitalis-big-size.png\",\"contentUrl\":\"https:\/\/kapitalis.com\/tunisie\/wp-content\/uploads\/2022\/05\/Kapitalis-big-size.png\",\"width\":5000,\"height\":1500,\"caption\":\"Kapitalis\"},\"image\":{\"@id\":\"https:\/\/kapitalis.com\/tunisie\/#\/schema\/logo\/image\/\"},\"sameAs\":[\"https:\/\/www.facebook.com\/KapitalisInfo\/\",\"https:\/\/x.com\/KapitalisInfo\",\"https:\/\/www.youtube.com\/channel\/UC-yDYrHyfFBWWZaOw3FPg9Q\"]},{\"@type\":\"Person\",\"@id\":\"https:\/\/kapitalis.com\/tunisie\/#\/schema\/person\/d71f33a9ca44f7bad4698210b480c8e9\",\"name\":\"webmaster kapitalis\",\"url\":\"https:\/\/kapitalis.com\/tunisie\/author\/webmaster-kapitalis\/\"}]}<\/script>\n<!-- \/ Yoast SEO plugin. -->","yoast_head_json":{"title":"Tunisie-Hausse des prix : le contribuable mis \u00e0 rude \u00e9preuve - Kapitalis","robots":{"index":"index","follow":"follow","max-snippet":"max-snippet:-1","max-image-preview":"max-image-preview:large","max-video-preview":"max-video-preview:-1"},"canonical":"https:\/\/kapitalis.com\/tunisie\/2022\/06\/26\/tunisie-hausse-des-prix-le-contribuable-mis-a-rude-epreuve\/","og_locale":"fr_FR","og_type":"article","og_title":"Tunisie-Hausse des prix : le contribuable mis \u00e0 rude \u00e9preuve - Kapitalis","og_description":"En Tunisie, ce sera, au final, le contribuable qui subira les cons\u00e9quences de la hausse des prix par, d'un c\u00f4t\u00e9, la lev\u00e9e de la subvention, et de l'autre, l\u2019augmentation des imp\u00f4ts.","og_url":"https:\/\/kapitalis.com\/tunisie\/2022\/06\/26\/tunisie-hausse-des-prix-le-contribuable-mis-a-rude-epreuve\/","og_site_name":"Kapitalis","article_publisher":"https:\/\/www.facebook.com\/KapitalisInfo\/","article_published_time":"2022-06-26T06:55:19+00:00","article_modified_time":"2022-06-26T06:55:20+00:00","og_image":[{"width":1200,"height":630,"url":"https:\/\/kapitalis.com\/tunisie\/wp-content\/uploads\/2022\/06\/Inflation-1.jpg","type":"image\/jpeg"}],"author":"webmaster kapitalis","twitter_card":"summary_large_image","twitter_creator":"@KapitalisInfo","twitter_site":"@KapitalisInfo","twitter_misc":{"\u00c9crit par":"webmaster kapitalis","Dur\u00e9e de lecture estim\u00e9e":"4 minutes"},"schema":{"@context":"https:\/\/schema.org","@graph":[{"@type":"Article","@id":"https:\/\/kapitalis.com\/tunisie\/2022\/06\/26\/tunisie-hausse-des-prix-le-contribuable-mis-a-rude-epreuve\/#article","isPartOf":{"@id":"https:\/\/kapitalis.com\/tunisie\/2022\/06\/26\/tunisie-hausse-des-prix-le-contribuable-mis-a-rude-epreuve\/"},"author":{"name":"webmaster kapitalis","@id":"https:\/\/kapitalis.com\/tunisie\/#\/schema\/person\/d71f33a9ca44f7bad4698210b480c8e9"},"headline":"Tunisie-Hausse des prix : le contribuable mis \u00e0 rude \u00e9preuve","datePublished":"2022-06-26T06:55:19+00:00","dateModified":"2022-06-26T06:55:20+00:00","mainEntityOfPage":{"@id":"https:\/\/kapitalis.com\/tunisie\/2022\/06\/26\/tunisie-hausse-des-prix-le-contribuable-mis-a-rude-epreuve\/"},"wordCount":751,"commentCount":0,"publisher":{"@id":"https:\/\/kapitalis.com\/tunisie\/#organization"},"image":{"@id":"https:\/\/kapitalis.com\/tunisie\/2022\/06\/26\/tunisie-hausse-des-prix-le-contribuable-mis-a-rude-epreuve\/#primaryimage"},"thumbnailUrl":"https:\/\/kapitalis.com\/tunisie\/wp-content\/uploads\/2022\/06\/Inflation-1.jpg","keywords":["FMI","hausse des prix","pouvoir d'achat","subventions","Tunisie","Union europ\u00e9enne"],"articleSection":["A LA UNE","ECONOMIE","TRIBUNE","Tunisie"],"inLanguage":"fr-FR","potentialAction":[{"@type":"CommentAction","name":"Comment","target":["https:\/\/kapitalis.com\/tunisie\/2022\/06\/26\/tunisie-hausse-des-prix-le-contribuable-mis-a-rude-epreuve\/#respond"]}]},{"@type":"WebPage","@id":"https:\/\/kapitalis.com\/tunisie\/2022\/06\/26\/tunisie-hausse-des-prix-le-contribuable-mis-a-rude-epreuve\/","url":"https:\/\/kapitalis.com\/tunisie\/2022\/06\/26\/tunisie-hausse-des-prix-le-contribuable-mis-a-rude-epreuve\/","name":"Tunisie-Hausse des prix : le contribuable mis \u00e0 rude \u00e9preuve - Kapitalis","isPartOf":{"@id":"https:\/\/kapitalis.com\/tunisie\/#website"},"primaryImageOfPage":{"@id":"https:\/\/kapitalis.com\/tunisie\/2022\/06\/26\/tunisie-hausse-des-prix-le-contribuable-mis-a-rude-epreuve\/#primaryimage"},"image":{"@id":"https:\/\/kapitalis.com\/tunisie\/2022\/06\/26\/tunisie-hausse-des-prix-le-contribuable-mis-a-rude-epreuve\/#primaryimage"},"thumbnailUrl":"https:\/\/kapitalis.com\/tunisie\/wp-content\/uploads\/2022\/06\/Inflation-1.jpg","datePublished":"2022-06-26T06:55:19+00:00","dateModified":"2022-06-26T06:55:20+00:00","breadcrumb":{"@id":"https:\/\/kapitalis.com\/tunisie\/2022\/06\/26\/tunisie-hausse-des-prix-le-contribuable-mis-a-rude-epreuve\/#breadcrumb"},"inLanguage":"fr-FR","potentialAction":[{"@type":"ReadAction","target":["https:\/\/kapitalis.com\/tunisie\/2022\/06\/26\/tunisie-hausse-des-prix-le-contribuable-mis-a-rude-epreuve\/"]}]},{"@type":"ImageObject","inLanguage":"fr-FR","@id":"https:\/\/kapitalis.com\/tunisie\/2022\/06\/26\/tunisie-hausse-des-prix-le-contribuable-mis-a-rude-epreuve\/#primaryimage","url":"https:\/\/kapitalis.com\/tunisie\/wp-content\/uploads\/2022\/06\/Inflation-1.jpg","contentUrl":"https:\/\/kapitalis.com\/tunisie\/wp-content\/uploads\/2022\/06\/Inflation-1.jpg","width":1200,"height":630},{"@type":"BreadcrumbList","@id":"https:\/\/kapitalis.com\/tunisie\/2022\/06\/26\/tunisie-hausse-des-prix-le-contribuable-mis-a-rude-epreuve\/#breadcrumb","itemListElement":[{"@type":"ListItem","position":1,"name":"Accueil","item":"https:\/\/kapitalis.com\/tunisie\/"},{"@type":"ListItem","position":2,"name":"Tunisie-Hausse des prix : le contribuable mis \u00e0 rude \u00e9preuve"}]},{"@type":"WebSite","@id":"https:\/\/kapitalis.com\/tunisie\/#website","url":"https:\/\/kapitalis.com\/tunisie\/","name":"Kapitalis","description":"L&#039;actualit\u00e9 en Tunisie et dans le monde","publisher":{"@id":"https:\/\/kapitalis.com\/tunisie\/#organization"},"potentialAction":[{"@type":"SearchAction","target":{"@type":"EntryPoint","urlTemplate":"https:\/\/kapitalis.com\/tunisie\/?s={search_term_string}"},"query-input":{"@type":"PropertyValueSpecification","valueRequired":true,"valueName":"search_term_string"}}],"inLanguage":"fr-FR"},{"@type":"Organization","@id":"https:\/\/kapitalis.com\/tunisie\/#organization","name":"Kapitalis","url":"https:\/\/kapitalis.com\/tunisie\/","logo":{"@type":"ImageObject","inLanguage":"fr-FR","@id":"https:\/\/kapitalis.com\/tunisie\/#\/schema\/logo\/image\/","url":"https:\/\/kapitalis.com\/tunisie\/wp-content\/uploads\/2022\/05\/Kapitalis-big-size.png","contentUrl":"https:\/\/kapitalis.com\/tunisie\/wp-content\/uploads\/2022\/05\/Kapitalis-big-size.png","width":5000,"height":1500,"caption":"Kapitalis"},"image":{"@id":"https:\/\/kapitalis.com\/tunisie\/#\/schema\/logo\/image\/"},"sameAs":["https:\/\/www.facebook.com\/KapitalisInfo\/","https:\/\/x.com\/KapitalisInfo","https:\/\/www.youtube.com\/channel\/UC-yDYrHyfFBWWZaOw3FPg9Q"]},{"@type":"Person","@id":"https:\/\/kapitalis.com\/tunisie\/#\/schema\/person\/d71f33a9ca44f7bad4698210b480c8e9","name":"webmaster kapitalis","url":"https:\/\/kapitalis.com\/tunisie\/author\/webmaster-kapitalis\/"}]}},"_links":{"self":[{"href":"https:\/\/kapitalis.com\/tunisie\/wp-json\/wp\/v2\/posts\/1774819","targetHints":{"allow":["GET"]}}],"collection":[{"href":"https:\/\/kapitalis.com\/tunisie\/wp-json\/wp\/v2\/posts"}],"about":[{"href":"https:\/\/kapitalis.com\/tunisie\/wp-json\/wp\/v2\/types\/post"}],"author":[{"embeddable":true,"href":"https:\/\/kapitalis.com\/tunisie\/wp-json\/wp\/v2\/users\/8"}],"replies":[{"embeddable":true,"href":"https:\/\/kapitalis.com\/tunisie\/wp-json\/wp\/v2\/comments?post=1774819"}],"version-history":[{"count":0,"href":"https:\/\/kapitalis.com\/tunisie\/wp-json\/wp\/v2\/posts\/1774819\/revisions"}],"wp:featuredmedia":[{"embeddable":true,"href":"https:\/\/kapitalis.com\/tunisie\/wp-json\/wp\/v2\/media\/1775012"}],"wp:attachment":[{"href":"https:\/\/kapitalis.com\/tunisie\/wp-json\/wp\/v2\/media?parent=1774819"}],"wp:term":[{"taxonomy":"category","embeddable":true,"href":"https:\/\/kapitalis.com\/tunisie\/wp-json\/wp\/v2\/categories?post=1774819"},{"taxonomy":"post_tag","embeddable":true,"href":"https:\/\/kapitalis.com\/tunisie\/wp-json\/wp\/v2\/tags?post=1774819"}],"curies":[{"name":"wp","href":"https:\/\/api.w.org\/{rel}","templated":true}]}}