{"id":177504,"date":"2018-10-08T18:19:22","date_gmt":"2018-10-08T17:19:22","guid":{"rendered":"http:\/\/kapitalis.com\/tunisie\/?p=177504"},"modified":"2018-10-08T18:20:47","modified_gmt":"2018-10-08T17:20:47","slug":"equipe-de-tunisie-belarbi-et-hamdouni-remplacent-khazri-et-jebali","status":"publish","type":"post","link":"https:\/\/kapitalis.com\/tunisie\/2018\/10\/08\/equipe-de-tunisie-belarbi-et-hamdouni-remplacent-khazri-et-jebali\/","title":{"rendered":"Equipe de Tunisie : Belarbi et Hamdouni remplacent Khazri et Jebali"},"content":{"rendered":"<p style=\"text-align: center;\"><img loading=\"lazy\" decoding=\"async\" class=\"alignnone size-full wp-image-177505\" src=\"http:\/\/kapitalis.com\/tunisie\/wp-content\/uploads\/2018\/10\/Firas-Belarbi-Jassem-Hamdouni.jpg\" alt=\"\" width=\"626\" height=\"380\" \/><\/p>\n<p style=\"text-align: center;\"><em>Firas Belarbi\/Jassem Hamdouni.<\/em><\/p>\n<p><em><strong>Le s\u00e9lectionneur de l\u2019\u00e9quipe de Tunisie, Faouzi Benzarti, a convoqu\u00e9 les milieux de terrain de l\u2019Etoile sportive du Sahel, Firas Belarbi, et du Club sportif sfaxien (CSS), Jassem Hamdouni.<\/strong><\/em><\/p>\n<p><!--more--><\/p>\n<p>Ces deux joueurs sont appel\u00e9s pour suppl\u00e9er Wahbi Khazri (AS Saint-Etienne) et Issam Jebali (Rosenborg) bless\u00e9s pour la double-confrontation avec le Niger, les 13 et 16 octobre 208, pour le compte des \u00e9liminatoires de la Coupe d\u2019Afrique des Nations 2019.<\/p>\n<p>La s\u00e9lection tunisienne d\u00e9bute, aujourd\u2019hui, lundi 8 octobre, le stage de pr\u00e9paration \u00e0 cette \u00e9ch\u00e9ance.<\/p>\n<p><em><strong>Liste des joueurs convoqu\u00e9s:\u00a0<\/strong>Farouk Ben Mustapha, Moez Ben Cherifia, Makrem Bdiri, Hamdi Naguez, Dylan Bronn, Syam Ben Youssef, Ayman Ben Mohamed, Yassine Meriah, Oussama Haddadi, Ali Maaloul, Hamza Mathlouthi, Rami B\u00e9doui, Ellyes Skhiri, Mohamed Amine Ben Amor, Ghailen Chaalali, Ahmed Khalil, Seifeddine Khaoui, Fakhreddine Ben Youssef, Bassem Srarfi, Jassem Hamdouni, Firas Belarbi, Naim Sliti, Taha Yassine Khenissi, Firas Chawat.<\/em><\/p>\n<p style=\"text-align: right;\"><strong>H. M.<\/strong><\/p>\n<blockquote class=\"wp-embedded-content\" data-secret=\"QWDRlp3kfs\"><p><a href=\"https:\/\/kapitalis.com\/tunisie\/2018\/10\/03\/can-209-equipe-de-tunisie-trois-surprises-et-des-retours\/\">CAN 2019 &#8211; Equipe de Tunisie : Trois surprises et des retours<\/a><\/p><\/blockquote>\n<p><iframe loading=\"lazy\" class=\"wp-embedded-content\" sandbox=\"allow-scripts\" security=\"restricted\" style=\"position: absolute; clip: rect(1px, 1px, 1px, 1px);\" title=\"\u00ab\u00a0CAN 2019 &#8211; Equipe de Tunisie : Trois surprises et des retours\u00a0\u00bb &#8212; Kapitalis\" src=\"https:\/\/kapitalis.com\/tunisie\/2018\/10\/03\/can-209-equipe-de-tunisie-trois-surprises-et-des-retours\/embed\/#?secret=WEu3FvluHm#?secret=QWDRlp3kfs\" data-secret=\"QWDRlp3kfs\" width=\"600\" height=\"338\" frameborder=\"0\" marginwidth=\"0\" marginheight=\"0\" scrolling=\"no\"><\/iframe><\/p>\n<blockquote class=\"wp-embedded-content\" data-secret=\"ZswiEz9yBg\"><p><a href=\"https:\/\/kapitalis.com\/tunisie\/2018\/10\/01\/football-equipe-de-tunisie-des-absents-des-nouveaux-et-des-retours\/\">Football-Equipe de Tunisie : Des absents, des nouveaux et des retours<\/a><\/p><\/blockquote>\n<p><iframe loading=\"lazy\" class=\"wp-embedded-content\" sandbox=\"allow-scripts\" security=\"restricted\" style=\"position: absolute; clip: rect(1px, 1px, 1px, 1px);\" title=\"\u00ab\u00a0Football-Equipe de Tunisie : Des absents, des nouveaux et des retours\u00a0\u00bb &#8212; Kapitalis\" src=\"https:\/\/kapitalis.com\/tunisie\/2018\/10\/01\/football-equipe-de-tunisie-des-absents-des-nouveaux-et-des-retours\/embed\/#?secret=Yb7jF3x6j7#?secret=ZswiEz9yBg\" data-secret=\"ZswiEz9yBg\" width=\"600\" height=\"338\" frameborder=\"0\" marginwidth=\"0\" marginheight=\"0\" scrolling=\"no\"><\/iframe><\/p>\n","protected":false},"excerpt":{"rendered":"<p>Firas Belarbi\/Jassem Hamdouni. Le s\u00e9lectionneur de l\u2019\u00e9quipe de Tunisie, Faouzi Benzarti, a convoqu\u00e9 les milieux de terrain de l\u2019Etoile sportive du Sahel, Firas Belarbi, et du Club sportif sfaxien (CSS), Jassem Hamdouni.<\/p>\n","protected":false},"author":8,"featured_media":177505,"comment_status":"open","ping_status":"open","sticky":false,"template":"","format":"standard","meta":{"footnotes":""},"categories":[999,2433],"tags":[32426,33965,1852,39336,49831,50098,13245,10699],"class_list":["post-177504","post","type-post","status-publish","format-standard","has-post-thumbnail","hentry","category-sport","category-tunisie","tag-coupe-dafrique-des-nations-2019","tag-equipe-de-tunisie","tag-faouzi-benzarti","tag-firas-belarbi","tag-issam-jebali","tag-jassem-hamdouni","tag-niger","tag-wahbi-khazri"],"yoast_head":"<!-- This site is optimized with the Yoast SEO plugin v26.6 - https:\/\/yoast.com\/wordpress\/plugins\/seo\/ -->\n<title>Equipe de Tunisie : Belarbi et Hamdouni remplacent Khazri et Jebali - Kapitalis<\/title>\n<meta name=\"robots\" content=\"index, follow, max-snippet:-1, max-image-preview:large, max-video-preview:-1\" \/>\n<link rel=\"canonical\" href=\"https:\/\/kapitalis.com\/tunisie\/2018\/10\/08\/equipe-de-tunisie-belarbi-et-hamdouni-remplacent-khazri-et-jebali\/\" \/>\n<meta property=\"og:locale\" content=\"fr_FR\" \/>\n<meta property=\"og:type\" content=\"article\" \/>\n<meta property=\"og:title\" content=\"Equipe de Tunisie : Belarbi et Hamdouni remplacent Khazri et Jebali - Kapitalis\" \/>\n<meta property=\"og:description\" content=\"Firas Belarbi\/Jassem Hamdouni. Le s\u00e9lectionneur de l\u2019\u00e9quipe de Tunisie, Faouzi Benzarti, a convoqu\u00e9 les milieux de terrain de l\u2019Etoile sportive du Sahel, Firas Belarbi, et du Club sportif sfaxien (CSS), Jassem Hamdouni.\" \/>\n<meta property=\"og:url\" content=\"https:\/\/kapitalis.com\/tunisie\/2018\/10\/08\/equipe-de-tunisie-belarbi-et-hamdouni-remplacent-khazri-et-jebali\/\" \/>\n<meta property=\"og:site_name\" content=\"Kapitalis\" \/>\n<meta property=\"article:publisher\" content=\"https:\/\/www.facebook.com\/KapitalisInfo\/\" \/>\n<meta property=\"article:published_time\" content=\"2018-10-08T17:19:22+00:00\" \/>\n<meta property=\"article:modified_time\" content=\"2018-10-08T17:20:47+00:00\" \/>\n<meta property=\"og:image\" content=\"https:\/\/kapitalis.com\/tunisie\/wp-content\/uploads\/2022\/05\/kapitalis-logo-fb.png\" \/>\n\t<meta property=\"og:image:width\" content=\"1200\" \/>\n\t<meta property=\"og:image:height\" content=\"630\" \/>\n\t<meta property=\"og:image:type\" content=\"image\/png\" \/>\n<meta name=\"author\" content=\"webmaster kapitalis\" \/>\n<meta name=\"twitter:card\" content=\"summary_large_image\" \/>\n<meta name=\"twitter:creator\" content=\"@KapitalisInfo\" \/>\n<meta name=\"twitter:site\" content=\"@KapitalisInfo\" \/>\n<meta name=\"twitter:label1\" content=\"\u00c9crit par\" \/>\n\t<meta name=\"twitter:data1\" content=\"webmaster kapitalis\" \/>\n\t<meta name=\"twitter:label2\" content=\"Dur\u00e9e de lecture estim\u00e9e\" \/>\n\t<meta name=\"twitter:data2\" content=\"1 minute\" \/>\n<script type=\"application\/ld+json\" class=\"yoast-schema-graph\">{\"@context\":\"https:\/\/schema.org\",\"@graph\":[{\"@type\":\"Article\",\"@id\":\"https:\/\/kapitalis.com\/tunisie\/2018\/10\/08\/equipe-de-tunisie-belarbi-et-hamdouni-remplacent-khazri-et-jebali\/#article\",\"isPartOf\":{\"@id\":\"https:\/\/kapitalis.com\/tunisie\/2018\/10\/08\/equipe-de-tunisie-belarbi-et-hamdouni-remplacent-khazri-et-jebali\/\"},\"author\":{\"name\":\"webmaster kapitalis\",\"@id\":\"https:\/\/kapitalis.com\/tunisie\/#\/schema\/person\/d71f33a9ca44f7bad4698210b480c8e9\"},\"headline\":\"Equipe de Tunisie : Belarbi et Hamdouni remplacent Khazri et Jebali\",\"datePublished\":\"2018-10-08T17:19:22+00:00\",\"dateModified\":\"2018-10-08T17:20:47+00:00\",\"mainEntityOfPage\":{\"@id\":\"https:\/\/kapitalis.com\/tunisie\/2018\/10\/08\/equipe-de-tunisie-belarbi-et-hamdouni-remplacent-khazri-et-jebali\/\"},\"wordCount\":179,\"commentCount\":0,\"publisher\":{\"@id\":\"https:\/\/kapitalis.com\/tunisie\/#organization\"},\"image\":{\"@id\":\"https:\/\/kapitalis.com\/tunisie\/2018\/10\/08\/equipe-de-tunisie-belarbi-et-hamdouni-remplacent-khazri-et-jebali\/#primaryimage\"},\"thumbnailUrl\":\"\",\"keywords\":[\"Coupe d\u2019Afrique des nations 2019\",\"\u00e9quipe de Tunisie\",\"Faouzi Benzarti\",\"Firas Belarbi\",\"Issam Jebali\",\"Jassem Hamdouni\",\"Niger\",\"Wahbi Khazri\"],\"articleSection\":[\"SPORT\",\"Tunisie\"],\"inLanguage\":\"fr-FR\",\"potentialAction\":[{\"@type\":\"CommentAction\",\"name\":\"Comment\",\"target\":[\"https:\/\/kapitalis.com\/tunisie\/2018\/10\/08\/equipe-de-tunisie-belarbi-et-hamdouni-remplacent-khazri-et-jebali\/#respond\"]}]},{\"@type\":\"WebPage\",\"@id\":\"https:\/\/kapitalis.com\/tunisie\/2018\/10\/08\/equipe-de-tunisie-belarbi-et-hamdouni-remplacent-khazri-et-jebali\/\",\"url\":\"https:\/\/kapitalis.com\/tunisie\/2018\/10\/08\/equipe-de-tunisie-belarbi-et-hamdouni-remplacent-khazri-et-jebali\/\",\"name\":\"Equipe de Tunisie : Belarbi et Hamdouni remplacent Khazri et Jebali - Kapitalis\",\"isPartOf\":{\"@id\":\"https:\/\/kapitalis.com\/tunisie\/#website\"},\"primaryImageOfPage\":{\"@id\":\"https:\/\/kapitalis.com\/tunisie\/2018\/10\/08\/equipe-de-tunisie-belarbi-et-hamdouni-remplacent-khazri-et-jebali\/#primaryimage\"},\"image\":{\"@id\":\"https:\/\/kapitalis.com\/tunisie\/2018\/10\/08\/equipe-de-tunisie-belarbi-et-hamdouni-remplacent-khazri-et-jebali\/#primaryimage\"},\"thumbnailUrl\":\"\",\"datePublished\":\"2018-10-08T17:19:22+00:00\",\"dateModified\":\"2018-10-08T17:20:47+00:00\",\"breadcrumb\":{\"@id\":\"https:\/\/kapitalis.com\/tunisie\/2018\/10\/08\/equipe-de-tunisie-belarbi-et-hamdouni-remplacent-khazri-et-jebali\/#breadcrumb\"},\"inLanguage\":\"fr-FR\",\"potentialAction\":[{\"@type\":\"ReadAction\",\"target\":[\"https:\/\/kapitalis.com\/tunisie\/2018\/10\/08\/equipe-de-tunisie-belarbi-et-hamdouni-remplacent-khazri-et-jebali\/\"]}]},{\"@type\":\"ImageObject\",\"inLanguage\":\"fr-FR\",\"@id\":\"https:\/\/kapitalis.com\/tunisie\/2018\/10\/08\/equipe-de-tunisie-belarbi-et-hamdouni-remplacent-khazri-et-jebali\/#primaryimage\",\"url\":\"\",\"contentUrl\":\"\"},{\"@type\":\"BreadcrumbList\",\"@id\":\"https:\/\/kapitalis.com\/tunisie\/2018\/10\/08\/equipe-de-tunisie-belarbi-et-hamdouni-remplacent-khazri-et-jebali\/#breadcrumb\",\"itemListElement\":[{\"@type\":\"ListItem\",\"position\":1,\"name\":\"Accueil\",\"item\":\"https:\/\/kapitalis.com\/tunisie\/\"},{\"@type\":\"ListItem\",\"position\":2,\"name\":\"Equipe de Tunisie : Belarbi et Hamdouni remplacent Khazri et Jebali\"}]},{\"@type\":\"WebSite\",\"@id\":\"https:\/\/kapitalis.com\/tunisie\/#website\",\"url\":\"https:\/\/kapitalis.com\/tunisie\/\",\"name\":\"Kapitalis\",\"description\":\"L&#039;actualit\u00e9 en Tunisie et dans le monde\",\"publisher\":{\"@id\":\"https:\/\/kapitalis.com\/tunisie\/#organization\"},\"potentialAction\":[{\"@type\":\"SearchAction\",\"target\":{\"@type\":\"EntryPoint\",\"urlTemplate\":\"https:\/\/kapitalis.com\/tunisie\/?s={search_term_string}\"},\"query-input\":{\"@type\":\"PropertyValueSpecification\",\"valueRequired\":true,\"valueName\":\"search_term_string\"}}],\"inLanguage\":\"fr-FR\"},{\"@type\":\"Organization\",\"@id\":\"https:\/\/kapitalis.com\/tunisie\/#organization\",\"name\":\"Kapitalis\",\"url\":\"https:\/\/kapitalis.com\/tunisie\/\",\"logo\":{\"@type\":\"ImageObject\",\"inLanguage\":\"fr-FR\",\"@id\":\"https:\/\/kapitalis.com\/tunisie\/#\/schema\/logo\/image\/\",\"url\":\"https:\/\/kapitalis.com\/tunisie\/wp-content\/uploads\/2022\/05\/Kapitalis-big-size.png\",\"contentUrl\":\"https:\/\/kapitalis.com\/tunisie\/wp-content\/uploads\/2022\/05\/Kapitalis-big-size.png\",\"width\":5000,\"height\":1500,\"caption\":\"Kapitalis\"},\"image\":{\"@id\":\"https:\/\/kapitalis.com\/tunisie\/#\/schema\/logo\/image\/\"},\"sameAs\":[\"https:\/\/www.facebook.com\/KapitalisInfo\/\",\"https:\/\/x.com\/KapitalisInfo\",\"https:\/\/www.youtube.com\/channel\/UC-yDYrHyfFBWWZaOw3FPg9Q\"]},{\"@type\":\"Person\",\"@id\":\"https:\/\/kapitalis.com\/tunisie\/#\/schema\/person\/d71f33a9ca44f7bad4698210b480c8e9\",\"name\":\"webmaster kapitalis\",\"url\":\"https:\/\/kapitalis.com\/tunisie\/author\/webmaster-kapitalis\/\"}]}<\/script>\n<!-- \/ Yoast SEO plugin. -->","yoast_head_json":{"title":"Equipe de Tunisie : Belarbi et Hamdouni remplacent Khazri et Jebali - Kapitalis","robots":{"index":"index","follow":"follow","max-snippet":"max-snippet:-1","max-image-preview":"max-image-preview:large","max-video-preview":"max-video-preview:-1"},"canonical":"https:\/\/kapitalis.com\/tunisie\/2018\/10\/08\/equipe-de-tunisie-belarbi-et-hamdouni-remplacent-khazri-et-jebali\/","og_locale":"fr_FR","og_type":"article","og_title":"Equipe de Tunisie : Belarbi et Hamdouni remplacent Khazri et Jebali - Kapitalis","og_description":"Firas Belarbi\/Jassem Hamdouni. Le s\u00e9lectionneur de l\u2019\u00e9quipe de Tunisie, Faouzi Benzarti, a convoqu\u00e9 les milieux de terrain de l\u2019Etoile sportive du Sahel, Firas Belarbi, et du Club sportif sfaxien (CSS), Jassem Hamdouni.","og_url":"https:\/\/kapitalis.com\/tunisie\/2018\/10\/08\/equipe-de-tunisie-belarbi-et-hamdouni-remplacent-khazri-et-jebali\/","og_site_name":"Kapitalis","article_publisher":"https:\/\/www.facebook.com\/KapitalisInfo\/","article_published_time":"2018-10-08T17:19:22+00:00","article_modified_time":"2018-10-08T17:20:47+00:00","og_image":[{"width":1200,"height":630,"url":"https:\/\/kapitalis.com\/tunisie\/wp-content\/uploads\/2022\/05\/kapitalis-logo-fb.png","type":"image\/png"}],"author":"webmaster kapitalis","twitter_card":"summary_large_image","twitter_creator":"@KapitalisInfo","twitter_site":"@KapitalisInfo","twitter_misc":{"\u00c9crit par":"webmaster kapitalis","Dur\u00e9e de lecture estim\u00e9e":"1 minute"},"schema":{"@context":"https:\/\/schema.org","@graph":[{"@type":"Article","@id":"https:\/\/kapitalis.com\/tunisie\/2018\/10\/08\/equipe-de-tunisie-belarbi-et-hamdouni-remplacent-khazri-et-jebali\/#article","isPartOf":{"@id":"https:\/\/kapitalis.com\/tunisie\/2018\/10\/08\/equipe-de-tunisie-belarbi-et-hamdouni-remplacent-khazri-et-jebali\/"},"author":{"name":"webmaster kapitalis","@id":"https:\/\/kapitalis.com\/tunisie\/#\/schema\/person\/d71f33a9ca44f7bad4698210b480c8e9"},"headline":"Equipe de Tunisie : Belarbi et Hamdouni remplacent Khazri et Jebali","datePublished":"2018-10-08T17:19:22+00:00","dateModified":"2018-10-08T17:20:47+00:00","mainEntityOfPage":{"@id":"https:\/\/kapitalis.com\/tunisie\/2018\/10\/08\/equipe-de-tunisie-belarbi-et-hamdouni-remplacent-khazri-et-jebali\/"},"wordCount":179,"commentCount":0,"publisher":{"@id":"https:\/\/kapitalis.com\/tunisie\/#organization"},"image":{"@id":"https:\/\/kapitalis.com\/tunisie\/2018\/10\/08\/equipe-de-tunisie-belarbi-et-hamdouni-remplacent-khazri-et-jebali\/#primaryimage"},"thumbnailUrl":"","keywords":["Coupe d\u2019Afrique des nations 2019","\u00e9quipe de Tunisie","Faouzi Benzarti","Firas Belarbi","Issam Jebali","Jassem Hamdouni","Niger","Wahbi Khazri"],"articleSection":["SPORT","Tunisie"],"inLanguage":"fr-FR","potentialAction":[{"@type":"CommentAction","name":"Comment","target":["https:\/\/kapitalis.com\/tunisie\/2018\/10\/08\/equipe-de-tunisie-belarbi-et-hamdouni-remplacent-khazri-et-jebali\/#respond"]}]},{"@type":"WebPage","@id":"https:\/\/kapitalis.com\/tunisie\/2018\/10\/08\/equipe-de-tunisie-belarbi-et-hamdouni-remplacent-khazri-et-jebali\/","url":"https:\/\/kapitalis.com\/tunisie\/2018\/10\/08\/equipe-de-tunisie-belarbi-et-hamdouni-remplacent-khazri-et-jebali\/","name":"Equipe de Tunisie : Belarbi et Hamdouni remplacent Khazri et Jebali - Kapitalis","isPartOf":{"@id":"https:\/\/kapitalis.com\/tunisie\/#website"},"primaryImageOfPage":{"@id":"https:\/\/kapitalis.com\/tunisie\/2018\/10\/08\/equipe-de-tunisie-belarbi-et-hamdouni-remplacent-khazri-et-jebali\/#primaryimage"},"image":{"@id":"https:\/\/kapitalis.com\/tunisie\/2018\/10\/08\/equipe-de-tunisie-belarbi-et-hamdouni-remplacent-khazri-et-jebali\/#primaryimage"},"thumbnailUrl":"","datePublished":"2018-10-08T17:19:22+00:00","dateModified":"2018-10-08T17:20:47+00:00","breadcrumb":{"@id":"https:\/\/kapitalis.com\/tunisie\/2018\/10\/08\/equipe-de-tunisie-belarbi-et-hamdouni-remplacent-khazri-et-jebali\/#breadcrumb"},"inLanguage":"fr-FR","potentialAction":[{"@type":"ReadAction","target":["https:\/\/kapitalis.com\/tunisie\/2018\/10\/08\/equipe-de-tunisie-belarbi-et-hamdouni-remplacent-khazri-et-jebali\/"]}]},{"@type":"ImageObject","inLanguage":"fr-FR","@id":"https:\/\/kapitalis.com\/tunisie\/2018\/10\/08\/equipe-de-tunisie-belarbi-et-hamdouni-remplacent-khazri-et-jebali\/#primaryimage","url":"","contentUrl":""},{"@type":"BreadcrumbList","@id":"https:\/\/kapitalis.com\/tunisie\/2018\/10\/08\/equipe-de-tunisie-belarbi-et-hamdouni-remplacent-khazri-et-jebali\/#breadcrumb","itemListElement":[{"@type":"ListItem","position":1,"name":"Accueil","item":"https:\/\/kapitalis.com\/tunisie\/"},{"@type":"ListItem","position":2,"name":"Equipe de Tunisie : Belarbi et Hamdouni remplacent Khazri et Jebali"}]},{"@type":"WebSite","@id":"https:\/\/kapitalis.com\/tunisie\/#website","url":"https:\/\/kapitalis.com\/tunisie\/","name":"Kapitalis","description":"L&#039;actualit\u00e9 en Tunisie et dans le monde","publisher":{"@id":"https:\/\/kapitalis.com\/tunisie\/#organization"},"potentialAction":[{"@type":"SearchAction","target":{"@type":"EntryPoint","urlTemplate":"https:\/\/kapitalis.com\/tunisie\/?s={search_term_string}"},"query-input":{"@type":"PropertyValueSpecification","valueRequired":true,"valueName":"search_term_string"}}],"inLanguage":"fr-FR"},{"@type":"Organization","@id":"https:\/\/kapitalis.com\/tunisie\/#organization","name":"Kapitalis","url":"https:\/\/kapitalis.com\/tunisie\/","logo":{"@type":"ImageObject","inLanguage":"fr-FR","@id":"https:\/\/kapitalis.com\/tunisie\/#\/schema\/logo\/image\/","url":"https:\/\/kapitalis.com\/tunisie\/wp-content\/uploads\/2022\/05\/Kapitalis-big-size.png","contentUrl":"https:\/\/kapitalis.com\/tunisie\/wp-content\/uploads\/2022\/05\/Kapitalis-big-size.png","width":5000,"height":1500,"caption":"Kapitalis"},"image":{"@id":"https:\/\/kapitalis.com\/tunisie\/#\/schema\/logo\/image\/"},"sameAs":["https:\/\/www.facebook.com\/KapitalisInfo\/","https:\/\/x.com\/KapitalisInfo","https:\/\/www.youtube.com\/channel\/UC-yDYrHyfFBWWZaOw3FPg9Q"]},{"@type":"Person","@id":"https:\/\/kapitalis.com\/tunisie\/#\/schema\/person\/d71f33a9ca44f7bad4698210b480c8e9","name":"webmaster kapitalis","url":"https:\/\/kapitalis.com\/tunisie\/author\/webmaster-kapitalis\/"}]}},"_links":{"self":[{"href":"https:\/\/kapitalis.com\/tunisie\/wp-json\/wp\/v2\/posts\/177504","targetHints":{"allow":["GET"]}}],"collection":[{"href":"https:\/\/kapitalis.com\/tunisie\/wp-json\/wp\/v2\/posts"}],"about":[{"href":"https:\/\/kapitalis.com\/tunisie\/wp-json\/wp\/v2\/types\/post"}],"author":[{"embeddable":true,"href":"https:\/\/kapitalis.com\/tunisie\/wp-json\/wp\/v2\/users\/8"}],"replies":[{"embeddable":true,"href":"https:\/\/kapitalis.com\/tunisie\/wp-json\/wp\/v2\/comments?post=177504"}],"version-history":[{"count":0,"href":"https:\/\/kapitalis.com\/tunisie\/wp-json\/wp\/v2\/posts\/177504\/revisions"}],"wp:featuredmedia":[{"embeddable":true,"href":"https:\/\/kapitalis.com\/tunisie\/wp-json\/wp\/v2\/media\/177505"}],"wp:attachment":[{"href":"https:\/\/kapitalis.com\/tunisie\/wp-json\/wp\/v2\/media?parent=177504"}],"wp:term":[{"taxonomy":"category","embeddable":true,"href":"https:\/\/kapitalis.com\/tunisie\/wp-json\/wp\/v2\/categories?post=177504"},{"taxonomy":"post_tag","embeddable":true,"href":"https:\/\/kapitalis.com\/tunisie\/wp-json\/wp\/v2\/tags?post=177504"}],"curies":[{"name":"wp","href":"https:\/\/api.w.org\/{rel}","templated":true}]}}