{"id":177509,"date":"2018-10-08T19:11:54","date_gmt":"2018-10-08T18:11:54","guid":{"rendered":"http:\/\/kapitalis.com\/tunisie\/?p=177509"},"modified":"2018-10-08T19:16:05","modified_gmt":"2018-10-08T18:16:05","slug":"hommage-a-mohamed-ben-ismail-une-vie-marquee-du-sceau-de-lamitie","status":"publish","type":"post","link":"https:\/\/kapitalis.com\/tunisie\/2018\/10\/08\/hommage-a-mohamed-ben-ismail-une-vie-marquee-du-sceau-de-lamitie\/","title":{"rendered":"Hommage \u00e0 Mohamed Ben Ismail : Une vie marqu\u00e9e du sceau de l\u2019amiti\u00e9"},"content":{"rendered":"<p style=\"text-align: center;\"><img loading=\"lazy\" decoding=\"async\" class=\"alignnone size-full wp-image-177510\" src=\"http:\/\/kapitalis.com\/tunisie\/wp-content\/uploads\/2018\/10\/Hommage-Mohamed-BenSmail-Ban.jpg\" alt=\"\" width=\"626\" height=\"380\" \/><\/p>\n<p style=\"text-align: center;\"><em>De g. \u00e0 d. et de h. en b.:\u00a0Moncef Barouni, Afif Ben Yedder, Aziz Zouhir et Sami Menif.<\/em><\/p>\n<p><em><strong>Une c\u00e9r\u00e9monie d\u2019hommage au journaliste et \u00e9diteur, feu Mohamed Ben Ismail, a \u00e9t\u00e9 organis\u00e9e, samedi 6 octobre 2018, \u00e0 la salle Omar Khlifi, \u00e0 la Cit\u00e9 de la culture, \u00e0 Tunis, qui a permis \u00e0 ses nombreux amis de lui exprimer leur reconnaissance et leur gratitude.<\/strong> <\/em><\/p>\n<p><!--more--><\/p>\n<p>La c\u00e9r\u00e9monie \u00e9tait anim\u00e9e par Youssef Ben Ismail, le petit-fils du d\u00e9funt, en pr\u00e9sence des membres de sa famille, notamment ses fils Rachid et Karim, qui poursuivent l\u2019\u0153uvre paternelle dans ses deux principales activit\u00e9s, l\u2019\u00e9dition et l\u2019h\u00f4tellerie, mais aussi ses amis parmi les journalistes, cin\u00e9astes, sportifs, entrepreneurs et politiciens, dont l\u2019ancien pr\u00e9sident par int\u00e9rim Foued Mebazaa, l\u2019ancien Premier ministre Hamed Karoui, l\u2019ancien pr\u00e9sident de l\u2019Assembl\u00e9e constituante Mustapha Ben Jaafar, les anciens pr\u00e9sidents de l\u2019Esp\u00e9rance sportive de Tunis Aziz Zouhir et Hamdi El Meddeb, la productrice de cin\u00e9ma, Dora Bouchoucha, le constituant et actuel maire de l\u2019Ariana, Fadhel Moussa, et beaucoup d\u2019autres personnalit\u00e9s.<\/p>\n<p style=\"text-align: center;\"><img loading=\"lazy\" decoding=\"async\" class=\"alignnone wp-image-177512\" src=\"http:\/\/kapitalis.com\/tunisie\/wp-content\/uploads\/2018\/10\/Youssef-Ben-Ismail.jpg\" alt=\"\" width=\"500\" height=\"304\" \/><\/p>\n<p style=\"text-align: center;\"><em>Youssef Ben Smail.<\/em><\/p>\n<p>Dans son intervention en hommage \u00e0 son grand-p\u00e8re, Youssef Ben Ismail a fait savoir que Mohamed Ben Ismail lui a inculqu\u00e9 l\u2019amour du pays et les nobles valeurs humaines au cours de leurs rencontres de petit-d\u00e9jeuner, tout en rappelant que le disparu fut journaliste, \u00e9crivain, premier responsable du tourisme en Tunisie, directeur g\u00e9n\u00e9ral de la Radio T\u00e9l\u00e9vision Tunisienne, pr\u00e9sident de l\u2019Esp\u00e9rance sportive de Tunis et pr\u00e9sident fondateur de l\u2019association Djerba M\u00e9moire, entre autres.<\/p>\n<p style=\"text-align: center;\"><img loading=\"lazy\" decoding=\"async\" class=\"alignnone wp-image-177514\" src=\"http:\/\/kapitalis.com\/tunisie\/wp-content\/uploads\/2018\/10\/Foued-Mebaza-Mustapha-Ben-Jaafar.jpg\" alt=\"\" width=\"500\" height=\"304\" \/><\/p>\n<p style=\"text-align: center;\"><em>Foued Mebaza et Mustapha Ben Jaafar.<\/em><\/p>\n<p>Pour sa part, le journaliste Afif Ben Yedder (fondateur et pr\u00e9sident de IC Publications) a \u00e9voqu\u00e9 la personnalit\u00e9 hors pair de Mohamed Ben Ismail qui avait une grande capacit\u00e9 \u00e0 d\u00e9passer les obstacles gr\u00e2ce \u00e0 son esprit toujours positif, rappelant \u00e0 cette occasion qu\u2019ils ont tous les deux particip\u00e9 \u00e0 l\u2019aventure du magazine Jeune Afrique, aux c\u00f4t\u00e9s de B\u00e9chir Ben Yahmed, qu\u2019on aurait aim\u00e9 voir parmi les pr\u00e9sents.<\/p>\n<p style=\"text-align: center;\"><img loading=\"lazy\" decoding=\"async\" class=\"alignnone wp-image-177515\" src=\"http:\/\/kapitalis.com\/tunisie\/wp-content\/uploads\/2018\/10\/Abbes-Mohsen-Mohamed-Aziz-Ben-Achour-et-Mounir-Ben-Miled.jpg\" alt=\"\" width=\"500\" height=\"304\" \/><\/p>\n<p style=\"text-align: center;\"><em>Abbes Mohsen, Mohamed Aziz Ben Achour et Mounir Ben Miled.<\/em><\/p>\n<p>Au cours de cette c\u00e9r\u00e9monie d\u2019hommage, le banquier et financier Moncef Barouni a \u00e9voqu\u00e9 l\u2019attachement du d\u00e9funt \u00e0 son \u00eele natale, Djerba, et ses nombreuses initiatives visant \u00e0 pr\u00e9server son patrimoine, l\u2019ancien directeur g\u00e9n\u00e9ral de l\u2019ONTT, Mounir Ben Miled, a longuement parl\u00e9 de son apport au d\u00e9but du tourisme tunisien dont il a jet\u00e9 les bases en termes organisationnels (formation des h\u00f4teliers, construction des premiers palaces, attraction des premiers investisseurs \u00e9trangers dans le secteur, etc.).<\/p>\n<p style=\"text-align: center;\"><img loading=\"lazy\" decoding=\"async\" class=\"alignnone wp-image-177516\" src=\"http:\/\/kapitalis.com\/tunisie\/wp-content\/uploads\/2018\/10\/Hommage-Mohamed-Ben-Smail-3.jpg\" alt=\"\" width=\"500\" height=\"304\" \/><\/p>\n<p>Enfin, Sami Menif, qui \u00e9tait l\u2019un des plus proches collaborateurs de Feu Ben Sma\u00efl \u00e0 C\u00e9r\u00e8s Edition, a r\u00e9cit\u00e9 quelques po\u00e8mes \u00e9crits par le disparu, suivi de la projection d\u2019un documentaire sur sa vie familiale, son parcours politique et professionnel, sa personnalit\u00e9 et ses amiti\u00e9s, souvent durables et marqu\u00e9es du sceau de la fid\u00e9lit\u00e9.<\/p>\n<p style=\"text-align: right;\"><strong>I. B.<\/strong><\/p>\n<blockquote class=\"wp-embedded-content\" data-secret=\"oAvGoZSOPJ\"><p><a href=\"https:\/\/kapitalis.com\/tunisie\/2018\/10\/07\/in-memoriam-mohamed-ben-smail-cet-illustre-tunisien\/\">In memoriam : Mohamed Ben Sma\u00efl, cet illustre Tunisien\u2026<\/a><\/p><\/blockquote>\n<p><iframe loading=\"lazy\" class=\"wp-embedded-content\" sandbox=\"allow-scripts\" security=\"restricted\" style=\"position: absolute; clip: rect(1px, 1px, 1px, 1px);\" title=\"\u00ab\u00a0In memoriam : Mohamed Ben Sma\u00efl, cet illustre Tunisien\u2026\u00a0\u00bb &#8212; Kapitalis\" src=\"https:\/\/kapitalis.com\/tunisie\/2018\/10\/07\/in-memoriam-mohamed-ben-smail-cet-illustre-tunisien\/embed\/#?secret=oycEo3GmA4#?secret=oAvGoZSOPJ\" data-secret=\"oAvGoZSOPJ\" width=\"600\" height=\"338\" frameborder=\"0\" marginwidth=\"0\" marginheight=\"0\" scrolling=\"no\"><\/iframe><\/p>\n<blockquote class=\"wp-embedded-content\" data-secret=\"PA9C9ZQ0rv\"><p><a href=\"https:\/\/kapitalis.com\/tunisie\/2018\/07\/06\/in-memoriam-mohamed-ben-smail-nous-quitte-vive-ceres-editions\/\">In memoriam : Mohamed Ben Smail nous quitte, vive C\u00e9r\u00e8s Editions !<\/a><\/p><\/blockquote>\n<p><iframe loading=\"lazy\" class=\"wp-embedded-content\" sandbox=\"allow-scripts\" security=\"restricted\" style=\"position: absolute; clip: rect(1px, 1px, 1px, 1px);\" title=\"\u00ab\u00a0In memoriam : Mohamed Ben Smail nous quitte, vive C\u00e9r\u00e8s Editions !\u00a0\u00bb &#8212; Kapitalis\" src=\"https:\/\/kapitalis.com\/tunisie\/2018\/07\/06\/in-memoriam-mohamed-ben-smail-nous-quitte-vive-ceres-editions\/embed\/#?secret=N3u67UDQjY#?secret=PA9C9ZQ0rv\" data-secret=\"PA9C9ZQ0rv\" width=\"600\" height=\"338\" frameborder=\"0\" marginwidth=\"0\" marginheight=\"0\" scrolling=\"no\"><\/iframe><\/p>\n","protected":false},"excerpt":{"rendered":"<p>De g. \u00e0 d. et de h. en b.:\u00a0Moncef Barouni, Afif Ben Yedder, Aziz Zouhir et Sami Menif. Une c\u00e9r\u00e9monie d\u2019hommage au journaliste et \u00e9diteur, feu Mohamed Ben Ismail, a \u00e9t\u00e9 organis\u00e9e, samedi 6 octobre 2018, \u00e0 la salle Omar Khlifi, \u00e0 la Cit\u00e9 de la culture, \u00e0 Tunis, qui a permis \u00e0 ses nombreux&#8230;<\/p>\n","protected":false},"author":8,"featured_media":177510,"comment_status":"open","ping_status":"open","sticky":false,"template":"","format":"standard","meta":{"footnotes":""},"categories":[994,2433],"tags":[5637,14720,15145],"class_list":["post-177509","post","type-post","status-publish","format-standard","has-post-thumbnail","hentry","category-culture","category-tunisie","tag-afif-ben-yedder","tag-dora-bouchoucha","tag-hamed-karoui"],"yoast_head":"<!-- This site is optimized with the Yoast SEO plugin v26.6 - https:\/\/yoast.com\/wordpress\/plugins\/seo\/ -->\n<title>Hommage \u00e0 Mohamed Ben Ismail : Une vie marqu\u00e9e du sceau de l\u2019amiti\u00e9 - Kapitalis<\/title>\n<meta name=\"robots\" content=\"index, follow, max-snippet:-1, max-image-preview:large, max-video-preview:-1\" \/>\n<link rel=\"canonical\" href=\"https:\/\/kapitalis.com\/tunisie\/2018\/10\/08\/hommage-a-mohamed-ben-ismail-une-vie-marquee-du-sceau-de-lamitie\/\" \/>\n<meta property=\"og:locale\" content=\"fr_FR\" \/>\n<meta property=\"og:type\" content=\"article\" \/>\n<meta property=\"og:title\" content=\"Hommage \u00e0 Mohamed Ben Ismail : Une vie marqu\u00e9e du sceau de l\u2019amiti\u00e9 - Kapitalis\" \/>\n<meta property=\"og:description\" content=\"De g. \u00e0 d. et de h. en b.:\u00a0Moncef Barouni, Afif Ben Yedder, Aziz Zouhir et Sami Menif. Une c\u00e9r\u00e9monie d\u2019hommage au journaliste et \u00e9diteur, feu Mohamed Ben Ismail, a \u00e9t\u00e9 organis\u00e9e, samedi 6 octobre 2018, \u00e0 la salle Omar Khlifi, \u00e0 la Cit\u00e9 de la culture, \u00e0 Tunis, qui a permis \u00e0 ses nombreux...\" \/>\n<meta property=\"og:url\" content=\"https:\/\/kapitalis.com\/tunisie\/2018\/10\/08\/hommage-a-mohamed-ben-ismail-une-vie-marquee-du-sceau-de-lamitie\/\" \/>\n<meta property=\"og:site_name\" content=\"Kapitalis\" \/>\n<meta property=\"article:publisher\" content=\"https:\/\/www.facebook.com\/KapitalisInfo\/\" \/>\n<meta property=\"article:published_time\" content=\"2018-10-08T18:11:54+00:00\" \/>\n<meta property=\"article:modified_time\" content=\"2018-10-08T18:16:05+00:00\" \/>\n<meta property=\"og:image\" content=\"https:\/\/kapitalis.com\/tunisie\/wp-content\/uploads\/2022\/05\/kapitalis-logo-fb.png\" \/>\n\t<meta property=\"og:image:width\" content=\"1200\" \/>\n\t<meta property=\"og:image:height\" content=\"630\" \/>\n\t<meta property=\"og:image:type\" content=\"image\/png\" \/>\n<meta name=\"author\" content=\"webmaster kapitalis\" \/>\n<meta name=\"twitter:card\" content=\"summary_large_image\" \/>\n<meta name=\"twitter:creator\" content=\"@KapitalisInfo\" \/>\n<meta name=\"twitter:site\" content=\"@KapitalisInfo\" \/>\n<meta name=\"twitter:label1\" content=\"\u00c9crit par\" \/>\n\t<meta name=\"twitter:data1\" content=\"webmaster kapitalis\" \/>\n\t<meta name=\"twitter:label2\" content=\"Dur\u00e9e de lecture estim\u00e9e\" \/>\n\t<meta name=\"twitter:data2\" content=\"3 minutes\" \/>\n<script type=\"application\/ld+json\" class=\"yoast-schema-graph\">{\"@context\":\"https:\/\/schema.org\",\"@graph\":[{\"@type\":\"Article\",\"@id\":\"https:\/\/kapitalis.com\/tunisie\/2018\/10\/08\/hommage-a-mohamed-ben-ismail-une-vie-marquee-du-sceau-de-lamitie\/#article\",\"isPartOf\":{\"@id\":\"https:\/\/kapitalis.com\/tunisie\/2018\/10\/08\/hommage-a-mohamed-ben-ismail-une-vie-marquee-du-sceau-de-lamitie\/\"},\"author\":{\"name\":\"webmaster kapitalis\",\"@id\":\"https:\/\/kapitalis.com\/tunisie\/#\/schema\/person\/d71f33a9ca44f7bad4698210b480c8e9\"},\"headline\":\"Hommage \u00e0 Mohamed Ben Ismail : Une vie marqu\u00e9e du sceau de l\u2019amiti\u00e9\",\"datePublished\":\"2018-10-08T18:11:54+00:00\",\"dateModified\":\"2018-10-08T18:16:05+00:00\",\"mainEntityOfPage\":{\"@id\":\"https:\/\/kapitalis.com\/tunisie\/2018\/10\/08\/hommage-a-mohamed-ben-ismail-une-vie-marquee-du-sceau-de-lamitie\/\"},\"wordCount\":541,\"commentCount\":0,\"publisher\":{\"@id\":\"https:\/\/kapitalis.com\/tunisie\/#organization\"},\"image\":{\"@id\":\"https:\/\/kapitalis.com\/tunisie\/2018\/10\/08\/hommage-a-mohamed-ben-ismail-une-vie-marquee-du-sceau-de-lamitie\/#primaryimage\"},\"thumbnailUrl\":\"\",\"keywords\":[\"Afif Ben Yedder\",\"Dora Bouchoucha\",\"Hamed Karoui\"],\"articleSection\":[\"CULTURE\",\"Tunisie\"],\"inLanguage\":\"fr-FR\",\"potentialAction\":[{\"@type\":\"CommentAction\",\"name\":\"Comment\",\"target\":[\"https:\/\/kapitalis.com\/tunisie\/2018\/10\/08\/hommage-a-mohamed-ben-ismail-une-vie-marquee-du-sceau-de-lamitie\/#respond\"]}]},{\"@type\":\"WebPage\",\"@id\":\"https:\/\/kapitalis.com\/tunisie\/2018\/10\/08\/hommage-a-mohamed-ben-ismail-une-vie-marquee-du-sceau-de-lamitie\/\",\"url\":\"https:\/\/kapitalis.com\/tunisie\/2018\/10\/08\/hommage-a-mohamed-ben-ismail-une-vie-marquee-du-sceau-de-lamitie\/\",\"name\":\"Hommage \u00e0 Mohamed Ben Ismail : Une vie marqu\u00e9e du sceau de l\u2019amiti\u00e9 - Kapitalis\",\"isPartOf\":{\"@id\":\"https:\/\/kapitalis.com\/tunisie\/#website\"},\"primaryImageOfPage\":{\"@id\":\"https:\/\/kapitalis.com\/tunisie\/2018\/10\/08\/hommage-a-mohamed-ben-ismail-une-vie-marquee-du-sceau-de-lamitie\/#primaryimage\"},\"image\":{\"@id\":\"https:\/\/kapitalis.com\/tunisie\/2018\/10\/08\/hommage-a-mohamed-ben-ismail-une-vie-marquee-du-sceau-de-lamitie\/#primaryimage\"},\"thumbnailUrl\":\"\",\"datePublished\":\"2018-10-08T18:11:54+00:00\",\"dateModified\":\"2018-10-08T18:16:05+00:00\",\"breadcrumb\":{\"@id\":\"https:\/\/kapitalis.com\/tunisie\/2018\/10\/08\/hommage-a-mohamed-ben-ismail-une-vie-marquee-du-sceau-de-lamitie\/#breadcrumb\"},\"inLanguage\":\"fr-FR\",\"potentialAction\":[{\"@type\":\"ReadAction\",\"target\":[\"https:\/\/kapitalis.com\/tunisie\/2018\/10\/08\/hommage-a-mohamed-ben-ismail-une-vie-marquee-du-sceau-de-lamitie\/\"]}]},{\"@type\":\"ImageObject\",\"inLanguage\":\"fr-FR\",\"@id\":\"https:\/\/kapitalis.com\/tunisie\/2018\/10\/08\/hommage-a-mohamed-ben-ismail-une-vie-marquee-du-sceau-de-lamitie\/#primaryimage\",\"url\":\"\",\"contentUrl\":\"\"},{\"@type\":\"BreadcrumbList\",\"@id\":\"https:\/\/kapitalis.com\/tunisie\/2018\/10\/08\/hommage-a-mohamed-ben-ismail-une-vie-marquee-du-sceau-de-lamitie\/#breadcrumb\",\"itemListElement\":[{\"@type\":\"ListItem\",\"position\":1,\"name\":\"Accueil\",\"item\":\"https:\/\/kapitalis.com\/tunisie\/\"},{\"@type\":\"ListItem\",\"position\":2,\"name\":\"Hommage \u00e0 Mohamed Ben Ismail : Une vie marqu\u00e9e du sceau de l\u2019amiti\u00e9\"}]},{\"@type\":\"WebSite\",\"@id\":\"https:\/\/kapitalis.com\/tunisie\/#website\",\"url\":\"https:\/\/kapitalis.com\/tunisie\/\",\"name\":\"Kapitalis\",\"description\":\"L&#039;actualit\u00e9 en Tunisie et dans le monde\",\"publisher\":{\"@id\":\"https:\/\/kapitalis.com\/tunisie\/#organization\"},\"potentialAction\":[{\"@type\":\"SearchAction\",\"target\":{\"@type\":\"EntryPoint\",\"urlTemplate\":\"https:\/\/kapitalis.com\/tunisie\/?s={search_term_string}\"},\"query-input\":{\"@type\":\"PropertyValueSpecification\",\"valueRequired\":true,\"valueName\":\"search_term_string\"}}],\"inLanguage\":\"fr-FR\"},{\"@type\":\"Organization\",\"@id\":\"https:\/\/kapitalis.com\/tunisie\/#organization\",\"name\":\"Kapitalis\",\"url\":\"https:\/\/kapitalis.com\/tunisie\/\",\"logo\":{\"@type\":\"ImageObject\",\"inLanguage\":\"fr-FR\",\"@id\":\"https:\/\/kapitalis.com\/tunisie\/#\/schema\/logo\/image\/\",\"url\":\"https:\/\/kapitalis.com\/tunisie\/wp-content\/uploads\/2022\/05\/Kapitalis-big-size.png\",\"contentUrl\":\"https:\/\/kapitalis.com\/tunisie\/wp-content\/uploads\/2022\/05\/Kapitalis-big-size.png\",\"width\":5000,\"height\":1500,\"caption\":\"Kapitalis\"},\"image\":{\"@id\":\"https:\/\/kapitalis.com\/tunisie\/#\/schema\/logo\/image\/\"},\"sameAs\":[\"https:\/\/www.facebook.com\/KapitalisInfo\/\",\"https:\/\/x.com\/KapitalisInfo\",\"https:\/\/www.youtube.com\/channel\/UC-yDYrHyfFBWWZaOw3FPg9Q\"]},{\"@type\":\"Person\",\"@id\":\"https:\/\/kapitalis.com\/tunisie\/#\/schema\/person\/d71f33a9ca44f7bad4698210b480c8e9\",\"name\":\"webmaster kapitalis\",\"url\":\"https:\/\/kapitalis.com\/tunisie\/author\/webmaster-kapitalis\/\"}]}<\/script>\n<!-- \/ Yoast SEO plugin. -->","yoast_head_json":{"title":"Hommage \u00e0 Mohamed Ben Ismail : Une vie marqu\u00e9e du sceau de l\u2019amiti\u00e9 - Kapitalis","robots":{"index":"index","follow":"follow","max-snippet":"max-snippet:-1","max-image-preview":"max-image-preview:large","max-video-preview":"max-video-preview:-1"},"canonical":"https:\/\/kapitalis.com\/tunisie\/2018\/10\/08\/hommage-a-mohamed-ben-ismail-une-vie-marquee-du-sceau-de-lamitie\/","og_locale":"fr_FR","og_type":"article","og_title":"Hommage \u00e0 Mohamed Ben Ismail : Une vie marqu\u00e9e du sceau de l\u2019amiti\u00e9 - Kapitalis","og_description":"De g. \u00e0 d. et de h. en b.:\u00a0Moncef Barouni, Afif Ben Yedder, Aziz Zouhir et Sami Menif. Une c\u00e9r\u00e9monie d\u2019hommage au journaliste et \u00e9diteur, feu Mohamed Ben Ismail, a \u00e9t\u00e9 organis\u00e9e, samedi 6 octobre 2018, \u00e0 la salle Omar Khlifi, \u00e0 la Cit\u00e9 de la culture, \u00e0 Tunis, qui a permis \u00e0 ses nombreux...","og_url":"https:\/\/kapitalis.com\/tunisie\/2018\/10\/08\/hommage-a-mohamed-ben-ismail-une-vie-marquee-du-sceau-de-lamitie\/","og_site_name":"Kapitalis","article_publisher":"https:\/\/www.facebook.com\/KapitalisInfo\/","article_published_time":"2018-10-08T18:11:54+00:00","article_modified_time":"2018-10-08T18:16:05+00:00","og_image":[{"width":1200,"height":630,"url":"https:\/\/kapitalis.com\/tunisie\/wp-content\/uploads\/2022\/05\/kapitalis-logo-fb.png","type":"image\/png"}],"author":"webmaster kapitalis","twitter_card":"summary_large_image","twitter_creator":"@KapitalisInfo","twitter_site":"@KapitalisInfo","twitter_misc":{"\u00c9crit par":"webmaster kapitalis","Dur\u00e9e de lecture estim\u00e9e":"3 minutes"},"schema":{"@context":"https:\/\/schema.org","@graph":[{"@type":"Article","@id":"https:\/\/kapitalis.com\/tunisie\/2018\/10\/08\/hommage-a-mohamed-ben-ismail-une-vie-marquee-du-sceau-de-lamitie\/#article","isPartOf":{"@id":"https:\/\/kapitalis.com\/tunisie\/2018\/10\/08\/hommage-a-mohamed-ben-ismail-une-vie-marquee-du-sceau-de-lamitie\/"},"author":{"name":"webmaster kapitalis","@id":"https:\/\/kapitalis.com\/tunisie\/#\/schema\/person\/d71f33a9ca44f7bad4698210b480c8e9"},"headline":"Hommage \u00e0 Mohamed Ben Ismail : Une vie marqu\u00e9e du sceau de l\u2019amiti\u00e9","datePublished":"2018-10-08T18:11:54+00:00","dateModified":"2018-10-08T18:16:05+00:00","mainEntityOfPage":{"@id":"https:\/\/kapitalis.com\/tunisie\/2018\/10\/08\/hommage-a-mohamed-ben-ismail-une-vie-marquee-du-sceau-de-lamitie\/"},"wordCount":541,"commentCount":0,"publisher":{"@id":"https:\/\/kapitalis.com\/tunisie\/#organization"},"image":{"@id":"https:\/\/kapitalis.com\/tunisie\/2018\/10\/08\/hommage-a-mohamed-ben-ismail-une-vie-marquee-du-sceau-de-lamitie\/#primaryimage"},"thumbnailUrl":"","keywords":["Afif Ben Yedder","Dora Bouchoucha","Hamed Karoui"],"articleSection":["CULTURE","Tunisie"],"inLanguage":"fr-FR","potentialAction":[{"@type":"CommentAction","name":"Comment","target":["https:\/\/kapitalis.com\/tunisie\/2018\/10\/08\/hommage-a-mohamed-ben-ismail-une-vie-marquee-du-sceau-de-lamitie\/#respond"]}]},{"@type":"WebPage","@id":"https:\/\/kapitalis.com\/tunisie\/2018\/10\/08\/hommage-a-mohamed-ben-ismail-une-vie-marquee-du-sceau-de-lamitie\/","url":"https:\/\/kapitalis.com\/tunisie\/2018\/10\/08\/hommage-a-mohamed-ben-ismail-une-vie-marquee-du-sceau-de-lamitie\/","name":"Hommage \u00e0 Mohamed Ben Ismail : Une vie marqu\u00e9e du sceau de l\u2019amiti\u00e9 - Kapitalis","isPartOf":{"@id":"https:\/\/kapitalis.com\/tunisie\/#website"},"primaryImageOfPage":{"@id":"https:\/\/kapitalis.com\/tunisie\/2018\/10\/08\/hommage-a-mohamed-ben-ismail-une-vie-marquee-du-sceau-de-lamitie\/#primaryimage"},"image":{"@id":"https:\/\/kapitalis.com\/tunisie\/2018\/10\/08\/hommage-a-mohamed-ben-ismail-une-vie-marquee-du-sceau-de-lamitie\/#primaryimage"},"thumbnailUrl":"","datePublished":"2018-10-08T18:11:54+00:00","dateModified":"2018-10-08T18:16:05+00:00","breadcrumb":{"@id":"https:\/\/kapitalis.com\/tunisie\/2018\/10\/08\/hommage-a-mohamed-ben-ismail-une-vie-marquee-du-sceau-de-lamitie\/#breadcrumb"},"inLanguage":"fr-FR","potentialAction":[{"@type":"ReadAction","target":["https:\/\/kapitalis.com\/tunisie\/2018\/10\/08\/hommage-a-mohamed-ben-ismail-une-vie-marquee-du-sceau-de-lamitie\/"]}]},{"@type":"ImageObject","inLanguage":"fr-FR","@id":"https:\/\/kapitalis.com\/tunisie\/2018\/10\/08\/hommage-a-mohamed-ben-ismail-une-vie-marquee-du-sceau-de-lamitie\/#primaryimage","url":"","contentUrl":""},{"@type":"BreadcrumbList","@id":"https:\/\/kapitalis.com\/tunisie\/2018\/10\/08\/hommage-a-mohamed-ben-ismail-une-vie-marquee-du-sceau-de-lamitie\/#breadcrumb","itemListElement":[{"@type":"ListItem","position":1,"name":"Accueil","item":"https:\/\/kapitalis.com\/tunisie\/"},{"@type":"ListItem","position":2,"name":"Hommage \u00e0 Mohamed Ben Ismail : Une vie marqu\u00e9e du sceau de l\u2019amiti\u00e9"}]},{"@type":"WebSite","@id":"https:\/\/kapitalis.com\/tunisie\/#website","url":"https:\/\/kapitalis.com\/tunisie\/","name":"Kapitalis","description":"L&#039;actualit\u00e9 en Tunisie et dans le monde","publisher":{"@id":"https:\/\/kapitalis.com\/tunisie\/#organization"},"potentialAction":[{"@type":"SearchAction","target":{"@type":"EntryPoint","urlTemplate":"https:\/\/kapitalis.com\/tunisie\/?s={search_term_string}"},"query-input":{"@type":"PropertyValueSpecification","valueRequired":true,"valueName":"search_term_string"}}],"inLanguage":"fr-FR"},{"@type":"Organization","@id":"https:\/\/kapitalis.com\/tunisie\/#organization","name":"Kapitalis","url":"https:\/\/kapitalis.com\/tunisie\/","logo":{"@type":"ImageObject","inLanguage":"fr-FR","@id":"https:\/\/kapitalis.com\/tunisie\/#\/schema\/logo\/image\/","url":"https:\/\/kapitalis.com\/tunisie\/wp-content\/uploads\/2022\/05\/Kapitalis-big-size.png","contentUrl":"https:\/\/kapitalis.com\/tunisie\/wp-content\/uploads\/2022\/05\/Kapitalis-big-size.png","width":5000,"height":1500,"caption":"Kapitalis"},"image":{"@id":"https:\/\/kapitalis.com\/tunisie\/#\/schema\/logo\/image\/"},"sameAs":["https:\/\/www.facebook.com\/KapitalisInfo\/","https:\/\/x.com\/KapitalisInfo","https:\/\/www.youtube.com\/channel\/UC-yDYrHyfFBWWZaOw3FPg9Q"]},{"@type":"Person","@id":"https:\/\/kapitalis.com\/tunisie\/#\/schema\/person\/d71f33a9ca44f7bad4698210b480c8e9","name":"webmaster kapitalis","url":"https:\/\/kapitalis.com\/tunisie\/author\/webmaster-kapitalis\/"}]}},"_links":{"self":[{"href":"https:\/\/kapitalis.com\/tunisie\/wp-json\/wp\/v2\/posts\/177509","targetHints":{"allow":["GET"]}}],"collection":[{"href":"https:\/\/kapitalis.com\/tunisie\/wp-json\/wp\/v2\/posts"}],"about":[{"href":"https:\/\/kapitalis.com\/tunisie\/wp-json\/wp\/v2\/types\/post"}],"author":[{"embeddable":true,"href":"https:\/\/kapitalis.com\/tunisie\/wp-json\/wp\/v2\/users\/8"}],"replies":[{"embeddable":true,"href":"https:\/\/kapitalis.com\/tunisie\/wp-json\/wp\/v2\/comments?post=177509"}],"version-history":[{"count":0,"href":"https:\/\/kapitalis.com\/tunisie\/wp-json\/wp\/v2\/posts\/177509\/revisions"}],"wp:featuredmedia":[{"embeddable":true,"href":"https:\/\/kapitalis.com\/tunisie\/wp-json\/wp\/v2\/media\/177510"}],"wp:attachment":[{"href":"https:\/\/kapitalis.com\/tunisie\/wp-json\/wp\/v2\/media?parent=177509"}],"wp:term":[{"taxonomy":"category","embeddable":true,"href":"https:\/\/kapitalis.com\/tunisie\/wp-json\/wp\/v2\/categories?post=177509"},{"taxonomy":"post_tag","embeddable":true,"href":"https:\/\/kapitalis.com\/tunisie\/wp-json\/wp\/v2\/tags?post=177509"}],"curies":[{"name":"wp","href":"https:\/\/api.w.org\/{rel}","templated":true}]}}