{"id":177589,"date":"2018-10-09T11:33:56","date_gmt":"2018-10-09T10:33:56","guid":{"rendered":"http:\/\/kapitalis.com\/tunisie\/?p=177589"},"modified":"2018-10-09T11:47:12","modified_gmt":"2018-10-09T10:47:12","slug":"tunisie-demission-de-slim-azzabi-du-cabinet-presidentiel","status":"publish","type":"post","link":"https:\/\/kapitalis.com\/tunisie\/2018\/10\/09\/tunisie-demission-de-slim-azzabi-du-cabinet-presidentiel\/","title":{"rendered":"Tunisie : D\u00e9mission de Slim Azzabi du cabinet pr\u00e9sidentiel"},"content":{"rendered":"<p style=\"text-align: center;\"><img loading=\"lazy\" decoding=\"async\" class=\"alignnone size-full wp-image-177598\" src=\"http:\/\/kapitalis.com\/tunisie\/wp-content\/uploads\/2018\/10\/Slim-Azzabi.jpg\" alt=\"\" width=\"626\" height=\"380\" \/><\/p>\n<p><em><strong>Slim Azzabi vient de d\u00e9missionner aujourd\u2019hui, mardi 9 octobre 2018, de son poste de ministre-directeur du cabinet du pr\u00e9sident de la r\u00e9publique. Il ne peut plus supporter la gabegie qui r\u00e8gne au Palais de Carthage.\u00a0\u00a0<\/strong><\/em><!--more--><\/p>\n<p>Kapitalis a appris que Slim Azzabi a pr\u00e9sent\u00e9 sa d\u00e9mission, ce matin, au pr\u00e9sident de la r\u00e9publique B\u00e9ji Ca\u00efd Essebsi. Les raisons de cette d\u00e9cision n\u2019ont pas encore \u00e9t\u00e9 divulgu\u00e9es. Mais elles ne sont pas difficiles \u00e0 deviner. Puisque cette d\u00e9mission intervient au lendemain d\u2019une rencontre entre le pr\u00e9sident de la r\u00e9publique, B\u00e9ji Ca\u00efd Essebsi, et le pr\u00e9sident du parti islamiste Ennahdha, Rached Ghannouchi, suivie d&rsquo;un tr\u00e8s controvers\u00e9 communiqu\u00e9 de Nidaa Tounes, relatant ce qui s&rsquo;est pass\u00e9 entre les deux hommes, dans\u00a0un curieux m\u00e9lange des genres et des r\u00f4les o\u00f9 les Ca\u00efd Essebsi p\u00e8re et fils sont en passe de confondre leurs positions respectives.<\/p>\n<p>Rappelons que Slim Azzabi avait succ\u00e9d\u00e9, en f\u00e9vrier 2016, \u00e0 Ridha Belhaj, qui avait \u00e9t\u00e9 pouss\u00e9 vers la porte de la sortie, avant de finir par pr\u00e9senter sa <em>\u00abd\u00e9mission\u00bb<\/em>. On lui reprochait \u00e0 l\u2019\u00e9poque d\u2019avoir contribu\u00e9 \u00e0 la crise qui commen\u00e7ait \u00e0 secouer Nidaa Tounes. Depuis la crise s&rsquo;est amplifi\u00e9e et elle est m\u00eame devenue quasi ing\u00e9rable.<\/p>\n<p>M. Azzabi \u00e9tait le coordinateur ex\u00e9cutif de la campagne pr\u00e9sidentielle de B\u00e9ji Ca\u00efd Essebsi, en 2014, avant d\u2019acc\u00e9der au Palais de Carthage comme 1<sup>er<\/sup> conseiller \u00e0 la pr\u00e9sidence de la r\u00e9publique.<\/p>\n<p>Homme discret, peu m\u00e9diatique, plus concentr\u00e9 sur sa mission, il ne s&rsquo;est jamais m\u00eal\u00e9 des petits scandales qui ont secou\u00e9 l&rsquo;entourage pr\u00e9sidentiel, se tenant \u00e9galement \u00e0 l&rsquo;\u00e9cart de la crise de Nidaa Tounes. Sa d\u00e9mission est l&rsquo;expression d&rsquo;un ras-le-bol, d&rsquo;un je n&rsquo;en peux plus,\u00a0d&rsquo;une goutte qui a fait d\u00e9border le vase&#8230;<\/p>\n<p style=\"text-align: right;\"><strong>Y. N.<\/strong><\/p>\n<blockquote class=\"wp-embedded-content\" data-secret=\"ZAXAJAOlpu\"><p><a href=\"https:\/\/kapitalis.com\/tunisie\/2018\/10\/08\/ons-hattab-en-mode-porte-parole-de-la-presidence-de-la-republique\/\">Ons Hattab en mode porte-parole de la pr\u00e9sidence de la r\u00e9publique !<\/a><\/p><\/blockquote>\n<p><iframe loading=\"lazy\" class=\"wp-embedded-content\" sandbox=\"allow-scripts\" security=\"restricted\" style=\"position: absolute; clip: rect(1px, 1px, 1px, 1px);\" title=\"\u00ab\u00a0Ons Hattab en mode porte-parole de la pr\u00e9sidence de la r\u00e9publique !\u00a0\u00bb &#8212; Kapitalis\" src=\"https:\/\/kapitalis.com\/tunisie\/2018\/10\/08\/ons-hattab-en-mode-porte-parole-de-la-presidence-de-la-republique\/embed\/#?secret=kqUpWudzUR#?secret=ZAXAJAOlpu\" data-secret=\"ZAXAJAOlpu\" width=\"600\" height=\"338\" frameborder=\"0\" marginwidth=\"0\" marginheight=\"0\" scrolling=\"no\"><\/iframe><\/p>\n<blockquote class=\"wp-embedded-content\" data-secret=\"XnT03V4JVs\"><p><a href=\"https:\/\/kapitalis.com\/tunisie\/2016\/02\/01\/palais-de-carthage-slim-azzabi-remplace-ridha-belhaj\/\">Palais de Carthage : Slim Azzabi remplace Ridha Belhaj<\/a><\/p><\/blockquote>\n<p><iframe loading=\"lazy\" class=\"wp-embedded-content\" sandbox=\"allow-scripts\" security=\"restricted\" style=\"position: absolute; clip: rect(1px, 1px, 1px, 1px);\" title=\"\u00ab\u00a0Palais de Carthage : Slim Azzabi remplace Ridha Belhaj\u00a0\u00bb &#8212; Kapitalis\" src=\"https:\/\/kapitalis.com\/tunisie\/2016\/02\/01\/palais-de-carthage-slim-azzabi-remplace-ridha-belhaj\/embed\/#?secret=IADKQs375R#?secret=XnT03V4JVs\" data-secret=\"XnT03V4JVs\" width=\"600\" height=\"338\" frameborder=\"0\" marginwidth=\"0\" marginheight=\"0\" scrolling=\"no\"><\/iframe><\/p>\n<p>&nbsp;<\/p>\n","protected":false},"excerpt":{"rendered":"<p>Slim Azzabi vient de d\u00e9missionner aujourd\u2019hui, mardi 9 octobre 2018, de son poste de ministre-directeur du cabinet du pr\u00e9sident de la r\u00e9publique. Il ne peut plus supporter la gabegie qui r\u00e8gne au Palais de Carthage.\u00a0\u00a0<\/p>\n","protected":false},"author":6,"featured_media":177598,"comment_status":"open","ping_status":"open","sticky":false,"template":"","format":"standard","meta":{"footnotes":""},"categories":[997,2433],"tags":[1108,13342,413,19039,6418],"class_list":["post-177589","post","type-post","status-publish","format-standard","has-post-thumbnail","hentry","category-politique","category-tunisie","tag-beji-caid-essebsi","tag-demisssion","tag-ghannouchi","tag-palais-carthage","tag-slim-azzabi"],"yoast_head":"<!-- This site is optimized with the Yoast SEO plugin v26.6 - https:\/\/yoast.com\/wordpress\/plugins\/seo\/ -->\n<title>Tunisie : D\u00e9mission de Slim Azzabi du cabinet pr\u00e9sidentiel - Kapitalis<\/title>\n<meta name=\"robots\" content=\"index, follow, max-snippet:-1, max-image-preview:large, max-video-preview:-1\" \/>\n<link rel=\"canonical\" href=\"https:\/\/kapitalis.com\/tunisie\/2018\/10\/09\/tunisie-demission-de-slim-azzabi-du-cabinet-presidentiel\/\" \/>\n<meta property=\"og:locale\" content=\"fr_FR\" \/>\n<meta property=\"og:type\" content=\"article\" \/>\n<meta property=\"og:title\" content=\"Tunisie : D\u00e9mission de Slim Azzabi du cabinet pr\u00e9sidentiel - Kapitalis\" \/>\n<meta property=\"og:description\" content=\"Slim Azzabi vient de d\u00e9missionner aujourd\u2019hui, mardi 9 octobre 2018, de son poste de ministre-directeur du cabinet du pr\u00e9sident de la r\u00e9publique. Il ne peut plus supporter la gabegie qui r\u00e8gne au Palais de Carthage.\u00a0\u00a0\" \/>\n<meta property=\"og:url\" content=\"https:\/\/kapitalis.com\/tunisie\/2018\/10\/09\/tunisie-demission-de-slim-azzabi-du-cabinet-presidentiel\/\" \/>\n<meta property=\"og:site_name\" content=\"Kapitalis\" \/>\n<meta property=\"article:publisher\" content=\"https:\/\/www.facebook.com\/KapitalisInfo\/\" \/>\n<meta property=\"article:published_time\" content=\"2018-10-09T10:33:56+00:00\" \/>\n<meta property=\"article:modified_time\" content=\"2018-10-09T10:47:12+00:00\" \/>\n<meta property=\"og:image\" content=\"https:\/\/kapitalis.com\/tunisie\/wp-content\/uploads\/2022\/05\/kapitalis-logo-fb.png\" \/>\n\t<meta property=\"og:image:width\" content=\"1200\" \/>\n\t<meta property=\"og:image:height\" content=\"630\" \/>\n\t<meta property=\"og:image:type\" content=\"image\/png\" \/>\n<meta name=\"author\" content=\"Yusra NY\" \/>\n<meta name=\"twitter:card\" content=\"summary_large_image\" \/>\n<meta name=\"twitter:creator\" content=\"@KapitalisInfo\" \/>\n<meta name=\"twitter:site\" content=\"@KapitalisInfo\" \/>\n<meta name=\"twitter:label1\" content=\"\u00c9crit par\" \/>\n\t<meta name=\"twitter:data1\" content=\"Yusra NY\" \/>\n\t<meta name=\"twitter:label2\" content=\"Dur\u00e9e de lecture estim\u00e9e\" \/>\n\t<meta name=\"twitter:data2\" content=\"2 minutes\" \/>\n<script type=\"application\/ld+json\" class=\"yoast-schema-graph\">{\"@context\":\"https:\/\/schema.org\",\"@graph\":[{\"@type\":\"Article\",\"@id\":\"https:\/\/kapitalis.com\/tunisie\/2018\/10\/09\/tunisie-demission-de-slim-azzabi-du-cabinet-presidentiel\/#article\",\"isPartOf\":{\"@id\":\"https:\/\/kapitalis.com\/tunisie\/2018\/10\/09\/tunisie-demission-de-slim-azzabi-du-cabinet-presidentiel\/\"},\"author\":{\"name\":\"Yusra NY\",\"@id\":\"https:\/\/kapitalis.com\/tunisie\/#\/schema\/person\/74bbde0154d49d790a92aaeac5bc01d5\"},\"headline\":\"Tunisie : D\u00e9mission de Slim Azzabi du cabinet pr\u00e9sidentiel\",\"datePublished\":\"2018-10-09T10:33:56+00:00\",\"dateModified\":\"2018-10-09T10:47:12+00:00\",\"mainEntityOfPage\":{\"@id\":\"https:\/\/kapitalis.com\/tunisie\/2018\/10\/09\/tunisie-demission-de-slim-azzabi-du-cabinet-presidentiel\/\"},\"wordCount\":342,\"commentCount\":1,\"publisher\":{\"@id\":\"https:\/\/kapitalis.com\/tunisie\/#organization\"},\"image\":{\"@id\":\"https:\/\/kapitalis.com\/tunisie\/2018\/10\/09\/tunisie-demission-de-slim-azzabi-du-cabinet-presidentiel\/#primaryimage\"},\"thumbnailUrl\":\"\",\"keywords\":[\"B\u00e9ji Ca\u00efd Essebsi\",\"d\u00e9misssion\",\"ghannouchi\",\"Palais Carthage\",\"Slim Azzabi\"],\"articleSection\":[\"POLITIQUE\",\"Tunisie\"],\"inLanguage\":\"fr-FR\",\"potentialAction\":[{\"@type\":\"CommentAction\",\"name\":\"Comment\",\"target\":[\"https:\/\/kapitalis.com\/tunisie\/2018\/10\/09\/tunisie-demission-de-slim-azzabi-du-cabinet-presidentiel\/#respond\"]}]},{\"@type\":\"WebPage\",\"@id\":\"https:\/\/kapitalis.com\/tunisie\/2018\/10\/09\/tunisie-demission-de-slim-azzabi-du-cabinet-presidentiel\/\",\"url\":\"https:\/\/kapitalis.com\/tunisie\/2018\/10\/09\/tunisie-demission-de-slim-azzabi-du-cabinet-presidentiel\/\",\"name\":\"Tunisie : D\u00e9mission de Slim Azzabi du cabinet pr\u00e9sidentiel - Kapitalis\",\"isPartOf\":{\"@id\":\"https:\/\/kapitalis.com\/tunisie\/#website\"},\"primaryImageOfPage\":{\"@id\":\"https:\/\/kapitalis.com\/tunisie\/2018\/10\/09\/tunisie-demission-de-slim-azzabi-du-cabinet-presidentiel\/#primaryimage\"},\"image\":{\"@id\":\"https:\/\/kapitalis.com\/tunisie\/2018\/10\/09\/tunisie-demission-de-slim-azzabi-du-cabinet-presidentiel\/#primaryimage\"},\"thumbnailUrl\":\"\",\"datePublished\":\"2018-10-09T10:33:56+00:00\",\"dateModified\":\"2018-10-09T10:47:12+00:00\",\"breadcrumb\":{\"@id\":\"https:\/\/kapitalis.com\/tunisie\/2018\/10\/09\/tunisie-demission-de-slim-azzabi-du-cabinet-presidentiel\/#breadcrumb\"},\"inLanguage\":\"fr-FR\",\"potentialAction\":[{\"@type\":\"ReadAction\",\"target\":[\"https:\/\/kapitalis.com\/tunisie\/2018\/10\/09\/tunisie-demission-de-slim-azzabi-du-cabinet-presidentiel\/\"]}]},{\"@type\":\"ImageObject\",\"inLanguage\":\"fr-FR\",\"@id\":\"https:\/\/kapitalis.com\/tunisie\/2018\/10\/09\/tunisie-demission-de-slim-azzabi-du-cabinet-presidentiel\/#primaryimage\",\"url\":\"\",\"contentUrl\":\"\"},{\"@type\":\"BreadcrumbList\",\"@id\":\"https:\/\/kapitalis.com\/tunisie\/2018\/10\/09\/tunisie-demission-de-slim-azzabi-du-cabinet-presidentiel\/#breadcrumb\",\"itemListElement\":[{\"@type\":\"ListItem\",\"position\":1,\"name\":\"Accueil\",\"item\":\"https:\/\/kapitalis.com\/tunisie\/\"},{\"@type\":\"ListItem\",\"position\":2,\"name\":\"Tunisie : D\u00e9mission de Slim Azzabi du cabinet pr\u00e9sidentiel\"}]},{\"@type\":\"WebSite\",\"@id\":\"https:\/\/kapitalis.com\/tunisie\/#website\",\"url\":\"https:\/\/kapitalis.com\/tunisie\/\",\"name\":\"Kapitalis\",\"description\":\"L&#039;actualit\u00e9 en Tunisie et dans le monde\",\"publisher\":{\"@id\":\"https:\/\/kapitalis.com\/tunisie\/#organization\"},\"potentialAction\":[{\"@type\":\"SearchAction\",\"target\":{\"@type\":\"EntryPoint\",\"urlTemplate\":\"https:\/\/kapitalis.com\/tunisie\/?s={search_term_string}\"},\"query-input\":{\"@type\":\"PropertyValueSpecification\",\"valueRequired\":true,\"valueName\":\"search_term_string\"}}],\"inLanguage\":\"fr-FR\"},{\"@type\":\"Organization\",\"@id\":\"https:\/\/kapitalis.com\/tunisie\/#organization\",\"name\":\"Kapitalis\",\"url\":\"https:\/\/kapitalis.com\/tunisie\/\",\"logo\":{\"@type\":\"ImageObject\",\"inLanguage\":\"fr-FR\",\"@id\":\"https:\/\/kapitalis.com\/tunisie\/#\/schema\/logo\/image\/\",\"url\":\"https:\/\/kapitalis.com\/tunisie\/wp-content\/uploads\/2022\/05\/Kapitalis-big-size.png\",\"contentUrl\":\"https:\/\/kapitalis.com\/tunisie\/wp-content\/uploads\/2022\/05\/Kapitalis-big-size.png\",\"width\":5000,\"height\":1500,\"caption\":\"Kapitalis\"},\"image\":{\"@id\":\"https:\/\/kapitalis.com\/tunisie\/#\/schema\/logo\/image\/\"},\"sameAs\":[\"https:\/\/www.facebook.com\/KapitalisInfo\/\",\"https:\/\/x.com\/KapitalisInfo\",\"https:\/\/www.youtube.com\/channel\/UC-yDYrHyfFBWWZaOw3FPg9Q\"]},{\"@type\":\"Person\",\"@id\":\"https:\/\/kapitalis.com\/tunisie\/#\/schema\/person\/74bbde0154d49d790a92aaeac5bc01d5\",\"name\":\"Yusra NY\",\"url\":\"https:\/\/kapitalis.com\/tunisie\/author\/yuza_adam\/\"}]}<\/script>\n<!-- \/ Yoast SEO plugin. -->","yoast_head_json":{"title":"Tunisie : D\u00e9mission de Slim Azzabi du cabinet pr\u00e9sidentiel - Kapitalis","robots":{"index":"index","follow":"follow","max-snippet":"max-snippet:-1","max-image-preview":"max-image-preview:large","max-video-preview":"max-video-preview:-1"},"canonical":"https:\/\/kapitalis.com\/tunisie\/2018\/10\/09\/tunisie-demission-de-slim-azzabi-du-cabinet-presidentiel\/","og_locale":"fr_FR","og_type":"article","og_title":"Tunisie : D\u00e9mission de Slim Azzabi du cabinet pr\u00e9sidentiel - Kapitalis","og_description":"Slim Azzabi vient de d\u00e9missionner aujourd\u2019hui, mardi 9 octobre 2018, de son poste de ministre-directeur du cabinet du pr\u00e9sident de la r\u00e9publique. Il ne peut plus supporter la gabegie qui r\u00e8gne au Palais de Carthage.\u00a0\u00a0","og_url":"https:\/\/kapitalis.com\/tunisie\/2018\/10\/09\/tunisie-demission-de-slim-azzabi-du-cabinet-presidentiel\/","og_site_name":"Kapitalis","article_publisher":"https:\/\/www.facebook.com\/KapitalisInfo\/","article_published_time":"2018-10-09T10:33:56+00:00","article_modified_time":"2018-10-09T10:47:12+00:00","og_image":[{"width":1200,"height":630,"url":"https:\/\/kapitalis.com\/tunisie\/wp-content\/uploads\/2022\/05\/kapitalis-logo-fb.png","type":"image\/png"}],"author":"Yusra NY","twitter_card":"summary_large_image","twitter_creator":"@KapitalisInfo","twitter_site":"@KapitalisInfo","twitter_misc":{"\u00c9crit par":"Yusra NY","Dur\u00e9e de lecture estim\u00e9e":"2 minutes"},"schema":{"@context":"https:\/\/schema.org","@graph":[{"@type":"Article","@id":"https:\/\/kapitalis.com\/tunisie\/2018\/10\/09\/tunisie-demission-de-slim-azzabi-du-cabinet-presidentiel\/#article","isPartOf":{"@id":"https:\/\/kapitalis.com\/tunisie\/2018\/10\/09\/tunisie-demission-de-slim-azzabi-du-cabinet-presidentiel\/"},"author":{"name":"Yusra NY","@id":"https:\/\/kapitalis.com\/tunisie\/#\/schema\/person\/74bbde0154d49d790a92aaeac5bc01d5"},"headline":"Tunisie : D\u00e9mission de Slim Azzabi du cabinet pr\u00e9sidentiel","datePublished":"2018-10-09T10:33:56+00:00","dateModified":"2018-10-09T10:47:12+00:00","mainEntityOfPage":{"@id":"https:\/\/kapitalis.com\/tunisie\/2018\/10\/09\/tunisie-demission-de-slim-azzabi-du-cabinet-presidentiel\/"},"wordCount":342,"commentCount":1,"publisher":{"@id":"https:\/\/kapitalis.com\/tunisie\/#organization"},"image":{"@id":"https:\/\/kapitalis.com\/tunisie\/2018\/10\/09\/tunisie-demission-de-slim-azzabi-du-cabinet-presidentiel\/#primaryimage"},"thumbnailUrl":"","keywords":["B\u00e9ji Ca\u00efd Essebsi","d\u00e9misssion","ghannouchi","Palais Carthage","Slim Azzabi"],"articleSection":["POLITIQUE","Tunisie"],"inLanguage":"fr-FR","potentialAction":[{"@type":"CommentAction","name":"Comment","target":["https:\/\/kapitalis.com\/tunisie\/2018\/10\/09\/tunisie-demission-de-slim-azzabi-du-cabinet-presidentiel\/#respond"]}]},{"@type":"WebPage","@id":"https:\/\/kapitalis.com\/tunisie\/2018\/10\/09\/tunisie-demission-de-slim-azzabi-du-cabinet-presidentiel\/","url":"https:\/\/kapitalis.com\/tunisie\/2018\/10\/09\/tunisie-demission-de-slim-azzabi-du-cabinet-presidentiel\/","name":"Tunisie : D\u00e9mission de Slim Azzabi du cabinet pr\u00e9sidentiel - Kapitalis","isPartOf":{"@id":"https:\/\/kapitalis.com\/tunisie\/#website"},"primaryImageOfPage":{"@id":"https:\/\/kapitalis.com\/tunisie\/2018\/10\/09\/tunisie-demission-de-slim-azzabi-du-cabinet-presidentiel\/#primaryimage"},"image":{"@id":"https:\/\/kapitalis.com\/tunisie\/2018\/10\/09\/tunisie-demission-de-slim-azzabi-du-cabinet-presidentiel\/#primaryimage"},"thumbnailUrl":"","datePublished":"2018-10-09T10:33:56+00:00","dateModified":"2018-10-09T10:47:12+00:00","breadcrumb":{"@id":"https:\/\/kapitalis.com\/tunisie\/2018\/10\/09\/tunisie-demission-de-slim-azzabi-du-cabinet-presidentiel\/#breadcrumb"},"inLanguage":"fr-FR","potentialAction":[{"@type":"ReadAction","target":["https:\/\/kapitalis.com\/tunisie\/2018\/10\/09\/tunisie-demission-de-slim-azzabi-du-cabinet-presidentiel\/"]}]},{"@type":"ImageObject","inLanguage":"fr-FR","@id":"https:\/\/kapitalis.com\/tunisie\/2018\/10\/09\/tunisie-demission-de-slim-azzabi-du-cabinet-presidentiel\/#primaryimage","url":"","contentUrl":""},{"@type":"BreadcrumbList","@id":"https:\/\/kapitalis.com\/tunisie\/2018\/10\/09\/tunisie-demission-de-slim-azzabi-du-cabinet-presidentiel\/#breadcrumb","itemListElement":[{"@type":"ListItem","position":1,"name":"Accueil","item":"https:\/\/kapitalis.com\/tunisie\/"},{"@type":"ListItem","position":2,"name":"Tunisie : D\u00e9mission de Slim Azzabi du cabinet pr\u00e9sidentiel"}]},{"@type":"WebSite","@id":"https:\/\/kapitalis.com\/tunisie\/#website","url":"https:\/\/kapitalis.com\/tunisie\/","name":"Kapitalis","description":"L&#039;actualit\u00e9 en Tunisie et dans le monde","publisher":{"@id":"https:\/\/kapitalis.com\/tunisie\/#organization"},"potentialAction":[{"@type":"SearchAction","target":{"@type":"EntryPoint","urlTemplate":"https:\/\/kapitalis.com\/tunisie\/?s={search_term_string}"},"query-input":{"@type":"PropertyValueSpecification","valueRequired":true,"valueName":"search_term_string"}}],"inLanguage":"fr-FR"},{"@type":"Organization","@id":"https:\/\/kapitalis.com\/tunisie\/#organization","name":"Kapitalis","url":"https:\/\/kapitalis.com\/tunisie\/","logo":{"@type":"ImageObject","inLanguage":"fr-FR","@id":"https:\/\/kapitalis.com\/tunisie\/#\/schema\/logo\/image\/","url":"https:\/\/kapitalis.com\/tunisie\/wp-content\/uploads\/2022\/05\/Kapitalis-big-size.png","contentUrl":"https:\/\/kapitalis.com\/tunisie\/wp-content\/uploads\/2022\/05\/Kapitalis-big-size.png","width":5000,"height":1500,"caption":"Kapitalis"},"image":{"@id":"https:\/\/kapitalis.com\/tunisie\/#\/schema\/logo\/image\/"},"sameAs":["https:\/\/www.facebook.com\/KapitalisInfo\/","https:\/\/x.com\/KapitalisInfo","https:\/\/www.youtube.com\/channel\/UC-yDYrHyfFBWWZaOw3FPg9Q"]},{"@type":"Person","@id":"https:\/\/kapitalis.com\/tunisie\/#\/schema\/person\/74bbde0154d49d790a92aaeac5bc01d5","name":"Yusra NY","url":"https:\/\/kapitalis.com\/tunisie\/author\/yuza_adam\/"}]}},"_links":{"self":[{"href":"https:\/\/kapitalis.com\/tunisie\/wp-json\/wp\/v2\/posts\/177589","targetHints":{"allow":["GET"]}}],"collection":[{"href":"https:\/\/kapitalis.com\/tunisie\/wp-json\/wp\/v2\/posts"}],"about":[{"href":"https:\/\/kapitalis.com\/tunisie\/wp-json\/wp\/v2\/types\/post"}],"author":[{"embeddable":true,"href":"https:\/\/kapitalis.com\/tunisie\/wp-json\/wp\/v2\/users\/6"}],"replies":[{"embeddable":true,"href":"https:\/\/kapitalis.com\/tunisie\/wp-json\/wp\/v2\/comments?post=177589"}],"version-history":[{"count":0,"href":"https:\/\/kapitalis.com\/tunisie\/wp-json\/wp\/v2\/posts\/177589\/revisions"}],"wp:featuredmedia":[{"embeddable":true,"href":"https:\/\/kapitalis.com\/tunisie\/wp-json\/wp\/v2\/media\/177598"}],"wp:attachment":[{"href":"https:\/\/kapitalis.com\/tunisie\/wp-json\/wp\/v2\/media?parent=177589"}],"wp:term":[{"taxonomy":"category","embeddable":true,"href":"https:\/\/kapitalis.com\/tunisie\/wp-json\/wp\/v2\/categories?post=177589"},{"taxonomy":"post_tag","embeddable":true,"href":"https:\/\/kapitalis.com\/tunisie\/wp-json\/wp\/v2\/tags?post=177589"}],"curies":[{"name":"wp","href":"https:\/\/api.w.org\/{rel}","templated":true}]}}