{"id":177592,"date":"2018-10-09T13:07:46","date_gmt":"2018-10-09T12:07:46","guid":{"rendered":"http:\/\/kapitalis.com\/tunisie\/?p=177592"},"modified":"2018-10-09T13:12:28","modified_gmt":"2018-10-09T12:12:28","slug":"rached-ghannouchi-a-beji-caid-essebsi-je-taime-moi-non-plus","status":"publish","type":"post","link":"https:\/\/kapitalis.com\/tunisie\/2018\/10\/09\/rached-ghannouchi-a-beji-caid-essebsi-je-taime-moi-non-plus\/","title":{"rendered":"Rached Ghannouchi \u00e0 B\u00e9ji Ca\u00efd Essebsi : Je t&rsquo;aime, moi non plus !"},"content":{"rendered":"<p style=\"text-align: center;\"><img loading=\"lazy\" decoding=\"async\" class=\"alignnone size-full wp-image-109239\" src=\"http:\/\/kapitalis.com\/tunisie\/wp-content\/uploads\/2017\/08\/Caid-Essebsi-Ghannouchi.jpg\" alt=\"\" width=\"626\" height=\"380\" \/><\/p>\n<p style=\"text-align: center;\"><em>B\u00e9ji Ca\u00efd Essebsi\/Rached Ghannouchi: la difficile rupture.<\/em><\/p>\n<p><em><strong>En r\u00e9action \u00e0 ce qui a \u00e9t\u00e9 indiqu\u00e9 dans le communiqu\u00e9 de Nidaa Tounes, hier soir, selon lequel le consensus entre ce parti et le mouvement Ennahdha est bel et bien fini, le mouvement islamiste a cru devoir reconfirmer, aujourd&rsquo;hui, son attachement \u00e0 ce consensus.<\/strong><\/em><br \/>\n<!--more--><\/p>\n<p>L&rsquo;entrevue expresse entre le pr\u00e9sident de la r\u00e9publique, B\u00e9ji Ca\u00efd Essebsi, et le pr\u00e9sident du mouvement islamiste, Rached Ghannouchi, hier, lundi 8 octobre 2018, au Palais de Carthage, n&rsquo;a pas fini de susciter les r\u00e9actions.<\/p>\n<p>M. Ghannouchi a, au cours de cette rencontre, r\u00e9it\u00e9r\u00e9 son attachement au consensus avec Nidaa Tounes, et ce pour l&rsquo;int\u00e9r\u00eat de la Tunisie, tout en soulignant la n\u00e9cessit\u00e9 d&rsquo;organiser les prochaines \u00e9lections pr\u00e9vues en 2019 dans les meilleures conditions, indique le communiqu\u00e9 d&rsquo;Ennahdha, publi\u00e9 aujourd&rsquo;hui, mardi 9 octobre.<\/p>\n<p>Rappelons que c&rsquo;est le pr\u00e9sident\u00a0Ca\u00efd Essebsi qui a parl\u00e9\u00a0de s\u00e9paration, dans l&rsquo;entretien accord\u00e9 \u00e0 la cha\u00eene El-Hiwar Ettounsi, il y a 2 semaines, s\u00e9paration qui a \u00e9t\u00e9 soulign\u00e9e par le communiqu\u00e9 de Nidaa Tounes diffus\u00e9 hier soir, \u00e0 l&rsquo;issue de la rencontre au Palais de Carthage. Ce qui confirme l&rsquo;existence d&rsquo;une concertation entre le chef de l&rsquo;Etat et le parti qu&rsquo;il avait\u00a0fond\u00e9 en 2012 et qui lui permit d&rsquo;acc\u00e9der au Palais de Carthage.<\/p>\n<p>Quand on sait que M. Ghannouchi va rencontrer, aujourd&rsquo;hui, le chef du gouvernement, Youssef Chahed, dont le maintien, exig\u00e9 par Ennahdha, provoque\u00a0des divergences avec Nidaa, la situation devient encore plus confuse et les positions compl\u00e8tement illisibles \u00e0 tout observateur.<\/p>\n<p>Alors, s\u00e9paration ou pas, une page est d\u00e9j\u00e0 tourn\u00e9e. En tout cas par Ennahdha, qui semble consid\u00e9rer B\u00e9ji Ca\u00efd Essebsi comme faisant d\u00e9j\u00e0 partie du pass\u00e9. Et commencer \u00e0 penser \u00e0 l&rsquo;apr\u00e8s-Ca\u00efd Essebsi&#8230;<\/p>\n<p style=\"text-align: right;\"><strong>E. B. A.<\/strong><\/p>\n<blockquote class=\"wp-embedded-content\" data-secret=\"Y0zqGWjBQc\"><p><a href=\"https:\/\/kapitalis.com\/tunisie\/2018\/10\/09\/caid-essebsi-et-ghannouchi-se-separent-ce-nest-pas-une-mauvaise-chose\/\">Ca\u00efd Essebsi et Ghannouchi se s\u00e9parent : Ce n\u2019est pas une mauvaise chose<\/a><\/p><\/blockquote>\n<p><iframe loading=\"lazy\" class=\"wp-embedded-content\" sandbox=\"allow-scripts\" security=\"restricted\" style=\"position: absolute; clip: rect(1px, 1px, 1px, 1px);\" title=\"\u00ab\u00a0Ca\u00efd Essebsi et Ghannouchi se s\u00e9parent : Ce n\u2019est pas une mauvaise chose\u00a0\u00bb &#8212; Kapitalis\" src=\"https:\/\/kapitalis.com\/tunisie\/2018\/10\/09\/caid-essebsi-et-ghannouchi-se-separent-ce-nest-pas-une-mauvaise-chose\/embed\/#?secret=jszi1f3uvQ#?secret=Y0zqGWjBQc\" data-secret=\"Y0zqGWjBQc\" width=\"600\" height=\"338\" frameborder=\"0\" marginwidth=\"0\" marginheight=\"0\" scrolling=\"no\"><\/iframe><\/p>\n<blockquote class=\"wp-embedded-content\" data-secret=\"szoK1Lc1jI\"><p><a href=\"https:\/\/kapitalis.com\/tunisie\/2018\/10\/08\/ons-hattab-en-mode-porte-parole-de-la-presidence-de-la-republique\/\">Ons Hattab en mode porte-parole de la pr\u00e9sidence de la r\u00e9publique !<\/a><\/p><\/blockquote>\n<p><iframe loading=\"lazy\" class=\"wp-embedded-content\" sandbox=\"allow-scripts\" security=\"restricted\" style=\"position: absolute; clip: rect(1px, 1px, 1px, 1px);\" title=\"\u00ab\u00a0Ons Hattab en mode porte-parole de la pr\u00e9sidence de la r\u00e9publique !\u00a0\u00bb &#8212; Kapitalis\" src=\"https:\/\/kapitalis.com\/tunisie\/2018\/10\/08\/ons-hattab-en-mode-porte-parole-de-la-presidence-de-la-republique\/embed\/#?secret=4ZwMQqtXLl#?secret=szoK1Lc1jI\" data-secret=\"szoK1Lc1jI\" width=\"600\" height=\"338\" frameborder=\"0\" marginwidth=\"0\" marginheight=\"0\" scrolling=\"no\"><\/iframe><\/p>\n","protected":false},"excerpt":{"rendered":"<p>B\u00e9ji Ca\u00efd Essebsi\/Rached Ghannouchi: la difficile rupture. En r\u00e9action \u00e0 ce qui a \u00e9t\u00e9 indiqu\u00e9 dans le communiqu\u00e9 de Nidaa Tounes, hier soir, selon lequel le consensus entre ce parti et le mouvement Ennahdha est bel et bien fini, le mouvement islamiste a cru devoir reconfirmer, aujourd&rsquo;hui, son attachement \u00e0 ce consensus.<\/p>\n","protected":false},"author":16,"featured_media":0,"comment_status":"open","ping_status":"open","sticky":false,"template":"","format":"standard","meta":{"footnotes":""},"categories":[997,2433],"tags":[1108,49571],"class_list":["post-177592","post","type-post","status-publish","format-standard","hentry","category-politique","category-tunisie","tag-beji-caid-essebsi","tag-nidaa-tounes"],"yoast_head":"<!-- This site is optimized with the Yoast SEO plugin v26.6 - https:\/\/yoast.com\/wordpress\/plugins\/seo\/ -->\n<title>Rached Ghannouchi \u00e0 B\u00e9ji Ca\u00efd Essebsi : Je t&#039;aime, moi non plus ! - Kapitalis<\/title>\n<meta name=\"robots\" content=\"index, follow, max-snippet:-1, max-image-preview:large, max-video-preview:-1\" \/>\n<link rel=\"canonical\" href=\"https:\/\/kapitalis.com\/tunisie\/2018\/10\/09\/rached-ghannouchi-a-beji-caid-essebsi-je-taime-moi-non-plus\/\" \/>\n<meta property=\"og:locale\" content=\"fr_FR\" \/>\n<meta property=\"og:type\" content=\"article\" \/>\n<meta property=\"og:title\" content=\"Rached Ghannouchi \u00e0 B\u00e9ji Ca\u00efd Essebsi : Je t&#039;aime, moi non plus ! - Kapitalis\" \/>\n<meta property=\"og:description\" content=\"B\u00e9ji Ca\u00efd Essebsi\/Rached Ghannouchi: la difficile rupture. En r\u00e9action \u00e0 ce qui a \u00e9t\u00e9 indiqu\u00e9 dans le communiqu\u00e9 de Nidaa Tounes, hier soir, selon lequel le consensus entre ce parti et le mouvement Ennahdha est bel et bien fini, le mouvement islamiste a cru devoir reconfirmer, aujourd&rsquo;hui, son attachement \u00e0 ce consensus.\" \/>\n<meta property=\"og:url\" content=\"https:\/\/kapitalis.com\/tunisie\/2018\/10\/09\/rached-ghannouchi-a-beji-caid-essebsi-je-taime-moi-non-plus\/\" \/>\n<meta property=\"og:site_name\" content=\"Kapitalis\" \/>\n<meta property=\"article:publisher\" content=\"https:\/\/www.facebook.com\/KapitalisInfo\/\" \/>\n<meta property=\"article:published_time\" content=\"2018-10-09T12:07:46+00:00\" \/>\n<meta property=\"article:modified_time\" content=\"2018-10-09T12:12:28+00:00\" \/>\n<meta property=\"og:image\" content=\"http:\/\/kapitalis.com\/tunisie\/wp-content\/uploads\/2017\/08\/Caid-Essebsi-Ghannouchi.jpg\" \/>\n<meta name=\"author\" content=\"emna benabdallah\" \/>\n<meta name=\"twitter:card\" content=\"summary_large_image\" \/>\n<meta name=\"twitter:creator\" content=\"@KapitalisInfo\" \/>\n<meta name=\"twitter:site\" content=\"@KapitalisInfo\" \/>\n<meta name=\"twitter:label1\" content=\"\u00c9crit par\" \/>\n\t<meta name=\"twitter:data1\" content=\"emna benabdallah\" \/>\n\t<meta name=\"twitter:label2\" content=\"Dur\u00e9e de lecture estim\u00e9e\" \/>\n\t<meta name=\"twitter:data2\" content=\"2 minutes\" \/>\n<script type=\"application\/ld+json\" class=\"yoast-schema-graph\">{\"@context\":\"https:\/\/schema.org\",\"@graph\":[{\"@type\":\"Article\",\"@id\":\"https:\/\/kapitalis.com\/tunisie\/2018\/10\/09\/rached-ghannouchi-a-beji-caid-essebsi-je-taime-moi-non-plus\/#article\",\"isPartOf\":{\"@id\":\"https:\/\/kapitalis.com\/tunisie\/2018\/10\/09\/rached-ghannouchi-a-beji-caid-essebsi-je-taime-moi-non-plus\/\"},\"author\":{\"name\":\"emna benabdallah\",\"@id\":\"https:\/\/kapitalis.com\/tunisie\/#\/schema\/person\/2c6e134b2f3369dffcd1daf5f087d28b\"},\"headline\":\"Rached Ghannouchi \u00e0 B\u00e9ji Ca\u00efd Essebsi : Je t&rsquo;aime, moi non plus !\",\"datePublished\":\"2018-10-09T12:07:46+00:00\",\"dateModified\":\"2018-10-09T12:12:28+00:00\",\"mainEntityOfPage\":{\"@id\":\"https:\/\/kapitalis.com\/tunisie\/2018\/10\/09\/rached-ghannouchi-a-beji-caid-essebsi-je-taime-moi-non-plus\/\"},\"wordCount\":329,\"commentCount\":0,\"publisher\":{\"@id\":\"https:\/\/kapitalis.com\/tunisie\/#organization\"},\"image\":{\"@id\":\"https:\/\/kapitalis.com\/tunisie\/2018\/10\/09\/rached-ghannouchi-a-beji-caid-essebsi-je-taime-moi-non-plus\/#primaryimage\"},\"thumbnailUrl\":\"http:\/\/kapitalis.com\/tunisie\/wp-content\/uploads\/2017\/08\/Caid-Essebsi-Ghannouchi.jpg\",\"keywords\":[\"B\u00e9ji Ca\u00efd Essebsi\",\"Nidaa Tounes\"],\"articleSection\":[\"POLITIQUE\",\"Tunisie\"],\"inLanguage\":\"fr-FR\",\"potentialAction\":[{\"@type\":\"CommentAction\",\"name\":\"Comment\",\"target\":[\"https:\/\/kapitalis.com\/tunisie\/2018\/10\/09\/rached-ghannouchi-a-beji-caid-essebsi-je-taime-moi-non-plus\/#respond\"]}]},{\"@type\":\"WebPage\",\"@id\":\"https:\/\/kapitalis.com\/tunisie\/2018\/10\/09\/rached-ghannouchi-a-beji-caid-essebsi-je-taime-moi-non-plus\/\",\"url\":\"https:\/\/kapitalis.com\/tunisie\/2018\/10\/09\/rached-ghannouchi-a-beji-caid-essebsi-je-taime-moi-non-plus\/\",\"name\":\"Rached Ghannouchi \u00e0 B\u00e9ji Ca\u00efd Essebsi : Je t'aime, moi non plus ! - Kapitalis\",\"isPartOf\":{\"@id\":\"https:\/\/kapitalis.com\/tunisie\/#website\"},\"primaryImageOfPage\":{\"@id\":\"https:\/\/kapitalis.com\/tunisie\/2018\/10\/09\/rached-ghannouchi-a-beji-caid-essebsi-je-taime-moi-non-plus\/#primaryimage\"},\"image\":{\"@id\":\"https:\/\/kapitalis.com\/tunisie\/2018\/10\/09\/rached-ghannouchi-a-beji-caid-essebsi-je-taime-moi-non-plus\/#primaryimage\"},\"thumbnailUrl\":\"http:\/\/kapitalis.com\/tunisie\/wp-content\/uploads\/2017\/08\/Caid-Essebsi-Ghannouchi.jpg\",\"datePublished\":\"2018-10-09T12:07:46+00:00\",\"dateModified\":\"2018-10-09T12:12:28+00:00\",\"breadcrumb\":{\"@id\":\"https:\/\/kapitalis.com\/tunisie\/2018\/10\/09\/rached-ghannouchi-a-beji-caid-essebsi-je-taime-moi-non-plus\/#breadcrumb\"},\"inLanguage\":\"fr-FR\",\"potentialAction\":[{\"@type\":\"ReadAction\",\"target\":[\"https:\/\/kapitalis.com\/tunisie\/2018\/10\/09\/rached-ghannouchi-a-beji-caid-essebsi-je-taime-moi-non-plus\/\"]}]},{\"@type\":\"ImageObject\",\"inLanguage\":\"fr-FR\",\"@id\":\"https:\/\/kapitalis.com\/tunisie\/2018\/10\/09\/rached-ghannouchi-a-beji-caid-essebsi-je-taime-moi-non-plus\/#primaryimage\",\"url\":\"http:\/\/kapitalis.com\/tunisie\/wp-content\/uploads\/2017\/08\/Caid-Essebsi-Ghannouchi.jpg\",\"contentUrl\":\"http:\/\/kapitalis.com\/tunisie\/wp-content\/uploads\/2017\/08\/Caid-Essebsi-Ghannouchi.jpg\"},{\"@type\":\"BreadcrumbList\",\"@id\":\"https:\/\/kapitalis.com\/tunisie\/2018\/10\/09\/rached-ghannouchi-a-beji-caid-essebsi-je-taime-moi-non-plus\/#breadcrumb\",\"itemListElement\":[{\"@type\":\"ListItem\",\"position\":1,\"name\":\"Accueil\",\"item\":\"https:\/\/kapitalis.com\/tunisie\/\"},{\"@type\":\"ListItem\",\"position\":2,\"name\":\"Rached Ghannouchi \u00e0 B\u00e9ji Ca\u00efd Essebsi : Je t&rsquo;aime, moi non plus !\"}]},{\"@type\":\"WebSite\",\"@id\":\"https:\/\/kapitalis.com\/tunisie\/#website\",\"url\":\"https:\/\/kapitalis.com\/tunisie\/\",\"name\":\"Kapitalis\",\"description\":\"L&#039;actualit\u00e9 en Tunisie et dans le monde\",\"publisher\":{\"@id\":\"https:\/\/kapitalis.com\/tunisie\/#organization\"},\"potentialAction\":[{\"@type\":\"SearchAction\",\"target\":{\"@type\":\"EntryPoint\",\"urlTemplate\":\"https:\/\/kapitalis.com\/tunisie\/?s={search_term_string}\"},\"query-input\":{\"@type\":\"PropertyValueSpecification\",\"valueRequired\":true,\"valueName\":\"search_term_string\"}}],\"inLanguage\":\"fr-FR\"},{\"@type\":\"Organization\",\"@id\":\"https:\/\/kapitalis.com\/tunisie\/#organization\",\"name\":\"Kapitalis\",\"url\":\"https:\/\/kapitalis.com\/tunisie\/\",\"logo\":{\"@type\":\"ImageObject\",\"inLanguage\":\"fr-FR\",\"@id\":\"https:\/\/kapitalis.com\/tunisie\/#\/schema\/logo\/image\/\",\"url\":\"https:\/\/kapitalis.com\/tunisie\/wp-content\/uploads\/2022\/05\/Kapitalis-big-size.png\",\"contentUrl\":\"https:\/\/kapitalis.com\/tunisie\/wp-content\/uploads\/2022\/05\/Kapitalis-big-size.png\",\"width\":5000,\"height\":1500,\"caption\":\"Kapitalis\"},\"image\":{\"@id\":\"https:\/\/kapitalis.com\/tunisie\/#\/schema\/logo\/image\/\"},\"sameAs\":[\"https:\/\/www.facebook.com\/KapitalisInfo\/\",\"https:\/\/x.com\/KapitalisInfo\",\"https:\/\/www.youtube.com\/channel\/UC-yDYrHyfFBWWZaOw3FPg9Q\"]},{\"@type\":\"Person\",\"@id\":\"https:\/\/kapitalis.com\/tunisie\/#\/schema\/person\/2c6e134b2f3369dffcd1daf5f087d28b\",\"name\":\"emna benabdallah\",\"url\":\"https:\/\/kapitalis.com\/tunisie\/author\/emna\/\"}]}<\/script>\n<!-- \/ Yoast SEO plugin. -->","yoast_head_json":{"title":"Rached Ghannouchi \u00e0 B\u00e9ji Ca\u00efd Essebsi : Je t'aime, moi non plus ! - Kapitalis","robots":{"index":"index","follow":"follow","max-snippet":"max-snippet:-1","max-image-preview":"max-image-preview:large","max-video-preview":"max-video-preview:-1"},"canonical":"https:\/\/kapitalis.com\/tunisie\/2018\/10\/09\/rached-ghannouchi-a-beji-caid-essebsi-je-taime-moi-non-plus\/","og_locale":"fr_FR","og_type":"article","og_title":"Rached Ghannouchi \u00e0 B\u00e9ji Ca\u00efd Essebsi : Je t'aime, moi non plus ! - Kapitalis","og_description":"B\u00e9ji Ca\u00efd Essebsi\/Rached Ghannouchi: la difficile rupture. En r\u00e9action \u00e0 ce qui a \u00e9t\u00e9 indiqu\u00e9 dans le communiqu\u00e9 de Nidaa Tounes, hier soir, selon lequel le consensus entre ce parti et le mouvement Ennahdha est bel et bien fini, le mouvement islamiste a cru devoir reconfirmer, aujourd&rsquo;hui, son attachement \u00e0 ce consensus.","og_url":"https:\/\/kapitalis.com\/tunisie\/2018\/10\/09\/rached-ghannouchi-a-beji-caid-essebsi-je-taime-moi-non-plus\/","og_site_name":"Kapitalis","article_publisher":"https:\/\/www.facebook.com\/KapitalisInfo\/","article_published_time":"2018-10-09T12:07:46+00:00","article_modified_time":"2018-10-09T12:12:28+00:00","og_image":[{"url":"http:\/\/kapitalis.com\/tunisie\/wp-content\/uploads\/2017\/08\/Caid-Essebsi-Ghannouchi.jpg","type":"","width":"","height":""}],"author":"emna benabdallah","twitter_card":"summary_large_image","twitter_creator":"@KapitalisInfo","twitter_site":"@KapitalisInfo","twitter_misc":{"\u00c9crit par":"emna benabdallah","Dur\u00e9e de lecture estim\u00e9e":"2 minutes"},"schema":{"@context":"https:\/\/schema.org","@graph":[{"@type":"Article","@id":"https:\/\/kapitalis.com\/tunisie\/2018\/10\/09\/rached-ghannouchi-a-beji-caid-essebsi-je-taime-moi-non-plus\/#article","isPartOf":{"@id":"https:\/\/kapitalis.com\/tunisie\/2018\/10\/09\/rached-ghannouchi-a-beji-caid-essebsi-je-taime-moi-non-plus\/"},"author":{"name":"emna benabdallah","@id":"https:\/\/kapitalis.com\/tunisie\/#\/schema\/person\/2c6e134b2f3369dffcd1daf5f087d28b"},"headline":"Rached Ghannouchi \u00e0 B\u00e9ji Ca\u00efd Essebsi : Je t&rsquo;aime, moi non plus !","datePublished":"2018-10-09T12:07:46+00:00","dateModified":"2018-10-09T12:12:28+00:00","mainEntityOfPage":{"@id":"https:\/\/kapitalis.com\/tunisie\/2018\/10\/09\/rached-ghannouchi-a-beji-caid-essebsi-je-taime-moi-non-plus\/"},"wordCount":329,"commentCount":0,"publisher":{"@id":"https:\/\/kapitalis.com\/tunisie\/#organization"},"image":{"@id":"https:\/\/kapitalis.com\/tunisie\/2018\/10\/09\/rached-ghannouchi-a-beji-caid-essebsi-je-taime-moi-non-plus\/#primaryimage"},"thumbnailUrl":"http:\/\/kapitalis.com\/tunisie\/wp-content\/uploads\/2017\/08\/Caid-Essebsi-Ghannouchi.jpg","keywords":["B\u00e9ji Ca\u00efd Essebsi","Nidaa Tounes"],"articleSection":["POLITIQUE","Tunisie"],"inLanguage":"fr-FR","potentialAction":[{"@type":"CommentAction","name":"Comment","target":["https:\/\/kapitalis.com\/tunisie\/2018\/10\/09\/rached-ghannouchi-a-beji-caid-essebsi-je-taime-moi-non-plus\/#respond"]}]},{"@type":"WebPage","@id":"https:\/\/kapitalis.com\/tunisie\/2018\/10\/09\/rached-ghannouchi-a-beji-caid-essebsi-je-taime-moi-non-plus\/","url":"https:\/\/kapitalis.com\/tunisie\/2018\/10\/09\/rached-ghannouchi-a-beji-caid-essebsi-je-taime-moi-non-plus\/","name":"Rached Ghannouchi \u00e0 B\u00e9ji Ca\u00efd Essebsi : Je t'aime, moi non plus ! - Kapitalis","isPartOf":{"@id":"https:\/\/kapitalis.com\/tunisie\/#website"},"primaryImageOfPage":{"@id":"https:\/\/kapitalis.com\/tunisie\/2018\/10\/09\/rached-ghannouchi-a-beji-caid-essebsi-je-taime-moi-non-plus\/#primaryimage"},"image":{"@id":"https:\/\/kapitalis.com\/tunisie\/2018\/10\/09\/rached-ghannouchi-a-beji-caid-essebsi-je-taime-moi-non-plus\/#primaryimage"},"thumbnailUrl":"http:\/\/kapitalis.com\/tunisie\/wp-content\/uploads\/2017\/08\/Caid-Essebsi-Ghannouchi.jpg","datePublished":"2018-10-09T12:07:46+00:00","dateModified":"2018-10-09T12:12:28+00:00","breadcrumb":{"@id":"https:\/\/kapitalis.com\/tunisie\/2018\/10\/09\/rached-ghannouchi-a-beji-caid-essebsi-je-taime-moi-non-plus\/#breadcrumb"},"inLanguage":"fr-FR","potentialAction":[{"@type":"ReadAction","target":["https:\/\/kapitalis.com\/tunisie\/2018\/10\/09\/rached-ghannouchi-a-beji-caid-essebsi-je-taime-moi-non-plus\/"]}]},{"@type":"ImageObject","inLanguage":"fr-FR","@id":"https:\/\/kapitalis.com\/tunisie\/2018\/10\/09\/rached-ghannouchi-a-beji-caid-essebsi-je-taime-moi-non-plus\/#primaryimage","url":"http:\/\/kapitalis.com\/tunisie\/wp-content\/uploads\/2017\/08\/Caid-Essebsi-Ghannouchi.jpg","contentUrl":"http:\/\/kapitalis.com\/tunisie\/wp-content\/uploads\/2017\/08\/Caid-Essebsi-Ghannouchi.jpg"},{"@type":"BreadcrumbList","@id":"https:\/\/kapitalis.com\/tunisie\/2018\/10\/09\/rached-ghannouchi-a-beji-caid-essebsi-je-taime-moi-non-plus\/#breadcrumb","itemListElement":[{"@type":"ListItem","position":1,"name":"Accueil","item":"https:\/\/kapitalis.com\/tunisie\/"},{"@type":"ListItem","position":2,"name":"Rached Ghannouchi \u00e0 B\u00e9ji Ca\u00efd Essebsi : Je t&rsquo;aime, moi non plus !"}]},{"@type":"WebSite","@id":"https:\/\/kapitalis.com\/tunisie\/#website","url":"https:\/\/kapitalis.com\/tunisie\/","name":"Kapitalis","description":"L&#039;actualit\u00e9 en Tunisie et dans le monde","publisher":{"@id":"https:\/\/kapitalis.com\/tunisie\/#organization"},"potentialAction":[{"@type":"SearchAction","target":{"@type":"EntryPoint","urlTemplate":"https:\/\/kapitalis.com\/tunisie\/?s={search_term_string}"},"query-input":{"@type":"PropertyValueSpecification","valueRequired":true,"valueName":"search_term_string"}}],"inLanguage":"fr-FR"},{"@type":"Organization","@id":"https:\/\/kapitalis.com\/tunisie\/#organization","name":"Kapitalis","url":"https:\/\/kapitalis.com\/tunisie\/","logo":{"@type":"ImageObject","inLanguage":"fr-FR","@id":"https:\/\/kapitalis.com\/tunisie\/#\/schema\/logo\/image\/","url":"https:\/\/kapitalis.com\/tunisie\/wp-content\/uploads\/2022\/05\/Kapitalis-big-size.png","contentUrl":"https:\/\/kapitalis.com\/tunisie\/wp-content\/uploads\/2022\/05\/Kapitalis-big-size.png","width":5000,"height":1500,"caption":"Kapitalis"},"image":{"@id":"https:\/\/kapitalis.com\/tunisie\/#\/schema\/logo\/image\/"},"sameAs":["https:\/\/www.facebook.com\/KapitalisInfo\/","https:\/\/x.com\/KapitalisInfo","https:\/\/www.youtube.com\/channel\/UC-yDYrHyfFBWWZaOw3FPg9Q"]},{"@type":"Person","@id":"https:\/\/kapitalis.com\/tunisie\/#\/schema\/person\/2c6e134b2f3369dffcd1daf5f087d28b","name":"emna benabdallah","url":"https:\/\/kapitalis.com\/tunisie\/author\/emna\/"}]}},"_links":{"self":[{"href":"https:\/\/kapitalis.com\/tunisie\/wp-json\/wp\/v2\/posts\/177592","targetHints":{"allow":["GET"]}}],"collection":[{"href":"https:\/\/kapitalis.com\/tunisie\/wp-json\/wp\/v2\/posts"}],"about":[{"href":"https:\/\/kapitalis.com\/tunisie\/wp-json\/wp\/v2\/types\/post"}],"author":[{"embeddable":true,"href":"https:\/\/kapitalis.com\/tunisie\/wp-json\/wp\/v2\/users\/16"}],"replies":[{"embeddable":true,"href":"https:\/\/kapitalis.com\/tunisie\/wp-json\/wp\/v2\/comments?post=177592"}],"version-history":[{"count":0,"href":"https:\/\/kapitalis.com\/tunisie\/wp-json\/wp\/v2\/posts\/177592\/revisions"}],"wp:attachment":[{"href":"https:\/\/kapitalis.com\/tunisie\/wp-json\/wp\/v2\/media?parent=177592"}],"wp:term":[{"taxonomy":"category","embeddable":true,"href":"https:\/\/kapitalis.com\/tunisie\/wp-json\/wp\/v2\/categories?post=177592"},{"taxonomy":"post_tag","embeddable":true,"href":"https:\/\/kapitalis.com\/tunisie\/wp-json\/wp\/v2\/tags?post=177592"}],"curies":[{"name":"wp","href":"https:\/\/api.w.org\/{rel}","templated":true}]}}