{"id":177757,"date":"2018-10-10T09:08:53","date_gmt":"2018-10-10T08:08:53","guid":{"rendered":"http:\/\/kapitalis.com\/tunisie\/?p=177757"},"modified":"2018-10-10T09:08:53","modified_gmt":"2018-10-10T08:08:53","slug":"tunisie-la-societe-civile-salue-la-loi-sur-la-discrimination-raciale","status":"publish","type":"post","link":"https:\/\/kapitalis.com\/tunisie\/2018\/10\/10\/tunisie-la-societe-civile-salue-la-loi-sur-la-discrimination-raciale\/","title":{"rendered":"Tunisie : La soci\u00e9t\u00e9 civile salue la loi sur la discrimination raciale"},"content":{"rendered":"<p style=\"text-align: center;\"><img loading=\"lazy\" decoding=\"async\" class=\"alignnone size-full wp-image-177758\" src=\"http:\/\/kapitalis.com\/tunisie\/wp-content\/uploads\/2018\/10\/Yamina-Thabet_Saadia-Mosbah.jpg\" alt=\"\" width=\"626\" height=\"380\" \/><\/p>\n<p style=\"text-align: center;\"><em>Yamina Thabet\/Saadia Mosbah.<\/em><\/p>\n<p><em><strong>Suite \u00e0 l&rsquo;adoption de la <a href=\"http:\/\/kapitalis.com\/tunisie\/2018\/10\/09\/premiere-en-tunisie-la-discrimination-raciale-enfin-criminalisee\/\" target=\"_blank\" rel=\"noopener\">loi criminalisant la discrimination raciale en Tunisie,<\/a> plusieurs d\u00e9fenseurs des droits de l&rsquo;homme ont exprim\u00e9 leur joie sur les r\u00e9seaux sociaux.<\/strong><\/em><!--more--><\/p>\n<p>La photo montrant les larmes de joie de Saadia Mosbah,\u00a0pr\u00e9sidente de l&rsquo;Association M&rsquo;nemti, n&rsquo;a cess\u00e9 d&rsquo;\u00eatre partag\u00e9 sur les r\u00e9seaux sociaux, depuis hier soir, mardi 9 octobre 2018, par des internautes exprimant leur fiert\u00e9 apr\u00e8s l&rsquo;adoption de cette loi, hier, avec une majorit\u00e9 de 125 voix pour, 1 contre et 5 abstentions.<\/p>\n<p>Ce moment historique a \u00e9t\u00e9 c\u00e9l\u00e9br\u00e9 au si\u00e8ge de l&rsquo;Assembl\u00e9e des repr\u00e9sentants du peuple (ARP) par les militants des droits de l&rsquo;homme et par certains d\u00e9put\u00e9s dont Abderraouf El-May,\u00a0membre du bloc de la Coalition nationale, qui a \u00e9crit, sur son compte Facebook, que sa\u00a0\u00ab<em>fiert\u00e9 d&rsquo;\u00eatre un Tunisien est indescriptible<\/em>\u00bb.<\/p>\n<p>Yamina Thabet, pr\u00e9sidente de l&rsquo;Association tunisienne de soutien des minorit\u00e9s (ATSM), a, de son c\u00f4t\u00e9, exprim\u00e9 sa joie et sa fiert\u00e9 dans une vid\u00e9o publi\u00e9e sur son compte Facebook et a indiqu\u00e9 que\u00a0\u00ab<em>cette loi va changer beaucoup de choses dans la lutte contre le racisme en Tunisie. On nous a pris pour des fous il y a sept ans en nous disant que le racisme n&rsquo;existait pas en Tunisie. Mais on la fait! La loi a \u00e9t\u00e9 vot\u00e9e!<\/em>\u00bb.<\/p>\n<p>De son c\u00f4t\u00e9, Ghofrane Binous, l&rsquo;h\u00f4tesse de l&rsquo;air qui avait \u00e9t\u00e9 la cible, en mai dernier, des propos raciste d&rsquo;une voyageuse lors d&rsquo;un vol Tunisair \u00e0 destination d&rsquo;Istanbul, a indiqu\u00e9 qu&rsquo;elle ne se consid\u00e8re plus comme une citoyenne de 2e degr\u00e9 lorsqu&rsquo;elle est trait\u00e9e par tous les noms \u00e0 cause de sa couleur de peau.<\/p>\n<p style=\"text-align: right;\"><strong>E. B. A.<\/strong><\/p>\n<blockquote class=\"wp-embedded-content\" data-secret=\"9JTAvWFs3N\"><p><a href=\"https:\/\/kapitalis.com\/tunisie\/2018\/05\/14\/racisme-une-passagere-debarquee-dun-avion-tunisair\/\">Racisme : Une passag\u00e8re d\u00e9barqu\u00e9e d\u2019un avion Tunisair<\/a><\/p><\/blockquote>\n<p><iframe loading=\"lazy\" class=\"wp-embedded-content\" sandbox=\"allow-scripts\" security=\"restricted\" style=\"position: absolute; clip: rect(1px, 1px, 1px, 1px);\" title=\"\u00ab\u00a0Racisme : Une passag\u00e8re d\u00e9barqu\u00e9e d\u2019un avion Tunisair\u00a0\u00bb &#8212; Kapitalis\" src=\"https:\/\/kapitalis.com\/tunisie\/2018\/05\/14\/racisme-une-passagere-debarquee-dun-avion-tunisair\/embed\/#?secret=LPwFwdhHlH#?secret=9JTAvWFs3N\" data-secret=\"9JTAvWFs3N\" width=\"600\" height=\"338\" frameborder=\"0\" marginwidth=\"0\" marginheight=\"0\" scrolling=\"no\"><\/iframe><\/p>\n<blockquote class=\"wp-embedded-content\" data-secret=\"sM6zNm8tSd\"><p><a href=\"https:\/\/kapitalis.com\/tunisie\/2018\/05\/18\/med-amine-mister-meteo-qui-donne-des-couleurs-a-la-tv-tunisienne\/\">Med Amine : Mister m\u00e9t\u00e9o qui donne des couleurs \u00e0 la TV tunisienne<\/a><\/p><\/blockquote>\n<p><iframe loading=\"lazy\" class=\"wp-embedded-content\" sandbox=\"allow-scripts\" security=\"restricted\" style=\"position: absolute; clip: rect(1px, 1px, 1px, 1px);\" title=\"\u00ab\u00a0Med Amine : Mister m\u00e9t\u00e9o qui donne des couleurs \u00e0 la TV tunisienne\u00a0\u00bb &#8212; Kapitalis\" src=\"https:\/\/kapitalis.com\/tunisie\/2018\/05\/18\/med-amine-mister-meteo-qui-donne-des-couleurs-a-la-tv-tunisienne\/embed\/#?secret=NoABca7mtw#?secret=sM6zNm8tSd\" data-secret=\"sM6zNm8tSd\" width=\"600\" height=\"338\" frameborder=\"0\" marginwidth=\"0\" marginheight=\"0\" scrolling=\"no\"><\/iframe><\/p>\n","protected":false},"excerpt":{"rendered":"<p>Yamina Thabet\/Saadia Mosbah. Suite \u00e0 l&rsquo;adoption de la loi criminalisant la discrimination raciale en Tunisie, plusieurs d\u00e9fenseurs des droits de l&rsquo;homme ont exprim\u00e9 leur joie sur les r\u00e9seaux sociaux.<\/p>\n","protected":false},"author":16,"featured_media":177758,"comment_status":"open","ping_status":"open","sticky":false,"template":"","format":"standard","meta":{"footnotes":""},"categories":[998,2433],"tags":[12378,11539,3138,17038],"class_list":["post-177757","post","type-post","status-publish","format-standard","has-post-thumbnail","hentry","category-societe","category-tunisie","tag-abderraouf-el-may","tag-discrimination-raciale","tag-droits-de-lhomme","tag-yamina-thabet"],"yoast_head":"<!-- This site is optimized with the Yoast SEO plugin v26.6 - https:\/\/yoast.com\/wordpress\/plugins\/seo\/ -->\n<title>Tunisie : La soci\u00e9t\u00e9 civile salue la loi sur la discrimination raciale - Kapitalis<\/title>\n<meta name=\"robots\" content=\"index, follow, max-snippet:-1, max-image-preview:large, max-video-preview:-1\" \/>\n<link rel=\"canonical\" href=\"https:\/\/kapitalis.com\/tunisie\/2018\/10\/10\/tunisie-la-societe-civile-salue-la-loi-sur-la-discrimination-raciale\/\" \/>\n<meta property=\"og:locale\" content=\"fr_FR\" \/>\n<meta property=\"og:type\" content=\"article\" \/>\n<meta property=\"og:title\" content=\"Tunisie : La soci\u00e9t\u00e9 civile salue la loi sur la discrimination raciale - Kapitalis\" \/>\n<meta property=\"og:description\" content=\"Yamina Thabet\/Saadia Mosbah. Suite \u00e0 l&rsquo;adoption de la loi criminalisant la discrimination raciale en Tunisie, plusieurs d\u00e9fenseurs des droits de l&rsquo;homme ont exprim\u00e9 leur joie sur les r\u00e9seaux sociaux.\" \/>\n<meta property=\"og:url\" content=\"https:\/\/kapitalis.com\/tunisie\/2018\/10\/10\/tunisie-la-societe-civile-salue-la-loi-sur-la-discrimination-raciale\/\" \/>\n<meta property=\"og:site_name\" content=\"Kapitalis\" \/>\n<meta property=\"article:publisher\" content=\"https:\/\/www.facebook.com\/KapitalisInfo\/\" \/>\n<meta property=\"article:published_time\" content=\"2018-10-10T08:08:53+00:00\" \/>\n<meta property=\"og:image\" content=\"https:\/\/kapitalis.com\/tunisie\/wp-content\/uploads\/2022\/05\/kapitalis-logo-fb.png\" \/>\n\t<meta property=\"og:image:width\" content=\"1200\" \/>\n\t<meta property=\"og:image:height\" content=\"630\" \/>\n\t<meta property=\"og:image:type\" content=\"image\/png\" \/>\n<meta name=\"author\" content=\"emna benabdallah\" \/>\n<meta name=\"twitter:card\" content=\"summary_large_image\" \/>\n<meta name=\"twitter:creator\" content=\"@KapitalisInfo\" \/>\n<meta name=\"twitter:site\" content=\"@KapitalisInfo\" \/>\n<meta name=\"twitter:label1\" content=\"\u00c9crit par\" \/>\n\t<meta name=\"twitter:data1\" content=\"emna benabdallah\" \/>\n\t<meta name=\"twitter:label2\" content=\"Dur\u00e9e de lecture estim\u00e9e\" \/>\n\t<meta name=\"twitter:data2\" content=\"1 minute\" \/>\n<script type=\"application\/ld+json\" class=\"yoast-schema-graph\">{\"@context\":\"https:\/\/schema.org\",\"@graph\":[{\"@type\":\"Article\",\"@id\":\"https:\/\/kapitalis.com\/tunisie\/2018\/10\/10\/tunisie-la-societe-civile-salue-la-loi-sur-la-discrimination-raciale\/#article\",\"isPartOf\":{\"@id\":\"https:\/\/kapitalis.com\/tunisie\/2018\/10\/10\/tunisie-la-societe-civile-salue-la-loi-sur-la-discrimination-raciale\/\"},\"author\":{\"name\":\"emna benabdallah\",\"@id\":\"https:\/\/kapitalis.com\/tunisie\/#\/schema\/person\/2c6e134b2f3369dffcd1daf5f087d28b\"},\"headline\":\"Tunisie : La soci\u00e9t\u00e9 civile salue la loi sur la discrimination raciale\",\"datePublished\":\"2018-10-10T08:08:53+00:00\",\"mainEntityOfPage\":{\"@id\":\"https:\/\/kapitalis.com\/tunisie\/2018\/10\/10\/tunisie-la-societe-civile-salue-la-loi-sur-la-discrimination-raciale\/\"},\"wordCount\":309,\"commentCount\":5,\"publisher\":{\"@id\":\"https:\/\/kapitalis.com\/tunisie\/#organization\"},\"image\":{\"@id\":\"https:\/\/kapitalis.com\/tunisie\/2018\/10\/10\/tunisie-la-societe-civile-salue-la-loi-sur-la-discrimination-raciale\/#primaryimage\"},\"thumbnailUrl\":\"\",\"keywords\":[\"Abderraouf El May\",\"discrimination raciale\",\"droits de l\u2019Homme\",\"Yamina Thabet\"],\"articleSection\":[\"SOCIETE\",\"Tunisie\"],\"inLanguage\":\"fr-FR\",\"potentialAction\":[{\"@type\":\"CommentAction\",\"name\":\"Comment\",\"target\":[\"https:\/\/kapitalis.com\/tunisie\/2018\/10\/10\/tunisie-la-societe-civile-salue-la-loi-sur-la-discrimination-raciale\/#respond\"]}]},{\"@type\":\"WebPage\",\"@id\":\"https:\/\/kapitalis.com\/tunisie\/2018\/10\/10\/tunisie-la-societe-civile-salue-la-loi-sur-la-discrimination-raciale\/\",\"url\":\"https:\/\/kapitalis.com\/tunisie\/2018\/10\/10\/tunisie-la-societe-civile-salue-la-loi-sur-la-discrimination-raciale\/\",\"name\":\"Tunisie : La soci\u00e9t\u00e9 civile salue la loi sur la discrimination raciale - Kapitalis\",\"isPartOf\":{\"@id\":\"https:\/\/kapitalis.com\/tunisie\/#website\"},\"primaryImageOfPage\":{\"@id\":\"https:\/\/kapitalis.com\/tunisie\/2018\/10\/10\/tunisie-la-societe-civile-salue-la-loi-sur-la-discrimination-raciale\/#primaryimage\"},\"image\":{\"@id\":\"https:\/\/kapitalis.com\/tunisie\/2018\/10\/10\/tunisie-la-societe-civile-salue-la-loi-sur-la-discrimination-raciale\/#primaryimage\"},\"thumbnailUrl\":\"\",\"datePublished\":\"2018-10-10T08:08:53+00:00\",\"breadcrumb\":{\"@id\":\"https:\/\/kapitalis.com\/tunisie\/2018\/10\/10\/tunisie-la-societe-civile-salue-la-loi-sur-la-discrimination-raciale\/#breadcrumb\"},\"inLanguage\":\"fr-FR\",\"potentialAction\":[{\"@type\":\"ReadAction\",\"target\":[\"https:\/\/kapitalis.com\/tunisie\/2018\/10\/10\/tunisie-la-societe-civile-salue-la-loi-sur-la-discrimination-raciale\/\"]}]},{\"@type\":\"ImageObject\",\"inLanguage\":\"fr-FR\",\"@id\":\"https:\/\/kapitalis.com\/tunisie\/2018\/10\/10\/tunisie-la-societe-civile-salue-la-loi-sur-la-discrimination-raciale\/#primaryimage\",\"url\":\"\",\"contentUrl\":\"\"},{\"@type\":\"BreadcrumbList\",\"@id\":\"https:\/\/kapitalis.com\/tunisie\/2018\/10\/10\/tunisie-la-societe-civile-salue-la-loi-sur-la-discrimination-raciale\/#breadcrumb\",\"itemListElement\":[{\"@type\":\"ListItem\",\"position\":1,\"name\":\"Accueil\",\"item\":\"https:\/\/kapitalis.com\/tunisie\/\"},{\"@type\":\"ListItem\",\"position\":2,\"name\":\"Tunisie : La soci\u00e9t\u00e9 civile salue la loi sur la discrimination raciale\"}]},{\"@type\":\"WebSite\",\"@id\":\"https:\/\/kapitalis.com\/tunisie\/#website\",\"url\":\"https:\/\/kapitalis.com\/tunisie\/\",\"name\":\"Kapitalis\",\"description\":\"L&#039;actualit\u00e9 en Tunisie et dans le monde\",\"publisher\":{\"@id\":\"https:\/\/kapitalis.com\/tunisie\/#organization\"},\"potentialAction\":[{\"@type\":\"SearchAction\",\"target\":{\"@type\":\"EntryPoint\",\"urlTemplate\":\"https:\/\/kapitalis.com\/tunisie\/?s={search_term_string}\"},\"query-input\":{\"@type\":\"PropertyValueSpecification\",\"valueRequired\":true,\"valueName\":\"search_term_string\"}}],\"inLanguage\":\"fr-FR\"},{\"@type\":\"Organization\",\"@id\":\"https:\/\/kapitalis.com\/tunisie\/#organization\",\"name\":\"Kapitalis\",\"url\":\"https:\/\/kapitalis.com\/tunisie\/\",\"logo\":{\"@type\":\"ImageObject\",\"inLanguage\":\"fr-FR\",\"@id\":\"https:\/\/kapitalis.com\/tunisie\/#\/schema\/logo\/image\/\",\"url\":\"https:\/\/kapitalis.com\/tunisie\/wp-content\/uploads\/2022\/05\/Kapitalis-big-size.png\",\"contentUrl\":\"https:\/\/kapitalis.com\/tunisie\/wp-content\/uploads\/2022\/05\/Kapitalis-big-size.png\",\"width\":5000,\"height\":1500,\"caption\":\"Kapitalis\"},\"image\":{\"@id\":\"https:\/\/kapitalis.com\/tunisie\/#\/schema\/logo\/image\/\"},\"sameAs\":[\"https:\/\/www.facebook.com\/KapitalisInfo\/\",\"https:\/\/x.com\/KapitalisInfo\",\"https:\/\/www.youtube.com\/channel\/UC-yDYrHyfFBWWZaOw3FPg9Q\"]},{\"@type\":\"Person\",\"@id\":\"https:\/\/kapitalis.com\/tunisie\/#\/schema\/person\/2c6e134b2f3369dffcd1daf5f087d28b\",\"name\":\"emna benabdallah\",\"url\":\"https:\/\/kapitalis.com\/tunisie\/author\/emna\/\"}]}<\/script>\n<!-- \/ Yoast SEO plugin. -->","yoast_head_json":{"title":"Tunisie : La soci\u00e9t\u00e9 civile salue la loi sur la discrimination raciale - Kapitalis","robots":{"index":"index","follow":"follow","max-snippet":"max-snippet:-1","max-image-preview":"max-image-preview:large","max-video-preview":"max-video-preview:-1"},"canonical":"https:\/\/kapitalis.com\/tunisie\/2018\/10\/10\/tunisie-la-societe-civile-salue-la-loi-sur-la-discrimination-raciale\/","og_locale":"fr_FR","og_type":"article","og_title":"Tunisie : La soci\u00e9t\u00e9 civile salue la loi sur la discrimination raciale - Kapitalis","og_description":"Yamina Thabet\/Saadia Mosbah. Suite \u00e0 l&rsquo;adoption de la loi criminalisant la discrimination raciale en Tunisie, plusieurs d\u00e9fenseurs des droits de l&rsquo;homme ont exprim\u00e9 leur joie sur les r\u00e9seaux sociaux.","og_url":"https:\/\/kapitalis.com\/tunisie\/2018\/10\/10\/tunisie-la-societe-civile-salue-la-loi-sur-la-discrimination-raciale\/","og_site_name":"Kapitalis","article_publisher":"https:\/\/www.facebook.com\/KapitalisInfo\/","article_published_time":"2018-10-10T08:08:53+00:00","og_image":[{"width":1200,"height":630,"url":"https:\/\/kapitalis.com\/tunisie\/wp-content\/uploads\/2022\/05\/kapitalis-logo-fb.png","type":"image\/png"}],"author":"emna benabdallah","twitter_card":"summary_large_image","twitter_creator":"@KapitalisInfo","twitter_site":"@KapitalisInfo","twitter_misc":{"\u00c9crit par":"emna benabdallah","Dur\u00e9e de lecture estim\u00e9e":"1 minute"},"schema":{"@context":"https:\/\/schema.org","@graph":[{"@type":"Article","@id":"https:\/\/kapitalis.com\/tunisie\/2018\/10\/10\/tunisie-la-societe-civile-salue-la-loi-sur-la-discrimination-raciale\/#article","isPartOf":{"@id":"https:\/\/kapitalis.com\/tunisie\/2018\/10\/10\/tunisie-la-societe-civile-salue-la-loi-sur-la-discrimination-raciale\/"},"author":{"name":"emna benabdallah","@id":"https:\/\/kapitalis.com\/tunisie\/#\/schema\/person\/2c6e134b2f3369dffcd1daf5f087d28b"},"headline":"Tunisie : La soci\u00e9t\u00e9 civile salue la loi sur la discrimination raciale","datePublished":"2018-10-10T08:08:53+00:00","mainEntityOfPage":{"@id":"https:\/\/kapitalis.com\/tunisie\/2018\/10\/10\/tunisie-la-societe-civile-salue-la-loi-sur-la-discrimination-raciale\/"},"wordCount":309,"commentCount":5,"publisher":{"@id":"https:\/\/kapitalis.com\/tunisie\/#organization"},"image":{"@id":"https:\/\/kapitalis.com\/tunisie\/2018\/10\/10\/tunisie-la-societe-civile-salue-la-loi-sur-la-discrimination-raciale\/#primaryimage"},"thumbnailUrl":"","keywords":["Abderraouf El May","discrimination raciale","droits de l\u2019Homme","Yamina Thabet"],"articleSection":["SOCIETE","Tunisie"],"inLanguage":"fr-FR","potentialAction":[{"@type":"CommentAction","name":"Comment","target":["https:\/\/kapitalis.com\/tunisie\/2018\/10\/10\/tunisie-la-societe-civile-salue-la-loi-sur-la-discrimination-raciale\/#respond"]}]},{"@type":"WebPage","@id":"https:\/\/kapitalis.com\/tunisie\/2018\/10\/10\/tunisie-la-societe-civile-salue-la-loi-sur-la-discrimination-raciale\/","url":"https:\/\/kapitalis.com\/tunisie\/2018\/10\/10\/tunisie-la-societe-civile-salue-la-loi-sur-la-discrimination-raciale\/","name":"Tunisie : La soci\u00e9t\u00e9 civile salue la loi sur la discrimination raciale - Kapitalis","isPartOf":{"@id":"https:\/\/kapitalis.com\/tunisie\/#website"},"primaryImageOfPage":{"@id":"https:\/\/kapitalis.com\/tunisie\/2018\/10\/10\/tunisie-la-societe-civile-salue-la-loi-sur-la-discrimination-raciale\/#primaryimage"},"image":{"@id":"https:\/\/kapitalis.com\/tunisie\/2018\/10\/10\/tunisie-la-societe-civile-salue-la-loi-sur-la-discrimination-raciale\/#primaryimage"},"thumbnailUrl":"","datePublished":"2018-10-10T08:08:53+00:00","breadcrumb":{"@id":"https:\/\/kapitalis.com\/tunisie\/2018\/10\/10\/tunisie-la-societe-civile-salue-la-loi-sur-la-discrimination-raciale\/#breadcrumb"},"inLanguage":"fr-FR","potentialAction":[{"@type":"ReadAction","target":["https:\/\/kapitalis.com\/tunisie\/2018\/10\/10\/tunisie-la-societe-civile-salue-la-loi-sur-la-discrimination-raciale\/"]}]},{"@type":"ImageObject","inLanguage":"fr-FR","@id":"https:\/\/kapitalis.com\/tunisie\/2018\/10\/10\/tunisie-la-societe-civile-salue-la-loi-sur-la-discrimination-raciale\/#primaryimage","url":"","contentUrl":""},{"@type":"BreadcrumbList","@id":"https:\/\/kapitalis.com\/tunisie\/2018\/10\/10\/tunisie-la-societe-civile-salue-la-loi-sur-la-discrimination-raciale\/#breadcrumb","itemListElement":[{"@type":"ListItem","position":1,"name":"Accueil","item":"https:\/\/kapitalis.com\/tunisie\/"},{"@type":"ListItem","position":2,"name":"Tunisie : La soci\u00e9t\u00e9 civile salue la loi sur la discrimination raciale"}]},{"@type":"WebSite","@id":"https:\/\/kapitalis.com\/tunisie\/#website","url":"https:\/\/kapitalis.com\/tunisie\/","name":"Kapitalis","description":"L&#039;actualit\u00e9 en Tunisie et dans le monde","publisher":{"@id":"https:\/\/kapitalis.com\/tunisie\/#organization"},"potentialAction":[{"@type":"SearchAction","target":{"@type":"EntryPoint","urlTemplate":"https:\/\/kapitalis.com\/tunisie\/?s={search_term_string}"},"query-input":{"@type":"PropertyValueSpecification","valueRequired":true,"valueName":"search_term_string"}}],"inLanguage":"fr-FR"},{"@type":"Organization","@id":"https:\/\/kapitalis.com\/tunisie\/#organization","name":"Kapitalis","url":"https:\/\/kapitalis.com\/tunisie\/","logo":{"@type":"ImageObject","inLanguage":"fr-FR","@id":"https:\/\/kapitalis.com\/tunisie\/#\/schema\/logo\/image\/","url":"https:\/\/kapitalis.com\/tunisie\/wp-content\/uploads\/2022\/05\/Kapitalis-big-size.png","contentUrl":"https:\/\/kapitalis.com\/tunisie\/wp-content\/uploads\/2022\/05\/Kapitalis-big-size.png","width":5000,"height":1500,"caption":"Kapitalis"},"image":{"@id":"https:\/\/kapitalis.com\/tunisie\/#\/schema\/logo\/image\/"},"sameAs":["https:\/\/www.facebook.com\/KapitalisInfo\/","https:\/\/x.com\/KapitalisInfo","https:\/\/www.youtube.com\/channel\/UC-yDYrHyfFBWWZaOw3FPg9Q"]},{"@type":"Person","@id":"https:\/\/kapitalis.com\/tunisie\/#\/schema\/person\/2c6e134b2f3369dffcd1daf5f087d28b","name":"emna benabdallah","url":"https:\/\/kapitalis.com\/tunisie\/author\/emna\/"}]}},"_links":{"self":[{"href":"https:\/\/kapitalis.com\/tunisie\/wp-json\/wp\/v2\/posts\/177757","targetHints":{"allow":["GET"]}}],"collection":[{"href":"https:\/\/kapitalis.com\/tunisie\/wp-json\/wp\/v2\/posts"}],"about":[{"href":"https:\/\/kapitalis.com\/tunisie\/wp-json\/wp\/v2\/types\/post"}],"author":[{"embeddable":true,"href":"https:\/\/kapitalis.com\/tunisie\/wp-json\/wp\/v2\/users\/16"}],"replies":[{"embeddable":true,"href":"https:\/\/kapitalis.com\/tunisie\/wp-json\/wp\/v2\/comments?post=177757"}],"version-history":[{"count":0,"href":"https:\/\/kapitalis.com\/tunisie\/wp-json\/wp\/v2\/posts\/177757\/revisions"}],"wp:featuredmedia":[{"embeddable":true,"href":"https:\/\/kapitalis.com\/tunisie\/wp-json\/wp\/v2\/media\/177758"}],"wp:attachment":[{"href":"https:\/\/kapitalis.com\/tunisie\/wp-json\/wp\/v2\/media?parent=177757"}],"wp:term":[{"taxonomy":"category","embeddable":true,"href":"https:\/\/kapitalis.com\/tunisie\/wp-json\/wp\/v2\/categories?post=177757"},{"taxonomy":"post_tag","embeddable":true,"href":"https:\/\/kapitalis.com\/tunisie\/wp-json\/wp\/v2\/tags?post=177757"}],"curies":[{"name":"wp","href":"https:\/\/api.w.org\/{rel}","templated":true}]}}