{"id":1777971,"date":"2022-06-27T07:37:00","date_gmt":"2022-06-27T06:37:00","guid":{"rendered":"https:\/\/kapitalis.com\/tunisie\/?p=1777971"},"modified":"2022-06-27T07:48:51","modified_gmt":"2022-06-27T06:48:51","slug":"drone-theory-bientot-les-robots-autonomes","status":"publish","type":"post","link":"https:\/\/kapitalis.com\/tunisie\/2022\/06\/27\/drone-theory-bientot-les-robots-autonomes\/","title":{"rendered":"\u00abDrone Theory\u00bb : bient\u00f4t les robots autonomes!"},"content":{"rendered":"\n<p><em><strong>L\u2019utilisation des drones dans les guerres asym\u00e9triques, par les Etats-Unis et Isra\u00ebl, a abouti \u00e0 une spirale sans fin d&rsquo;une m\u00e9thode de combat relativement peu co\u00fbteuse par rapport aux avions, qui pr\u00e9serve certes les vies des soldats, mais qui renforce l&rsquo;hostilit\u00e9 du monde, justifiant \u00e0 son tour plus de surveillance, plus de frappes, plus de morts et de haine, dans une guerre qui ne finit jamais.<\/strong><\/em><\/p>\n\n\n\n<p>Par <strong>Dr Mounir Hanablia<\/strong> *<\/p>\n\n\n\n<!--more-->\n\n\n\n<p>Les drones sont ces objets t\u00e9l\u00e9command\u00e9s dont la finalit\u00e9 premi\u00e8re a \u00e9t\u00e9 \u00e0 l&rsquo;origine de permettre aux pays dot\u00e9s de la sup\u00e9riorit\u00e9 scientifique et technique de projeter leur puissance par voie a\u00e9rienne dans les pays au sein desquels leur souverainet\u00e9 ne s&rsquo;exerce juridiquement pas, sans exposer les vies de leurs soldats, soit en collectant des renseignements, soit en se livrant \u00e0 des bombardements contre des cibles jug\u00e9es mena\u00e7antes.<\/p>\n\n\n\n<h2 class=\"wp-block-heading\">Voir sans \u00eatre vu<\/h2>\n\n\n\n<p>Les drones sont dans les faits la traduction du vieux r\u00eave grec d&rsquo;\u00e9galer la puissance des Dieux P\u00e9gase aux cent yeux et Zeus le seigneur de la foudre, permettant de voir sans \u00eatre vu et d&rsquo;actionner le feu du ciel contre les ennemis.<\/p>\n\n\n\n<p>Isra\u00ebl&nbsp;est le premier pays \u00e0 avoir mis au point des drones&nbsp;utilis\u00e9s dans des missions de reconnaissance lors des guerres de 1973 et de 1982, et par la suite dans des bombardements contre le Hezbollah et les activistes palestiniens, et en ce sens, il refl\u00e8tent une vision coloniale, celle d&rsquo;un pays aux ressources humaines limit\u00e9es, assi\u00e9g\u00e9 mais conscient de sa sup\u00e9riorit\u00e9 par rapport \u00e0 ses voisins et nourrissant \u00e0 l&rsquo;\u00e9gard de leurs populations un profond m\u00e9pris au point de se livrer \u00e0 des repr\u00e9sailles collectives \u00e0 leurs d\u00e9pens.<\/p>\n\n\n\n<figure class=\"wp-block-embed is-type-wp-embed is-provider-kapitalis wp-block-embed-kapitalis\"><div class=\"wp-block-embed__wrapper\">\n<blockquote class=\"wp-embedded-content\" data-secret=\"Fs1NhCsfGo\"><a href=\"https:\/\/kapitalis.com\/tunisie\/2016\/11\/03\/a-propos-de-la-base-de-drones-dans-le-sud-tunisien\/\">A propos de la base de drones dans le sud tunisien<\/a><\/blockquote><iframe loading=\"lazy\" class=\"wp-embedded-content\" sandbox=\"allow-scripts\" security=\"restricted\" style=\"position: absolute; clip: rect(1px, 1px, 1px, 1px);\" title=\"\u00ab\u00a0A propos de la base de drones dans le sud tunisien\u00a0\u00bb &#8212; Kapitalis\" src=\"https:\/\/kapitalis.com\/tunisie\/2016\/11\/03\/a-propos-de-la-base-de-drones-dans-le-sud-tunisien\/embed\/#?secret=WEEsaZMuic#?secret=Fs1NhCsfGo\" data-secret=\"Fs1NhCsfGo\" width=\"600\" height=\"338\" frameborder=\"0\" marginwidth=\"0\" marginheight=\"0\" scrolling=\"no\"><\/iframe>\n<\/div><\/figure>\n\n\n\n<p>C&rsquo;est, cependant, durant ce qu&rsquo;on appel\u00e9 la guerre contre le terrorisme que les Etats-Unis d&rsquo;Am\u00e9rique sous le pr\u00e9sidence de Barack Obama se sont livr\u00e9s en usant de cet outil \u00e0 une v\u00e9ritable guerre non d\u00e9clar\u00e9e au Pakistan, en Somalie, au Y\u00e9men,  contre les cibles d\u00e9finies comme&nbsp;jihadistes. Mais rapidement l&rsquo;usage des drones a suscit\u00e9 des critiques sur le plan politique et juridique parce que d&rsquo;une part il r\u00e9solvait bien le probl\u00e8me de la prison de Guantanamo, gr\u00e2ce \u00e0 des ex\u00e9cutions extra judiciaires hors le cadre l\u00e9gal approuv\u00e9es par le pr\u00e9sident, et que d&rsquo;autre part, la s\u00e9lection des cibles qui ob\u00e9it \u00e0 des programmes informatiques pr\u00e9- \u00e9tablis n&rsquo;est pas sp\u00e9cifique, elle ne se base que sur un ensemble de donn\u00e9es rendant probable leur implication dans les activit\u00e9s consid\u00e9r\u00e9es comme hostiles, et elle ne fait pas la part entre la cible et son environnement, au point d&rsquo;entra\u00eener de nombreuses pertes dans les populations civiles de ces pays, qui n&rsquo;ont rien \u00e0 voir avec les militants jihadistes. Et pour finir ces bombardements ont m\u00eame \u00e9t\u00e9 accus\u00e9s d&rsquo;\u00eatre contre-productifs en suscitant dans les populations victimes des frappes a\u00e9riennes et au dessus desquelles le bruit incessant des appareils entretient jour et nuit la menace de nouvelles attaques impr\u00e9visibles, un puissant ressentiment&nbsp;anti-am\u00e9ricain.<\/p>\n\n\n\n<figure class=\"wp-block-embed is-type-wp-embed is-provider-kapitalis wp-block-embed-kapitalis\"><div class=\"wp-block-embed__wrapper\">\n<blockquote class=\"wp-embedded-content\" data-secret=\"74VjjjimRA\"><a href=\"https:\/\/kapitalis.com\/tunisie\/2020\/03\/12\/defense-la-tunisie-passe-une-commande-de-drones-aupres-de-la-turquie\/\">D\u00e9fense: La Tunisie passe une commande de drones aupr\u00e8s de la Turquie<\/a><\/blockquote><iframe loading=\"lazy\" class=\"wp-embedded-content\" sandbox=\"allow-scripts\" security=\"restricted\" style=\"position: absolute; clip: rect(1px, 1px, 1px, 1px);\" title=\"\u00ab\u00a0D\u00e9fense: La Tunisie passe une commande de drones aupr\u00e8s de la Turquie\u00a0\u00bb &#8212; Kapitalis\" src=\"https:\/\/kapitalis.com\/tunisie\/2020\/03\/12\/defense-la-tunisie-passe-une-commande-de-drones-aupres-de-la-turquie\/embed\/#?secret=duN7GCkAXK#?secret=74VjjjimRA\" data-secret=\"74VjjjimRA\" width=\"600\" height=\"338\" frameborder=\"0\" marginwidth=\"0\" marginheight=\"0\" scrolling=\"no\"><\/iframe>\n<\/div><\/figure>\n\n\n\n<h2 class=\"wp-block-heading\">Plus de surveillance, plus de frappes, plus de morts<\/h2>\n\n\n\n<p>On aboutit ainsi \u00e0 cette spirale sans fin issue d&rsquo;une m\u00e9thode de combat relativement peu co\u00fbteuse par rapport aux avions qui pr\u00e9serve certes les vies des soldats, mais qui renforce l&rsquo;hostilit\u00e9 du monde, justifiant \u00e0 son tour plus de surveillance, plus de frappes, plus de morts et de haine, dans une guerre qui ne finit jamais.<\/p>\n\n\n\n<p>Le Hezbollah libanais a par ailleurs d\u00e9montr\u00e9 son aptitude \u00e0 prendre le contr\u00f4le des drones isra\u00e9liens, jusqu&rsquo;\u00e0 surveiller ce qu&rsquo;ils pouvaient r\u00e9v\u00e9ler, en en \u00e9tablissant ainsi les faiblesses.<\/p>\n\n\n\n<p>Sur un autre plan, il n&rsquo;y a lieu d&rsquo;\u00e9voquer les probl\u00e8mes psychopathologiques des pilotes de ces objets confortablement install\u00e9s devant leurs \u00e9crans et qui regagnent leurs domiciles une fois leur journ\u00e9e finie comme de simples fonctionnaires apr\u00e8s avoir assum\u00e9 leurs fonctions l\u00e9tales, que dans la mesure o\u00f9 le facteur humain constitue un puissant contre pouvoir \u00e0 la volont\u00e9 politique.<\/p>\n\n\n\n<p>Le drone n&rsquo;est en r\u00e9alit\u00e9 qu&rsquo;un maillon de plus vers le chemin de l&rsquo;automatisation de la cha\u00eene de commandement supprimant toute possibilit\u00e9 d&rsquo;insubordination contre les d\u00e9cisions du pouvoir politique.<\/p>\n\n\n\n<p>La prochaine \u00e9tape sera fatalement celle du robot autonome, programm\u00e9 pour \u00eatre juge, policier, et ex\u00e9cuteur, contre tous ceux que l&rsquo;autorit\u00e9 stigmatisera, autant \u00e0 l&rsquo;int\u00e9rieur, qu&rsquo;\u00e0 l&rsquo;ext\u00e9rieur de ses fronti\u00e8res.&nbsp;&nbsp;<\/p>\n\n\n\n<p><em>* M\u00e9decin de libre pratique. <\/em><\/p>\n\n\n\n<p><em>\u00abDrone Theory\u00bb, de Gr\u00e9goire Chamayou, traduit en anglais par Janet Lloyd, \u00e9d. Hamish Hamilton, 2015.<\/em><\/p>\n\n\n\n<h4 class=\"wp-block-heading\"><em>Article du m\u00eame auteur dans Kapitalis : <\/em><\/h4>\n\n\n\n<figure class=\"wp-block-embed is-type-wp-embed is-provider-kapitalis wp-block-embed-kapitalis\"><div class=\"wp-block-embed__wrapper\">\n<blockquote class=\"wp-embedded-content\" data-secret=\"IqZV4ag7FH\"><a href=\"https:\/\/kapitalis.com\/tunisie\/2020\/05\/01\/covid-19-tunisie-les-drones-thermo-sensibles-seraient-ils-renifleurs\/\">Covid-19 &#8211; Tunisie : Les drones thermo sensibles seraient-ils \u00abrenifleurs\u00bb?<\/a><\/blockquote><iframe loading=\"lazy\" class=\"wp-embedded-content\" sandbox=\"allow-scripts\" security=\"restricted\" style=\"position: absolute; clip: rect(1px, 1px, 1px, 1px);\" title=\"\u00ab\u00a0Covid-19 &#8211; Tunisie : Les drones thermo sensibles seraient-ils \u00abrenifleurs\u00bb?\u00a0\u00bb &#8212; Kapitalis\" src=\"https:\/\/kapitalis.com\/tunisie\/2020\/05\/01\/covid-19-tunisie-les-drones-thermo-sensibles-seraient-ils-renifleurs\/embed\/#?secret=LC2i1gjwtm#?secret=IqZV4ag7FH\" data-secret=\"IqZV4ag7FH\" width=\"600\" height=\"338\" frameborder=\"0\" marginwidth=\"0\" marginheight=\"0\" scrolling=\"no\"><\/iframe>\n<\/div><\/figure>\n","protected":false},"excerpt":{"rendered":"<p>L\u2019utilisation des drones dans les guerres asym\u00e9triques a abouti \u00e0 une spirale sans fin d&rsquo;une m\u00e9thode de combat relativement peu co\u00fbteuse par rapport aux avions.<\/p>\n","protected":false},"author":8,"featured_media":1778058,"comment_status":"open","ping_status":"open","sticky":false,"template":"","format":"standard","meta":{"footnotes":""},"categories":[992,997,1000,2433],"tags":[1705,87558,7277,75918,445,2478,85853],"class_list":["post-1777971","post","type-post","status-publish","format-standard","has-post-thumbnail","hentry","category-a-la-une","category-politique","category-tribune","category-tunisie","tag-barack-obama","tag-dr-mounir-hanablia","tag-drones","tag-etats-unis-2","tag-hezbollah","tag-israel","tag-robots"],"yoast_head":"<!-- This site is optimized with the Yoast SEO plugin v26.6 - https:\/\/yoast.com\/wordpress\/plugins\/seo\/ -->\n<title>\u00abDrone Theory\u00bb : bient\u00f4t les robots autonomes! - Kapitalis<\/title>\n<meta name=\"robots\" content=\"index, follow, max-snippet:-1, max-image-preview:large, max-video-preview:-1\" \/>\n<link rel=\"canonical\" href=\"https:\/\/kapitalis.com\/tunisie\/2022\/06\/27\/drone-theory-bientot-les-robots-autonomes\/\" \/>\n<meta property=\"og:locale\" content=\"fr_FR\" \/>\n<meta property=\"og:type\" content=\"article\" \/>\n<meta property=\"og:title\" content=\"\u00abDrone Theory\u00bb : bient\u00f4t les robots autonomes! - Kapitalis\" \/>\n<meta property=\"og:description\" content=\"L\u2019utilisation des drones dans les guerres asym\u00e9triques a abouti \u00e0 une spirale sans fin d&#039;une m\u00e9thode de combat relativement peu co\u00fbteuse par rapport aux avions.\" \/>\n<meta property=\"og:url\" content=\"https:\/\/kapitalis.com\/tunisie\/2022\/06\/27\/drone-theory-bientot-les-robots-autonomes\/\" \/>\n<meta property=\"og:site_name\" content=\"Kapitalis\" \/>\n<meta property=\"article:publisher\" content=\"https:\/\/www.facebook.com\/KapitalisInfo\/\" \/>\n<meta property=\"article:published_time\" content=\"2022-06-27T06:37:00+00:00\" \/>\n<meta property=\"article:modified_time\" content=\"2022-06-27T06:48:51+00:00\" \/>\n<meta property=\"og:image\" content=\"https:\/\/kapitalis.com\/tunisie\/wp-content\/uploads\/2022\/06\/Drone-Theory.jpg\" \/>\n\t<meta property=\"og:image:width\" content=\"1200\" \/>\n\t<meta property=\"og:image:height\" content=\"630\" \/>\n\t<meta property=\"og:image:type\" content=\"image\/jpeg\" \/>\n<meta name=\"author\" content=\"webmaster kapitalis\" \/>\n<meta name=\"twitter:card\" content=\"summary_large_image\" \/>\n<meta name=\"twitter:creator\" content=\"@KapitalisInfo\" \/>\n<meta name=\"twitter:site\" content=\"@KapitalisInfo\" \/>\n<meta name=\"twitter:label1\" content=\"\u00c9crit par\" \/>\n\t<meta name=\"twitter:data1\" content=\"webmaster kapitalis\" \/>\n\t<meta name=\"twitter:label2\" content=\"Dur\u00e9e de lecture estim\u00e9e\" \/>\n\t<meta name=\"twitter:data2\" content=\"4 minutes\" \/>\n<script type=\"application\/ld+json\" class=\"yoast-schema-graph\">{\"@context\":\"https:\/\/schema.org\",\"@graph\":[{\"@type\":\"Article\",\"@id\":\"https:\/\/kapitalis.com\/tunisie\/2022\/06\/27\/drone-theory-bientot-les-robots-autonomes\/#article\",\"isPartOf\":{\"@id\":\"https:\/\/kapitalis.com\/tunisie\/2022\/06\/27\/drone-theory-bientot-les-robots-autonomes\/\"},\"author\":{\"name\":\"webmaster kapitalis\",\"@id\":\"https:\/\/kapitalis.com\/tunisie\/#\/schema\/person\/d71f33a9ca44f7bad4698210b480c8e9\"},\"headline\":\"\u00abDrone Theory\u00bb : bient\u00f4t les robots autonomes!\",\"datePublished\":\"2022-06-27T06:37:00+00:00\",\"dateModified\":\"2022-06-27T06:48:51+00:00\",\"mainEntityOfPage\":{\"@id\":\"https:\/\/kapitalis.com\/tunisie\/2022\/06\/27\/drone-theory-bientot-les-robots-autonomes\/\"},\"wordCount\":807,\"commentCount\":2,\"publisher\":{\"@id\":\"https:\/\/kapitalis.com\/tunisie\/#organization\"},\"image\":{\"@id\":\"https:\/\/kapitalis.com\/tunisie\/2022\/06\/27\/drone-theory-bientot-les-robots-autonomes\/#primaryimage\"},\"thumbnailUrl\":\"https:\/\/kapitalis.com\/tunisie\/wp-content\/uploads\/2022\/06\/Drone-Theory.jpg\",\"keywords\":[\"Barack Obama\",\"Dr Mounir Hanablia\",\"drones\",\"Etats-Unis\",\"Hezbollah\",\"Isra\u00ebl\",\"robots\"],\"articleSection\":[\"A LA UNE\",\"POLITIQUE\",\"TRIBUNE\",\"Tunisie\"],\"inLanguage\":\"fr-FR\",\"potentialAction\":[{\"@type\":\"CommentAction\",\"name\":\"Comment\",\"target\":[\"https:\/\/kapitalis.com\/tunisie\/2022\/06\/27\/drone-theory-bientot-les-robots-autonomes\/#respond\"]}]},{\"@type\":\"WebPage\",\"@id\":\"https:\/\/kapitalis.com\/tunisie\/2022\/06\/27\/drone-theory-bientot-les-robots-autonomes\/\",\"url\":\"https:\/\/kapitalis.com\/tunisie\/2022\/06\/27\/drone-theory-bientot-les-robots-autonomes\/\",\"name\":\"\u00abDrone Theory\u00bb : bient\u00f4t les robots autonomes! - Kapitalis\",\"isPartOf\":{\"@id\":\"https:\/\/kapitalis.com\/tunisie\/#website\"},\"primaryImageOfPage\":{\"@id\":\"https:\/\/kapitalis.com\/tunisie\/2022\/06\/27\/drone-theory-bientot-les-robots-autonomes\/#primaryimage\"},\"image\":{\"@id\":\"https:\/\/kapitalis.com\/tunisie\/2022\/06\/27\/drone-theory-bientot-les-robots-autonomes\/#primaryimage\"},\"thumbnailUrl\":\"https:\/\/kapitalis.com\/tunisie\/wp-content\/uploads\/2022\/06\/Drone-Theory.jpg\",\"datePublished\":\"2022-06-27T06:37:00+00:00\",\"dateModified\":\"2022-06-27T06:48:51+00:00\",\"breadcrumb\":{\"@id\":\"https:\/\/kapitalis.com\/tunisie\/2022\/06\/27\/drone-theory-bientot-les-robots-autonomes\/#breadcrumb\"},\"inLanguage\":\"fr-FR\",\"potentialAction\":[{\"@type\":\"ReadAction\",\"target\":[\"https:\/\/kapitalis.com\/tunisie\/2022\/06\/27\/drone-theory-bientot-les-robots-autonomes\/\"]}]},{\"@type\":\"ImageObject\",\"inLanguage\":\"fr-FR\",\"@id\":\"https:\/\/kapitalis.com\/tunisie\/2022\/06\/27\/drone-theory-bientot-les-robots-autonomes\/#primaryimage\",\"url\":\"https:\/\/kapitalis.com\/tunisie\/wp-content\/uploads\/2022\/06\/Drone-Theory.jpg\",\"contentUrl\":\"https:\/\/kapitalis.com\/tunisie\/wp-content\/uploads\/2022\/06\/Drone-Theory.jpg\",\"width\":1200,\"height\":630},{\"@type\":\"BreadcrumbList\",\"@id\":\"https:\/\/kapitalis.com\/tunisie\/2022\/06\/27\/drone-theory-bientot-les-robots-autonomes\/#breadcrumb\",\"itemListElement\":[{\"@type\":\"ListItem\",\"position\":1,\"name\":\"Accueil\",\"item\":\"https:\/\/kapitalis.com\/tunisie\/\"},{\"@type\":\"ListItem\",\"position\":2,\"name\":\"\u00abDrone Theory\u00bb : bient\u00f4t les robots autonomes!\"}]},{\"@type\":\"WebSite\",\"@id\":\"https:\/\/kapitalis.com\/tunisie\/#website\",\"url\":\"https:\/\/kapitalis.com\/tunisie\/\",\"name\":\"Kapitalis\",\"description\":\"L&#039;actualit\u00e9 en Tunisie et dans le monde\",\"publisher\":{\"@id\":\"https:\/\/kapitalis.com\/tunisie\/#organization\"},\"potentialAction\":[{\"@type\":\"SearchAction\",\"target\":{\"@type\":\"EntryPoint\",\"urlTemplate\":\"https:\/\/kapitalis.com\/tunisie\/?s={search_term_string}\"},\"query-input\":{\"@type\":\"PropertyValueSpecification\",\"valueRequired\":true,\"valueName\":\"search_term_string\"}}],\"inLanguage\":\"fr-FR\"},{\"@type\":\"Organization\",\"@id\":\"https:\/\/kapitalis.com\/tunisie\/#organization\",\"name\":\"Kapitalis\",\"url\":\"https:\/\/kapitalis.com\/tunisie\/\",\"logo\":{\"@type\":\"ImageObject\",\"inLanguage\":\"fr-FR\",\"@id\":\"https:\/\/kapitalis.com\/tunisie\/#\/schema\/logo\/image\/\",\"url\":\"https:\/\/kapitalis.com\/tunisie\/wp-content\/uploads\/2022\/05\/Kapitalis-big-size.png\",\"contentUrl\":\"https:\/\/kapitalis.com\/tunisie\/wp-content\/uploads\/2022\/05\/Kapitalis-big-size.png\",\"width\":5000,\"height\":1500,\"caption\":\"Kapitalis\"},\"image\":{\"@id\":\"https:\/\/kapitalis.com\/tunisie\/#\/schema\/logo\/image\/\"},\"sameAs\":[\"https:\/\/www.facebook.com\/KapitalisInfo\/\",\"https:\/\/x.com\/KapitalisInfo\",\"https:\/\/www.youtube.com\/channel\/UC-yDYrHyfFBWWZaOw3FPg9Q\"]},{\"@type\":\"Person\",\"@id\":\"https:\/\/kapitalis.com\/tunisie\/#\/schema\/person\/d71f33a9ca44f7bad4698210b480c8e9\",\"name\":\"webmaster kapitalis\",\"url\":\"https:\/\/kapitalis.com\/tunisie\/author\/webmaster-kapitalis\/\"}]}<\/script>\n<!-- \/ Yoast SEO plugin. -->","yoast_head_json":{"title":"\u00abDrone Theory\u00bb : bient\u00f4t les robots autonomes! - Kapitalis","robots":{"index":"index","follow":"follow","max-snippet":"max-snippet:-1","max-image-preview":"max-image-preview:large","max-video-preview":"max-video-preview:-1"},"canonical":"https:\/\/kapitalis.com\/tunisie\/2022\/06\/27\/drone-theory-bientot-les-robots-autonomes\/","og_locale":"fr_FR","og_type":"article","og_title":"\u00abDrone Theory\u00bb : bient\u00f4t les robots autonomes! - Kapitalis","og_description":"L\u2019utilisation des drones dans les guerres asym\u00e9triques a abouti \u00e0 une spirale sans fin d'une m\u00e9thode de combat relativement peu co\u00fbteuse par rapport aux avions.","og_url":"https:\/\/kapitalis.com\/tunisie\/2022\/06\/27\/drone-theory-bientot-les-robots-autonomes\/","og_site_name":"Kapitalis","article_publisher":"https:\/\/www.facebook.com\/KapitalisInfo\/","article_published_time":"2022-06-27T06:37:00+00:00","article_modified_time":"2022-06-27T06:48:51+00:00","og_image":[{"width":1200,"height":630,"url":"https:\/\/kapitalis.com\/tunisie\/wp-content\/uploads\/2022\/06\/Drone-Theory.jpg","type":"image\/jpeg"}],"author":"webmaster kapitalis","twitter_card":"summary_large_image","twitter_creator":"@KapitalisInfo","twitter_site":"@KapitalisInfo","twitter_misc":{"\u00c9crit par":"webmaster kapitalis","Dur\u00e9e de lecture estim\u00e9e":"4 minutes"},"schema":{"@context":"https:\/\/schema.org","@graph":[{"@type":"Article","@id":"https:\/\/kapitalis.com\/tunisie\/2022\/06\/27\/drone-theory-bientot-les-robots-autonomes\/#article","isPartOf":{"@id":"https:\/\/kapitalis.com\/tunisie\/2022\/06\/27\/drone-theory-bientot-les-robots-autonomes\/"},"author":{"name":"webmaster kapitalis","@id":"https:\/\/kapitalis.com\/tunisie\/#\/schema\/person\/d71f33a9ca44f7bad4698210b480c8e9"},"headline":"\u00abDrone Theory\u00bb : bient\u00f4t les robots autonomes!","datePublished":"2022-06-27T06:37:00+00:00","dateModified":"2022-06-27T06:48:51+00:00","mainEntityOfPage":{"@id":"https:\/\/kapitalis.com\/tunisie\/2022\/06\/27\/drone-theory-bientot-les-robots-autonomes\/"},"wordCount":807,"commentCount":2,"publisher":{"@id":"https:\/\/kapitalis.com\/tunisie\/#organization"},"image":{"@id":"https:\/\/kapitalis.com\/tunisie\/2022\/06\/27\/drone-theory-bientot-les-robots-autonomes\/#primaryimage"},"thumbnailUrl":"https:\/\/kapitalis.com\/tunisie\/wp-content\/uploads\/2022\/06\/Drone-Theory.jpg","keywords":["Barack Obama","Dr Mounir Hanablia","drones","Etats-Unis","Hezbollah","Isra\u00ebl","robots"],"articleSection":["A LA UNE","POLITIQUE","TRIBUNE","Tunisie"],"inLanguage":"fr-FR","potentialAction":[{"@type":"CommentAction","name":"Comment","target":["https:\/\/kapitalis.com\/tunisie\/2022\/06\/27\/drone-theory-bientot-les-robots-autonomes\/#respond"]}]},{"@type":"WebPage","@id":"https:\/\/kapitalis.com\/tunisie\/2022\/06\/27\/drone-theory-bientot-les-robots-autonomes\/","url":"https:\/\/kapitalis.com\/tunisie\/2022\/06\/27\/drone-theory-bientot-les-robots-autonomes\/","name":"\u00abDrone Theory\u00bb : bient\u00f4t les robots autonomes! - Kapitalis","isPartOf":{"@id":"https:\/\/kapitalis.com\/tunisie\/#website"},"primaryImageOfPage":{"@id":"https:\/\/kapitalis.com\/tunisie\/2022\/06\/27\/drone-theory-bientot-les-robots-autonomes\/#primaryimage"},"image":{"@id":"https:\/\/kapitalis.com\/tunisie\/2022\/06\/27\/drone-theory-bientot-les-robots-autonomes\/#primaryimage"},"thumbnailUrl":"https:\/\/kapitalis.com\/tunisie\/wp-content\/uploads\/2022\/06\/Drone-Theory.jpg","datePublished":"2022-06-27T06:37:00+00:00","dateModified":"2022-06-27T06:48:51+00:00","breadcrumb":{"@id":"https:\/\/kapitalis.com\/tunisie\/2022\/06\/27\/drone-theory-bientot-les-robots-autonomes\/#breadcrumb"},"inLanguage":"fr-FR","potentialAction":[{"@type":"ReadAction","target":["https:\/\/kapitalis.com\/tunisie\/2022\/06\/27\/drone-theory-bientot-les-robots-autonomes\/"]}]},{"@type":"ImageObject","inLanguage":"fr-FR","@id":"https:\/\/kapitalis.com\/tunisie\/2022\/06\/27\/drone-theory-bientot-les-robots-autonomes\/#primaryimage","url":"https:\/\/kapitalis.com\/tunisie\/wp-content\/uploads\/2022\/06\/Drone-Theory.jpg","contentUrl":"https:\/\/kapitalis.com\/tunisie\/wp-content\/uploads\/2022\/06\/Drone-Theory.jpg","width":1200,"height":630},{"@type":"BreadcrumbList","@id":"https:\/\/kapitalis.com\/tunisie\/2022\/06\/27\/drone-theory-bientot-les-robots-autonomes\/#breadcrumb","itemListElement":[{"@type":"ListItem","position":1,"name":"Accueil","item":"https:\/\/kapitalis.com\/tunisie\/"},{"@type":"ListItem","position":2,"name":"\u00abDrone Theory\u00bb : bient\u00f4t les robots autonomes!"}]},{"@type":"WebSite","@id":"https:\/\/kapitalis.com\/tunisie\/#website","url":"https:\/\/kapitalis.com\/tunisie\/","name":"Kapitalis","description":"L&#039;actualit\u00e9 en Tunisie et dans le monde","publisher":{"@id":"https:\/\/kapitalis.com\/tunisie\/#organization"},"potentialAction":[{"@type":"SearchAction","target":{"@type":"EntryPoint","urlTemplate":"https:\/\/kapitalis.com\/tunisie\/?s={search_term_string}"},"query-input":{"@type":"PropertyValueSpecification","valueRequired":true,"valueName":"search_term_string"}}],"inLanguage":"fr-FR"},{"@type":"Organization","@id":"https:\/\/kapitalis.com\/tunisie\/#organization","name":"Kapitalis","url":"https:\/\/kapitalis.com\/tunisie\/","logo":{"@type":"ImageObject","inLanguage":"fr-FR","@id":"https:\/\/kapitalis.com\/tunisie\/#\/schema\/logo\/image\/","url":"https:\/\/kapitalis.com\/tunisie\/wp-content\/uploads\/2022\/05\/Kapitalis-big-size.png","contentUrl":"https:\/\/kapitalis.com\/tunisie\/wp-content\/uploads\/2022\/05\/Kapitalis-big-size.png","width":5000,"height":1500,"caption":"Kapitalis"},"image":{"@id":"https:\/\/kapitalis.com\/tunisie\/#\/schema\/logo\/image\/"},"sameAs":["https:\/\/www.facebook.com\/KapitalisInfo\/","https:\/\/x.com\/KapitalisInfo","https:\/\/www.youtube.com\/channel\/UC-yDYrHyfFBWWZaOw3FPg9Q"]},{"@type":"Person","@id":"https:\/\/kapitalis.com\/tunisie\/#\/schema\/person\/d71f33a9ca44f7bad4698210b480c8e9","name":"webmaster kapitalis","url":"https:\/\/kapitalis.com\/tunisie\/author\/webmaster-kapitalis\/"}]}},"_links":{"self":[{"href":"https:\/\/kapitalis.com\/tunisie\/wp-json\/wp\/v2\/posts\/1777971","targetHints":{"allow":["GET"]}}],"collection":[{"href":"https:\/\/kapitalis.com\/tunisie\/wp-json\/wp\/v2\/posts"}],"about":[{"href":"https:\/\/kapitalis.com\/tunisie\/wp-json\/wp\/v2\/types\/post"}],"author":[{"embeddable":true,"href":"https:\/\/kapitalis.com\/tunisie\/wp-json\/wp\/v2\/users\/8"}],"replies":[{"embeddable":true,"href":"https:\/\/kapitalis.com\/tunisie\/wp-json\/wp\/v2\/comments?post=1777971"}],"version-history":[{"count":0,"href":"https:\/\/kapitalis.com\/tunisie\/wp-json\/wp\/v2\/posts\/1777971\/revisions"}],"wp:featuredmedia":[{"embeddable":true,"href":"https:\/\/kapitalis.com\/tunisie\/wp-json\/wp\/v2\/media\/1778058"}],"wp:attachment":[{"href":"https:\/\/kapitalis.com\/tunisie\/wp-json\/wp\/v2\/media?parent=1777971"}],"wp:term":[{"taxonomy":"category","embeddable":true,"href":"https:\/\/kapitalis.com\/tunisie\/wp-json\/wp\/v2\/categories?post=1777971"},{"taxonomy":"post_tag","embeddable":true,"href":"https:\/\/kapitalis.com\/tunisie\/wp-json\/wp\/v2\/tags?post=1777971"}],"curies":[{"name":"wp","href":"https:\/\/api.w.org\/{rel}","templated":true}]}}