{"id":177883,"date":"2018-10-10T15:59:50","date_gmt":"2018-10-10T14:59:50","guid":{"rendered":"http:\/\/kapitalis.com\/tunisie\/?p=177883"},"modified":"2018-10-10T15:59:50","modified_gmt":"2018-10-10T14:59:50","slug":"youssef-zarrouk-le-depart-de-slim-azzabi-est-une-perte-seche","status":"publish","type":"post","link":"https:\/\/kapitalis.com\/tunisie\/2018\/10\/10\/youssef-zarrouk-le-depart-de-slim-azzabi-est-une-perte-seche\/","title":{"rendered":"Youssef Zarrouk : \u00abLe d\u00e9part de Slim Azzabi est une perte s\u00e8che\u00bb"},"content":{"rendered":"<p style=\"text-align: center;\"><img loading=\"lazy\" decoding=\"async\" class=\"alignnone size-full wp-image-177884\" src=\"http:\/\/kapitalis.com\/tunisie\/wp-content\/uploads\/2018\/10\/Slim-Azzabi-Youssef-Zarrouk.jpg\" alt=\"\" width=\"626\" height=\"380\" \/><\/p>\n<p><em><strong>Dans un post facebook \u00e9crit ce matin, mercredi 10 octobre 2018, l\u2019interm\u00e9diaire Youssef Zarrouk a qualifi\u00e9 de \u00abperte s\u00e8che\u00bb la d\u00e9mission de Slim Azzabi de son poste de chef de cabinet du pr\u00e9sident de la r\u00e9publique B\u00e9ji Ca\u00efd Essebsi (BCE).<\/strong> <\/em><\/p>\n<p><!--more--><\/p>\n<p><em>\u00abLe d\u00e9part de Slim Azzabi de la pr\u00e9sidence est une perte s\u00e8che. C\u2019est maintenant qu\u2019on a besoin de lui. De son sang froid. De sa loyaut\u00e9. Un homme discret, au-dessus de tout soup\u00e7on\u00bb<\/em>, \u00e9crit l\u2019interm\u00e9diaire. Et il encha\u00eene par ce t\u00e9moignage d\u2019amiti\u00e9: \u00ab<em>\u00c0 la veille des \u00e9lections municipales, o\u00f9 il essay\u00e9 de limiter les d\u00e9g\u00e2ts, j\u2019ai \u00e9chang\u00e9 avec lui quelques r\u00e9flexions. Sa fid\u00e9lit\u00e9 pour le pr\u00e9sident \u00e9tait \u00e0 toutes \u00e9preuves. Convaincu que les choix de 2014 \u00e9taient les seuls possibles, il \u00e9rigeait pour BCE une statue de sauveur du pays. Il disait cela sans \u00e9lever le ton, parlait du chef de l\u2019Etat avec beaucoup de respect. Je connais Slim depuis longtemps, son p\u00e8re<\/em> (feu Ridha Azzabi, ancien pr\u00e9sident du Club africain, ndlr)<em> \u00e9tait un ami des ann\u00e9es soixante \u00e0 Paris. Nous \u00e9tions voisins \u00e0 La Marsa. J\u2019ai vu grandir sous mes yeux Slim et devenir le gentleman qu\u2019il est devenu. Gentleman est le bon mot. Je suis s\u00fbr qu\u2019il va rester en r\u00e9serve de la R\u00e9publique. De l\u00e0 o\u00f9 il sera, il continuera \u00e0 travailler pour le rapprochement des points de vues.\u00bb<\/em><\/p>\n<p>M. Zarrouk conclut son post par ces interrogations : <em>\u00abR\u00e9ussira-t-il un jour \u00e0 r\u00e9concilier B\u00e9ji Ca\u00efd Essebsi et Youssef Chahed? Le plus vite serait le mieux? L\u2019infanticide sur la place publique n\u2019a que trop dur\u00e9.\u00bb<\/em><\/p>\n<p>Il y a comme une \u00e9volution dans l\u2019analyse de la sc\u00e8ne politique tunisienne par M. Zarrouk. Youssef Chahed n\u2019est plus Brutus, n\u2019est plus le fils spirituel qui se livre \u00e0 un parricide mais c\u2019est d\u00e9sormais BCE qui se livre \u00e0 <em>\u00abun infanticide qui a trop dur\u00e9<\/em>\u00bb et qui doit cesser.<\/p>\n<p>M. Zarrouk a-t-il flair\u00e9 que Youssef Chahed \u00e9tait l\u2019homme de demain et que le clan des Ca\u00efd Essebsi \u00e9tait d\u00e9j\u00e0 vaincu ou bien la raison a-t-elle fini par prendre le dessus?<\/p>\n<p>Dans tous les cas, le d\u00e9part de M. Azzabi est une <em>\u00abperte s\u00e8che\u00bb<\/em> pour l&rsquo;institution pr\u00e9sidentielle car ce dernier contenait la mauvaise influence exerc\u00e9e par le fils, les copains et les coquins qui l\u2019entouraient. Avec son d\u00e9part, l\u2019institution pr\u00e9sidentielle entre dans une zone de turbulence qu\u2019elle a d\u00e9j\u00e0 v\u00e9cue en 1986 et en 1987. Mauvais souvenir s\u2019il en est\u2026<\/p>\n<p style=\"text-align: right;\"><strong>I. B.<\/strong><\/p>\n<blockquote class=\"wp-embedded-content\" data-secret=\"RMwMXax0XE\"><p><a href=\"https:\/\/kapitalis.com\/tunisie\/2018\/10\/09\/tunisie-demission-de-slim-azzabi-du-cabinet-presidentiel\/\">Tunisie : D\u00e9mission de Slim Azzabi du cabinet pr\u00e9sidentiel<\/a><\/p><\/blockquote>\n<p><iframe loading=\"lazy\" class=\"wp-embedded-content\" sandbox=\"allow-scripts\" security=\"restricted\" style=\"position: absolute; clip: rect(1px, 1px, 1px, 1px);\" title=\"\u00ab\u00a0Tunisie : D\u00e9mission de Slim Azzabi du cabinet pr\u00e9sidentiel\u00a0\u00bb &#8212; Kapitalis\" src=\"https:\/\/kapitalis.com\/tunisie\/2018\/10\/09\/tunisie-demission-de-slim-azzabi-du-cabinet-presidentiel\/embed\/#?secret=cKQkXUX9bk#?secret=RMwMXax0XE\" data-secret=\"RMwMXax0XE\" width=\"600\" height=\"338\" frameborder=\"0\" marginwidth=\"0\" marginheight=\"0\" scrolling=\"no\"><\/iframe><\/p>\n","protected":false},"excerpt":{"rendered":"<p>Dans un post facebook \u00e9crit ce matin, mercredi 10 octobre 2018, l\u2019interm\u00e9diaire Youssef Zarrouk a qualifi\u00e9 de \u00abperte s\u00e8che\u00bb la d\u00e9mission de Slim Azzabi de son poste de chef de cabinet du pr\u00e9sident de la r\u00e9publique B\u00e9ji Ca\u00efd Essebsi (BCE).<\/p>\n","protected":false},"author":8,"featured_media":177884,"comment_status":"open","ping_status":"open","sticky":false,"template":"","format":"standard","meta":{"footnotes":""},"categories":[997,2433],"tags":[1108,6418,48635],"class_list":["post-177883","post","type-post","status-publish","format-standard","has-post-thumbnail","hentry","category-politique","category-tunisie","tag-beji-caid-essebsi","tag-slim-azzabi","tag-youssef-zarrouk"],"yoast_head":"<!-- This site is optimized with the Yoast SEO plugin v26.6 - https:\/\/yoast.com\/wordpress\/plugins\/seo\/ -->\n<title>Youssef Zarrouk : \u00abLe d\u00e9part de Slim Azzabi est une perte s\u00e8che\u00bb - Kapitalis<\/title>\n<meta name=\"robots\" content=\"index, follow, max-snippet:-1, max-image-preview:large, max-video-preview:-1\" \/>\n<link rel=\"canonical\" href=\"https:\/\/kapitalis.com\/tunisie\/2018\/10\/10\/youssef-zarrouk-le-depart-de-slim-azzabi-est-une-perte-seche\/\" \/>\n<meta property=\"og:locale\" content=\"fr_FR\" \/>\n<meta property=\"og:type\" content=\"article\" \/>\n<meta property=\"og:title\" content=\"Youssef Zarrouk : \u00abLe d\u00e9part de Slim Azzabi est une perte s\u00e8che\u00bb - Kapitalis\" \/>\n<meta property=\"og:description\" content=\"Dans un post facebook \u00e9crit ce matin, mercredi 10 octobre 2018, l\u2019interm\u00e9diaire Youssef Zarrouk a qualifi\u00e9 de \u00abperte s\u00e8che\u00bb la d\u00e9mission de Slim Azzabi de son poste de chef de cabinet du pr\u00e9sident de la r\u00e9publique B\u00e9ji Ca\u00efd Essebsi (BCE).\" \/>\n<meta property=\"og:url\" content=\"https:\/\/kapitalis.com\/tunisie\/2018\/10\/10\/youssef-zarrouk-le-depart-de-slim-azzabi-est-une-perte-seche\/\" \/>\n<meta property=\"og:site_name\" content=\"Kapitalis\" \/>\n<meta property=\"article:publisher\" content=\"https:\/\/www.facebook.com\/KapitalisInfo\/\" \/>\n<meta property=\"article:published_time\" content=\"2018-10-10T14:59:50+00:00\" \/>\n<meta property=\"og:image\" content=\"https:\/\/kapitalis.com\/tunisie\/wp-content\/uploads\/2022\/05\/kapitalis-logo-fb.png\" \/>\n\t<meta property=\"og:image:width\" content=\"1200\" \/>\n\t<meta property=\"og:image:height\" content=\"630\" \/>\n\t<meta property=\"og:image:type\" content=\"image\/png\" \/>\n<meta name=\"author\" content=\"webmaster kapitalis\" \/>\n<meta name=\"twitter:card\" content=\"summary_large_image\" \/>\n<meta name=\"twitter:creator\" content=\"@KapitalisInfo\" \/>\n<meta name=\"twitter:site\" content=\"@KapitalisInfo\" \/>\n<meta name=\"twitter:label1\" content=\"\u00c9crit par\" \/>\n\t<meta name=\"twitter:data1\" content=\"webmaster kapitalis\" \/>\n\t<meta name=\"twitter:label2\" content=\"Dur\u00e9e de lecture estim\u00e9e\" \/>\n\t<meta name=\"twitter:data2\" content=\"2 minutes\" \/>\n<script type=\"application\/ld+json\" class=\"yoast-schema-graph\">{\"@context\":\"https:\/\/schema.org\",\"@graph\":[{\"@type\":\"Article\",\"@id\":\"https:\/\/kapitalis.com\/tunisie\/2018\/10\/10\/youssef-zarrouk-le-depart-de-slim-azzabi-est-une-perte-seche\/#article\",\"isPartOf\":{\"@id\":\"https:\/\/kapitalis.com\/tunisie\/2018\/10\/10\/youssef-zarrouk-le-depart-de-slim-azzabi-est-une-perte-seche\/\"},\"author\":{\"name\":\"webmaster kapitalis\",\"@id\":\"https:\/\/kapitalis.com\/tunisie\/#\/schema\/person\/d71f33a9ca44f7bad4698210b480c8e9\"},\"headline\":\"Youssef Zarrouk : \u00abLe d\u00e9part de Slim Azzabi est une perte s\u00e8che\u00bb\",\"datePublished\":\"2018-10-10T14:59:50+00:00\",\"mainEntityOfPage\":{\"@id\":\"https:\/\/kapitalis.com\/tunisie\/2018\/10\/10\/youssef-zarrouk-le-depart-de-slim-azzabi-est-une-perte-seche\/\"},\"wordCount\":465,\"commentCount\":2,\"publisher\":{\"@id\":\"https:\/\/kapitalis.com\/tunisie\/#organization\"},\"image\":{\"@id\":\"https:\/\/kapitalis.com\/tunisie\/2018\/10\/10\/youssef-zarrouk-le-depart-de-slim-azzabi-est-une-perte-seche\/#primaryimage\"},\"thumbnailUrl\":\"\",\"keywords\":[\"B\u00e9ji Ca\u00efd Essebsi\",\"Slim Azzabi\",\"Youssef Zarrouk\"],\"articleSection\":[\"POLITIQUE\",\"Tunisie\"],\"inLanguage\":\"fr-FR\",\"potentialAction\":[{\"@type\":\"CommentAction\",\"name\":\"Comment\",\"target\":[\"https:\/\/kapitalis.com\/tunisie\/2018\/10\/10\/youssef-zarrouk-le-depart-de-slim-azzabi-est-une-perte-seche\/#respond\"]}]},{\"@type\":\"WebPage\",\"@id\":\"https:\/\/kapitalis.com\/tunisie\/2018\/10\/10\/youssef-zarrouk-le-depart-de-slim-azzabi-est-une-perte-seche\/\",\"url\":\"https:\/\/kapitalis.com\/tunisie\/2018\/10\/10\/youssef-zarrouk-le-depart-de-slim-azzabi-est-une-perte-seche\/\",\"name\":\"Youssef Zarrouk : \u00abLe d\u00e9part de Slim Azzabi est une perte s\u00e8che\u00bb - Kapitalis\",\"isPartOf\":{\"@id\":\"https:\/\/kapitalis.com\/tunisie\/#website\"},\"primaryImageOfPage\":{\"@id\":\"https:\/\/kapitalis.com\/tunisie\/2018\/10\/10\/youssef-zarrouk-le-depart-de-slim-azzabi-est-une-perte-seche\/#primaryimage\"},\"image\":{\"@id\":\"https:\/\/kapitalis.com\/tunisie\/2018\/10\/10\/youssef-zarrouk-le-depart-de-slim-azzabi-est-une-perte-seche\/#primaryimage\"},\"thumbnailUrl\":\"\",\"datePublished\":\"2018-10-10T14:59:50+00:00\",\"breadcrumb\":{\"@id\":\"https:\/\/kapitalis.com\/tunisie\/2018\/10\/10\/youssef-zarrouk-le-depart-de-slim-azzabi-est-une-perte-seche\/#breadcrumb\"},\"inLanguage\":\"fr-FR\",\"potentialAction\":[{\"@type\":\"ReadAction\",\"target\":[\"https:\/\/kapitalis.com\/tunisie\/2018\/10\/10\/youssef-zarrouk-le-depart-de-slim-azzabi-est-une-perte-seche\/\"]}]},{\"@type\":\"ImageObject\",\"inLanguage\":\"fr-FR\",\"@id\":\"https:\/\/kapitalis.com\/tunisie\/2018\/10\/10\/youssef-zarrouk-le-depart-de-slim-azzabi-est-une-perte-seche\/#primaryimage\",\"url\":\"\",\"contentUrl\":\"\"},{\"@type\":\"BreadcrumbList\",\"@id\":\"https:\/\/kapitalis.com\/tunisie\/2018\/10\/10\/youssef-zarrouk-le-depart-de-slim-azzabi-est-une-perte-seche\/#breadcrumb\",\"itemListElement\":[{\"@type\":\"ListItem\",\"position\":1,\"name\":\"Accueil\",\"item\":\"https:\/\/kapitalis.com\/tunisie\/\"},{\"@type\":\"ListItem\",\"position\":2,\"name\":\"Youssef Zarrouk : \u00abLe d\u00e9part de Slim Azzabi est une perte s\u00e8che\u00bb\"}]},{\"@type\":\"WebSite\",\"@id\":\"https:\/\/kapitalis.com\/tunisie\/#website\",\"url\":\"https:\/\/kapitalis.com\/tunisie\/\",\"name\":\"Kapitalis\",\"description\":\"L&#039;actualit\u00e9 en Tunisie et dans le monde\",\"publisher\":{\"@id\":\"https:\/\/kapitalis.com\/tunisie\/#organization\"},\"potentialAction\":[{\"@type\":\"SearchAction\",\"target\":{\"@type\":\"EntryPoint\",\"urlTemplate\":\"https:\/\/kapitalis.com\/tunisie\/?s={search_term_string}\"},\"query-input\":{\"@type\":\"PropertyValueSpecification\",\"valueRequired\":true,\"valueName\":\"search_term_string\"}}],\"inLanguage\":\"fr-FR\"},{\"@type\":\"Organization\",\"@id\":\"https:\/\/kapitalis.com\/tunisie\/#organization\",\"name\":\"Kapitalis\",\"url\":\"https:\/\/kapitalis.com\/tunisie\/\",\"logo\":{\"@type\":\"ImageObject\",\"inLanguage\":\"fr-FR\",\"@id\":\"https:\/\/kapitalis.com\/tunisie\/#\/schema\/logo\/image\/\",\"url\":\"https:\/\/kapitalis.com\/tunisie\/wp-content\/uploads\/2022\/05\/Kapitalis-big-size.png\",\"contentUrl\":\"https:\/\/kapitalis.com\/tunisie\/wp-content\/uploads\/2022\/05\/Kapitalis-big-size.png\",\"width\":5000,\"height\":1500,\"caption\":\"Kapitalis\"},\"image\":{\"@id\":\"https:\/\/kapitalis.com\/tunisie\/#\/schema\/logo\/image\/\"},\"sameAs\":[\"https:\/\/www.facebook.com\/KapitalisInfo\/\",\"https:\/\/x.com\/KapitalisInfo\",\"https:\/\/www.youtube.com\/channel\/UC-yDYrHyfFBWWZaOw3FPg9Q\"]},{\"@type\":\"Person\",\"@id\":\"https:\/\/kapitalis.com\/tunisie\/#\/schema\/person\/d71f33a9ca44f7bad4698210b480c8e9\",\"name\":\"webmaster kapitalis\",\"url\":\"https:\/\/kapitalis.com\/tunisie\/author\/webmaster-kapitalis\/\"}]}<\/script>\n<!-- \/ Yoast SEO plugin. -->","yoast_head_json":{"title":"Youssef Zarrouk : \u00abLe d\u00e9part de Slim Azzabi est une perte s\u00e8che\u00bb - Kapitalis","robots":{"index":"index","follow":"follow","max-snippet":"max-snippet:-1","max-image-preview":"max-image-preview:large","max-video-preview":"max-video-preview:-1"},"canonical":"https:\/\/kapitalis.com\/tunisie\/2018\/10\/10\/youssef-zarrouk-le-depart-de-slim-azzabi-est-une-perte-seche\/","og_locale":"fr_FR","og_type":"article","og_title":"Youssef Zarrouk : \u00abLe d\u00e9part de Slim Azzabi est une perte s\u00e8che\u00bb - Kapitalis","og_description":"Dans un post facebook \u00e9crit ce matin, mercredi 10 octobre 2018, l\u2019interm\u00e9diaire Youssef Zarrouk a qualifi\u00e9 de \u00abperte s\u00e8che\u00bb la d\u00e9mission de Slim Azzabi de son poste de chef de cabinet du pr\u00e9sident de la r\u00e9publique B\u00e9ji Ca\u00efd Essebsi (BCE).","og_url":"https:\/\/kapitalis.com\/tunisie\/2018\/10\/10\/youssef-zarrouk-le-depart-de-slim-azzabi-est-une-perte-seche\/","og_site_name":"Kapitalis","article_publisher":"https:\/\/www.facebook.com\/KapitalisInfo\/","article_published_time":"2018-10-10T14:59:50+00:00","og_image":[{"width":1200,"height":630,"url":"https:\/\/kapitalis.com\/tunisie\/wp-content\/uploads\/2022\/05\/kapitalis-logo-fb.png","type":"image\/png"}],"author":"webmaster kapitalis","twitter_card":"summary_large_image","twitter_creator":"@KapitalisInfo","twitter_site":"@KapitalisInfo","twitter_misc":{"\u00c9crit par":"webmaster kapitalis","Dur\u00e9e de lecture estim\u00e9e":"2 minutes"},"schema":{"@context":"https:\/\/schema.org","@graph":[{"@type":"Article","@id":"https:\/\/kapitalis.com\/tunisie\/2018\/10\/10\/youssef-zarrouk-le-depart-de-slim-azzabi-est-une-perte-seche\/#article","isPartOf":{"@id":"https:\/\/kapitalis.com\/tunisie\/2018\/10\/10\/youssef-zarrouk-le-depart-de-slim-azzabi-est-une-perte-seche\/"},"author":{"name":"webmaster kapitalis","@id":"https:\/\/kapitalis.com\/tunisie\/#\/schema\/person\/d71f33a9ca44f7bad4698210b480c8e9"},"headline":"Youssef Zarrouk : \u00abLe d\u00e9part de Slim Azzabi est une perte s\u00e8che\u00bb","datePublished":"2018-10-10T14:59:50+00:00","mainEntityOfPage":{"@id":"https:\/\/kapitalis.com\/tunisie\/2018\/10\/10\/youssef-zarrouk-le-depart-de-slim-azzabi-est-une-perte-seche\/"},"wordCount":465,"commentCount":2,"publisher":{"@id":"https:\/\/kapitalis.com\/tunisie\/#organization"},"image":{"@id":"https:\/\/kapitalis.com\/tunisie\/2018\/10\/10\/youssef-zarrouk-le-depart-de-slim-azzabi-est-une-perte-seche\/#primaryimage"},"thumbnailUrl":"","keywords":["B\u00e9ji Ca\u00efd Essebsi","Slim Azzabi","Youssef Zarrouk"],"articleSection":["POLITIQUE","Tunisie"],"inLanguage":"fr-FR","potentialAction":[{"@type":"CommentAction","name":"Comment","target":["https:\/\/kapitalis.com\/tunisie\/2018\/10\/10\/youssef-zarrouk-le-depart-de-slim-azzabi-est-une-perte-seche\/#respond"]}]},{"@type":"WebPage","@id":"https:\/\/kapitalis.com\/tunisie\/2018\/10\/10\/youssef-zarrouk-le-depart-de-slim-azzabi-est-une-perte-seche\/","url":"https:\/\/kapitalis.com\/tunisie\/2018\/10\/10\/youssef-zarrouk-le-depart-de-slim-azzabi-est-une-perte-seche\/","name":"Youssef Zarrouk : \u00abLe d\u00e9part de Slim Azzabi est une perte s\u00e8che\u00bb - Kapitalis","isPartOf":{"@id":"https:\/\/kapitalis.com\/tunisie\/#website"},"primaryImageOfPage":{"@id":"https:\/\/kapitalis.com\/tunisie\/2018\/10\/10\/youssef-zarrouk-le-depart-de-slim-azzabi-est-une-perte-seche\/#primaryimage"},"image":{"@id":"https:\/\/kapitalis.com\/tunisie\/2018\/10\/10\/youssef-zarrouk-le-depart-de-slim-azzabi-est-une-perte-seche\/#primaryimage"},"thumbnailUrl":"","datePublished":"2018-10-10T14:59:50+00:00","breadcrumb":{"@id":"https:\/\/kapitalis.com\/tunisie\/2018\/10\/10\/youssef-zarrouk-le-depart-de-slim-azzabi-est-une-perte-seche\/#breadcrumb"},"inLanguage":"fr-FR","potentialAction":[{"@type":"ReadAction","target":["https:\/\/kapitalis.com\/tunisie\/2018\/10\/10\/youssef-zarrouk-le-depart-de-slim-azzabi-est-une-perte-seche\/"]}]},{"@type":"ImageObject","inLanguage":"fr-FR","@id":"https:\/\/kapitalis.com\/tunisie\/2018\/10\/10\/youssef-zarrouk-le-depart-de-slim-azzabi-est-une-perte-seche\/#primaryimage","url":"","contentUrl":""},{"@type":"BreadcrumbList","@id":"https:\/\/kapitalis.com\/tunisie\/2018\/10\/10\/youssef-zarrouk-le-depart-de-slim-azzabi-est-une-perte-seche\/#breadcrumb","itemListElement":[{"@type":"ListItem","position":1,"name":"Accueil","item":"https:\/\/kapitalis.com\/tunisie\/"},{"@type":"ListItem","position":2,"name":"Youssef Zarrouk : \u00abLe d\u00e9part de Slim Azzabi est une perte s\u00e8che\u00bb"}]},{"@type":"WebSite","@id":"https:\/\/kapitalis.com\/tunisie\/#website","url":"https:\/\/kapitalis.com\/tunisie\/","name":"Kapitalis","description":"L&#039;actualit\u00e9 en Tunisie et dans le monde","publisher":{"@id":"https:\/\/kapitalis.com\/tunisie\/#organization"},"potentialAction":[{"@type":"SearchAction","target":{"@type":"EntryPoint","urlTemplate":"https:\/\/kapitalis.com\/tunisie\/?s={search_term_string}"},"query-input":{"@type":"PropertyValueSpecification","valueRequired":true,"valueName":"search_term_string"}}],"inLanguage":"fr-FR"},{"@type":"Organization","@id":"https:\/\/kapitalis.com\/tunisie\/#organization","name":"Kapitalis","url":"https:\/\/kapitalis.com\/tunisie\/","logo":{"@type":"ImageObject","inLanguage":"fr-FR","@id":"https:\/\/kapitalis.com\/tunisie\/#\/schema\/logo\/image\/","url":"https:\/\/kapitalis.com\/tunisie\/wp-content\/uploads\/2022\/05\/Kapitalis-big-size.png","contentUrl":"https:\/\/kapitalis.com\/tunisie\/wp-content\/uploads\/2022\/05\/Kapitalis-big-size.png","width":5000,"height":1500,"caption":"Kapitalis"},"image":{"@id":"https:\/\/kapitalis.com\/tunisie\/#\/schema\/logo\/image\/"},"sameAs":["https:\/\/www.facebook.com\/KapitalisInfo\/","https:\/\/x.com\/KapitalisInfo","https:\/\/www.youtube.com\/channel\/UC-yDYrHyfFBWWZaOw3FPg9Q"]},{"@type":"Person","@id":"https:\/\/kapitalis.com\/tunisie\/#\/schema\/person\/d71f33a9ca44f7bad4698210b480c8e9","name":"webmaster kapitalis","url":"https:\/\/kapitalis.com\/tunisie\/author\/webmaster-kapitalis\/"}]}},"_links":{"self":[{"href":"https:\/\/kapitalis.com\/tunisie\/wp-json\/wp\/v2\/posts\/177883","targetHints":{"allow":["GET"]}}],"collection":[{"href":"https:\/\/kapitalis.com\/tunisie\/wp-json\/wp\/v2\/posts"}],"about":[{"href":"https:\/\/kapitalis.com\/tunisie\/wp-json\/wp\/v2\/types\/post"}],"author":[{"embeddable":true,"href":"https:\/\/kapitalis.com\/tunisie\/wp-json\/wp\/v2\/users\/8"}],"replies":[{"embeddable":true,"href":"https:\/\/kapitalis.com\/tunisie\/wp-json\/wp\/v2\/comments?post=177883"}],"version-history":[{"count":0,"href":"https:\/\/kapitalis.com\/tunisie\/wp-json\/wp\/v2\/posts\/177883\/revisions"}],"wp:featuredmedia":[{"embeddable":true,"href":"https:\/\/kapitalis.com\/tunisie\/wp-json\/wp\/v2\/media\/177884"}],"wp:attachment":[{"href":"https:\/\/kapitalis.com\/tunisie\/wp-json\/wp\/v2\/media?parent=177883"}],"wp:term":[{"taxonomy":"category","embeddable":true,"href":"https:\/\/kapitalis.com\/tunisie\/wp-json\/wp\/v2\/categories?post=177883"},{"taxonomy":"post_tag","embeddable":true,"href":"https:\/\/kapitalis.com\/tunisie\/wp-json\/wp\/v2\/tags?post=177883"}],"curies":[{"name":"wp","href":"https:\/\/api.w.org\/{rel}","templated":true}]}}