{"id":1780650,"date":"2022-06-26T12:57:24","date_gmt":"2022-06-26T11:57:24","guid":{"rendered":"https:\/\/kapitalis.com\/tunisie\/?p=1780650"},"modified":"2022-06-26T12:57:25","modified_gmt":"2022-06-26T11:57:25","slug":"tunisie-greve-des-juges-ne-seront-payes-que-les-jours-travailles","status":"publish","type":"post","link":"https:\/\/kapitalis.com\/tunisie\/2022\/06\/26\/tunisie-greve-des-juges-ne-seront-payes-que-les-jours-travailles\/","title":{"rendered":"Tunisie-Gr\u00e8ve des juges : ne seront pay\u00e9s que les jours travaill\u00e9s\u00a0!"},"content":{"rendered":"\n<p><strong><em>Pour avoir observ\u00e9 une gr\u00e8ve g\u00e9n\u00e9rale d\u2019un mois en 2020 et avoir obtenu une forte hausse de salaire et per\u00e7u <strong><em>normalement<\/em><\/strong><\/em><\/strong> <strong><em>leur salaire du mois non travaill\u00e9, alors que la loi stipule que seuls les jours travaill\u00e9s sont pay\u00e9s, les magistrats tunisiens semblent avoir pris go\u00fbt \u00e0 cet exercice en d\u00e9cidant de poursuivre leur gr\u00e8ve, entam\u00e9e le 9 juin courant, pour une quatri\u00e8me semaine cons\u00e9cutive.<\/em><\/strong><\/p>\n\n\n\n<!--more-->\n\n\n\n<p>Croient-ils \u00eatre des privil\u00e9gi\u00e9s de la r\u00e9publique ou se croient-ils au-dessus des lois au respect desquelles ils sont cens\u00e9s veiller ?\u00a0<\/p>\n\n\n\n<p>C\u2019est pour dissiper ce malentendu que le minist\u00e8re de la Justice a publi\u00e9 un communiqu\u00e9, ce dimanche 26 juin 2022, suite \u00e0 l&rsquo;appel relatif \u00e0 la poursuite de la gr\u00e8ve et \u00e0 l&rsquo;interruption de travail dans les tribunaux pour la quatri\u00e8me semaine cons\u00e9cutive et\u00a0<em>\u00ableurs r\u00e9percussions sur les droits de la d\u00e9fense et les int\u00e9r\u00eats des justiciables, notamment ceux en \u00e9tat d\u2019arrestation\u00bb.<\/em><\/p>\n\n\n\n<p>Le minist\u00e8re de la Justice rappelle aux gr\u00e9vistes qu\u2019il poursuivra <em>\u00abla mise en \u0153uvre des proc\u00e9dures de retenue sur salaire, conform\u00e9ment \u00e0 la r\u00e8gle du travail effectu\u00e9, en ce qui concerne le salaire du mois de juillet 2022\u00bb.<\/em><\/p>\n\n\n\n<p><em>\u00abLe minist\u00e8re attire \u00e9galement l&rsquo;attention sur la n\u00e9cessit\u00e9 de mettre en \u0153uvre les lois en vigueur, notamment en activant les dispositions du d\u00e9cret n\u00b0 11 de 2022 en date du 12 f\u00e9vrier 2022, et surtout l\u2019article 9 de celui-ci et les mesures disciplinaires qui en d\u00e9coulent\u00bb<\/em>, ajoute le communiqu\u00e9.<\/p>\n\n\n\n<p>Enfin, les juges sont appel\u00e9s \u00e0 <em>\u00abassumer leurs responsabilit\u00e9s, \u00e0 respecter le droit au travail et \u00e0 assurer le d\u00e9roulement normal des audiences et des d\u00e9cisions relatives aux affaires.\u00bb<\/em><\/p>\n\n\n\n<p class=\"has-text-align-right\"><strong> I. B.<\/strong><\/p>\n","protected":false},"excerpt":{"rendered":"<p>Le minist\u00e8re de la Justice rappelle aux juges gr\u00e9vistes qu\u2019il poursuivra \u00abla mise en \u0153uvre des proc\u00e9dures de retenue sur salaire, conform\u00e9ment \u00e0 la r\u00e8gle du travail effectu\u00e9, en ce qui concerne le salaire du mois de juillet 2022\u00bb.<\/p>\n","protected":false},"author":8,"featured_media":1326074,"comment_status":"open","ping_status":"open","sticky":false,"template":"","format":"standard","meta":{"footnotes":""},"categories":[997,2433],"tags":[100792,64355,4650,62643],"class_list":["post-1780650","post","type-post","status-publish","format-standard","has-post-thumbnail","hentry","category-politique","category-tunisie","tag-greve-des-juges","tag-justice","tag-magistrats","tag-tunisie"],"yoast_head":"<!-- This site is optimized with the Yoast SEO plugin v26.6 - https:\/\/yoast.com\/wordpress\/plugins\/seo\/ -->\n<title>Tunisie-Gr\u00e8ve des juges : ne seront pay\u00e9s que les jours travaill\u00e9s\u00a0! - Kapitalis<\/title>\n<meta name=\"robots\" content=\"index, follow, max-snippet:-1, max-image-preview:large, max-video-preview:-1\" \/>\n<link rel=\"canonical\" href=\"https:\/\/kapitalis.com\/tunisie\/2022\/06\/26\/tunisie-greve-des-juges-ne-seront-payes-que-les-jours-travailles\/\" \/>\n<meta property=\"og:locale\" content=\"fr_FR\" \/>\n<meta property=\"og:type\" content=\"article\" \/>\n<meta property=\"og:title\" content=\"Tunisie-Gr\u00e8ve des juges : ne seront pay\u00e9s que les jours travaill\u00e9s\u00a0! - Kapitalis\" \/>\n<meta property=\"og:description\" content=\"Le minist\u00e8re de la Justice rappelle aux juges gr\u00e9vistes qu\u2019il poursuivra \u00abla mise en \u0153uvre des proc\u00e9dures de retenue sur salaire, conform\u00e9ment \u00e0 la r\u00e8gle du travail effectu\u00e9, en ce qui concerne le salaire du mois de juillet 2022\u00bb.\" \/>\n<meta property=\"og:url\" content=\"https:\/\/kapitalis.com\/tunisie\/2022\/06\/26\/tunisie-greve-des-juges-ne-seront-payes-que-les-jours-travailles\/\" \/>\n<meta property=\"og:site_name\" content=\"Kapitalis\" \/>\n<meta property=\"article:publisher\" content=\"https:\/\/www.facebook.com\/KapitalisInfo\/\" \/>\n<meta property=\"article:published_time\" content=\"2022-06-26T11:57:24+00:00\" \/>\n<meta property=\"article:modified_time\" content=\"2022-06-26T11:57:25+00:00\" \/>\n<meta property=\"og:image\" content=\"https:\/\/kapitalis.com\/tunisie\/wp-content\/uploads\/2022\/06\/greve-magistrats.jpg\" \/>\n\t<meta property=\"og:image:width\" content=\"1200\" \/>\n\t<meta property=\"og:image:height\" content=\"630\" \/>\n\t<meta property=\"og:image:type\" content=\"image\/jpeg\" \/>\n<meta name=\"author\" content=\"webmaster kapitalis\" \/>\n<meta name=\"twitter:card\" content=\"summary_large_image\" \/>\n<meta name=\"twitter:creator\" content=\"@KapitalisInfo\" \/>\n<meta name=\"twitter:site\" content=\"@KapitalisInfo\" \/>\n<meta name=\"twitter:label1\" content=\"\u00c9crit par\" \/>\n\t<meta name=\"twitter:data1\" content=\"webmaster kapitalis\" \/>\n\t<meta name=\"twitter:label2\" content=\"Dur\u00e9e de lecture estim\u00e9e\" \/>\n\t<meta name=\"twitter:data2\" content=\"2 minutes\" \/>\n<script type=\"application\/ld+json\" class=\"yoast-schema-graph\">{\"@context\":\"https:\/\/schema.org\",\"@graph\":[{\"@type\":\"Article\",\"@id\":\"https:\/\/kapitalis.com\/tunisie\/2022\/06\/26\/tunisie-greve-des-juges-ne-seront-payes-que-les-jours-travailles\/#article\",\"isPartOf\":{\"@id\":\"https:\/\/kapitalis.com\/tunisie\/2022\/06\/26\/tunisie-greve-des-juges-ne-seront-payes-que-les-jours-travailles\/\"},\"author\":{\"name\":\"webmaster kapitalis\",\"@id\":\"https:\/\/kapitalis.com\/tunisie\/#\/schema\/person\/d71f33a9ca44f7bad4698210b480c8e9\"},\"headline\":\"Tunisie-Gr\u00e8ve des juges : ne seront pay\u00e9s que les jours travaill\u00e9s\u00a0!\",\"datePublished\":\"2022-06-26T11:57:24+00:00\",\"dateModified\":\"2022-06-26T11:57:25+00:00\",\"mainEntityOfPage\":{\"@id\":\"https:\/\/kapitalis.com\/tunisie\/2022\/06\/26\/tunisie-greve-des-juges-ne-seront-payes-que-les-jours-travailles\/\"},\"wordCount\":303,\"commentCount\":6,\"publisher\":{\"@id\":\"https:\/\/kapitalis.com\/tunisie\/#organization\"},\"image\":{\"@id\":\"https:\/\/kapitalis.com\/tunisie\/2022\/06\/26\/tunisie-greve-des-juges-ne-seront-payes-que-les-jours-travailles\/#primaryimage\"},\"thumbnailUrl\":\"https:\/\/kapitalis.com\/tunisie\/wp-content\/uploads\/2022\/06\/greve-magistrats.jpg\",\"keywords\":[\"gr\u00e8ve des juges\",\"justice\",\"magistrats\",\"Tunisie\"],\"articleSection\":[\"POLITIQUE\",\"Tunisie\"],\"inLanguage\":\"fr-FR\",\"potentialAction\":[{\"@type\":\"CommentAction\",\"name\":\"Comment\",\"target\":[\"https:\/\/kapitalis.com\/tunisie\/2022\/06\/26\/tunisie-greve-des-juges-ne-seront-payes-que-les-jours-travailles\/#respond\"]}]},{\"@type\":\"WebPage\",\"@id\":\"https:\/\/kapitalis.com\/tunisie\/2022\/06\/26\/tunisie-greve-des-juges-ne-seront-payes-que-les-jours-travailles\/\",\"url\":\"https:\/\/kapitalis.com\/tunisie\/2022\/06\/26\/tunisie-greve-des-juges-ne-seront-payes-que-les-jours-travailles\/\",\"name\":\"Tunisie-Gr\u00e8ve des juges : ne seront pay\u00e9s que les jours travaill\u00e9s\u00a0! - Kapitalis\",\"isPartOf\":{\"@id\":\"https:\/\/kapitalis.com\/tunisie\/#website\"},\"primaryImageOfPage\":{\"@id\":\"https:\/\/kapitalis.com\/tunisie\/2022\/06\/26\/tunisie-greve-des-juges-ne-seront-payes-que-les-jours-travailles\/#primaryimage\"},\"image\":{\"@id\":\"https:\/\/kapitalis.com\/tunisie\/2022\/06\/26\/tunisie-greve-des-juges-ne-seront-payes-que-les-jours-travailles\/#primaryimage\"},\"thumbnailUrl\":\"https:\/\/kapitalis.com\/tunisie\/wp-content\/uploads\/2022\/06\/greve-magistrats.jpg\",\"datePublished\":\"2022-06-26T11:57:24+00:00\",\"dateModified\":\"2022-06-26T11:57:25+00:00\",\"breadcrumb\":{\"@id\":\"https:\/\/kapitalis.com\/tunisie\/2022\/06\/26\/tunisie-greve-des-juges-ne-seront-payes-que-les-jours-travailles\/#breadcrumb\"},\"inLanguage\":\"fr-FR\",\"potentialAction\":[{\"@type\":\"ReadAction\",\"target\":[\"https:\/\/kapitalis.com\/tunisie\/2022\/06\/26\/tunisie-greve-des-juges-ne-seront-payes-que-les-jours-travailles\/\"]}]},{\"@type\":\"ImageObject\",\"inLanguage\":\"fr-FR\",\"@id\":\"https:\/\/kapitalis.com\/tunisie\/2022\/06\/26\/tunisie-greve-des-juges-ne-seront-payes-que-les-jours-travailles\/#primaryimage\",\"url\":\"https:\/\/kapitalis.com\/tunisie\/wp-content\/uploads\/2022\/06\/greve-magistrats.jpg\",\"contentUrl\":\"https:\/\/kapitalis.com\/tunisie\/wp-content\/uploads\/2022\/06\/greve-magistrats.jpg\",\"width\":1200,\"height\":630},{\"@type\":\"BreadcrumbList\",\"@id\":\"https:\/\/kapitalis.com\/tunisie\/2022\/06\/26\/tunisie-greve-des-juges-ne-seront-payes-que-les-jours-travailles\/#breadcrumb\",\"itemListElement\":[{\"@type\":\"ListItem\",\"position\":1,\"name\":\"Accueil\",\"item\":\"https:\/\/kapitalis.com\/tunisie\/\"},{\"@type\":\"ListItem\",\"position\":2,\"name\":\"Tunisie-Gr\u00e8ve des juges : ne seront pay\u00e9s que les jours travaill\u00e9s\u00a0!\"}]},{\"@type\":\"WebSite\",\"@id\":\"https:\/\/kapitalis.com\/tunisie\/#website\",\"url\":\"https:\/\/kapitalis.com\/tunisie\/\",\"name\":\"Kapitalis\",\"description\":\"L&#039;actualit\u00e9 en Tunisie et dans le monde\",\"publisher\":{\"@id\":\"https:\/\/kapitalis.com\/tunisie\/#organization\"},\"potentialAction\":[{\"@type\":\"SearchAction\",\"target\":{\"@type\":\"EntryPoint\",\"urlTemplate\":\"https:\/\/kapitalis.com\/tunisie\/?s={search_term_string}\"},\"query-input\":{\"@type\":\"PropertyValueSpecification\",\"valueRequired\":true,\"valueName\":\"search_term_string\"}}],\"inLanguage\":\"fr-FR\"},{\"@type\":\"Organization\",\"@id\":\"https:\/\/kapitalis.com\/tunisie\/#organization\",\"name\":\"Kapitalis\",\"url\":\"https:\/\/kapitalis.com\/tunisie\/\",\"logo\":{\"@type\":\"ImageObject\",\"inLanguage\":\"fr-FR\",\"@id\":\"https:\/\/kapitalis.com\/tunisie\/#\/schema\/logo\/image\/\",\"url\":\"https:\/\/kapitalis.com\/tunisie\/wp-content\/uploads\/2022\/05\/Kapitalis-big-size.png\",\"contentUrl\":\"https:\/\/kapitalis.com\/tunisie\/wp-content\/uploads\/2022\/05\/Kapitalis-big-size.png\",\"width\":5000,\"height\":1500,\"caption\":\"Kapitalis\"},\"image\":{\"@id\":\"https:\/\/kapitalis.com\/tunisie\/#\/schema\/logo\/image\/\"},\"sameAs\":[\"https:\/\/www.facebook.com\/KapitalisInfo\/\",\"https:\/\/x.com\/KapitalisInfo\",\"https:\/\/www.youtube.com\/channel\/UC-yDYrHyfFBWWZaOw3FPg9Q\"]},{\"@type\":\"Person\",\"@id\":\"https:\/\/kapitalis.com\/tunisie\/#\/schema\/person\/d71f33a9ca44f7bad4698210b480c8e9\",\"name\":\"webmaster kapitalis\",\"url\":\"https:\/\/kapitalis.com\/tunisie\/author\/webmaster-kapitalis\/\"}]}<\/script>\n<!-- \/ Yoast SEO plugin. -->","yoast_head_json":{"title":"Tunisie-Gr\u00e8ve des juges : ne seront pay\u00e9s que les jours travaill\u00e9s\u00a0! - Kapitalis","robots":{"index":"index","follow":"follow","max-snippet":"max-snippet:-1","max-image-preview":"max-image-preview:large","max-video-preview":"max-video-preview:-1"},"canonical":"https:\/\/kapitalis.com\/tunisie\/2022\/06\/26\/tunisie-greve-des-juges-ne-seront-payes-que-les-jours-travailles\/","og_locale":"fr_FR","og_type":"article","og_title":"Tunisie-Gr\u00e8ve des juges : ne seront pay\u00e9s que les jours travaill\u00e9s\u00a0! - Kapitalis","og_description":"Le minist\u00e8re de la Justice rappelle aux juges gr\u00e9vistes qu\u2019il poursuivra \u00abla mise en \u0153uvre des proc\u00e9dures de retenue sur salaire, conform\u00e9ment \u00e0 la r\u00e8gle du travail effectu\u00e9, en ce qui concerne le salaire du mois de juillet 2022\u00bb.","og_url":"https:\/\/kapitalis.com\/tunisie\/2022\/06\/26\/tunisie-greve-des-juges-ne-seront-payes-que-les-jours-travailles\/","og_site_name":"Kapitalis","article_publisher":"https:\/\/www.facebook.com\/KapitalisInfo\/","article_published_time":"2022-06-26T11:57:24+00:00","article_modified_time":"2022-06-26T11:57:25+00:00","og_image":[{"width":1200,"height":630,"url":"https:\/\/kapitalis.com\/tunisie\/wp-content\/uploads\/2022\/06\/greve-magistrats.jpg","type":"image\/jpeg"}],"author":"webmaster kapitalis","twitter_card":"summary_large_image","twitter_creator":"@KapitalisInfo","twitter_site":"@KapitalisInfo","twitter_misc":{"\u00c9crit par":"webmaster kapitalis","Dur\u00e9e de lecture estim\u00e9e":"2 minutes"},"schema":{"@context":"https:\/\/schema.org","@graph":[{"@type":"Article","@id":"https:\/\/kapitalis.com\/tunisie\/2022\/06\/26\/tunisie-greve-des-juges-ne-seront-payes-que-les-jours-travailles\/#article","isPartOf":{"@id":"https:\/\/kapitalis.com\/tunisie\/2022\/06\/26\/tunisie-greve-des-juges-ne-seront-payes-que-les-jours-travailles\/"},"author":{"name":"webmaster kapitalis","@id":"https:\/\/kapitalis.com\/tunisie\/#\/schema\/person\/d71f33a9ca44f7bad4698210b480c8e9"},"headline":"Tunisie-Gr\u00e8ve des juges : ne seront pay\u00e9s que les jours travaill\u00e9s\u00a0!","datePublished":"2022-06-26T11:57:24+00:00","dateModified":"2022-06-26T11:57:25+00:00","mainEntityOfPage":{"@id":"https:\/\/kapitalis.com\/tunisie\/2022\/06\/26\/tunisie-greve-des-juges-ne-seront-payes-que-les-jours-travailles\/"},"wordCount":303,"commentCount":6,"publisher":{"@id":"https:\/\/kapitalis.com\/tunisie\/#organization"},"image":{"@id":"https:\/\/kapitalis.com\/tunisie\/2022\/06\/26\/tunisie-greve-des-juges-ne-seront-payes-que-les-jours-travailles\/#primaryimage"},"thumbnailUrl":"https:\/\/kapitalis.com\/tunisie\/wp-content\/uploads\/2022\/06\/greve-magistrats.jpg","keywords":["gr\u00e8ve des juges","justice","magistrats","Tunisie"],"articleSection":["POLITIQUE","Tunisie"],"inLanguage":"fr-FR","potentialAction":[{"@type":"CommentAction","name":"Comment","target":["https:\/\/kapitalis.com\/tunisie\/2022\/06\/26\/tunisie-greve-des-juges-ne-seront-payes-que-les-jours-travailles\/#respond"]}]},{"@type":"WebPage","@id":"https:\/\/kapitalis.com\/tunisie\/2022\/06\/26\/tunisie-greve-des-juges-ne-seront-payes-que-les-jours-travailles\/","url":"https:\/\/kapitalis.com\/tunisie\/2022\/06\/26\/tunisie-greve-des-juges-ne-seront-payes-que-les-jours-travailles\/","name":"Tunisie-Gr\u00e8ve des juges : ne seront pay\u00e9s que les jours travaill\u00e9s\u00a0! - Kapitalis","isPartOf":{"@id":"https:\/\/kapitalis.com\/tunisie\/#website"},"primaryImageOfPage":{"@id":"https:\/\/kapitalis.com\/tunisie\/2022\/06\/26\/tunisie-greve-des-juges-ne-seront-payes-que-les-jours-travailles\/#primaryimage"},"image":{"@id":"https:\/\/kapitalis.com\/tunisie\/2022\/06\/26\/tunisie-greve-des-juges-ne-seront-payes-que-les-jours-travailles\/#primaryimage"},"thumbnailUrl":"https:\/\/kapitalis.com\/tunisie\/wp-content\/uploads\/2022\/06\/greve-magistrats.jpg","datePublished":"2022-06-26T11:57:24+00:00","dateModified":"2022-06-26T11:57:25+00:00","breadcrumb":{"@id":"https:\/\/kapitalis.com\/tunisie\/2022\/06\/26\/tunisie-greve-des-juges-ne-seront-payes-que-les-jours-travailles\/#breadcrumb"},"inLanguage":"fr-FR","potentialAction":[{"@type":"ReadAction","target":["https:\/\/kapitalis.com\/tunisie\/2022\/06\/26\/tunisie-greve-des-juges-ne-seront-payes-que-les-jours-travailles\/"]}]},{"@type":"ImageObject","inLanguage":"fr-FR","@id":"https:\/\/kapitalis.com\/tunisie\/2022\/06\/26\/tunisie-greve-des-juges-ne-seront-payes-que-les-jours-travailles\/#primaryimage","url":"https:\/\/kapitalis.com\/tunisie\/wp-content\/uploads\/2022\/06\/greve-magistrats.jpg","contentUrl":"https:\/\/kapitalis.com\/tunisie\/wp-content\/uploads\/2022\/06\/greve-magistrats.jpg","width":1200,"height":630},{"@type":"BreadcrumbList","@id":"https:\/\/kapitalis.com\/tunisie\/2022\/06\/26\/tunisie-greve-des-juges-ne-seront-payes-que-les-jours-travailles\/#breadcrumb","itemListElement":[{"@type":"ListItem","position":1,"name":"Accueil","item":"https:\/\/kapitalis.com\/tunisie\/"},{"@type":"ListItem","position":2,"name":"Tunisie-Gr\u00e8ve des juges : ne seront pay\u00e9s que les jours travaill\u00e9s\u00a0!"}]},{"@type":"WebSite","@id":"https:\/\/kapitalis.com\/tunisie\/#website","url":"https:\/\/kapitalis.com\/tunisie\/","name":"Kapitalis","description":"L&#039;actualit\u00e9 en Tunisie et dans le monde","publisher":{"@id":"https:\/\/kapitalis.com\/tunisie\/#organization"},"potentialAction":[{"@type":"SearchAction","target":{"@type":"EntryPoint","urlTemplate":"https:\/\/kapitalis.com\/tunisie\/?s={search_term_string}"},"query-input":{"@type":"PropertyValueSpecification","valueRequired":true,"valueName":"search_term_string"}}],"inLanguage":"fr-FR"},{"@type":"Organization","@id":"https:\/\/kapitalis.com\/tunisie\/#organization","name":"Kapitalis","url":"https:\/\/kapitalis.com\/tunisie\/","logo":{"@type":"ImageObject","inLanguage":"fr-FR","@id":"https:\/\/kapitalis.com\/tunisie\/#\/schema\/logo\/image\/","url":"https:\/\/kapitalis.com\/tunisie\/wp-content\/uploads\/2022\/05\/Kapitalis-big-size.png","contentUrl":"https:\/\/kapitalis.com\/tunisie\/wp-content\/uploads\/2022\/05\/Kapitalis-big-size.png","width":5000,"height":1500,"caption":"Kapitalis"},"image":{"@id":"https:\/\/kapitalis.com\/tunisie\/#\/schema\/logo\/image\/"},"sameAs":["https:\/\/www.facebook.com\/KapitalisInfo\/","https:\/\/x.com\/KapitalisInfo","https:\/\/www.youtube.com\/channel\/UC-yDYrHyfFBWWZaOw3FPg9Q"]},{"@type":"Person","@id":"https:\/\/kapitalis.com\/tunisie\/#\/schema\/person\/d71f33a9ca44f7bad4698210b480c8e9","name":"webmaster kapitalis","url":"https:\/\/kapitalis.com\/tunisie\/author\/webmaster-kapitalis\/"}]}},"_links":{"self":[{"href":"https:\/\/kapitalis.com\/tunisie\/wp-json\/wp\/v2\/posts\/1780650","targetHints":{"allow":["GET"]}}],"collection":[{"href":"https:\/\/kapitalis.com\/tunisie\/wp-json\/wp\/v2\/posts"}],"about":[{"href":"https:\/\/kapitalis.com\/tunisie\/wp-json\/wp\/v2\/types\/post"}],"author":[{"embeddable":true,"href":"https:\/\/kapitalis.com\/tunisie\/wp-json\/wp\/v2\/users\/8"}],"replies":[{"embeddable":true,"href":"https:\/\/kapitalis.com\/tunisie\/wp-json\/wp\/v2\/comments?post=1780650"}],"version-history":[{"count":0,"href":"https:\/\/kapitalis.com\/tunisie\/wp-json\/wp\/v2\/posts\/1780650\/revisions"}],"wp:featuredmedia":[{"embeddable":true,"href":"https:\/\/kapitalis.com\/tunisie\/wp-json\/wp\/v2\/media\/1326074"}],"wp:attachment":[{"href":"https:\/\/kapitalis.com\/tunisie\/wp-json\/wp\/v2\/media?parent=1780650"}],"wp:term":[{"taxonomy":"category","embeddable":true,"href":"https:\/\/kapitalis.com\/tunisie\/wp-json\/wp\/v2\/categories?post=1780650"},{"taxonomy":"post_tag","embeddable":true,"href":"https:\/\/kapitalis.com\/tunisie\/wp-json\/wp\/v2\/tags?post=1780650"}],"curies":[{"name":"wp","href":"https:\/\/api.w.org\/{rel}","templated":true}]}}