{"id":17843159,"date":"2025-11-06T23:48:22","date_gmt":"2025-11-06T22:48:22","guid":{"rendered":"https:\/\/kapitalis.com\/tunisie\/?p=17843159"},"modified":"2025-11-06T23:58:05","modified_gmt":"2025-11-06T22:58:05","slug":"human-screen-festival-a-la-cite-de-la-culture-de-tunis","status":"publish","type":"post","link":"https:\/\/kapitalis.com\/tunisie\/2025\/11\/06\/human-screen-festival-a-la-cite-de-la-culture-de-tunis\/","title":{"rendered":"Human screen festival \u00e0 la Cit\u00e9 de la culture de Tunis"},"content":{"rendered":"\n<p><strong><em>L\u2019Association ACTIF annonce que la 10e \u00e9dition du Human Screen Festival, se tiendra du 11 au 15 novembre 2025, \u00e0 la Cit\u00e9 de la Culture de Tunis.<\/em><\/strong><\/p>\n\n\n\n<!--more-->\n\n\n\n<p>Cette nouvelle \u00e9dition mettra \u00e0 l\u2019honneur le cin\u00e9ma engag\u00e9, la libert\u00e9 d\u2019expression et la d\u00e9fense des droits humains \u00e0 travers des projections, de d\u00e9bats et des rencontres inspirantes, annoncent les organisateurs.<\/p>\n\n\n\n<p>Pour ce Festival International du Film des Droits de l\u2019Homme, plus de 55 \u0153uvres issues de 32 pays sont attendues, sachant que l&rsquo;Espagne, sera invit\u00e9e d\u2019honneur de cette \u00e9dition, qui c\u00e9l\u00e8brera le cin\u00e9ma citoyen sous le slogan <em>\u00ab\u00a0Les droits sont indivisibles\u00a0\u00bb.<\/em><\/p>\n\n\n\n<p>On notera qu&rsquo;en marge des projections, le festival propose \u00e9galement des rencontres, des ateliers, un colloque, entre autres programmes sur les droits de l\u2019homme, le dialogue et le cin\u00e9ma engag\u00e9.<\/p>\n\n\n\n<p><em>*<strong>ACTIF<\/strong> (Association Culturelle Tunisienne pour l&rsquo;insertion et la Formation) est une association tunisienne apolitique a but non lucratif.<\/em><\/p>\n\n\n\n<p class=\"has-text-align-right\"><strong>Y. N.<\/strong><\/p>\n","protected":false},"excerpt":{"rendered":"<p>L\u2019Association ACTIF annonce que la 10e \u00e9dition du Human Screen Festival, se tiendra du 11 au 15 novembre 2025, \u00e0 la Cit\u00e9 de la Culture de Tunis.<\/p>\n","protected":false},"author":6,"featured_media":17843320,"comment_status":"open","ping_status":"open","sticky":false,"template":"","format":"standard","meta":{"footnotes":""},"categories":[994,998,2433],"tags":[125531,43554,125532,74879,62643],"class_list":["post-17843159","post","type-post","status-publish","format-standard","has-post-thumbnail","hentry","category-culture","category-societe","category-tunisie","tag-actif","tag-cite-de-la-culture-de-tunis","tag-festival-international-du-film","tag-human-screen-festival","tag-tunisie"],"yoast_head":"<!-- This site is optimized with the Yoast SEO plugin v26.6 - https:\/\/yoast.com\/wordpress\/plugins\/seo\/ -->\n<title>Human screen festival \u00e0 la Cit\u00e9 de la culture de Tunis - Kapitalis<\/title>\n<meta name=\"robots\" content=\"index, follow, max-snippet:-1, max-image-preview:large, max-video-preview:-1\" \/>\n<link rel=\"canonical\" href=\"https:\/\/kapitalis.com\/tunisie\/2025\/11\/06\/human-screen-festival-a-la-cite-de-la-culture-de-tunis\/\" \/>\n<meta property=\"og:locale\" content=\"fr_FR\" \/>\n<meta property=\"og:type\" content=\"article\" \/>\n<meta property=\"og:title\" content=\"Human screen festival \u00e0 la Cit\u00e9 de la culture de Tunis - Kapitalis\" \/>\n<meta property=\"og:description\" content=\"L\u2019Association ACTIF annonce que la 10e \u00e9dition du Human Screen Festival, se tiendra du 11 au 15 novembre 2025, \u00e0 la Cit\u00e9 de la Culture de Tunis.\" \/>\n<meta property=\"og:url\" content=\"https:\/\/kapitalis.com\/tunisie\/2025\/11\/06\/human-screen-festival-a-la-cite-de-la-culture-de-tunis\/\" \/>\n<meta property=\"og:site_name\" content=\"Kapitalis\" \/>\n<meta property=\"article:publisher\" content=\"https:\/\/www.facebook.com\/KapitalisInfo\/\" \/>\n<meta property=\"article:published_time\" content=\"2025-11-06T22:48:22+00:00\" \/>\n<meta property=\"article:modified_time\" content=\"2025-11-06T22:58:05+00:00\" \/>\n<meta property=\"og:image\" content=\"https:\/\/kapitalis.com\/tunisie\/wp-content\/uploads\/2025\/11\/Human-Screen-Festival.jpg\" \/>\n\t<meta property=\"og:image:width\" content=\"1200\" \/>\n\t<meta property=\"og:image:height\" content=\"630\" \/>\n\t<meta property=\"og:image:type\" content=\"image\/jpeg\" \/>\n<meta name=\"author\" content=\"Yusra NY\" \/>\n<meta name=\"twitter:card\" content=\"summary_large_image\" \/>\n<meta name=\"twitter:creator\" content=\"@KapitalisInfo\" \/>\n<meta name=\"twitter:site\" content=\"@KapitalisInfo\" \/>\n<meta name=\"twitter:label1\" content=\"\u00c9crit par\" \/>\n\t<meta name=\"twitter:data1\" content=\"Yusra NY\" \/>\n\t<meta name=\"twitter:label2\" content=\"Dur\u00e9e de lecture estim\u00e9e\" \/>\n\t<meta name=\"twitter:data2\" content=\"1 minute\" \/>\n<script type=\"application\/ld+json\" class=\"yoast-schema-graph\">{\"@context\":\"https:\/\/schema.org\",\"@graph\":[{\"@type\":\"Article\",\"@id\":\"https:\/\/kapitalis.com\/tunisie\/2025\/11\/06\/human-screen-festival-a-la-cite-de-la-culture-de-tunis\/#article\",\"isPartOf\":{\"@id\":\"https:\/\/kapitalis.com\/tunisie\/2025\/11\/06\/human-screen-festival-a-la-cite-de-la-culture-de-tunis\/\"},\"author\":{\"name\":\"Yusra NY\",\"@id\":\"https:\/\/kapitalis.com\/tunisie\/#\/schema\/person\/74bbde0154d49d790a92aaeac5bc01d5\"},\"headline\":\"Human screen festival \u00e0 la Cit\u00e9 de la culture de Tunis\",\"datePublished\":\"2025-11-06T22:48:22+00:00\",\"dateModified\":\"2025-11-06T22:58:05+00:00\",\"mainEntityOfPage\":{\"@id\":\"https:\/\/kapitalis.com\/tunisie\/2025\/11\/06\/human-screen-festival-a-la-cite-de-la-culture-de-tunis\/\"},\"wordCount\":165,\"commentCount\":0,\"publisher\":{\"@id\":\"https:\/\/kapitalis.com\/tunisie\/#organization\"},\"image\":{\"@id\":\"https:\/\/kapitalis.com\/tunisie\/2025\/11\/06\/human-screen-festival-a-la-cite-de-la-culture-de-tunis\/#primaryimage\"},\"thumbnailUrl\":\"https:\/\/kapitalis.com\/tunisie\/wp-content\/uploads\/2025\/11\/Human-Screen-Festival.jpg\",\"keywords\":[\"ACTIF\",\"Cit\u00e9 de la Culture de Tunis\",\"Festival International du Film\",\"Human Screen Festival\",\"Tunisie\"],\"articleSection\":[\"CULTURE\",\"SOCIETE\",\"Tunisie\"],\"inLanguage\":\"fr-FR\",\"potentialAction\":[{\"@type\":\"CommentAction\",\"name\":\"Comment\",\"target\":[\"https:\/\/kapitalis.com\/tunisie\/2025\/11\/06\/human-screen-festival-a-la-cite-de-la-culture-de-tunis\/#respond\"]}]},{\"@type\":\"WebPage\",\"@id\":\"https:\/\/kapitalis.com\/tunisie\/2025\/11\/06\/human-screen-festival-a-la-cite-de-la-culture-de-tunis\/\",\"url\":\"https:\/\/kapitalis.com\/tunisie\/2025\/11\/06\/human-screen-festival-a-la-cite-de-la-culture-de-tunis\/\",\"name\":\"Human screen festival \u00e0 la Cit\u00e9 de la culture de Tunis - Kapitalis\",\"isPartOf\":{\"@id\":\"https:\/\/kapitalis.com\/tunisie\/#website\"},\"primaryImageOfPage\":{\"@id\":\"https:\/\/kapitalis.com\/tunisie\/2025\/11\/06\/human-screen-festival-a-la-cite-de-la-culture-de-tunis\/#primaryimage\"},\"image\":{\"@id\":\"https:\/\/kapitalis.com\/tunisie\/2025\/11\/06\/human-screen-festival-a-la-cite-de-la-culture-de-tunis\/#primaryimage\"},\"thumbnailUrl\":\"https:\/\/kapitalis.com\/tunisie\/wp-content\/uploads\/2025\/11\/Human-Screen-Festival.jpg\",\"datePublished\":\"2025-11-06T22:48:22+00:00\",\"dateModified\":\"2025-11-06T22:58:05+00:00\",\"breadcrumb\":{\"@id\":\"https:\/\/kapitalis.com\/tunisie\/2025\/11\/06\/human-screen-festival-a-la-cite-de-la-culture-de-tunis\/#breadcrumb\"},\"inLanguage\":\"fr-FR\",\"potentialAction\":[{\"@type\":\"ReadAction\",\"target\":[\"https:\/\/kapitalis.com\/tunisie\/2025\/11\/06\/human-screen-festival-a-la-cite-de-la-culture-de-tunis\/\"]}]},{\"@type\":\"ImageObject\",\"inLanguage\":\"fr-FR\",\"@id\":\"https:\/\/kapitalis.com\/tunisie\/2025\/11\/06\/human-screen-festival-a-la-cite-de-la-culture-de-tunis\/#primaryimage\",\"url\":\"https:\/\/kapitalis.com\/tunisie\/wp-content\/uploads\/2025\/11\/Human-Screen-Festival.jpg\",\"contentUrl\":\"https:\/\/kapitalis.com\/tunisie\/wp-content\/uploads\/2025\/11\/Human-Screen-Festival.jpg\",\"width\":1200,\"height\":630},{\"@type\":\"BreadcrumbList\",\"@id\":\"https:\/\/kapitalis.com\/tunisie\/2025\/11\/06\/human-screen-festival-a-la-cite-de-la-culture-de-tunis\/#breadcrumb\",\"itemListElement\":[{\"@type\":\"ListItem\",\"position\":1,\"name\":\"Accueil\",\"item\":\"https:\/\/kapitalis.com\/tunisie\/\"},{\"@type\":\"ListItem\",\"position\":2,\"name\":\"Human screen festival \u00e0 la Cit\u00e9 de la culture de Tunis\"}]},{\"@type\":\"WebSite\",\"@id\":\"https:\/\/kapitalis.com\/tunisie\/#website\",\"url\":\"https:\/\/kapitalis.com\/tunisie\/\",\"name\":\"Kapitalis\",\"description\":\"L&#039;actualit\u00e9 en Tunisie et dans le monde\",\"publisher\":{\"@id\":\"https:\/\/kapitalis.com\/tunisie\/#organization\"},\"potentialAction\":[{\"@type\":\"SearchAction\",\"target\":{\"@type\":\"EntryPoint\",\"urlTemplate\":\"https:\/\/kapitalis.com\/tunisie\/?s={search_term_string}\"},\"query-input\":{\"@type\":\"PropertyValueSpecification\",\"valueRequired\":true,\"valueName\":\"search_term_string\"}}],\"inLanguage\":\"fr-FR\"},{\"@type\":\"Organization\",\"@id\":\"https:\/\/kapitalis.com\/tunisie\/#organization\",\"name\":\"Kapitalis\",\"url\":\"https:\/\/kapitalis.com\/tunisie\/\",\"logo\":{\"@type\":\"ImageObject\",\"inLanguage\":\"fr-FR\",\"@id\":\"https:\/\/kapitalis.com\/tunisie\/#\/schema\/logo\/image\/\",\"url\":\"https:\/\/kapitalis.com\/tunisie\/wp-content\/uploads\/2022\/05\/Kapitalis-big-size.png\",\"contentUrl\":\"https:\/\/kapitalis.com\/tunisie\/wp-content\/uploads\/2022\/05\/Kapitalis-big-size.png\",\"width\":5000,\"height\":1500,\"caption\":\"Kapitalis\"},\"image\":{\"@id\":\"https:\/\/kapitalis.com\/tunisie\/#\/schema\/logo\/image\/\"},\"sameAs\":[\"https:\/\/www.facebook.com\/KapitalisInfo\/\",\"https:\/\/x.com\/KapitalisInfo\",\"https:\/\/www.youtube.com\/channel\/UC-yDYrHyfFBWWZaOw3FPg9Q\"]},{\"@type\":\"Person\",\"@id\":\"https:\/\/kapitalis.com\/tunisie\/#\/schema\/person\/74bbde0154d49d790a92aaeac5bc01d5\",\"name\":\"Yusra NY\",\"url\":\"https:\/\/kapitalis.com\/tunisie\/author\/yuza_adam\/\"}]}<\/script>\n<!-- \/ Yoast SEO plugin. -->","yoast_head_json":{"title":"Human screen festival \u00e0 la Cit\u00e9 de la culture de Tunis - Kapitalis","robots":{"index":"index","follow":"follow","max-snippet":"max-snippet:-1","max-image-preview":"max-image-preview:large","max-video-preview":"max-video-preview:-1"},"canonical":"https:\/\/kapitalis.com\/tunisie\/2025\/11\/06\/human-screen-festival-a-la-cite-de-la-culture-de-tunis\/","og_locale":"fr_FR","og_type":"article","og_title":"Human screen festival \u00e0 la Cit\u00e9 de la culture de Tunis - Kapitalis","og_description":"L\u2019Association ACTIF annonce que la 10e \u00e9dition du Human Screen Festival, se tiendra du 11 au 15 novembre 2025, \u00e0 la Cit\u00e9 de la Culture de Tunis.","og_url":"https:\/\/kapitalis.com\/tunisie\/2025\/11\/06\/human-screen-festival-a-la-cite-de-la-culture-de-tunis\/","og_site_name":"Kapitalis","article_publisher":"https:\/\/www.facebook.com\/KapitalisInfo\/","article_published_time":"2025-11-06T22:48:22+00:00","article_modified_time":"2025-11-06T22:58:05+00:00","og_image":[{"width":1200,"height":630,"url":"https:\/\/kapitalis.com\/tunisie\/wp-content\/uploads\/2025\/11\/Human-Screen-Festival.jpg","type":"image\/jpeg"}],"author":"Yusra NY","twitter_card":"summary_large_image","twitter_creator":"@KapitalisInfo","twitter_site":"@KapitalisInfo","twitter_misc":{"\u00c9crit par":"Yusra NY","Dur\u00e9e de lecture estim\u00e9e":"1 minute"},"schema":{"@context":"https:\/\/schema.org","@graph":[{"@type":"Article","@id":"https:\/\/kapitalis.com\/tunisie\/2025\/11\/06\/human-screen-festival-a-la-cite-de-la-culture-de-tunis\/#article","isPartOf":{"@id":"https:\/\/kapitalis.com\/tunisie\/2025\/11\/06\/human-screen-festival-a-la-cite-de-la-culture-de-tunis\/"},"author":{"name":"Yusra NY","@id":"https:\/\/kapitalis.com\/tunisie\/#\/schema\/person\/74bbde0154d49d790a92aaeac5bc01d5"},"headline":"Human screen festival \u00e0 la Cit\u00e9 de la culture de Tunis","datePublished":"2025-11-06T22:48:22+00:00","dateModified":"2025-11-06T22:58:05+00:00","mainEntityOfPage":{"@id":"https:\/\/kapitalis.com\/tunisie\/2025\/11\/06\/human-screen-festival-a-la-cite-de-la-culture-de-tunis\/"},"wordCount":165,"commentCount":0,"publisher":{"@id":"https:\/\/kapitalis.com\/tunisie\/#organization"},"image":{"@id":"https:\/\/kapitalis.com\/tunisie\/2025\/11\/06\/human-screen-festival-a-la-cite-de-la-culture-de-tunis\/#primaryimage"},"thumbnailUrl":"https:\/\/kapitalis.com\/tunisie\/wp-content\/uploads\/2025\/11\/Human-Screen-Festival.jpg","keywords":["ACTIF","Cit\u00e9 de la Culture de Tunis","Festival International du Film","Human Screen Festival","Tunisie"],"articleSection":["CULTURE","SOCIETE","Tunisie"],"inLanguage":"fr-FR","potentialAction":[{"@type":"CommentAction","name":"Comment","target":["https:\/\/kapitalis.com\/tunisie\/2025\/11\/06\/human-screen-festival-a-la-cite-de-la-culture-de-tunis\/#respond"]}]},{"@type":"WebPage","@id":"https:\/\/kapitalis.com\/tunisie\/2025\/11\/06\/human-screen-festival-a-la-cite-de-la-culture-de-tunis\/","url":"https:\/\/kapitalis.com\/tunisie\/2025\/11\/06\/human-screen-festival-a-la-cite-de-la-culture-de-tunis\/","name":"Human screen festival \u00e0 la Cit\u00e9 de la culture de Tunis - Kapitalis","isPartOf":{"@id":"https:\/\/kapitalis.com\/tunisie\/#website"},"primaryImageOfPage":{"@id":"https:\/\/kapitalis.com\/tunisie\/2025\/11\/06\/human-screen-festival-a-la-cite-de-la-culture-de-tunis\/#primaryimage"},"image":{"@id":"https:\/\/kapitalis.com\/tunisie\/2025\/11\/06\/human-screen-festival-a-la-cite-de-la-culture-de-tunis\/#primaryimage"},"thumbnailUrl":"https:\/\/kapitalis.com\/tunisie\/wp-content\/uploads\/2025\/11\/Human-Screen-Festival.jpg","datePublished":"2025-11-06T22:48:22+00:00","dateModified":"2025-11-06T22:58:05+00:00","breadcrumb":{"@id":"https:\/\/kapitalis.com\/tunisie\/2025\/11\/06\/human-screen-festival-a-la-cite-de-la-culture-de-tunis\/#breadcrumb"},"inLanguage":"fr-FR","potentialAction":[{"@type":"ReadAction","target":["https:\/\/kapitalis.com\/tunisie\/2025\/11\/06\/human-screen-festival-a-la-cite-de-la-culture-de-tunis\/"]}]},{"@type":"ImageObject","inLanguage":"fr-FR","@id":"https:\/\/kapitalis.com\/tunisie\/2025\/11\/06\/human-screen-festival-a-la-cite-de-la-culture-de-tunis\/#primaryimage","url":"https:\/\/kapitalis.com\/tunisie\/wp-content\/uploads\/2025\/11\/Human-Screen-Festival.jpg","contentUrl":"https:\/\/kapitalis.com\/tunisie\/wp-content\/uploads\/2025\/11\/Human-Screen-Festival.jpg","width":1200,"height":630},{"@type":"BreadcrumbList","@id":"https:\/\/kapitalis.com\/tunisie\/2025\/11\/06\/human-screen-festival-a-la-cite-de-la-culture-de-tunis\/#breadcrumb","itemListElement":[{"@type":"ListItem","position":1,"name":"Accueil","item":"https:\/\/kapitalis.com\/tunisie\/"},{"@type":"ListItem","position":2,"name":"Human screen festival \u00e0 la Cit\u00e9 de la culture de Tunis"}]},{"@type":"WebSite","@id":"https:\/\/kapitalis.com\/tunisie\/#website","url":"https:\/\/kapitalis.com\/tunisie\/","name":"Kapitalis","description":"L&#039;actualit\u00e9 en Tunisie et dans le monde","publisher":{"@id":"https:\/\/kapitalis.com\/tunisie\/#organization"},"potentialAction":[{"@type":"SearchAction","target":{"@type":"EntryPoint","urlTemplate":"https:\/\/kapitalis.com\/tunisie\/?s={search_term_string}"},"query-input":{"@type":"PropertyValueSpecification","valueRequired":true,"valueName":"search_term_string"}}],"inLanguage":"fr-FR"},{"@type":"Organization","@id":"https:\/\/kapitalis.com\/tunisie\/#organization","name":"Kapitalis","url":"https:\/\/kapitalis.com\/tunisie\/","logo":{"@type":"ImageObject","inLanguage":"fr-FR","@id":"https:\/\/kapitalis.com\/tunisie\/#\/schema\/logo\/image\/","url":"https:\/\/kapitalis.com\/tunisie\/wp-content\/uploads\/2022\/05\/Kapitalis-big-size.png","contentUrl":"https:\/\/kapitalis.com\/tunisie\/wp-content\/uploads\/2022\/05\/Kapitalis-big-size.png","width":5000,"height":1500,"caption":"Kapitalis"},"image":{"@id":"https:\/\/kapitalis.com\/tunisie\/#\/schema\/logo\/image\/"},"sameAs":["https:\/\/www.facebook.com\/KapitalisInfo\/","https:\/\/x.com\/KapitalisInfo","https:\/\/www.youtube.com\/channel\/UC-yDYrHyfFBWWZaOw3FPg9Q"]},{"@type":"Person","@id":"https:\/\/kapitalis.com\/tunisie\/#\/schema\/person\/74bbde0154d49d790a92aaeac5bc01d5","name":"Yusra NY","url":"https:\/\/kapitalis.com\/tunisie\/author\/yuza_adam\/"}]}},"_links":{"self":[{"href":"https:\/\/kapitalis.com\/tunisie\/wp-json\/wp\/v2\/posts\/17843159","targetHints":{"allow":["GET"]}}],"collection":[{"href":"https:\/\/kapitalis.com\/tunisie\/wp-json\/wp\/v2\/posts"}],"about":[{"href":"https:\/\/kapitalis.com\/tunisie\/wp-json\/wp\/v2\/types\/post"}],"author":[{"embeddable":true,"href":"https:\/\/kapitalis.com\/tunisie\/wp-json\/wp\/v2\/users\/6"}],"replies":[{"embeddable":true,"href":"https:\/\/kapitalis.com\/tunisie\/wp-json\/wp\/v2\/comments?post=17843159"}],"version-history":[{"count":1,"href":"https:\/\/kapitalis.com\/tunisie\/wp-json\/wp\/v2\/posts\/17843159\/revisions"}],"predecessor-version":[{"id":17843345,"href":"https:\/\/kapitalis.com\/tunisie\/wp-json\/wp\/v2\/posts\/17843159\/revisions\/17843345"}],"wp:featuredmedia":[{"embeddable":true,"href":"https:\/\/kapitalis.com\/tunisie\/wp-json\/wp\/v2\/media\/17843320"}],"wp:attachment":[{"href":"https:\/\/kapitalis.com\/tunisie\/wp-json\/wp\/v2\/media?parent=17843159"}],"wp:term":[{"taxonomy":"category","embeddable":true,"href":"https:\/\/kapitalis.com\/tunisie\/wp-json\/wp\/v2\/categories?post=17843159"},{"taxonomy":"post_tag","embeddable":true,"href":"https:\/\/kapitalis.com\/tunisie\/wp-json\/wp\/v2\/tags?post=17843159"}],"curies":[{"name":"wp","href":"https:\/\/api.w.org\/{rel}","templated":true}]}}