{"id":178675,"date":"2018-10-15T14:08:03","date_gmt":"2018-10-15T13:08:03","guid":{"rendered":"http:\/\/kapitalis.com\/tunisie\/?p=178675"},"modified":"2018-10-15T14:08:03","modified_gmt":"2018-10-15T13:08:03","slug":"hommage-a-ahmed-tlili-une-figure-de-proue-du-syndicalisme-tunisien","status":"publish","type":"post","link":"https:\/\/kapitalis.com\/tunisie\/2018\/10\/15\/hommage-a-ahmed-tlili-une-figure-de-proue-du-syndicalisme-tunisien\/","title":{"rendered":"Hommage \u00e0 Ahmed Tlili, une figure de proue du syndicalisme tunisien"},"content":{"rendered":"<p style=\"text-align: center;\"><img loading=\"lazy\" decoding=\"async\" class=\"alignnone size-full wp-image-178676\" src=\"http:\/\/kapitalis.com\/tunisie\/wp-content\/uploads\/2018\/10\/Ahmed-Tlili.jpg\" alt=\"\" width=\"626\" height=\"380\" \/><\/p>\n<p><em><strong>Les Tunisiens c\u00e9l\u00e9breront demain, mardi 16 octobre 2018, le 102e anniversaire de la naissance d\u2019Ahmed Tlili, un nationaliste sinc\u00e8re, un militant d\u00e9vou\u00e9 et une grande figure du syndicalisme tunisien, maghr\u00e9bin, arabe et africain.<\/strong> <\/em><\/p>\n<p>Par <strong>Mohamed Habib Salamouna<\/strong> *<\/p>\n<p><!--more--><\/p>\n<p>La comm\u00e9moration de la naissance du grand leader syndicaliste Ahmed Tlili (n\u00e9 le 16 octobre 1916 \u00e0 El Ksar, \u00e0 Gafsa, et mort le 25 juin 1967 en exil \u00e0 Paris) constitue, chaque ann\u00e9e, une occasion privil\u00e9gi\u00e9e pour les jeunes tunisiens, surtout, de tirer les enseignements dont est charg\u00e9e une carri\u00e8re riche et intense, enti\u00e8rement mise au service de la patrie.<\/p>\n<p>Homme d\u2019une forte personnalit\u00e9, d\u2019une grande loyaut\u00e9, intransigeant sur les principes, sinc\u00e8re et droit, Ahmed Tlili a su concilier ses responsabilit\u00e9s syndicales, au sein de l\u2019Union g\u00e9n\u00e9rale tunisienne du travail (UGTT), et son engagement politique en tant que militant d\u2019un parti, le N\u00e9o-Destour, qui a conduit la lutte et consacr\u00e9 la victoire de notre pays. Ainsi a-t-il particip\u00e9 d\u2019une mani\u00e8re \u00e9clatante, aussi bien par le discours politique stimulateur que par l\u2019action directe, au farouche combat que menait les nationalistes tunisiens contre les forces coloniales.<\/p>\n<p style=\"text-align: center;\"><img loading=\"lazy\" decoding=\"async\" class=\"alignnone wp-image-178680\" src=\"http:\/\/kapitalis.com\/tunisie\/wp-content\/uploads\/2018\/10\/Ahmed-Tlili-Taieb-Mhiri.jpg\" alt=\"\" width=\"500\" height=\"304\" \/><\/p>\n<p style=\"text-align: center;\"><em>Ahmed Tlili (avec Taieb Mhiri).<\/em><\/p>\n<p>La carri\u00e8re de ce grand militant s\u2019est d\u2019ailleurs prolong\u00e9e et confirm\u00e9e avec le m\u00eame engagement et la m\u00eame t\u00e9nacit\u00e9 tout au long du processus de lib\u00e9ration entrepris non seulement sur le plan national mais aussi maghr\u00e9bin.<\/p>\n<p>Ahmed Tlili a particip\u00e9 au sein du Parti socialiste destourien (PSD, d\u00e9nomination prise par le N\u00e9o-Destour apr\u00e8s l\u2019ind\u00e9pendance du pays) aux travaux de la conf\u00e9rence historique de Tanger le 27 avril 1958. Il est incontestablement l\u2019un des premiers d\u00e9fenseurs de la cause maghr\u00e9bine, de l\u2019id\u00e9al de l\u2019union maghr\u00e9bine, de la solidarit\u00e9 et de la compl\u00e9mentarit\u00e9 entre les peuples d\u2019une r\u00e9gion <em>\u00abcondamn\u00e9e \u00e0 \u00eatre unie\u00bb<\/em>, selon ses termes.<\/p>\n<p>Et c\u2019est ainsi qu\u2019il a fait entendre la voix sage de la Tunisie de Bourguiba, le premier Maghr\u00e9bin \u00e0 avoir cru et appel\u00e9 \u00e0 <em>\u00abla n\u00e9cessaire construction du Grand Maghreb\u00bb<\/em>, m\u00eame si les voie des deux hommes se s\u00e9pareront \u00e0 partir de 1965, Tlili reprochant \u00e0 Bourguiba sa d\u00e9rive autoritaire et son refus d\u2019impulser l\u2019ouverture d\u00e9mocratique que lui-m\u00eame et beaucoup de Tunisiens appelaient alors de tous leurs v\u0153ux.<\/p>\n<p style=\"text-align: center;\"><img loading=\"lazy\" decoding=\"async\" class=\"alignnone wp-image-178682\" src=\"http:\/\/kapitalis.com\/tunisie\/wp-content\/uploads\/2018\/10\/Ahmed-Tlili-Mohamed-Tahar-Ben-Ammar.jpg\" alt=\"\" width=\"500\" height=\"304\" \/><\/p>\n<p style=\"text-align: center;\"><em>Ahmed Tlili (ici avec Mohamed Tahar Ben Ammar).<\/em><\/p>\n<p>Sa fameuse<em> \u2018\u2018Lettre \u00e0 Bourguiba\u2019\u2019<\/em>, envoy\u00e9e en janvier 1966 de son exil parisien, sera l\u2019un des premiers importants plaidoyer en faveur de la d\u00e9mocratisation et du respect des droits de l&rsquo;homme en Tunisie, appel qui trouvera \u00e9cho parmi les activistes politiques et les acteurs de la soci\u00e9t\u00e9 civile et trouvera sa concr\u00e9tisation dans la transition d\u00e9mocratique qui a fait suite \u00e0 la r\u00e9volution de janvier 2011.<\/p>\n<p>La Tunisie sera toujours reconnaissante \u00e0 Ahmed Tlili d\u2019avoir donn\u00e9 le meilleur de lui-m\u00eame pour la servir et d\u2019avoir aussi montr\u00e9 la voie \u00e0 suivre \u00e0 plusieurs g\u00e9n\u00e9rations de dirigeants politiques et syndicalistes.<\/p>\n<p><em>* Professeur de fran\u00e7ais.<\/em><\/p>\n","protected":false},"excerpt":{"rendered":"<p>Les Tunisiens c\u00e9l\u00e9breront demain, mardi 16 octobre 2018, le 102e anniversaire de la naissance d\u2019Ahmed Tlili, un nationaliste sinc\u00e8re, un militant d\u00e9vou\u00e9 et une grande figure du syndicalisme tunisien, maghr\u00e9bin, arabe et africain. Par Mohamed Habib Salamouna *<\/p>\n","protected":false},"author":8,"featured_media":178676,"comment_status":"open","ping_status":"open","sticky":false,"template":"","format":"standard","meta":{"footnotes":""},"categories":[992,1000,2433],"tags":[163,13786,407,656,936,21831],"class_list":["post-178675","post","type-post","status-publish","format-standard","has-post-thumbnail","hentry","category-a-la-une","category-tribune","category-tunisie","tag-bourguiba","tag-el-ksar","tag-gafsa","tag-neo-destour","tag-ugtt","tag-union-generale-tunisienne-du-travail"],"yoast_head":"<!-- This site is optimized with the Yoast SEO plugin v26.6 - https:\/\/yoast.com\/wordpress\/plugins\/seo\/ -->\n<title>Hommage \u00e0 Ahmed Tlili, une figure de proue du syndicalisme tunisien - Kapitalis<\/title>\n<meta name=\"robots\" content=\"index, follow, max-snippet:-1, max-image-preview:large, max-video-preview:-1\" \/>\n<link rel=\"canonical\" href=\"https:\/\/kapitalis.com\/tunisie\/2018\/10\/15\/hommage-a-ahmed-tlili-une-figure-de-proue-du-syndicalisme-tunisien\/\" \/>\n<meta property=\"og:locale\" content=\"fr_FR\" \/>\n<meta property=\"og:type\" content=\"article\" \/>\n<meta property=\"og:title\" content=\"Hommage \u00e0 Ahmed Tlili, une figure de proue du syndicalisme tunisien - Kapitalis\" \/>\n<meta property=\"og:description\" content=\"Les Tunisiens c\u00e9l\u00e9breront demain, mardi 16 octobre 2018, le 102e anniversaire de la naissance d\u2019Ahmed Tlili, un nationaliste sinc\u00e8re, un militant d\u00e9vou\u00e9 et une grande figure du syndicalisme tunisien, maghr\u00e9bin, arabe et africain. Par Mohamed Habib Salamouna *\" \/>\n<meta property=\"og:url\" content=\"https:\/\/kapitalis.com\/tunisie\/2018\/10\/15\/hommage-a-ahmed-tlili-une-figure-de-proue-du-syndicalisme-tunisien\/\" \/>\n<meta property=\"og:site_name\" content=\"Kapitalis\" \/>\n<meta property=\"article:publisher\" content=\"https:\/\/www.facebook.com\/KapitalisInfo\/\" \/>\n<meta property=\"article:published_time\" content=\"2018-10-15T13:08:03+00:00\" \/>\n<meta property=\"og:image\" content=\"https:\/\/kapitalis.com\/tunisie\/wp-content\/uploads\/2022\/05\/kapitalis-logo-fb.png\" \/>\n\t<meta property=\"og:image:width\" content=\"1200\" \/>\n\t<meta property=\"og:image:height\" content=\"630\" \/>\n\t<meta property=\"og:image:type\" content=\"image\/png\" \/>\n<meta name=\"author\" content=\"webmaster kapitalis\" \/>\n<meta name=\"twitter:card\" content=\"summary_large_image\" \/>\n<meta name=\"twitter:creator\" content=\"@KapitalisInfo\" \/>\n<meta name=\"twitter:site\" content=\"@KapitalisInfo\" \/>\n<meta name=\"twitter:label1\" content=\"\u00c9crit par\" \/>\n\t<meta name=\"twitter:data1\" content=\"webmaster kapitalis\" \/>\n\t<meta name=\"twitter:label2\" content=\"Dur\u00e9e de lecture estim\u00e9e\" \/>\n\t<meta name=\"twitter:data2\" content=\"3 minutes\" \/>\n<script type=\"application\/ld+json\" class=\"yoast-schema-graph\">{\"@context\":\"https:\/\/schema.org\",\"@graph\":[{\"@type\":\"Article\",\"@id\":\"https:\/\/kapitalis.com\/tunisie\/2018\/10\/15\/hommage-a-ahmed-tlili-une-figure-de-proue-du-syndicalisme-tunisien\/#article\",\"isPartOf\":{\"@id\":\"https:\/\/kapitalis.com\/tunisie\/2018\/10\/15\/hommage-a-ahmed-tlili-une-figure-de-proue-du-syndicalisme-tunisien\/\"},\"author\":{\"name\":\"webmaster kapitalis\",\"@id\":\"https:\/\/kapitalis.com\/tunisie\/#\/schema\/person\/d71f33a9ca44f7bad4698210b480c8e9\"},\"headline\":\"Hommage \u00e0 Ahmed Tlili, une figure de proue du syndicalisme tunisien\",\"datePublished\":\"2018-10-15T13:08:03+00:00\",\"mainEntityOfPage\":{\"@id\":\"https:\/\/kapitalis.com\/tunisie\/2018\/10\/15\/hommage-a-ahmed-tlili-une-figure-de-proue-du-syndicalisme-tunisien\/\"},\"wordCount\":531,\"commentCount\":0,\"publisher\":{\"@id\":\"https:\/\/kapitalis.com\/tunisie\/#organization\"},\"image\":{\"@id\":\"https:\/\/kapitalis.com\/tunisie\/2018\/10\/15\/hommage-a-ahmed-tlili-une-figure-de-proue-du-syndicalisme-tunisien\/#primaryimage\"},\"thumbnailUrl\":\"\",\"keywords\":[\"Bourguiba\",\"EL-Ksar\",\"Gafsa\",\"N\u00e9o-Destour\",\"UGTT\",\"Union g\u00e9n\u00e9rale tunisienne du travail\"],\"articleSection\":[\"A LA UNE\",\"TRIBUNE\",\"Tunisie\"],\"inLanguage\":\"fr-FR\",\"potentialAction\":[{\"@type\":\"CommentAction\",\"name\":\"Comment\",\"target\":[\"https:\/\/kapitalis.com\/tunisie\/2018\/10\/15\/hommage-a-ahmed-tlili-une-figure-de-proue-du-syndicalisme-tunisien\/#respond\"]}]},{\"@type\":\"WebPage\",\"@id\":\"https:\/\/kapitalis.com\/tunisie\/2018\/10\/15\/hommage-a-ahmed-tlili-une-figure-de-proue-du-syndicalisme-tunisien\/\",\"url\":\"https:\/\/kapitalis.com\/tunisie\/2018\/10\/15\/hommage-a-ahmed-tlili-une-figure-de-proue-du-syndicalisme-tunisien\/\",\"name\":\"Hommage \u00e0 Ahmed Tlili, une figure de proue du syndicalisme tunisien - Kapitalis\",\"isPartOf\":{\"@id\":\"https:\/\/kapitalis.com\/tunisie\/#website\"},\"primaryImageOfPage\":{\"@id\":\"https:\/\/kapitalis.com\/tunisie\/2018\/10\/15\/hommage-a-ahmed-tlili-une-figure-de-proue-du-syndicalisme-tunisien\/#primaryimage\"},\"image\":{\"@id\":\"https:\/\/kapitalis.com\/tunisie\/2018\/10\/15\/hommage-a-ahmed-tlili-une-figure-de-proue-du-syndicalisme-tunisien\/#primaryimage\"},\"thumbnailUrl\":\"\",\"datePublished\":\"2018-10-15T13:08:03+00:00\",\"breadcrumb\":{\"@id\":\"https:\/\/kapitalis.com\/tunisie\/2018\/10\/15\/hommage-a-ahmed-tlili-une-figure-de-proue-du-syndicalisme-tunisien\/#breadcrumb\"},\"inLanguage\":\"fr-FR\",\"potentialAction\":[{\"@type\":\"ReadAction\",\"target\":[\"https:\/\/kapitalis.com\/tunisie\/2018\/10\/15\/hommage-a-ahmed-tlili-une-figure-de-proue-du-syndicalisme-tunisien\/\"]}]},{\"@type\":\"ImageObject\",\"inLanguage\":\"fr-FR\",\"@id\":\"https:\/\/kapitalis.com\/tunisie\/2018\/10\/15\/hommage-a-ahmed-tlili-une-figure-de-proue-du-syndicalisme-tunisien\/#primaryimage\",\"url\":\"\",\"contentUrl\":\"\"},{\"@type\":\"BreadcrumbList\",\"@id\":\"https:\/\/kapitalis.com\/tunisie\/2018\/10\/15\/hommage-a-ahmed-tlili-une-figure-de-proue-du-syndicalisme-tunisien\/#breadcrumb\",\"itemListElement\":[{\"@type\":\"ListItem\",\"position\":1,\"name\":\"Accueil\",\"item\":\"https:\/\/kapitalis.com\/tunisie\/\"},{\"@type\":\"ListItem\",\"position\":2,\"name\":\"Hommage \u00e0 Ahmed Tlili, une figure de proue du syndicalisme tunisien\"}]},{\"@type\":\"WebSite\",\"@id\":\"https:\/\/kapitalis.com\/tunisie\/#website\",\"url\":\"https:\/\/kapitalis.com\/tunisie\/\",\"name\":\"Kapitalis\",\"description\":\"L&#039;actualit\u00e9 en Tunisie et dans le monde\",\"publisher\":{\"@id\":\"https:\/\/kapitalis.com\/tunisie\/#organization\"},\"potentialAction\":[{\"@type\":\"SearchAction\",\"target\":{\"@type\":\"EntryPoint\",\"urlTemplate\":\"https:\/\/kapitalis.com\/tunisie\/?s={search_term_string}\"},\"query-input\":{\"@type\":\"PropertyValueSpecification\",\"valueRequired\":true,\"valueName\":\"search_term_string\"}}],\"inLanguage\":\"fr-FR\"},{\"@type\":\"Organization\",\"@id\":\"https:\/\/kapitalis.com\/tunisie\/#organization\",\"name\":\"Kapitalis\",\"url\":\"https:\/\/kapitalis.com\/tunisie\/\",\"logo\":{\"@type\":\"ImageObject\",\"inLanguage\":\"fr-FR\",\"@id\":\"https:\/\/kapitalis.com\/tunisie\/#\/schema\/logo\/image\/\",\"url\":\"https:\/\/kapitalis.com\/tunisie\/wp-content\/uploads\/2022\/05\/Kapitalis-big-size.png\",\"contentUrl\":\"https:\/\/kapitalis.com\/tunisie\/wp-content\/uploads\/2022\/05\/Kapitalis-big-size.png\",\"width\":5000,\"height\":1500,\"caption\":\"Kapitalis\"},\"image\":{\"@id\":\"https:\/\/kapitalis.com\/tunisie\/#\/schema\/logo\/image\/\"},\"sameAs\":[\"https:\/\/www.facebook.com\/KapitalisInfo\/\",\"https:\/\/x.com\/KapitalisInfo\",\"https:\/\/www.youtube.com\/channel\/UC-yDYrHyfFBWWZaOw3FPg9Q\"]},{\"@type\":\"Person\",\"@id\":\"https:\/\/kapitalis.com\/tunisie\/#\/schema\/person\/d71f33a9ca44f7bad4698210b480c8e9\",\"name\":\"webmaster kapitalis\",\"url\":\"https:\/\/kapitalis.com\/tunisie\/author\/webmaster-kapitalis\/\"}]}<\/script>\n<!-- \/ Yoast SEO plugin. -->","yoast_head_json":{"title":"Hommage \u00e0 Ahmed Tlili, une figure de proue du syndicalisme tunisien - Kapitalis","robots":{"index":"index","follow":"follow","max-snippet":"max-snippet:-1","max-image-preview":"max-image-preview:large","max-video-preview":"max-video-preview:-1"},"canonical":"https:\/\/kapitalis.com\/tunisie\/2018\/10\/15\/hommage-a-ahmed-tlili-une-figure-de-proue-du-syndicalisme-tunisien\/","og_locale":"fr_FR","og_type":"article","og_title":"Hommage \u00e0 Ahmed Tlili, une figure de proue du syndicalisme tunisien - Kapitalis","og_description":"Les Tunisiens c\u00e9l\u00e9breront demain, mardi 16 octobre 2018, le 102e anniversaire de la naissance d\u2019Ahmed Tlili, un nationaliste sinc\u00e8re, un militant d\u00e9vou\u00e9 et une grande figure du syndicalisme tunisien, maghr\u00e9bin, arabe et africain. Par Mohamed Habib Salamouna *","og_url":"https:\/\/kapitalis.com\/tunisie\/2018\/10\/15\/hommage-a-ahmed-tlili-une-figure-de-proue-du-syndicalisme-tunisien\/","og_site_name":"Kapitalis","article_publisher":"https:\/\/www.facebook.com\/KapitalisInfo\/","article_published_time":"2018-10-15T13:08:03+00:00","og_image":[{"width":1200,"height":630,"url":"https:\/\/kapitalis.com\/tunisie\/wp-content\/uploads\/2022\/05\/kapitalis-logo-fb.png","type":"image\/png"}],"author":"webmaster kapitalis","twitter_card":"summary_large_image","twitter_creator":"@KapitalisInfo","twitter_site":"@KapitalisInfo","twitter_misc":{"\u00c9crit par":"webmaster kapitalis","Dur\u00e9e de lecture estim\u00e9e":"3 minutes"},"schema":{"@context":"https:\/\/schema.org","@graph":[{"@type":"Article","@id":"https:\/\/kapitalis.com\/tunisie\/2018\/10\/15\/hommage-a-ahmed-tlili-une-figure-de-proue-du-syndicalisme-tunisien\/#article","isPartOf":{"@id":"https:\/\/kapitalis.com\/tunisie\/2018\/10\/15\/hommage-a-ahmed-tlili-une-figure-de-proue-du-syndicalisme-tunisien\/"},"author":{"name":"webmaster kapitalis","@id":"https:\/\/kapitalis.com\/tunisie\/#\/schema\/person\/d71f33a9ca44f7bad4698210b480c8e9"},"headline":"Hommage \u00e0 Ahmed Tlili, une figure de proue du syndicalisme tunisien","datePublished":"2018-10-15T13:08:03+00:00","mainEntityOfPage":{"@id":"https:\/\/kapitalis.com\/tunisie\/2018\/10\/15\/hommage-a-ahmed-tlili-une-figure-de-proue-du-syndicalisme-tunisien\/"},"wordCount":531,"commentCount":0,"publisher":{"@id":"https:\/\/kapitalis.com\/tunisie\/#organization"},"image":{"@id":"https:\/\/kapitalis.com\/tunisie\/2018\/10\/15\/hommage-a-ahmed-tlili-une-figure-de-proue-du-syndicalisme-tunisien\/#primaryimage"},"thumbnailUrl":"","keywords":["Bourguiba","EL-Ksar","Gafsa","N\u00e9o-Destour","UGTT","Union g\u00e9n\u00e9rale tunisienne du travail"],"articleSection":["A LA UNE","TRIBUNE","Tunisie"],"inLanguage":"fr-FR","potentialAction":[{"@type":"CommentAction","name":"Comment","target":["https:\/\/kapitalis.com\/tunisie\/2018\/10\/15\/hommage-a-ahmed-tlili-une-figure-de-proue-du-syndicalisme-tunisien\/#respond"]}]},{"@type":"WebPage","@id":"https:\/\/kapitalis.com\/tunisie\/2018\/10\/15\/hommage-a-ahmed-tlili-une-figure-de-proue-du-syndicalisme-tunisien\/","url":"https:\/\/kapitalis.com\/tunisie\/2018\/10\/15\/hommage-a-ahmed-tlili-une-figure-de-proue-du-syndicalisme-tunisien\/","name":"Hommage \u00e0 Ahmed Tlili, une figure de proue du syndicalisme tunisien - Kapitalis","isPartOf":{"@id":"https:\/\/kapitalis.com\/tunisie\/#website"},"primaryImageOfPage":{"@id":"https:\/\/kapitalis.com\/tunisie\/2018\/10\/15\/hommage-a-ahmed-tlili-une-figure-de-proue-du-syndicalisme-tunisien\/#primaryimage"},"image":{"@id":"https:\/\/kapitalis.com\/tunisie\/2018\/10\/15\/hommage-a-ahmed-tlili-une-figure-de-proue-du-syndicalisme-tunisien\/#primaryimage"},"thumbnailUrl":"","datePublished":"2018-10-15T13:08:03+00:00","breadcrumb":{"@id":"https:\/\/kapitalis.com\/tunisie\/2018\/10\/15\/hommage-a-ahmed-tlili-une-figure-de-proue-du-syndicalisme-tunisien\/#breadcrumb"},"inLanguage":"fr-FR","potentialAction":[{"@type":"ReadAction","target":["https:\/\/kapitalis.com\/tunisie\/2018\/10\/15\/hommage-a-ahmed-tlili-une-figure-de-proue-du-syndicalisme-tunisien\/"]}]},{"@type":"ImageObject","inLanguage":"fr-FR","@id":"https:\/\/kapitalis.com\/tunisie\/2018\/10\/15\/hommage-a-ahmed-tlili-une-figure-de-proue-du-syndicalisme-tunisien\/#primaryimage","url":"","contentUrl":""},{"@type":"BreadcrumbList","@id":"https:\/\/kapitalis.com\/tunisie\/2018\/10\/15\/hommage-a-ahmed-tlili-une-figure-de-proue-du-syndicalisme-tunisien\/#breadcrumb","itemListElement":[{"@type":"ListItem","position":1,"name":"Accueil","item":"https:\/\/kapitalis.com\/tunisie\/"},{"@type":"ListItem","position":2,"name":"Hommage \u00e0 Ahmed Tlili, une figure de proue du syndicalisme tunisien"}]},{"@type":"WebSite","@id":"https:\/\/kapitalis.com\/tunisie\/#website","url":"https:\/\/kapitalis.com\/tunisie\/","name":"Kapitalis","description":"L&#039;actualit\u00e9 en Tunisie et dans le monde","publisher":{"@id":"https:\/\/kapitalis.com\/tunisie\/#organization"},"potentialAction":[{"@type":"SearchAction","target":{"@type":"EntryPoint","urlTemplate":"https:\/\/kapitalis.com\/tunisie\/?s={search_term_string}"},"query-input":{"@type":"PropertyValueSpecification","valueRequired":true,"valueName":"search_term_string"}}],"inLanguage":"fr-FR"},{"@type":"Organization","@id":"https:\/\/kapitalis.com\/tunisie\/#organization","name":"Kapitalis","url":"https:\/\/kapitalis.com\/tunisie\/","logo":{"@type":"ImageObject","inLanguage":"fr-FR","@id":"https:\/\/kapitalis.com\/tunisie\/#\/schema\/logo\/image\/","url":"https:\/\/kapitalis.com\/tunisie\/wp-content\/uploads\/2022\/05\/Kapitalis-big-size.png","contentUrl":"https:\/\/kapitalis.com\/tunisie\/wp-content\/uploads\/2022\/05\/Kapitalis-big-size.png","width":5000,"height":1500,"caption":"Kapitalis"},"image":{"@id":"https:\/\/kapitalis.com\/tunisie\/#\/schema\/logo\/image\/"},"sameAs":["https:\/\/www.facebook.com\/KapitalisInfo\/","https:\/\/x.com\/KapitalisInfo","https:\/\/www.youtube.com\/channel\/UC-yDYrHyfFBWWZaOw3FPg9Q"]},{"@type":"Person","@id":"https:\/\/kapitalis.com\/tunisie\/#\/schema\/person\/d71f33a9ca44f7bad4698210b480c8e9","name":"webmaster kapitalis","url":"https:\/\/kapitalis.com\/tunisie\/author\/webmaster-kapitalis\/"}]}},"_links":{"self":[{"href":"https:\/\/kapitalis.com\/tunisie\/wp-json\/wp\/v2\/posts\/178675","targetHints":{"allow":["GET"]}}],"collection":[{"href":"https:\/\/kapitalis.com\/tunisie\/wp-json\/wp\/v2\/posts"}],"about":[{"href":"https:\/\/kapitalis.com\/tunisie\/wp-json\/wp\/v2\/types\/post"}],"author":[{"embeddable":true,"href":"https:\/\/kapitalis.com\/tunisie\/wp-json\/wp\/v2\/users\/8"}],"replies":[{"embeddable":true,"href":"https:\/\/kapitalis.com\/tunisie\/wp-json\/wp\/v2\/comments?post=178675"}],"version-history":[{"count":0,"href":"https:\/\/kapitalis.com\/tunisie\/wp-json\/wp\/v2\/posts\/178675\/revisions"}],"wp:featuredmedia":[{"embeddable":true,"href":"https:\/\/kapitalis.com\/tunisie\/wp-json\/wp\/v2\/media\/178676"}],"wp:attachment":[{"href":"https:\/\/kapitalis.com\/tunisie\/wp-json\/wp\/v2\/media?parent=178675"}],"wp:term":[{"taxonomy":"category","embeddable":true,"href":"https:\/\/kapitalis.com\/tunisie\/wp-json\/wp\/v2\/categories?post=178675"},{"taxonomy":"post_tag","embeddable":true,"href":"https:\/\/kapitalis.com\/tunisie\/wp-json\/wp\/v2\/tags?post=178675"}],"curies":[{"name":"wp","href":"https:\/\/api.w.org\/{rel}","templated":true}]}}