{"id":178938,"date":"2018-10-17T08:22:28","date_gmt":"2018-10-17T07:22:28","guid":{"rendered":"http:\/\/kapitalis.com\/tunisie\/?p=178938"},"modified":"2018-10-17T08:22:28","modified_gmt":"2018-10-17T07:22:28","slug":"colloque-a-tunis-leconomie-sociale-et-solidaire-en-tunisie","status":"publish","type":"post","link":"https:\/\/kapitalis.com\/tunisie\/2018\/10\/17\/colloque-a-tunis-leconomie-sociale-et-solidaire-en-tunisie\/","title":{"rendered":"Colloque \u00e0 Tunis : L\u2019\u00e9conomie sociale et solidaire en Tunisie"},"content":{"rendered":"<p style=\"text-align: center;\"><img loading=\"lazy\" decoding=\"async\" class=\"alignnone size-full wp-image-178939\" src=\"http:\/\/kapitalis.com\/tunisie\/wp-content\/uploads\/2018\/10\/Entreprendre-au-Maghreb.jpg\" alt=\"\" width=\"626\" height=\"380\" \/><\/p>\n<p><em><strong>Tunis abrite, les 18 et 19 octobre 2018, \u00e0 l\u2019h\u00f4tel Movenpick le premier colloque international sur le th\u00e8me : \u00abL\u2019\u00e9conomie sociale et solidaire (ESS) en Tunisie : le temps de l\u2019action\u00bb.<\/strong><\/em><\/p>\n<p><!--more--><\/p>\n<p>Ce colloque, organis\u00e9 par l\u2019Association Entreprendre au Maghreb et le minist\u00e8re de l\u2019Emploi et de la Formation professionnelle, en partenariat avec le Luxembourg, jettera des regards crois\u00e9s sur l\u2019ESS : pourquoi est-elle d\u2019actualit\u00e9 ? et pourquoi en d\u00e9battre aujourd\u2019hui \u00e0 Tunis ?<\/p>\n<p>Actuellement, il appara\u00eet que nos pays respectifs sont secou\u00e9s par des crises qui mettent en p\u00e9ril la stabilit\u00e9 des institutions et minent voire menacent m\u00eame le d\u00e9veloppement. Sans doute, ces crises sont-elles, sur les deux rives de la M\u00e9diterran\u00e9e, de diff\u00e9rentes natures, de diff\u00e9rentes ampleurs mais elles ont un point commun : elles laissent sur le bord de la route un trop grand nombre de personnes. Certaines zones sont oubli\u00e9es : p\u00e9riph\u00e9rie des grandes m\u00e9tropoles, r\u00e9gions rurales \u00e9loign\u00e9es de tout, enclaves de pauvret\u00e9&#8230; Ainsi, favoriser le d\u00e9veloppement de tous les territoires devient un imp\u00e9ratif politique.<\/p>\n<p>C\u2019est ainsi que l\u2019ESS, se caract\u00e9risant par une vision d\u2019utilit\u00e9 sociale plus que par la qu\u00eate d\u2019un gain \u00e0 court terme, souhaite rassembler des acteurs autour de valeurs de d\u00e9mocratie et de solidarit\u00e9. Ces pratiques ne sont pas r\u00e9centes. En effet, les coop\u00e9ratives, les fondations sont dans certains pays des institutions puissantes et anciennes.<\/p>\n<p>En revanche, la nouveaut\u00e9 r\u00e9side dans a volont\u00e9 politique de favoriser ces modes de d\u00e9veloppement. De ce fait, les autorit\u00e9s tunisiennes sont sur le point d\u2019adopter un ensemble de mesures destin\u00e9es \u00e0 favoriser les initiatives de l\u2019ESS dans le cadre d\u2019une strat\u00e9gie nationale en cours de concr\u00e9tisation.<\/p>\n<p>C\u2019est \u00e0 cela que Faouzi Ben Abderrahmane, ministre de l\u2019Emploi et de la Formation professionnelle s\u2019est attel\u00e9 depuis sa prise de fonction en 2016. Il a d\u00e9clar\u00e9 \u00e0 ce propos que <em>\u00abl\u2019ESS est le troisi\u00e8me pilier de l&rsquo;\u00e9conomie avec les secteurs publics et priv\u00e9s. Une \u00e9conomie qui met l\u2019individu avant le capital et ob\u00e9it \u00e0 quelques r\u00e8gles simples dont la participation volontaire et le fonctionnement d\u00e9mocratique et ind\u00e9pendant. Le projet de loi du gouvernement est au stade des discussions finales et passera devant le conseil des ministres dans les prochaines semaines. Un projet qui a \u00e9t\u00e9 \u00e9tabli d\u2019une mani\u00e8re participative et inclusive\u00bb.<\/em><\/p>\n<p>D\u00e8s lors, nous faisons face \u00e0 des questions partag\u00e9es : quelles priorit\u00e9s? Quels leviers? Quelles actions?<\/p>\n<p>Ce colloque n\u2019a pas pour ambition de r\u00e9pondre \u00e0 toutes les questions. Il a pour but de contribuer \u00e0 l\u2019\u00e9change, \u00e0 l\u2019expression des besoins et \u00e0 la promotion des initiatives en cours. Il vise \u00e9galement \u00e0 cerner les obstacles et les difficult\u00e9s auxquels se heurtent la soci\u00e9t\u00e9 civile et les bonnes volont\u00e9s.<\/p>\n<p>Toutes ces raisons l\u00e9gitiment l\u2019organisation de ce colloque qui regroupe quelques probl\u00e9matiques inh\u00e9rentes \u00e0 l\u2019ESS, d\u00e9j\u00e0 identifi\u00e9es et mises en \u0153uvre par d\u2019autres pays comme le Luxembourg, un pays pr\u00e9curseur \u00e0 l\u2019\u00e9chelle europ\u00e9enne qui a r\u00e9serv\u00e9 une place pr\u00e9pond\u00e9rante \u00e0 l\u2019ESS dans les politiques publiques gr\u00e2ce \u00e0 un dispositif incitatif n\u00e9cessaire \u00e0 la promotion de l\u2019ESS, et la France, qui a entrepris une politique l\u00e9gislative et \u00e9conomique en faveur de l\u2019ESS qui repr\u00e9sente d\u00e9sormais 10% de son PIB.<\/p>\n<p>L\u2019Association Entreprendre au Maghreb ambitionne \u00e0 travers cette initiative d\u2019impulser une nouvelle dynamique gr\u00e2ce \u00e0 un \u00e9change d\u2019exp\u00e9riences et un regard crois\u00e9 autour de th\u00e9matiques ciblant le r\u00f4le des femmes et de la jeunesse dans la valorisation de l\u2019\u00e9conomie sociale et solidaire, la question de l\u2019acc\u00e8s aux soins pour tous et la cr\u00e9ation d\u2019une mutuelle d\u2019assurance maladie sociale et solidaire pour les femmes, et la mise en \u0153uvre des outils du digital dans l\u2019organisation et la promotion de l\u2019ESS.<\/p>\n<p><em><strong>Source<\/strong><\/em> : communiqu\u00e9.<\/p>\n","protected":false},"excerpt":{"rendered":"<p>Tunis abrite, les 18 et 19 octobre 2018, \u00e0 l\u2019h\u00f4tel Movenpick le premier colloque international sur le th\u00e8me : \u00abL\u2019\u00e9conomie sociale et solidaire (ESS) en Tunisie : le temps de l\u2019action\u00bb.<\/p>\n","protected":false},"author":8,"featured_media":178939,"comment_status":"open","ping_status":"open","sticky":false,"template":"","format":"standard","meta":{"footnotes":""},"categories":[995,2433],"tags":[18180,29342],"class_list":["post-178938","post","type-post","status-publish","format-standard","has-post-thumbnail","hentry","category-economie","category-tunisie","tag-economie-sociale-et-solidaire","tag-luxembourg"],"yoast_head":"<!-- This site is optimized with the Yoast SEO plugin v26.6 - https:\/\/yoast.com\/wordpress\/plugins\/seo\/ -->\n<title>Colloque \u00e0 Tunis : L\u2019\u00e9conomie sociale et solidaire en Tunisie - Kapitalis<\/title>\n<meta name=\"robots\" content=\"index, follow, max-snippet:-1, max-image-preview:large, max-video-preview:-1\" \/>\n<link rel=\"canonical\" href=\"https:\/\/kapitalis.com\/tunisie\/2018\/10\/17\/colloque-a-tunis-leconomie-sociale-et-solidaire-en-tunisie\/\" \/>\n<meta property=\"og:locale\" content=\"fr_FR\" \/>\n<meta property=\"og:type\" content=\"article\" \/>\n<meta property=\"og:title\" content=\"Colloque \u00e0 Tunis : L\u2019\u00e9conomie sociale et solidaire en Tunisie - Kapitalis\" \/>\n<meta property=\"og:description\" content=\"Tunis abrite, les 18 et 19 octobre 2018, \u00e0 l\u2019h\u00f4tel Movenpick le premier colloque international sur le th\u00e8me : \u00abL\u2019\u00e9conomie sociale et solidaire (ESS) en Tunisie : le temps de l\u2019action\u00bb.\" \/>\n<meta property=\"og:url\" content=\"https:\/\/kapitalis.com\/tunisie\/2018\/10\/17\/colloque-a-tunis-leconomie-sociale-et-solidaire-en-tunisie\/\" \/>\n<meta property=\"og:site_name\" content=\"Kapitalis\" \/>\n<meta property=\"article:publisher\" content=\"https:\/\/www.facebook.com\/KapitalisInfo\/\" \/>\n<meta property=\"article:published_time\" content=\"2018-10-17T07:22:28+00:00\" \/>\n<meta property=\"og:image\" content=\"https:\/\/kapitalis.com\/tunisie\/wp-content\/uploads\/2022\/05\/kapitalis-logo-fb.png\" \/>\n\t<meta property=\"og:image:width\" content=\"1200\" \/>\n\t<meta property=\"og:image:height\" content=\"630\" \/>\n\t<meta property=\"og:image:type\" content=\"image\/png\" \/>\n<meta name=\"author\" content=\"webmaster kapitalis\" \/>\n<meta name=\"twitter:card\" content=\"summary_large_image\" \/>\n<meta name=\"twitter:creator\" content=\"@KapitalisInfo\" \/>\n<meta name=\"twitter:site\" content=\"@KapitalisInfo\" \/>\n<meta name=\"twitter:label1\" content=\"\u00c9crit par\" \/>\n\t<meta name=\"twitter:data1\" content=\"webmaster kapitalis\" \/>\n\t<meta name=\"twitter:label2\" content=\"Dur\u00e9e de lecture estim\u00e9e\" \/>\n\t<meta name=\"twitter:data2\" content=\"3 minutes\" \/>\n<script type=\"application\/ld+json\" class=\"yoast-schema-graph\">{\"@context\":\"https:\/\/schema.org\",\"@graph\":[{\"@type\":\"Article\",\"@id\":\"https:\/\/kapitalis.com\/tunisie\/2018\/10\/17\/colloque-a-tunis-leconomie-sociale-et-solidaire-en-tunisie\/#article\",\"isPartOf\":{\"@id\":\"https:\/\/kapitalis.com\/tunisie\/2018\/10\/17\/colloque-a-tunis-leconomie-sociale-et-solidaire-en-tunisie\/\"},\"author\":{\"name\":\"webmaster kapitalis\",\"@id\":\"https:\/\/kapitalis.com\/tunisie\/#\/schema\/person\/d71f33a9ca44f7bad4698210b480c8e9\"},\"headline\":\"Colloque \u00e0 Tunis : L\u2019\u00e9conomie sociale et solidaire en Tunisie\",\"datePublished\":\"2018-10-17T07:22:28+00:00\",\"mainEntityOfPage\":{\"@id\":\"https:\/\/kapitalis.com\/tunisie\/2018\/10\/17\/colloque-a-tunis-leconomie-sociale-et-solidaire-en-tunisie\/\"},\"wordCount\":684,\"commentCount\":1,\"publisher\":{\"@id\":\"https:\/\/kapitalis.com\/tunisie\/#organization\"},\"image\":{\"@id\":\"https:\/\/kapitalis.com\/tunisie\/2018\/10\/17\/colloque-a-tunis-leconomie-sociale-et-solidaire-en-tunisie\/#primaryimage\"},\"thumbnailUrl\":\"\",\"keywords\":[\"\u00e9conomie sociale et solidaire\",\"Luxembourg\"],\"articleSection\":[\"ECONOMIE\",\"Tunisie\"],\"inLanguage\":\"fr-FR\",\"potentialAction\":[{\"@type\":\"CommentAction\",\"name\":\"Comment\",\"target\":[\"https:\/\/kapitalis.com\/tunisie\/2018\/10\/17\/colloque-a-tunis-leconomie-sociale-et-solidaire-en-tunisie\/#respond\"]}]},{\"@type\":\"WebPage\",\"@id\":\"https:\/\/kapitalis.com\/tunisie\/2018\/10\/17\/colloque-a-tunis-leconomie-sociale-et-solidaire-en-tunisie\/\",\"url\":\"https:\/\/kapitalis.com\/tunisie\/2018\/10\/17\/colloque-a-tunis-leconomie-sociale-et-solidaire-en-tunisie\/\",\"name\":\"Colloque \u00e0 Tunis : L\u2019\u00e9conomie sociale et solidaire en Tunisie - Kapitalis\",\"isPartOf\":{\"@id\":\"https:\/\/kapitalis.com\/tunisie\/#website\"},\"primaryImageOfPage\":{\"@id\":\"https:\/\/kapitalis.com\/tunisie\/2018\/10\/17\/colloque-a-tunis-leconomie-sociale-et-solidaire-en-tunisie\/#primaryimage\"},\"image\":{\"@id\":\"https:\/\/kapitalis.com\/tunisie\/2018\/10\/17\/colloque-a-tunis-leconomie-sociale-et-solidaire-en-tunisie\/#primaryimage\"},\"thumbnailUrl\":\"\",\"datePublished\":\"2018-10-17T07:22:28+00:00\",\"breadcrumb\":{\"@id\":\"https:\/\/kapitalis.com\/tunisie\/2018\/10\/17\/colloque-a-tunis-leconomie-sociale-et-solidaire-en-tunisie\/#breadcrumb\"},\"inLanguage\":\"fr-FR\",\"potentialAction\":[{\"@type\":\"ReadAction\",\"target\":[\"https:\/\/kapitalis.com\/tunisie\/2018\/10\/17\/colloque-a-tunis-leconomie-sociale-et-solidaire-en-tunisie\/\"]}]},{\"@type\":\"ImageObject\",\"inLanguage\":\"fr-FR\",\"@id\":\"https:\/\/kapitalis.com\/tunisie\/2018\/10\/17\/colloque-a-tunis-leconomie-sociale-et-solidaire-en-tunisie\/#primaryimage\",\"url\":\"\",\"contentUrl\":\"\"},{\"@type\":\"BreadcrumbList\",\"@id\":\"https:\/\/kapitalis.com\/tunisie\/2018\/10\/17\/colloque-a-tunis-leconomie-sociale-et-solidaire-en-tunisie\/#breadcrumb\",\"itemListElement\":[{\"@type\":\"ListItem\",\"position\":1,\"name\":\"Accueil\",\"item\":\"https:\/\/kapitalis.com\/tunisie\/\"},{\"@type\":\"ListItem\",\"position\":2,\"name\":\"Colloque \u00e0 Tunis : L\u2019\u00e9conomie sociale et solidaire en Tunisie\"}]},{\"@type\":\"WebSite\",\"@id\":\"https:\/\/kapitalis.com\/tunisie\/#website\",\"url\":\"https:\/\/kapitalis.com\/tunisie\/\",\"name\":\"Kapitalis\",\"description\":\"L&#039;actualit\u00e9 en Tunisie et dans le monde\",\"publisher\":{\"@id\":\"https:\/\/kapitalis.com\/tunisie\/#organization\"},\"potentialAction\":[{\"@type\":\"SearchAction\",\"target\":{\"@type\":\"EntryPoint\",\"urlTemplate\":\"https:\/\/kapitalis.com\/tunisie\/?s={search_term_string}\"},\"query-input\":{\"@type\":\"PropertyValueSpecification\",\"valueRequired\":true,\"valueName\":\"search_term_string\"}}],\"inLanguage\":\"fr-FR\"},{\"@type\":\"Organization\",\"@id\":\"https:\/\/kapitalis.com\/tunisie\/#organization\",\"name\":\"Kapitalis\",\"url\":\"https:\/\/kapitalis.com\/tunisie\/\",\"logo\":{\"@type\":\"ImageObject\",\"inLanguage\":\"fr-FR\",\"@id\":\"https:\/\/kapitalis.com\/tunisie\/#\/schema\/logo\/image\/\",\"url\":\"https:\/\/kapitalis.com\/tunisie\/wp-content\/uploads\/2022\/05\/Kapitalis-big-size.png\",\"contentUrl\":\"https:\/\/kapitalis.com\/tunisie\/wp-content\/uploads\/2022\/05\/Kapitalis-big-size.png\",\"width\":5000,\"height\":1500,\"caption\":\"Kapitalis\"},\"image\":{\"@id\":\"https:\/\/kapitalis.com\/tunisie\/#\/schema\/logo\/image\/\"},\"sameAs\":[\"https:\/\/www.facebook.com\/KapitalisInfo\/\",\"https:\/\/x.com\/KapitalisInfo\",\"https:\/\/www.youtube.com\/channel\/UC-yDYrHyfFBWWZaOw3FPg9Q\"]},{\"@type\":\"Person\",\"@id\":\"https:\/\/kapitalis.com\/tunisie\/#\/schema\/person\/d71f33a9ca44f7bad4698210b480c8e9\",\"name\":\"webmaster kapitalis\",\"url\":\"https:\/\/kapitalis.com\/tunisie\/author\/webmaster-kapitalis\/\"}]}<\/script>\n<!-- \/ Yoast SEO plugin. -->","yoast_head_json":{"title":"Colloque \u00e0 Tunis : L\u2019\u00e9conomie sociale et solidaire en Tunisie - Kapitalis","robots":{"index":"index","follow":"follow","max-snippet":"max-snippet:-1","max-image-preview":"max-image-preview:large","max-video-preview":"max-video-preview:-1"},"canonical":"https:\/\/kapitalis.com\/tunisie\/2018\/10\/17\/colloque-a-tunis-leconomie-sociale-et-solidaire-en-tunisie\/","og_locale":"fr_FR","og_type":"article","og_title":"Colloque \u00e0 Tunis : L\u2019\u00e9conomie sociale et solidaire en Tunisie - Kapitalis","og_description":"Tunis abrite, les 18 et 19 octobre 2018, \u00e0 l\u2019h\u00f4tel Movenpick le premier colloque international sur le th\u00e8me : \u00abL\u2019\u00e9conomie sociale et solidaire (ESS) en Tunisie : le temps de l\u2019action\u00bb.","og_url":"https:\/\/kapitalis.com\/tunisie\/2018\/10\/17\/colloque-a-tunis-leconomie-sociale-et-solidaire-en-tunisie\/","og_site_name":"Kapitalis","article_publisher":"https:\/\/www.facebook.com\/KapitalisInfo\/","article_published_time":"2018-10-17T07:22:28+00:00","og_image":[{"width":1200,"height":630,"url":"https:\/\/kapitalis.com\/tunisie\/wp-content\/uploads\/2022\/05\/kapitalis-logo-fb.png","type":"image\/png"}],"author":"webmaster kapitalis","twitter_card":"summary_large_image","twitter_creator":"@KapitalisInfo","twitter_site":"@KapitalisInfo","twitter_misc":{"\u00c9crit par":"webmaster kapitalis","Dur\u00e9e de lecture estim\u00e9e":"3 minutes"},"schema":{"@context":"https:\/\/schema.org","@graph":[{"@type":"Article","@id":"https:\/\/kapitalis.com\/tunisie\/2018\/10\/17\/colloque-a-tunis-leconomie-sociale-et-solidaire-en-tunisie\/#article","isPartOf":{"@id":"https:\/\/kapitalis.com\/tunisie\/2018\/10\/17\/colloque-a-tunis-leconomie-sociale-et-solidaire-en-tunisie\/"},"author":{"name":"webmaster kapitalis","@id":"https:\/\/kapitalis.com\/tunisie\/#\/schema\/person\/d71f33a9ca44f7bad4698210b480c8e9"},"headline":"Colloque \u00e0 Tunis : L\u2019\u00e9conomie sociale et solidaire en Tunisie","datePublished":"2018-10-17T07:22:28+00:00","mainEntityOfPage":{"@id":"https:\/\/kapitalis.com\/tunisie\/2018\/10\/17\/colloque-a-tunis-leconomie-sociale-et-solidaire-en-tunisie\/"},"wordCount":684,"commentCount":1,"publisher":{"@id":"https:\/\/kapitalis.com\/tunisie\/#organization"},"image":{"@id":"https:\/\/kapitalis.com\/tunisie\/2018\/10\/17\/colloque-a-tunis-leconomie-sociale-et-solidaire-en-tunisie\/#primaryimage"},"thumbnailUrl":"","keywords":["\u00e9conomie sociale et solidaire","Luxembourg"],"articleSection":["ECONOMIE","Tunisie"],"inLanguage":"fr-FR","potentialAction":[{"@type":"CommentAction","name":"Comment","target":["https:\/\/kapitalis.com\/tunisie\/2018\/10\/17\/colloque-a-tunis-leconomie-sociale-et-solidaire-en-tunisie\/#respond"]}]},{"@type":"WebPage","@id":"https:\/\/kapitalis.com\/tunisie\/2018\/10\/17\/colloque-a-tunis-leconomie-sociale-et-solidaire-en-tunisie\/","url":"https:\/\/kapitalis.com\/tunisie\/2018\/10\/17\/colloque-a-tunis-leconomie-sociale-et-solidaire-en-tunisie\/","name":"Colloque \u00e0 Tunis : L\u2019\u00e9conomie sociale et solidaire en Tunisie - Kapitalis","isPartOf":{"@id":"https:\/\/kapitalis.com\/tunisie\/#website"},"primaryImageOfPage":{"@id":"https:\/\/kapitalis.com\/tunisie\/2018\/10\/17\/colloque-a-tunis-leconomie-sociale-et-solidaire-en-tunisie\/#primaryimage"},"image":{"@id":"https:\/\/kapitalis.com\/tunisie\/2018\/10\/17\/colloque-a-tunis-leconomie-sociale-et-solidaire-en-tunisie\/#primaryimage"},"thumbnailUrl":"","datePublished":"2018-10-17T07:22:28+00:00","breadcrumb":{"@id":"https:\/\/kapitalis.com\/tunisie\/2018\/10\/17\/colloque-a-tunis-leconomie-sociale-et-solidaire-en-tunisie\/#breadcrumb"},"inLanguage":"fr-FR","potentialAction":[{"@type":"ReadAction","target":["https:\/\/kapitalis.com\/tunisie\/2018\/10\/17\/colloque-a-tunis-leconomie-sociale-et-solidaire-en-tunisie\/"]}]},{"@type":"ImageObject","inLanguage":"fr-FR","@id":"https:\/\/kapitalis.com\/tunisie\/2018\/10\/17\/colloque-a-tunis-leconomie-sociale-et-solidaire-en-tunisie\/#primaryimage","url":"","contentUrl":""},{"@type":"BreadcrumbList","@id":"https:\/\/kapitalis.com\/tunisie\/2018\/10\/17\/colloque-a-tunis-leconomie-sociale-et-solidaire-en-tunisie\/#breadcrumb","itemListElement":[{"@type":"ListItem","position":1,"name":"Accueil","item":"https:\/\/kapitalis.com\/tunisie\/"},{"@type":"ListItem","position":2,"name":"Colloque \u00e0 Tunis : L\u2019\u00e9conomie sociale et solidaire en Tunisie"}]},{"@type":"WebSite","@id":"https:\/\/kapitalis.com\/tunisie\/#website","url":"https:\/\/kapitalis.com\/tunisie\/","name":"Kapitalis","description":"L&#039;actualit\u00e9 en Tunisie et dans le monde","publisher":{"@id":"https:\/\/kapitalis.com\/tunisie\/#organization"},"potentialAction":[{"@type":"SearchAction","target":{"@type":"EntryPoint","urlTemplate":"https:\/\/kapitalis.com\/tunisie\/?s={search_term_string}"},"query-input":{"@type":"PropertyValueSpecification","valueRequired":true,"valueName":"search_term_string"}}],"inLanguage":"fr-FR"},{"@type":"Organization","@id":"https:\/\/kapitalis.com\/tunisie\/#organization","name":"Kapitalis","url":"https:\/\/kapitalis.com\/tunisie\/","logo":{"@type":"ImageObject","inLanguage":"fr-FR","@id":"https:\/\/kapitalis.com\/tunisie\/#\/schema\/logo\/image\/","url":"https:\/\/kapitalis.com\/tunisie\/wp-content\/uploads\/2022\/05\/Kapitalis-big-size.png","contentUrl":"https:\/\/kapitalis.com\/tunisie\/wp-content\/uploads\/2022\/05\/Kapitalis-big-size.png","width":5000,"height":1500,"caption":"Kapitalis"},"image":{"@id":"https:\/\/kapitalis.com\/tunisie\/#\/schema\/logo\/image\/"},"sameAs":["https:\/\/www.facebook.com\/KapitalisInfo\/","https:\/\/x.com\/KapitalisInfo","https:\/\/www.youtube.com\/channel\/UC-yDYrHyfFBWWZaOw3FPg9Q"]},{"@type":"Person","@id":"https:\/\/kapitalis.com\/tunisie\/#\/schema\/person\/d71f33a9ca44f7bad4698210b480c8e9","name":"webmaster kapitalis","url":"https:\/\/kapitalis.com\/tunisie\/author\/webmaster-kapitalis\/"}]}},"_links":{"self":[{"href":"https:\/\/kapitalis.com\/tunisie\/wp-json\/wp\/v2\/posts\/178938","targetHints":{"allow":["GET"]}}],"collection":[{"href":"https:\/\/kapitalis.com\/tunisie\/wp-json\/wp\/v2\/posts"}],"about":[{"href":"https:\/\/kapitalis.com\/tunisie\/wp-json\/wp\/v2\/types\/post"}],"author":[{"embeddable":true,"href":"https:\/\/kapitalis.com\/tunisie\/wp-json\/wp\/v2\/users\/8"}],"replies":[{"embeddable":true,"href":"https:\/\/kapitalis.com\/tunisie\/wp-json\/wp\/v2\/comments?post=178938"}],"version-history":[{"count":0,"href":"https:\/\/kapitalis.com\/tunisie\/wp-json\/wp\/v2\/posts\/178938\/revisions"}],"wp:featuredmedia":[{"embeddable":true,"href":"https:\/\/kapitalis.com\/tunisie\/wp-json\/wp\/v2\/media\/178939"}],"wp:attachment":[{"href":"https:\/\/kapitalis.com\/tunisie\/wp-json\/wp\/v2\/media?parent=178938"}],"wp:term":[{"taxonomy":"category","embeddable":true,"href":"https:\/\/kapitalis.com\/tunisie\/wp-json\/wp\/v2\/categories?post=178938"},{"taxonomy":"post_tag","embeddable":true,"href":"https:\/\/kapitalis.com\/tunisie\/wp-json\/wp\/v2\/tags?post=178938"}],"curies":[{"name":"wp","href":"https:\/\/api.w.org\/{rel}","templated":true}]}}