{"id":179044,"date":"2018-10-17T13:55:21","date_gmt":"2018-10-17T12:55:21","guid":{"rendered":"http:\/\/kapitalis.com\/tunisie\/?p=179044"},"modified":"2018-10-17T13:55:21","modified_gmt":"2018-10-17T12:55:21","slug":"demain-a-tunis-mission-economique-autrichienne-en-tunisie","status":"publish","type":"post","link":"https:\/\/kapitalis.com\/tunisie\/2018\/10\/17\/demain-a-tunis-mission-economique-autrichienne-en-tunisie\/","title":{"rendered":"Demain \u00e0 Tunis, mission \u00e9conomique autrichienne en Tunisie"},"content":{"rendered":"<p style=\"text-align: center;\"><img loading=\"lazy\" decoding=\"async\" class=\"alignnone size-full wp-image-179046\" src=\"http:\/\/kapitalis.com\/tunisie\/wp-content\/uploads\/2018\/10\/Advantage-Austria.jpg\" alt=\"\" width=\"626\" height=\"380\" \/><\/p>\n<p><em><strong>Comme chaque ann\u00e9e, une mission \u00e9conomique compos\u00e9e de repr\u00e9sentants d\u2019une quinzaine d\u2019entreprises autrichiennes sera demain, jeudi 18 octobre 2018, \u00e0 Tunis.<\/strong> <\/em><\/p>\n<p><!--more--><\/p>\n<p>Au cours de cette mission organis\u00e9e par la d\u00e9l\u00e9gation commerciale de l\u2019ambassade d\u2019Autriche \u00ab<a href=\"http:\/\/www.advantageaustria.org\/tn\" target=\"_blank\" rel=\"noopener\"><em>Advantage Austria<\/em><\/a>\u00bb, les membres de la d\u00e9l\u00e9gation auront, \u00e0 Tunis, une s\u00e9rie d\u2019entretiens individuels avec les hommes et femmes d\u2019affaires locaux.<\/p>\n<p>Les entreprises autrichiennes participantes op\u00e8rent dans les domaines des l\u2019industrie, l\u2019\u00e9nergie, le mat\u00e9riel pour cimenteries, les mat\u00e9riaux de construction, la transformation du plastique, les t\u00e9l\u00e9communications, les projets d\u2019attraction touristique, la construction d\u2019h\u00f4pitaux et les banques<\/p>\n<p>Cette visite permettra aux hommes d\u2019affaires autrichiens et leurs homologues tunisiens d\u2019identifier et de valoriser les opportunit\u00e9s d\u2019affaires et d\u2019investissement qu\u2019offrent les deux pays.<\/p>\n<p>Les exportations autrichiennes vers la Tunisie ont atteint, durant le premier semestre de 2018, 45,66 millions d\u2019Euros, ce qui repr\u00e9sente une hausse de 6,6% par rapport \u00e0 la m\u00eame p\u00e9riode de 2017.<\/p>\n<p>Les importations de l\u2019Autriche en provenance de la Tunisie se sont \u00e9lev\u00e9es \u00e0 75,16 millions d\u2019euros pour les premiers six mois de 2018 avec une hausse de 42,2% par rapport \u00e0 la m\u00eame p\u00e9riode de 2018.<\/p>\n<p>Les principaux produits autrichiens export\u00e9s vers la Tunisie sont: les \u00e9quipements et machines, les produits \u00e9lectrotechniques, les mati\u00e8res plastiques, le cuir ainsi que les produits pharmaceutiques et chimiques.<\/p>\n<p>En ce qui concerne des exportations de la Tunisie vers l\u2019Autriche, celles-ci comprennent essentiellement le textile, les composants automobiles, l\u2019\u00e9lectrotechnique, les v\u00eatements et chaussures et les produits p\u00e9troliers.<\/p>\n<p>Parmi les secteurs en Tunisie pour lesquels l\u2019Autriche pourrait proposer ses technologies: les machines et les outils pour les industries et la construction, les \u00e9quipements pour laboratoires et h\u00f4pitaux, le domaine ferroviaire (chemin de fer, m\u00e9tro, tramway et t\u00e9l\u00e9ph\u00e9rique), l\u2019agriculture, l\u2019environnement (traitement des eaux us\u00e9es\u2026), l\u2019industrie du plastique et les \u00e9nergies renouvelables.<\/p>\n<p>De plus, les secteurs du tourisme et de l\u2019industrie agroalimentaire, en particulier la production bio, repr\u00e9sentent deux autres secteurs promoteurs pour une future coop\u00e9ration entre les deux pays. Un \u00e9change de savoir-faire pour l\u2019augmentation de la qualit\u00e9 dans la production et les services, par exemple par la formation professionnelle pourrait apporter ses fruits aussi bien pour la Tunisie que pour l\u2019Autriche.<\/p>\n<p>L\u2019Autriche et la Tunisie entretiennent des relations privil\u00e9gi\u00e9es et diversifi\u00e9es. Les deux pays collaborent \u00e9troitement dans de nombreux domaines.<\/p>\n<p>Cr\u00e9\u00e9 en 1966, le Bureau \u00e9conomique d\u2019Autriche \u00e0 Tunis (<a href=\"http:\/\/www.advantageaustria.org\/tn\" target=\"_blank\" rel=\"noopener\">Advantage Austria<\/a>) existe depuis 50 ans et a r\u00e9alis\u00e9 durant les derni\u00e8res ann\u00e9es plusieurs \u00e9v\u00e9nements et manifestations \u00e9conomique en Tunisie.<\/p>\n<p><em><strong>Source<\/strong><\/em> : communiqu\u00e9.<\/p>\n","protected":false},"excerpt":{"rendered":"<p>Comme chaque ann\u00e9e, une mission \u00e9conomique compos\u00e9e de repr\u00e9sentants d\u2019une quinzaine d\u2019entreprises autrichiennes sera demain, jeudi 18 octobre 2018, \u00e0 Tunis.<\/p>\n","protected":false},"author":8,"featured_media":179046,"comment_status":"open","ping_status":"open","sticky":false,"template":"","format":"standard","meta":{"footnotes":""},"categories":[995,2433],"tags":[494],"class_list":["post-179044","post","type-post","status-publish","format-standard","has-post-thumbnail","hentry","category-economie","category-tunisie","tag-investissement"],"yoast_head":"<!-- This site is optimized with the Yoast SEO plugin v26.6 - https:\/\/yoast.com\/wordpress\/plugins\/seo\/ -->\n<title>Demain \u00e0 Tunis, mission \u00e9conomique autrichienne en Tunisie - Kapitalis<\/title>\n<meta name=\"robots\" content=\"index, follow, max-snippet:-1, max-image-preview:large, max-video-preview:-1\" \/>\n<link rel=\"canonical\" href=\"https:\/\/kapitalis.com\/tunisie\/2018\/10\/17\/demain-a-tunis-mission-economique-autrichienne-en-tunisie\/\" \/>\n<meta property=\"og:locale\" content=\"fr_FR\" \/>\n<meta property=\"og:type\" content=\"article\" \/>\n<meta property=\"og:title\" content=\"Demain \u00e0 Tunis, mission \u00e9conomique autrichienne en Tunisie - Kapitalis\" \/>\n<meta property=\"og:description\" content=\"Comme chaque ann\u00e9e, une mission \u00e9conomique compos\u00e9e de repr\u00e9sentants d\u2019une quinzaine d\u2019entreprises autrichiennes sera demain, jeudi 18 octobre 2018, \u00e0 Tunis.\" \/>\n<meta property=\"og:url\" content=\"https:\/\/kapitalis.com\/tunisie\/2018\/10\/17\/demain-a-tunis-mission-economique-autrichienne-en-tunisie\/\" \/>\n<meta property=\"og:site_name\" content=\"Kapitalis\" \/>\n<meta property=\"article:publisher\" content=\"https:\/\/www.facebook.com\/KapitalisInfo\/\" \/>\n<meta property=\"article:published_time\" content=\"2018-10-17T12:55:21+00:00\" \/>\n<meta property=\"og:image\" content=\"https:\/\/kapitalis.com\/tunisie\/wp-content\/uploads\/2022\/05\/kapitalis-logo-fb.png\" \/>\n\t<meta property=\"og:image:width\" content=\"1200\" \/>\n\t<meta property=\"og:image:height\" content=\"630\" \/>\n\t<meta property=\"og:image:type\" content=\"image\/png\" \/>\n<meta name=\"author\" content=\"webmaster kapitalis\" \/>\n<meta name=\"twitter:card\" content=\"summary_large_image\" \/>\n<meta name=\"twitter:creator\" content=\"@KapitalisInfo\" \/>\n<meta name=\"twitter:site\" content=\"@KapitalisInfo\" \/>\n<meta name=\"twitter:label1\" content=\"\u00c9crit par\" \/>\n\t<meta name=\"twitter:data1\" content=\"webmaster kapitalis\" \/>\n\t<meta name=\"twitter:label2\" content=\"Dur\u00e9e de lecture estim\u00e9e\" \/>\n\t<meta name=\"twitter:data2\" content=\"2 minutes\" \/>\n<script type=\"application\/ld+json\" class=\"yoast-schema-graph\">{\"@context\":\"https:\/\/schema.org\",\"@graph\":[{\"@type\":\"Article\",\"@id\":\"https:\/\/kapitalis.com\/tunisie\/2018\/10\/17\/demain-a-tunis-mission-economique-autrichienne-en-tunisie\/#article\",\"isPartOf\":{\"@id\":\"https:\/\/kapitalis.com\/tunisie\/2018\/10\/17\/demain-a-tunis-mission-economique-autrichienne-en-tunisie\/\"},\"author\":{\"name\":\"webmaster kapitalis\",\"@id\":\"https:\/\/kapitalis.com\/tunisie\/#\/schema\/person\/d71f33a9ca44f7bad4698210b480c8e9\"},\"headline\":\"Demain \u00e0 Tunis, mission \u00e9conomique autrichienne en Tunisie\",\"datePublished\":\"2018-10-17T12:55:21+00:00\",\"mainEntityOfPage\":{\"@id\":\"https:\/\/kapitalis.com\/tunisie\/2018\/10\/17\/demain-a-tunis-mission-economique-autrichienne-en-tunisie\/\"},\"wordCount\":460,\"commentCount\":0,\"publisher\":{\"@id\":\"https:\/\/kapitalis.com\/tunisie\/#organization\"},\"image\":{\"@id\":\"https:\/\/kapitalis.com\/tunisie\/2018\/10\/17\/demain-a-tunis-mission-economique-autrichienne-en-tunisie\/#primaryimage\"},\"thumbnailUrl\":\"\",\"keywords\":[\"investissement\"],\"articleSection\":[\"ECONOMIE\",\"Tunisie\"],\"inLanguage\":\"fr-FR\",\"potentialAction\":[{\"@type\":\"CommentAction\",\"name\":\"Comment\",\"target\":[\"https:\/\/kapitalis.com\/tunisie\/2018\/10\/17\/demain-a-tunis-mission-economique-autrichienne-en-tunisie\/#respond\"]}]},{\"@type\":\"WebPage\",\"@id\":\"https:\/\/kapitalis.com\/tunisie\/2018\/10\/17\/demain-a-tunis-mission-economique-autrichienne-en-tunisie\/\",\"url\":\"https:\/\/kapitalis.com\/tunisie\/2018\/10\/17\/demain-a-tunis-mission-economique-autrichienne-en-tunisie\/\",\"name\":\"Demain \u00e0 Tunis, mission \u00e9conomique autrichienne en Tunisie - Kapitalis\",\"isPartOf\":{\"@id\":\"https:\/\/kapitalis.com\/tunisie\/#website\"},\"primaryImageOfPage\":{\"@id\":\"https:\/\/kapitalis.com\/tunisie\/2018\/10\/17\/demain-a-tunis-mission-economique-autrichienne-en-tunisie\/#primaryimage\"},\"image\":{\"@id\":\"https:\/\/kapitalis.com\/tunisie\/2018\/10\/17\/demain-a-tunis-mission-economique-autrichienne-en-tunisie\/#primaryimage\"},\"thumbnailUrl\":\"\",\"datePublished\":\"2018-10-17T12:55:21+00:00\",\"breadcrumb\":{\"@id\":\"https:\/\/kapitalis.com\/tunisie\/2018\/10\/17\/demain-a-tunis-mission-economique-autrichienne-en-tunisie\/#breadcrumb\"},\"inLanguage\":\"fr-FR\",\"potentialAction\":[{\"@type\":\"ReadAction\",\"target\":[\"https:\/\/kapitalis.com\/tunisie\/2018\/10\/17\/demain-a-tunis-mission-economique-autrichienne-en-tunisie\/\"]}]},{\"@type\":\"ImageObject\",\"inLanguage\":\"fr-FR\",\"@id\":\"https:\/\/kapitalis.com\/tunisie\/2018\/10\/17\/demain-a-tunis-mission-economique-autrichienne-en-tunisie\/#primaryimage\",\"url\":\"\",\"contentUrl\":\"\"},{\"@type\":\"BreadcrumbList\",\"@id\":\"https:\/\/kapitalis.com\/tunisie\/2018\/10\/17\/demain-a-tunis-mission-economique-autrichienne-en-tunisie\/#breadcrumb\",\"itemListElement\":[{\"@type\":\"ListItem\",\"position\":1,\"name\":\"Accueil\",\"item\":\"https:\/\/kapitalis.com\/tunisie\/\"},{\"@type\":\"ListItem\",\"position\":2,\"name\":\"Demain \u00e0 Tunis, mission \u00e9conomique autrichienne en Tunisie\"}]},{\"@type\":\"WebSite\",\"@id\":\"https:\/\/kapitalis.com\/tunisie\/#website\",\"url\":\"https:\/\/kapitalis.com\/tunisie\/\",\"name\":\"Kapitalis\",\"description\":\"L&#039;actualit\u00e9 en Tunisie et dans le monde\",\"publisher\":{\"@id\":\"https:\/\/kapitalis.com\/tunisie\/#organization\"},\"potentialAction\":[{\"@type\":\"SearchAction\",\"target\":{\"@type\":\"EntryPoint\",\"urlTemplate\":\"https:\/\/kapitalis.com\/tunisie\/?s={search_term_string}\"},\"query-input\":{\"@type\":\"PropertyValueSpecification\",\"valueRequired\":true,\"valueName\":\"search_term_string\"}}],\"inLanguage\":\"fr-FR\"},{\"@type\":\"Organization\",\"@id\":\"https:\/\/kapitalis.com\/tunisie\/#organization\",\"name\":\"Kapitalis\",\"url\":\"https:\/\/kapitalis.com\/tunisie\/\",\"logo\":{\"@type\":\"ImageObject\",\"inLanguage\":\"fr-FR\",\"@id\":\"https:\/\/kapitalis.com\/tunisie\/#\/schema\/logo\/image\/\",\"url\":\"https:\/\/kapitalis.com\/tunisie\/wp-content\/uploads\/2022\/05\/Kapitalis-big-size.png\",\"contentUrl\":\"https:\/\/kapitalis.com\/tunisie\/wp-content\/uploads\/2022\/05\/Kapitalis-big-size.png\",\"width\":5000,\"height\":1500,\"caption\":\"Kapitalis\"},\"image\":{\"@id\":\"https:\/\/kapitalis.com\/tunisie\/#\/schema\/logo\/image\/\"},\"sameAs\":[\"https:\/\/www.facebook.com\/KapitalisInfo\/\",\"https:\/\/x.com\/KapitalisInfo\",\"https:\/\/www.youtube.com\/channel\/UC-yDYrHyfFBWWZaOw3FPg9Q\"]},{\"@type\":\"Person\",\"@id\":\"https:\/\/kapitalis.com\/tunisie\/#\/schema\/person\/d71f33a9ca44f7bad4698210b480c8e9\",\"name\":\"webmaster kapitalis\",\"url\":\"https:\/\/kapitalis.com\/tunisie\/author\/webmaster-kapitalis\/\"}]}<\/script>\n<!-- \/ Yoast SEO plugin. -->","yoast_head_json":{"title":"Demain \u00e0 Tunis, mission \u00e9conomique autrichienne en Tunisie - Kapitalis","robots":{"index":"index","follow":"follow","max-snippet":"max-snippet:-1","max-image-preview":"max-image-preview:large","max-video-preview":"max-video-preview:-1"},"canonical":"https:\/\/kapitalis.com\/tunisie\/2018\/10\/17\/demain-a-tunis-mission-economique-autrichienne-en-tunisie\/","og_locale":"fr_FR","og_type":"article","og_title":"Demain \u00e0 Tunis, mission \u00e9conomique autrichienne en Tunisie - Kapitalis","og_description":"Comme chaque ann\u00e9e, une mission \u00e9conomique compos\u00e9e de repr\u00e9sentants d\u2019une quinzaine d\u2019entreprises autrichiennes sera demain, jeudi 18 octobre 2018, \u00e0 Tunis.","og_url":"https:\/\/kapitalis.com\/tunisie\/2018\/10\/17\/demain-a-tunis-mission-economique-autrichienne-en-tunisie\/","og_site_name":"Kapitalis","article_publisher":"https:\/\/www.facebook.com\/KapitalisInfo\/","article_published_time":"2018-10-17T12:55:21+00:00","og_image":[{"width":1200,"height":630,"url":"https:\/\/kapitalis.com\/tunisie\/wp-content\/uploads\/2022\/05\/kapitalis-logo-fb.png","type":"image\/png"}],"author":"webmaster kapitalis","twitter_card":"summary_large_image","twitter_creator":"@KapitalisInfo","twitter_site":"@KapitalisInfo","twitter_misc":{"\u00c9crit par":"webmaster kapitalis","Dur\u00e9e de lecture estim\u00e9e":"2 minutes"},"schema":{"@context":"https:\/\/schema.org","@graph":[{"@type":"Article","@id":"https:\/\/kapitalis.com\/tunisie\/2018\/10\/17\/demain-a-tunis-mission-economique-autrichienne-en-tunisie\/#article","isPartOf":{"@id":"https:\/\/kapitalis.com\/tunisie\/2018\/10\/17\/demain-a-tunis-mission-economique-autrichienne-en-tunisie\/"},"author":{"name":"webmaster kapitalis","@id":"https:\/\/kapitalis.com\/tunisie\/#\/schema\/person\/d71f33a9ca44f7bad4698210b480c8e9"},"headline":"Demain \u00e0 Tunis, mission \u00e9conomique autrichienne en Tunisie","datePublished":"2018-10-17T12:55:21+00:00","mainEntityOfPage":{"@id":"https:\/\/kapitalis.com\/tunisie\/2018\/10\/17\/demain-a-tunis-mission-economique-autrichienne-en-tunisie\/"},"wordCount":460,"commentCount":0,"publisher":{"@id":"https:\/\/kapitalis.com\/tunisie\/#organization"},"image":{"@id":"https:\/\/kapitalis.com\/tunisie\/2018\/10\/17\/demain-a-tunis-mission-economique-autrichienne-en-tunisie\/#primaryimage"},"thumbnailUrl":"","keywords":["investissement"],"articleSection":["ECONOMIE","Tunisie"],"inLanguage":"fr-FR","potentialAction":[{"@type":"CommentAction","name":"Comment","target":["https:\/\/kapitalis.com\/tunisie\/2018\/10\/17\/demain-a-tunis-mission-economique-autrichienne-en-tunisie\/#respond"]}]},{"@type":"WebPage","@id":"https:\/\/kapitalis.com\/tunisie\/2018\/10\/17\/demain-a-tunis-mission-economique-autrichienne-en-tunisie\/","url":"https:\/\/kapitalis.com\/tunisie\/2018\/10\/17\/demain-a-tunis-mission-economique-autrichienne-en-tunisie\/","name":"Demain \u00e0 Tunis, mission \u00e9conomique autrichienne en Tunisie - Kapitalis","isPartOf":{"@id":"https:\/\/kapitalis.com\/tunisie\/#website"},"primaryImageOfPage":{"@id":"https:\/\/kapitalis.com\/tunisie\/2018\/10\/17\/demain-a-tunis-mission-economique-autrichienne-en-tunisie\/#primaryimage"},"image":{"@id":"https:\/\/kapitalis.com\/tunisie\/2018\/10\/17\/demain-a-tunis-mission-economique-autrichienne-en-tunisie\/#primaryimage"},"thumbnailUrl":"","datePublished":"2018-10-17T12:55:21+00:00","breadcrumb":{"@id":"https:\/\/kapitalis.com\/tunisie\/2018\/10\/17\/demain-a-tunis-mission-economique-autrichienne-en-tunisie\/#breadcrumb"},"inLanguage":"fr-FR","potentialAction":[{"@type":"ReadAction","target":["https:\/\/kapitalis.com\/tunisie\/2018\/10\/17\/demain-a-tunis-mission-economique-autrichienne-en-tunisie\/"]}]},{"@type":"ImageObject","inLanguage":"fr-FR","@id":"https:\/\/kapitalis.com\/tunisie\/2018\/10\/17\/demain-a-tunis-mission-economique-autrichienne-en-tunisie\/#primaryimage","url":"","contentUrl":""},{"@type":"BreadcrumbList","@id":"https:\/\/kapitalis.com\/tunisie\/2018\/10\/17\/demain-a-tunis-mission-economique-autrichienne-en-tunisie\/#breadcrumb","itemListElement":[{"@type":"ListItem","position":1,"name":"Accueil","item":"https:\/\/kapitalis.com\/tunisie\/"},{"@type":"ListItem","position":2,"name":"Demain \u00e0 Tunis, mission \u00e9conomique autrichienne en Tunisie"}]},{"@type":"WebSite","@id":"https:\/\/kapitalis.com\/tunisie\/#website","url":"https:\/\/kapitalis.com\/tunisie\/","name":"Kapitalis","description":"L&#039;actualit\u00e9 en Tunisie et dans le monde","publisher":{"@id":"https:\/\/kapitalis.com\/tunisie\/#organization"},"potentialAction":[{"@type":"SearchAction","target":{"@type":"EntryPoint","urlTemplate":"https:\/\/kapitalis.com\/tunisie\/?s={search_term_string}"},"query-input":{"@type":"PropertyValueSpecification","valueRequired":true,"valueName":"search_term_string"}}],"inLanguage":"fr-FR"},{"@type":"Organization","@id":"https:\/\/kapitalis.com\/tunisie\/#organization","name":"Kapitalis","url":"https:\/\/kapitalis.com\/tunisie\/","logo":{"@type":"ImageObject","inLanguage":"fr-FR","@id":"https:\/\/kapitalis.com\/tunisie\/#\/schema\/logo\/image\/","url":"https:\/\/kapitalis.com\/tunisie\/wp-content\/uploads\/2022\/05\/Kapitalis-big-size.png","contentUrl":"https:\/\/kapitalis.com\/tunisie\/wp-content\/uploads\/2022\/05\/Kapitalis-big-size.png","width":5000,"height":1500,"caption":"Kapitalis"},"image":{"@id":"https:\/\/kapitalis.com\/tunisie\/#\/schema\/logo\/image\/"},"sameAs":["https:\/\/www.facebook.com\/KapitalisInfo\/","https:\/\/x.com\/KapitalisInfo","https:\/\/www.youtube.com\/channel\/UC-yDYrHyfFBWWZaOw3FPg9Q"]},{"@type":"Person","@id":"https:\/\/kapitalis.com\/tunisie\/#\/schema\/person\/d71f33a9ca44f7bad4698210b480c8e9","name":"webmaster kapitalis","url":"https:\/\/kapitalis.com\/tunisie\/author\/webmaster-kapitalis\/"}]}},"_links":{"self":[{"href":"https:\/\/kapitalis.com\/tunisie\/wp-json\/wp\/v2\/posts\/179044","targetHints":{"allow":["GET"]}}],"collection":[{"href":"https:\/\/kapitalis.com\/tunisie\/wp-json\/wp\/v2\/posts"}],"about":[{"href":"https:\/\/kapitalis.com\/tunisie\/wp-json\/wp\/v2\/types\/post"}],"author":[{"embeddable":true,"href":"https:\/\/kapitalis.com\/tunisie\/wp-json\/wp\/v2\/users\/8"}],"replies":[{"embeddable":true,"href":"https:\/\/kapitalis.com\/tunisie\/wp-json\/wp\/v2\/comments?post=179044"}],"version-history":[{"count":0,"href":"https:\/\/kapitalis.com\/tunisie\/wp-json\/wp\/v2\/posts\/179044\/revisions"}],"wp:featuredmedia":[{"embeddable":true,"href":"https:\/\/kapitalis.com\/tunisie\/wp-json\/wp\/v2\/media\/179046"}],"wp:attachment":[{"href":"https:\/\/kapitalis.com\/tunisie\/wp-json\/wp\/v2\/media?parent=179044"}],"wp:term":[{"taxonomy":"category","embeddable":true,"href":"https:\/\/kapitalis.com\/tunisie\/wp-json\/wp\/v2\/categories?post=179044"},{"taxonomy":"post_tag","embeddable":true,"href":"https:\/\/kapitalis.com\/tunisie\/wp-json\/wp\/v2\/tags?post=179044"}],"curies":[{"name":"wp","href":"https:\/\/api.w.org\/{rel}","templated":true}]}}