{"id":179165,"date":"2018-10-18T08:41:18","date_gmt":"2018-10-18T07:41:18","guid":{"rendered":"http:\/\/kapitalis.com\/tunisie\/?p=179165"},"modified":"2018-10-18T08:41:18","modified_gmt":"2018-10-18T07:41:18","slug":"la-tunisie-abrite-le-20e-forum-mondial-sur-la-nutrition-infantile","status":"publish","type":"post","link":"https:\/\/kapitalis.com\/tunisie\/2018\/10\/18\/la-tunisie-abrite-le-20e-forum-mondial-sur-la-nutrition-infantile\/","title":{"rendered":"La Tunisie abrite le 20e Forum mondial sur la nutrition infantile"},"content":{"rendered":"<p style=\"text-align: center;\"><img loading=\"lazy\" decoding=\"async\" class=\"alignnone size-full wp-image-179167\" src=\"http:\/\/kapitalis.com\/tunisie\/wp-content\/uploads\/2018\/10\/Forum-mondial-sur-la-nutrition-infantile.jpg\" alt=\"\" width=\"626\" height=\"380\" \/><\/p>\n<p><em><strong>Les repr\u00e9sentants de plus de 50 pays vont se r\u00e9unir du 21 au 25 octobre 2018 \u00e0 Tunis pour discuter des multiples avantages des programmes nationaux de repas scolaires et de la fa\u00e7on de les concevoir et de les mettre en \u0153uvre.<\/strong><\/em><\/p>\n<p><!--more--><\/p>\n<p>Le 20e Forum mondial sur la nutrition infantile doit rassembler 300 participants repr\u00e9sentants plus de 50 pays pour discuter des programmes nationaux de repas scolaires pour la s\u00e9curit\u00e9 alimentaire et nutritionnelle et les multiples avantages sur le plan social.<\/p>\n<p>Le Forum est la plus grande conf\u00e9rence internationale annuelle dans le monde sur l\u2019alimentation scolaire. Elle est destin\u00e9e \u00e0 l\u2019\u00e9change d\u2019information et au partage de connaissances techniques permettant d\u2019aider les pays qui souhaitent d\u00e9velopper et mettre en \u0153uvre des programmes d\u2019alimentation scolaire.<\/p>\n<p>Des repr\u00e9sentants gouvernementaux, non gouvernementaux, du secteur priv\u00e9, d\u2019agences de l\u2019Onu, d\u2019universitaires et de chercheurs, sont attendus \u00e0 Tunis.<\/p>\n<p><em>\u00abLe Forum vise \u00e0 faire le point des questions relatives \u00e0 la nutrition infantile dans le monde, \u00e0 promouvoir la coop\u00e9ration entre les nations et \u00e0 encourager les pays \u00e0 d\u00e9velopper et am\u00e9liorer les programmes de nutrition scolaires qui rapportent de multiples avantages et contribuent \u00e0 atteindre les objectifs du d\u00e9veloppement durable\u00bb<\/em>, souligne Arlene Mitchell, directeur ex\u00e9cutif de la Fondation mondiale sur la nutrition infantile. <em>\u00abC\u2019est \u00e9galement une occasion extraordinaire d\u2019attirer l\u2019attention du public sur les d\u00e9fis auxquels les enfants sont confront\u00e9s dans le monde face \u00e0 une nutrition saine et aussi de partager des exp\u00e9riences et des instruments pour faire face \u00e0 ces d\u00e9fis\u00bb<\/em>, ajoute-t-il.<\/p>\n<p>Chaque ann\u00e9e, le Forum rassemble des dirigeants de plus de 50 pays pour des sessions de formation intensives, d\u2019assistance technique et de planification, pour faciliter l\u2019\u00e9tablissement de programmes nationaux de repas scolaires durables.<\/p>\n<p>En partageant leurs vues, leurs exp\u00e9riences et les d\u00e9fis auxquels ils font face, une alliance informelle de dirigeants bien d\u00e9cid\u00e9s \u00e0 faire avancer l\u2019alimentation scolaire, s\u2019est dessin\u00e9e partout dans le monde. Le Forum est devenu, par cons\u00e9quent, un catalyseur mondial du d\u00e9veloppement de l\u2019alimentation scolaire.<\/p>\n<p><em>\u00abLes programmes d\u2019alimentation scolaires ont le pouvoir de d\u00e9bloquer de multiples avantages pour les \u00e9coliers, leurs familles, leurs communaut\u00e9s et pour leur pays tout entier\u00bb<\/em>, a d\u00e9clar\u00e9 Daniel Balaban, directeur du Centre d\u2019excellence contre la faim du Programme alimentaire mondial (PAM) des Nations Unies. <em>\u00abCe rassemblement annuel de hauts-responsables venus de plus de 50 pays pour discuter des strat\u00e9gies visant \u00e0 renforcer l\u2019alimentation scolaire, se traduit par un engagement gouvernemental plus fort en faveur de l\u2019alimentation scolaire, par des retomb\u00e9es positives sur l\u2019\u00e9ducation, la sant\u00e9 et les indicateurs socio-\u00e9conomiques\u00bb<\/em>, ajoute-t-il.<\/p>\n<p>Organis\u00e9 par la Global Child Nutrition Foundation et le Centre d\u2019excellence contre la faim du Programme alimentaire mondial (PAM) des Nations Unies, en partenariat avec les pays h\u00f4tes, le Forum encourage chaque ann\u00e9e un dialogue ouvert et la mise en commun des exp\u00e9riences, des meilleures pratiques, des le\u00e7ons retenues, des d\u00e9fis ainsi que des options pour un soutien durable aux programmes d\u2019alimentation scolaire nutritionnels utilisant des produits locaux.<\/p>\n<p>Les participants retourneront dans leur pays fort de leurs comp\u00e9tences, et en feront m\u00eame souvent b\u00e9n\u00e9ficier les pays voisins qui sont en passe de d\u00e9velopper des programmes d\u2019alimentation scolaire.<br \/>\nLe Forum se tient chaque ann\u00e9e dans un pays diff\u00e9rent. Cela permet aux participants de visiter des \u00e9coles et d\u2019observer d\u2019autres programmes en action.<br \/>\nLes participants pourront visiter des \u00e9tablissements scolaires et une banque alimentaire afin de se rendre compte directement du programme de repas scolaire en Tunisie qui touche 260.000 enfants dans 2500 \u00e9coles.<\/p>\n<p><em>\u00abLa Tunisie a reconnu que l\u2019alimentation scolaire est un filet de s\u00e9curit\u00e9 sociale qui peut contribuer \u00e0 l\u2019\u00e9ducation et \u00e0 la nutrition tout en renfor\u00e7ant la stabilit\u00e9 et la protection sociale\u00bb<\/em>, a soulign\u00e9 le ministre tunisien de l\u2019Education, Hatem Ben Salem. Il ajoute :<em> \u00abL\u2019\u00e9cole est le premier point de contact des enfants avec l\u2019Etat, et l\u2019exp\u00e9rience positive de partager un repas nourrissant \u00e0 l\u2019\u00e9cole peut favoriser l\u2019amour des enfants pour leur pays, tout en les aidant \u00e0 construire un sens de la justice et de l\u2019appartenance.\u00bb<\/em><\/p>\n<p>C\u2019est la premi\u00e8re fois que le Forum se d\u00e9roule dans la r\u00e9gion Moyen-Orient, Afrique du Nord, r\u00e9gion o\u00f9 l\u2019on trouve plusieurs exemples de fonctionnement des programmes d\u2019alimentation scolaire o\u00f9 l\u2019approche multisectorielle apporte de nombreux avantages, que ce soit dans des contextes d\u2019urgence ou de stabilit\u00e9.<\/p>\n<p>Le Forum va permettre de mettre l\u2019accent sur des exp\u00e9riences m\u00fbries dans la r\u00e9gion et au-del\u00e0, qui prouvent que des programmes et des services nationaux de repas scolaires solides, bien cibl\u00e9s, int\u00e9gr\u00e9s \u00e0 l\u2019\u00e9ducation nationale et aux syst\u00e8mes de protection sociale, sont des leviers pour faire progresser des politiques plus efficaces, inclusives et globales menant \u00e0 une s\u00e9curit\u00e9 alimentaire et nutritionnelle renforc\u00e9e.<\/p>\n<p><em><strong>Source<\/strong><\/em> : communiqu\u00e9.<\/p>\n","protected":false},"excerpt":{"rendered":"<p>Les repr\u00e9sentants de plus de 50 pays vont se r\u00e9unir du 21 au 25 octobre 2018 \u00e0 Tunis pour discuter des multiples avantages des programmes nationaux de repas scolaires et de la fa\u00e7on de les concevoir et de les mettre en \u0153uvre.<\/p>\n","protected":false},"author":8,"featured_media":179167,"comment_status":"open","ping_status":"open","sticky":false,"template":"","format":"standard","meta":{"footnotes":""},"categories":[998,2433],"tags":[1908,4013],"class_list":["post-179165","post","type-post","status-publish","format-standard","has-post-thumbnail","hentry","category-societe","category-tunisie","tag-hatem-ben-salem","tag-nations-unies"],"yoast_head":"<!-- This site is optimized with the Yoast SEO plugin v26.6 - https:\/\/yoast.com\/wordpress\/plugins\/seo\/ -->\n<title>La Tunisie abrite le 20e Forum mondial sur la nutrition infantile - Kapitalis<\/title>\n<meta name=\"robots\" content=\"index, follow, max-snippet:-1, max-image-preview:large, max-video-preview:-1\" \/>\n<link rel=\"canonical\" href=\"https:\/\/kapitalis.com\/tunisie\/2018\/10\/18\/la-tunisie-abrite-le-20e-forum-mondial-sur-la-nutrition-infantile\/\" \/>\n<meta property=\"og:locale\" content=\"fr_FR\" \/>\n<meta property=\"og:type\" content=\"article\" \/>\n<meta property=\"og:title\" content=\"La Tunisie abrite le 20e Forum mondial sur la nutrition infantile - Kapitalis\" \/>\n<meta property=\"og:description\" content=\"Les repr\u00e9sentants de plus de 50 pays vont se r\u00e9unir du 21 au 25 octobre 2018 \u00e0 Tunis pour discuter des multiples avantages des programmes nationaux de repas scolaires et de la fa\u00e7on de les concevoir et de les mettre en \u0153uvre.\" \/>\n<meta property=\"og:url\" content=\"https:\/\/kapitalis.com\/tunisie\/2018\/10\/18\/la-tunisie-abrite-le-20e-forum-mondial-sur-la-nutrition-infantile\/\" \/>\n<meta property=\"og:site_name\" content=\"Kapitalis\" \/>\n<meta property=\"article:publisher\" content=\"https:\/\/www.facebook.com\/KapitalisInfo\/\" \/>\n<meta property=\"article:published_time\" content=\"2018-10-18T07:41:18+00:00\" \/>\n<meta property=\"og:image\" content=\"https:\/\/kapitalis.com\/tunisie\/wp-content\/uploads\/2022\/05\/kapitalis-logo-fb.png\" \/>\n\t<meta property=\"og:image:width\" content=\"1200\" \/>\n\t<meta property=\"og:image:height\" content=\"630\" \/>\n\t<meta property=\"og:image:type\" content=\"image\/png\" \/>\n<meta name=\"author\" content=\"webmaster kapitalis\" \/>\n<meta name=\"twitter:card\" content=\"summary_large_image\" \/>\n<meta name=\"twitter:creator\" content=\"@KapitalisInfo\" \/>\n<meta name=\"twitter:site\" content=\"@KapitalisInfo\" \/>\n<meta name=\"twitter:label1\" content=\"\u00c9crit par\" \/>\n\t<meta name=\"twitter:data1\" content=\"webmaster kapitalis\" \/>\n\t<meta name=\"twitter:label2\" content=\"Dur\u00e9e de lecture estim\u00e9e\" \/>\n\t<meta name=\"twitter:data2\" content=\"4 minutes\" \/>\n<script type=\"application\/ld+json\" class=\"yoast-schema-graph\">{\"@context\":\"https:\/\/schema.org\",\"@graph\":[{\"@type\":\"Article\",\"@id\":\"https:\/\/kapitalis.com\/tunisie\/2018\/10\/18\/la-tunisie-abrite-le-20e-forum-mondial-sur-la-nutrition-infantile\/#article\",\"isPartOf\":{\"@id\":\"https:\/\/kapitalis.com\/tunisie\/2018\/10\/18\/la-tunisie-abrite-le-20e-forum-mondial-sur-la-nutrition-infantile\/\"},\"author\":{\"name\":\"webmaster kapitalis\",\"@id\":\"https:\/\/kapitalis.com\/tunisie\/#\/schema\/person\/d71f33a9ca44f7bad4698210b480c8e9\"},\"headline\":\"La Tunisie abrite le 20e Forum mondial sur la nutrition infantile\",\"datePublished\":\"2018-10-18T07:41:18+00:00\",\"mainEntityOfPage\":{\"@id\":\"https:\/\/kapitalis.com\/tunisie\/2018\/10\/18\/la-tunisie-abrite-le-20e-forum-mondial-sur-la-nutrition-infantile\/\"},\"wordCount\":847,\"commentCount\":0,\"publisher\":{\"@id\":\"https:\/\/kapitalis.com\/tunisie\/#organization\"},\"image\":{\"@id\":\"https:\/\/kapitalis.com\/tunisie\/2018\/10\/18\/la-tunisie-abrite-le-20e-forum-mondial-sur-la-nutrition-infantile\/#primaryimage\"},\"thumbnailUrl\":\"\",\"keywords\":[\"Hatem Ben Salem\",\"Nations unies\"],\"articleSection\":[\"SOCIETE\",\"Tunisie\"],\"inLanguage\":\"fr-FR\",\"potentialAction\":[{\"@type\":\"CommentAction\",\"name\":\"Comment\",\"target\":[\"https:\/\/kapitalis.com\/tunisie\/2018\/10\/18\/la-tunisie-abrite-le-20e-forum-mondial-sur-la-nutrition-infantile\/#respond\"]}]},{\"@type\":\"WebPage\",\"@id\":\"https:\/\/kapitalis.com\/tunisie\/2018\/10\/18\/la-tunisie-abrite-le-20e-forum-mondial-sur-la-nutrition-infantile\/\",\"url\":\"https:\/\/kapitalis.com\/tunisie\/2018\/10\/18\/la-tunisie-abrite-le-20e-forum-mondial-sur-la-nutrition-infantile\/\",\"name\":\"La Tunisie abrite le 20e Forum mondial sur la nutrition infantile - Kapitalis\",\"isPartOf\":{\"@id\":\"https:\/\/kapitalis.com\/tunisie\/#website\"},\"primaryImageOfPage\":{\"@id\":\"https:\/\/kapitalis.com\/tunisie\/2018\/10\/18\/la-tunisie-abrite-le-20e-forum-mondial-sur-la-nutrition-infantile\/#primaryimage\"},\"image\":{\"@id\":\"https:\/\/kapitalis.com\/tunisie\/2018\/10\/18\/la-tunisie-abrite-le-20e-forum-mondial-sur-la-nutrition-infantile\/#primaryimage\"},\"thumbnailUrl\":\"\",\"datePublished\":\"2018-10-18T07:41:18+00:00\",\"breadcrumb\":{\"@id\":\"https:\/\/kapitalis.com\/tunisie\/2018\/10\/18\/la-tunisie-abrite-le-20e-forum-mondial-sur-la-nutrition-infantile\/#breadcrumb\"},\"inLanguage\":\"fr-FR\",\"potentialAction\":[{\"@type\":\"ReadAction\",\"target\":[\"https:\/\/kapitalis.com\/tunisie\/2018\/10\/18\/la-tunisie-abrite-le-20e-forum-mondial-sur-la-nutrition-infantile\/\"]}]},{\"@type\":\"ImageObject\",\"inLanguage\":\"fr-FR\",\"@id\":\"https:\/\/kapitalis.com\/tunisie\/2018\/10\/18\/la-tunisie-abrite-le-20e-forum-mondial-sur-la-nutrition-infantile\/#primaryimage\",\"url\":\"\",\"contentUrl\":\"\"},{\"@type\":\"BreadcrumbList\",\"@id\":\"https:\/\/kapitalis.com\/tunisie\/2018\/10\/18\/la-tunisie-abrite-le-20e-forum-mondial-sur-la-nutrition-infantile\/#breadcrumb\",\"itemListElement\":[{\"@type\":\"ListItem\",\"position\":1,\"name\":\"Accueil\",\"item\":\"https:\/\/kapitalis.com\/tunisie\/\"},{\"@type\":\"ListItem\",\"position\":2,\"name\":\"La Tunisie abrite le 20e Forum mondial sur la nutrition infantile\"}]},{\"@type\":\"WebSite\",\"@id\":\"https:\/\/kapitalis.com\/tunisie\/#website\",\"url\":\"https:\/\/kapitalis.com\/tunisie\/\",\"name\":\"Kapitalis\",\"description\":\"L&#039;actualit\u00e9 en Tunisie et dans le monde\",\"publisher\":{\"@id\":\"https:\/\/kapitalis.com\/tunisie\/#organization\"},\"potentialAction\":[{\"@type\":\"SearchAction\",\"target\":{\"@type\":\"EntryPoint\",\"urlTemplate\":\"https:\/\/kapitalis.com\/tunisie\/?s={search_term_string}\"},\"query-input\":{\"@type\":\"PropertyValueSpecification\",\"valueRequired\":true,\"valueName\":\"search_term_string\"}}],\"inLanguage\":\"fr-FR\"},{\"@type\":\"Organization\",\"@id\":\"https:\/\/kapitalis.com\/tunisie\/#organization\",\"name\":\"Kapitalis\",\"url\":\"https:\/\/kapitalis.com\/tunisie\/\",\"logo\":{\"@type\":\"ImageObject\",\"inLanguage\":\"fr-FR\",\"@id\":\"https:\/\/kapitalis.com\/tunisie\/#\/schema\/logo\/image\/\",\"url\":\"https:\/\/kapitalis.com\/tunisie\/wp-content\/uploads\/2022\/05\/Kapitalis-big-size.png\",\"contentUrl\":\"https:\/\/kapitalis.com\/tunisie\/wp-content\/uploads\/2022\/05\/Kapitalis-big-size.png\",\"width\":5000,\"height\":1500,\"caption\":\"Kapitalis\"},\"image\":{\"@id\":\"https:\/\/kapitalis.com\/tunisie\/#\/schema\/logo\/image\/\"},\"sameAs\":[\"https:\/\/www.facebook.com\/KapitalisInfo\/\",\"https:\/\/x.com\/KapitalisInfo\",\"https:\/\/www.youtube.com\/channel\/UC-yDYrHyfFBWWZaOw3FPg9Q\"]},{\"@type\":\"Person\",\"@id\":\"https:\/\/kapitalis.com\/tunisie\/#\/schema\/person\/d71f33a9ca44f7bad4698210b480c8e9\",\"name\":\"webmaster kapitalis\",\"url\":\"https:\/\/kapitalis.com\/tunisie\/author\/webmaster-kapitalis\/\"}]}<\/script>\n<!-- \/ Yoast SEO plugin. -->","yoast_head_json":{"title":"La Tunisie abrite le 20e Forum mondial sur la nutrition infantile - Kapitalis","robots":{"index":"index","follow":"follow","max-snippet":"max-snippet:-1","max-image-preview":"max-image-preview:large","max-video-preview":"max-video-preview:-1"},"canonical":"https:\/\/kapitalis.com\/tunisie\/2018\/10\/18\/la-tunisie-abrite-le-20e-forum-mondial-sur-la-nutrition-infantile\/","og_locale":"fr_FR","og_type":"article","og_title":"La Tunisie abrite le 20e Forum mondial sur la nutrition infantile - Kapitalis","og_description":"Les repr\u00e9sentants de plus de 50 pays vont se r\u00e9unir du 21 au 25 octobre 2018 \u00e0 Tunis pour discuter des multiples avantages des programmes nationaux de repas scolaires et de la fa\u00e7on de les concevoir et de les mettre en \u0153uvre.","og_url":"https:\/\/kapitalis.com\/tunisie\/2018\/10\/18\/la-tunisie-abrite-le-20e-forum-mondial-sur-la-nutrition-infantile\/","og_site_name":"Kapitalis","article_publisher":"https:\/\/www.facebook.com\/KapitalisInfo\/","article_published_time":"2018-10-18T07:41:18+00:00","og_image":[{"width":1200,"height":630,"url":"https:\/\/kapitalis.com\/tunisie\/wp-content\/uploads\/2022\/05\/kapitalis-logo-fb.png","type":"image\/png"}],"author":"webmaster kapitalis","twitter_card":"summary_large_image","twitter_creator":"@KapitalisInfo","twitter_site":"@KapitalisInfo","twitter_misc":{"\u00c9crit par":"webmaster kapitalis","Dur\u00e9e de lecture estim\u00e9e":"4 minutes"},"schema":{"@context":"https:\/\/schema.org","@graph":[{"@type":"Article","@id":"https:\/\/kapitalis.com\/tunisie\/2018\/10\/18\/la-tunisie-abrite-le-20e-forum-mondial-sur-la-nutrition-infantile\/#article","isPartOf":{"@id":"https:\/\/kapitalis.com\/tunisie\/2018\/10\/18\/la-tunisie-abrite-le-20e-forum-mondial-sur-la-nutrition-infantile\/"},"author":{"name":"webmaster kapitalis","@id":"https:\/\/kapitalis.com\/tunisie\/#\/schema\/person\/d71f33a9ca44f7bad4698210b480c8e9"},"headline":"La Tunisie abrite le 20e Forum mondial sur la nutrition infantile","datePublished":"2018-10-18T07:41:18+00:00","mainEntityOfPage":{"@id":"https:\/\/kapitalis.com\/tunisie\/2018\/10\/18\/la-tunisie-abrite-le-20e-forum-mondial-sur-la-nutrition-infantile\/"},"wordCount":847,"commentCount":0,"publisher":{"@id":"https:\/\/kapitalis.com\/tunisie\/#organization"},"image":{"@id":"https:\/\/kapitalis.com\/tunisie\/2018\/10\/18\/la-tunisie-abrite-le-20e-forum-mondial-sur-la-nutrition-infantile\/#primaryimage"},"thumbnailUrl":"","keywords":["Hatem Ben Salem","Nations unies"],"articleSection":["SOCIETE","Tunisie"],"inLanguage":"fr-FR","potentialAction":[{"@type":"CommentAction","name":"Comment","target":["https:\/\/kapitalis.com\/tunisie\/2018\/10\/18\/la-tunisie-abrite-le-20e-forum-mondial-sur-la-nutrition-infantile\/#respond"]}]},{"@type":"WebPage","@id":"https:\/\/kapitalis.com\/tunisie\/2018\/10\/18\/la-tunisie-abrite-le-20e-forum-mondial-sur-la-nutrition-infantile\/","url":"https:\/\/kapitalis.com\/tunisie\/2018\/10\/18\/la-tunisie-abrite-le-20e-forum-mondial-sur-la-nutrition-infantile\/","name":"La Tunisie abrite le 20e Forum mondial sur la nutrition infantile - Kapitalis","isPartOf":{"@id":"https:\/\/kapitalis.com\/tunisie\/#website"},"primaryImageOfPage":{"@id":"https:\/\/kapitalis.com\/tunisie\/2018\/10\/18\/la-tunisie-abrite-le-20e-forum-mondial-sur-la-nutrition-infantile\/#primaryimage"},"image":{"@id":"https:\/\/kapitalis.com\/tunisie\/2018\/10\/18\/la-tunisie-abrite-le-20e-forum-mondial-sur-la-nutrition-infantile\/#primaryimage"},"thumbnailUrl":"","datePublished":"2018-10-18T07:41:18+00:00","breadcrumb":{"@id":"https:\/\/kapitalis.com\/tunisie\/2018\/10\/18\/la-tunisie-abrite-le-20e-forum-mondial-sur-la-nutrition-infantile\/#breadcrumb"},"inLanguage":"fr-FR","potentialAction":[{"@type":"ReadAction","target":["https:\/\/kapitalis.com\/tunisie\/2018\/10\/18\/la-tunisie-abrite-le-20e-forum-mondial-sur-la-nutrition-infantile\/"]}]},{"@type":"ImageObject","inLanguage":"fr-FR","@id":"https:\/\/kapitalis.com\/tunisie\/2018\/10\/18\/la-tunisie-abrite-le-20e-forum-mondial-sur-la-nutrition-infantile\/#primaryimage","url":"","contentUrl":""},{"@type":"BreadcrumbList","@id":"https:\/\/kapitalis.com\/tunisie\/2018\/10\/18\/la-tunisie-abrite-le-20e-forum-mondial-sur-la-nutrition-infantile\/#breadcrumb","itemListElement":[{"@type":"ListItem","position":1,"name":"Accueil","item":"https:\/\/kapitalis.com\/tunisie\/"},{"@type":"ListItem","position":2,"name":"La Tunisie abrite le 20e Forum mondial sur la nutrition infantile"}]},{"@type":"WebSite","@id":"https:\/\/kapitalis.com\/tunisie\/#website","url":"https:\/\/kapitalis.com\/tunisie\/","name":"Kapitalis","description":"L&#039;actualit\u00e9 en Tunisie et dans le monde","publisher":{"@id":"https:\/\/kapitalis.com\/tunisie\/#organization"},"potentialAction":[{"@type":"SearchAction","target":{"@type":"EntryPoint","urlTemplate":"https:\/\/kapitalis.com\/tunisie\/?s={search_term_string}"},"query-input":{"@type":"PropertyValueSpecification","valueRequired":true,"valueName":"search_term_string"}}],"inLanguage":"fr-FR"},{"@type":"Organization","@id":"https:\/\/kapitalis.com\/tunisie\/#organization","name":"Kapitalis","url":"https:\/\/kapitalis.com\/tunisie\/","logo":{"@type":"ImageObject","inLanguage":"fr-FR","@id":"https:\/\/kapitalis.com\/tunisie\/#\/schema\/logo\/image\/","url":"https:\/\/kapitalis.com\/tunisie\/wp-content\/uploads\/2022\/05\/Kapitalis-big-size.png","contentUrl":"https:\/\/kapitalis.com\/tunisie\/wp-content\/uploads\/2022\/05\/Kapitalis-big-size.png","width":5000,"height":1500,"caption":"Kapitalis"},"image":{"@id":"https:\/\/kapitalis.com\/tunisie\/#\/schema\/logo\/image\/"},"sameAs":["https:\/\/www.facebook.com\/KapitalisInfo\/","https:\/\/x.com\/KapitalisInfo","https:\/\/www.youtube.com\/channel\/UC-yDYrHyfFBWWZaOw3FPg9Q"]},{"@type":"Person","@id":"https:\/\/kapitalis.com\/tunisie\/#\/schema\/person\/d71f33a9ca44f7bad4698210b480c8e9","name":"webmaster kapitalis","url":"https:\/\/kapitalis.com\/tunisie\/author\/webmaster-kapitalis\/"}]}},"_links":{"self":[{"href":"https:\/\/kapitalis.com\/tunisie\/wp-json\/wp\/v2\/posts\/179165","targetHints":{"allow":["GET"]}}],"collection":[{"href":"https:\/\/kapitalis.com\/tunisie\/wp-json\/wp\/v2\/posts"}],"about":[{"href":"https:\/\/kapitalis.com\/tunisie\/wp-json\/wp\/v2\/types\/post"}],"author":[{"embeddable":true,"href":"https:\/\/kapitalis.com\/tunisie\/wp-json\/wp\/v2\/users\/8"}],"replies":[{"embeddable":true,"href":"https:\/\/kapitalis.com\/tunisie\/wp-json\/wp\/v2\/comments?post=179165"}],"version-history":[{"count":0,"href":"https:\/\/kapitalis.com\/tunisie\/wp-json\/wp\/v2\/posts\/179165\/revisions"}],"wp:featuredmedia":[{"embeddable":true,"href":"https:\/\/kapitalis.com\/tunisie\/wp-json\/wp\/v2\/media\/179167"}],"wp:attachment":[{"href":"https:\/\/kapitalis.com\/tunisie\/wp-json\/wp\/v2\/media?parent=179165"}],"wp:term":[{"taxonomy":"category","embeddable":true,"href":"https:\/\/kapitalis.com\/tunisie\/wp-json\/wp\/v2\/categories?post=179165"},{"taxonomy":"post_tag","embeddable":true,"href":"https:\/\/kapitalis.com\/tunisie\/wp-json\/wp\/v2\/tags?post=179165"}],"curies":[{"name":"wp","href":"https:\/\/api.w.org\/{rel}","templated":true}]}}