{"id":179238,"date":"2018-10-18T12:12:55","date_gmt":"2018-10-18T11:12:55","guid":{"rendered":"http:\/\/kapitalis.com\/tunisie\/?p=179238"},"modified":"2018-10-18T12:12:55","modified_gmt":"2018-10-18T11:12:55","slug":"table-ronde-a-tunis-fournitures-scolaires-et-sante","status":"publish","type":"post","link":"https:\/\/kapitalis.com\/tunisie\/2018\/10\/18\/table-ronde-a-tunis-fournitures-scolaires-et-sante\/","title":{"rendered":"Table-ronde \u00e0 Tunis : \u00abFournitures scolaires et sant\u00e9\u00bb"},"content":{"rendered":"<p style=\"text-align: center;\"><img loading=\"lazy\" decoding=\"async\" class=\"alignnone size-full wp-image-179239\" src=\"http:\/\/kapitalis.com\/tunisie\/wp-content\/uploads\/2018\/10\/Fournitures-scolaires-et-sante.jpg\" alt=\"\" width=\"626\" height=\"380\" \/><\/p>\n<p><em><strong>L\u2019Association Sant\u00e9 et Environnement (ASE) organise une table-ronde sur le th\u00e8me : \u00abFournitures scolaires et sant\u00e9 \u00bb, le samedi 27 octobre 2018 \u00e0 15 h \u00e0 l\u2019h\u00f4tel Golden Tulip El Mechtel \u00e0 Tunis.<\/strong><\/em><\/p>\n<p><!--more--><\/p>\n<p>La rencontre scientifique destin\u00e9e au grand public est coordonn\u00e9e par Hanen Bouaziz et Hamadi Dekhil, avec la participation de Abdelmajid Ben Jemaa, Rim Boussetta, Ahlem Helali Ammari, Zied Khlayfia et Souhir Ladhari.<\/p>\n<p>Le th\u00e8me de la rencontre s\u2019est impos\u00e9 en cette rentr\u00e9e scolaire aux parents et aux \u00e9ducateurs qui n\u2019ont cess\u00e9 d\u2019attirer les responsables de l\u2019\u00e9ducation sur le poids tr\u00e8s \u00e9lev\u00e9 des cartables que les \u00e9l\u00e8ves sont contraints de porter sur le dos pour aller \u00e0 l\u2019\u00e9cole ou rentrer chez eux. Ce poids, qui d\u00e9passe parfois la dizaine de kilos est d\u00fb au poids conjugu\u00e9 des livres et de cahiers que les \u00e9l\u00e8ves sont oblig\u00e9s d\u2019apporter avec eux.<\/p>\n<p>Quand on sait que les \u00e9l\u00e8ves dans beaucoup d\u2019autres pays ne sont pas soumis \u00e0 cette corv\u00e9e, qui n\u2019est pas sans impact sur leur sant\u00e9 (et, surtout, celle de leur colonne vert\u00e9brale), car ils recourent \u00e0 des solutions comme l\u2019utilisation des nouvelles technologies de la communication (ordinateurs portables ou tablettes), on est en droit de nous demander jusqu\u2019\u00e0 quand les \u00e9l\u00e8ves tunisiens vont-ils subir cette corv\u00e9e.<\/p>\n<p>Un autre probl\u00e8me se pose \u00e9galement pour la sant\u00e9 des \u00e9l\u00e8ves. Il concerne certaines fournitures scolaires en vente sur le march\u00e9, qui sont fabriqu\u00e9s avec des mat\u00e9riaux nuisibles et proviennent souvent des circuits de la contrebande. Comment s\u2019en pr\u00e9munir ? L\u2019information des parents est primordiale pour les aider \u00e0 identifier ces produits et \u00e0 \u00e9viter de les mettre aux mains de leurs enfants.<\/p>\n<p style=\"text-align: right;\"><strong>I. B.<\/strong><\/p>\n","protected":false},"excerpt":{"rendered":"<p>L\u2019Association Sant\u00e9 et Environnement (ASE) organise une table-ronde sur le th\u00e8me : \u00abFournitures scolaires et sant\u00e9 \u00bb, le samedi 27 octobre 2018 \u00e0 15 h \u00e0 l\u2019h\u00f4tel Golden Tulip El Mechtel \u00e0 Tunis.<\/p>\n","protected":false},"author":8,"featured_media":179239,"comment_status":"open","ping_status":"open","sticky":false,"template":"","format":"standard","meta":{"footnotes":""},"categories":[998,2433],"tags":[315,4854,810],"class_list":["post-179238","post","type-post","status-publish","format-standard","has-post-thumbnail","hentry","category-societe","category-tunisie","tag-eleves","tag-fournitures-scolaires","tag-sante"],"yoast_head":"<!-- This site is optimized with the Yoast SEO plugin v26.6 - https:\/\/yoast.com\/wordpress\/plugins\/seo\/ -->\n<title>Table-ronde \u00e0 Tunis : \u00abFournitures scolaires et sant\u00e9\u00bb - Kapitalis<\/title>\n<meta name=\"robots\" content=\"index, follow, max-snippet:-1, max-image-preview:large, max-video-preview:-1\" \/>\n<link rel=\"canonical\" href=\"https:\/\/kapitalis.com\/tunisie\/2018\/10\/18\/table-ronde-a-tunis-fournitures-scolaires-et-sante\/\" \/>\n<meta property=\"og:locale\" content=\"fr_FR\" \/>\n<meta property=\"og:type\" content=\"article\" \/>\n<meta property=\"og:title\" content=\"Table-ronde \u00e0 Tunis : \u00abFournitures scolaires et sant\u00e9\u00bb - Kapitalis\" \/>\n<meta property=\"og:description\" content=\"L\u2019Association Sant\u00e9 et Environnement (ASE) organise une table-ronde sur le th\u00e8me : \u00abFournitures scolaires et sant\u00e9 \u00bb, le samedi 27 octobre 2018 \u00e0 15 h \u00e0 l\u2019h\u00f4tel Golden Tulip El Mechtel \u00e0 Tunis.\" \/>\n<meta property=\"og:url\" content=\"https:\/\/kapitalis.com\/tunisie\/2018\/10\/18\/table-ronde-a-tunis-fournitures-scolaires-et-sante\/\" \/>\n<meta property=\"og:site_name\" content=\"Kapitalis\" \/>\n<meta property=\"article:publisher\" content=\"https:\/\/www.facebook.com\/KapitalisInfo\/\" \/>\n<meta property=\"article:published_time\" content=\"2018-10-18T11:12:55+00:00\" \/>\n<meta property=\"og:image\" content=\"https:\/\/kapitalis.com\/tunisie\/wp-content\/uploads\/2022\/05\/kapitalis-logo-fb.png\" \/>\n\t<meta property=\"og:image:width\" content=\"1200\" \/>\n\t<meta property=\"og:image:height\" content=\"630\" \/>\n\t<meta property=\"og:image:type\" content=\"image\/png\" \/>\n<meta name=\"author\" content=\"webmaster kapitalis\" \/>\n<meta name=\"twitter:card\" content=\"summary_large_image\" \/>\n<meta name=\"twitter:creator\" content=\"@KapitalisInfo\" \/>\n<meta name=\"twitter:site\" content=\"@KapitalisInfo\" \/>\n<meta name=\"twitter:label1\" content=\"\u00c9crit par\" \/>\n\t<meta name=\"twitter:data1\" content=\"webmaster kapitalis\" \/>\n\t<meta name=\"twitter:label2\" content=\"Dur\u00e9e de lecture estim\u00e9e\" \/>\n\t<meta name=\"twitter:data2\" content=\"1 minute\" \/>\n<script type=\"application\/ld+json\" class=\"yoast-schema-graph\">{\"@context\":\"https:\/\/schema.org\",\"@graph\":[{\"@type\":\"Article\",\"@id\":\"https:\/\/kapitalis.com\/tunisie\/2018\/10\/18\/table-ronde-a-tunis-fournitures-scolaires-et-sante\/#article\",\"isPartOf\":{\"@id\":\"https:\/\/kapitalis.com\/tunisie\/2018\/10\/18\/table-ronde-a-tunis-fournitures-scolaires-et-sante\/\"},\"author\":{\"name\":\"webmaster kapitalis\",\"@id\":\"https:\/\/kapitalis.com\/tunisie\/#\/schema\/person\/d71f33a9ca44f7bad4698210b480c8e9\"},\"headline\":\"Table-ronde \u00e0 Tunis : \u00abFournitures scolaires et sant\u00e9\u00bb\",\"datePublished\":\"2018-10-18T11:12:55+00:00\",\"mainEntityOfPage\":{\"@id\":\"https:\/\/kapitalis.com\/tunisie\/2018\/10\/18\/table-ronde-a-tunis-fournitures-scolaires-et-sante\/\"},\"wordCount\":298,\"commentCount\":0,\"publisher\":{\"@id\":\"https:\/\/kapitalis.com\/tunisie\/#organization\"},\"image\":{\"@id\":\"https:\/\/kapitalis.com\/tunisie\/2018\/10\/18\/table-ronde-a-tunis-fournitures-scolaires-et-sante\/#primaryimage\"},\"thumbnailUrl\":\"\",\"keywords\":[\"\u00e9l\u00e8ves\",\"fournitures scolaires\",\"Sant\u00e9\"],\"articleSection\":[\"SOCIETE\",\"Tunisie\"],\"inLanguage\":\"fr-FR\",\"potentialAction\":[{\"@type\":\"CommentAction\",\"name\":\"Comment\",\"target\":[\"https:\/\/kapitalis.com\/tunisie\/2018\/10\/18\/table-ronde-a-tunis-fournitures-scolaires-et-sante\/#respond\"]}]},{\"@type\":\"WebPage\",\"@id\":\"https:\/\/kapitalis.com\/tunisie\/2018\/10\/18\/table-ronde-a-tunis-fournitures-scolaires-et-sante\/\",\"url\":\"https:\/\/kapitalis.com\/tunisie\/2018\/10\/18\/table-ronde-a-tunis-fournitures-scolaires-et-sante\/\",\"name\":\"Table-ronde \u00e0 Tunis : \u00abFournitures scolaires et sant\u00e9\u00bb - Kapitalis\",\"isPartOf\":{\"@id\":\"https:\/\/kapitalis.com\/tunisie\/#website\"},\"primaryImageOfPage\":{\"@id\":\"https:\/\/kapitalis.com\/tunisie\/2018\/10\/18\/table-ronde-a-tunis-fournitures-scolaires-et-sante\/#primaryimage\"},\"image\":{\"@id\":\"https:\/\/kapitalis.com\/tunisie\/2018\/10\/18\/table-ronde-a-tunis-fournitures-scolaires-et-sante\/#primaryimage\"},\"thumbnailUrl\":\"\",\"datePublished\":\"2018-10-18T11:12:55+00:00\",\"breadcrumb\":{\"@id\":\"https:\/\/kapitalis.com\/tunisie\/2018\/10\/18\/table-ronde-a-tunis-fournitures-scolaires-et-sante\/#breadcrumb\"},\"inLanguage\":\"fr-FR\",\"potentialAction\":[{\"@type\":\"ReadAction\",\"target\":[\"https:\/\/kapitalis.com\/tunisie\/2018\/10\/18\/table-ronde-a-tunis-fournitures-scolaires-et-sante\/\"]}]},{\"@type\":\"ImageObject\",\"inLanguage\":\"fr-FR\",\"@id\":\"https:\/\/kapitalis.com\/tunisie\/2018\/10\/18\/table-ronde-a-tunis-fournitures-scolaires-et-sante\/#primaryimage\",\"url\":\"\",\"contentUrl\":\"\"},{\"@type\":\"BreadcrumbList\",\"@id\":\"https:\/\/kapitalis.com\/tunisie\/2018\/10\/18\/table-ronde-a-tunis-fournitures-scolaires-et-sante\/#breadcrumb\",\"itemListElement\":[{\"@type\":\"ListItem\",\"position\":1,\"name\":\"Accueil\",\"item\":\"https:\/\/kapitalis.com\/tunisie\/\"},{\"@type\":\"ListItem\",\"position\":2,\"name\":\"Table-ronde \u00e0 Tunis : \u00abFournitures scolaires et sant\u00e9\u00bb\"}]},{\"@type\":\"WebSite\",\"@id\":\"https:\/\/kapitalis.com\/tunisie\/#website\",\"url\":\"https:\/\/kapitalis.com\/tunisie\/\",\"name\":\"Kapitalis\",\"description\":\"L&#039;actualit\u00e9 en Tunisie et dans le monde\",\"publisher\":{\"@id\":\"https:\/\/kapitalis.com\/tunisie\/#organization\"},\"potentialAction\":[{\"@type\":\"SearchAction\",\"target\":{\"@type\":\"EntryPoint\",\"urlTemplate\":\"https:\/\/kapitalis.com\/tunisie\/?s={search_term_string}\"},\"query-input\":{\"@type\":\"PropertyValueSpecification\",\"valueRequired\":true,\"valueName\":\"search_term_string\"}}],\"inLanguage\":\"fr-FR\"},{\"@type\":\"Organization\",\"@id\":\"https:\/\/kapitalis.com\/tunisie\/#organization\",\"name\":\"Kapitalis\",\"url\":\"https:\/\/kapitalis.com\/tunisie\/\",\"logo\":{\"@type\":\"ImageObject\",\"inLanguage\":\"fr-FR\",\"@id\":\"https:\/\/kapitalis.com\/tunisie\/#\/schema\/logo\/image\/\",\"url\":\"https:\/\/kapitalis.com\/tunisie\/wp-content\/uploads\/2022\/05\/Kapitalis-big-size.png\",\"contentUrl\":\"https:\/\/kapitalis.com\/tunisie\/wp-content\/uploads\/2022\/05\/Kapitalis-big-size.png\",\"width\":5000,\"height\":1500,\"caption\":\"Kapitalis\"},\"image\":{\"@id\":\"https:\/\/kapitalis.com\/tunisie\/#\/schema\/logo\/image\/\"},\"sameAs\":[\"https:\/\/www.facebook.com\/KapitalisInfo\/\",\"https:\/\/x.com\/KapitalisInfo\",\"https:\/\/www.youtube.com\/channel\/UC-yDYrHyfFBWWZaOw3FPg9Q\"]},{\"@type\":\"Person\",\"@id\":\"https:\/\/kapitalis.com\/tunisie\/#\/schema\/person\/d71f33a9ca44f7bad4698210b480c8e9\",\"name\":\"webmaster kapitalis\",\"url\":\"https:\/\/kapitalis.com\/tunisie\/author\/webmaster-kapitalis\/\"}]}<\/script>\n<!-- \/ Yoast SEO plugin. -->","yoast_head_json":{"title":"Table-ronde \u00e0 Tunis : \u00abFournitures scolaires et sant\u00e9\u00bb - Kapitalis","robots":{"index":"index","follow":"follow","max-snippet":"max-snippet:-1","max-image-preview":"max-image-preview:large","max-video-preview":"max-video-preview:-1"},"canonical":"https:\/\/kapitalis.com\/tunisie\/2018\/10\/18\/table-ronde-a-tunis-fournitures-scolaires-et-sante\/","og_locale":"fr_FR","og_type":"article","og_title":"Table-ronde \u00e0 Tunis : \u00abFournitures scolaires et sant\u00e9\u00bb - Kapitalis","og_description":"L\u2019Association Sant\u00e9 et Environnement (ASE) organise une table-ronde sur le th\u00e8me : \u00abFournitures scolaires et sant\u00e9 \u00bb, le samedi 27 octobre 2018 \u00e0 15 h \u00e0 l\u2019h\u00f4tel Golden Tulip El Mechtel \u00e0 Tunis.","og_url":"https:\/\/kapitalis.com\/tunisie\/2018\/10\/18\/table-ronde-a-tunis-fournitures-scolaires-et-sante\/","og_site_name":"Kapitalis","article_publisher":"https:\/\/www.facebook.com\/KapitalisInfo\/","article_published_time":"2018-10-18T11:12:55+00:00","og_image":[{"width":1200,"height":630,"url":"https:\/\/kapitalis.com\/tunisie\/wp-content\/uploads\/2022\/05\/kapitalis-logo-fb.png","type":"image\/png"}],"author":"webmaster kapitalis","twitter_card":"summary_large_image","twitter_creator":"@KapitalisInfo","twitter_site":"@KapitalisInfo","twitter_misc":{"\u00c9crit par":"webmaster kapitalis","Dur\u00e9e de lecture estim\u00e9e":"1 minute"},"schema":{"@context":"https:\/\/schema.org","@graph":[{"@type":"Article","@id":"https:\/\/kapitalis.com\/tunisie\/2018\/10\/18\/table-ronde-a-tunis-fournitures-scolaires-et-sante\/#article","isPartOf":{"@id":"https:\/\/kapitalis.com\/tunisie\/2018\/10\/18\/table-ronde-a-tunis-fournitures-scolaires-et-sante\/"},"author":{"name":"webmaster kapitalis","@id":"https:\/\/kapitalis.com\/tunisie\/#\/schema\/person\/d71f33a9ca44f7bad4698210b480c8e9"},"headline":"Table-ronde \u00e0 Tunis : \u00abFournitures scolaires et sant\u00e9\u00bb","datePublished":"2018-10-18T11:12:55+00:00","mainEntityOfPage":{"@id":"https:\/\/kapitalis.com\/tunisie\/2018\/10\/18\/table-ronde-a-tunis-fournitures-scolaires-et-sante\/"},"wordCount":298,"commentCount":0,"publisher":{"@id":"https:\/\/kapitalis.com\/tunisie\/#organization"},"image":{"@id":"https:\/\/kapitalis.com\/tunisie\/2018\/10\/18\/table-ronde-a-tunis-fournitures-scolaires-et-sante\/#primaryimage"},"thumbnailUrl":"","keywords":["\u00e9l\u00e8ves","fournitures scolaires","Sant\u00e9"],"articleSection":["SOCIETE","Tunisie"],"inLanguage":"fr-FR","potentialAction":[{"@type":"CommentAction","name":"Comment","target":["https:\/\/kapitalis.com\/tunisie\/2018\/10\/18\/table-ronde-a-tunis-fournitures-scolaires-et-sante\/#respond"]}]},{"@type":"WebPage","@id":"https:\/\/kapitalis.com\/tunisie\/2018\/10\/18\/table-ronde-a-tunis-fournitures-scolaires-et-sante\/","url":"https:\/\/kapitalis.com\/tunisie\/2018\/10\/18\/table-ronde-a-tunis-fournitures-scolaires-et-sante\/","name":"Table-ronde \u00e0 Tunis : \u00abFournitures scolaires et sant\u00e9\u00bb - Kapitalis","isPartOf":{"@id":"https:\/\/kapitalis.com\/tunisie\/#website"},"primaryImageOfPage":{"@id":"https:\/\/kapitalis.com\/tunisie\/2018\/10\/18\/table-ronde-a-tunis-fournitures-scolaires-et-sante\/#primaryimage"},"image":{"@id":"https:\/\/kapitalis.com\/tunisie\/2018\/10\/18\/table-ronde-a-tunis-fournitures-scolaires-et-sante\/#primaryimage"},"thumbnailUrl":"","datePublished":"2018-10-18T11:12:55+00:00","breadcrumb":{"@id":"https:\/\/kapitalis.com\/tunisie\/2018\/10\/18\/table-ronde-a-tunis-fournitures-scolaires-et-sante\/#breadcrumb"},"inLanguage":"fr-FR","potentialAction":[{"@type":"ReadAction","target":["https:\/\/kapitalis.com\/tunisie\/2018\/10\/18\/table-ronde-a-tunis-fournitures-scolaires-et-sante\/"]}]},{"@type":"ImageObject","inLanguage":"fr-FR","@id":"https:\/\/kapitalis.com\/tunisie\/2018\/10\/18\/table-ronde-a-tunis-fournitures-scolaires-et-sante\/#primaryimage","url":"","contentUrl":""},{"@type":"BreadcrumbList","@id":"https:\/\/kapitalis.com\/tunisie\/2018\/10\/18\/table-ronde-a-tunis-fournitures-scolaires-et-sante\/#breadcrumb","itemListElement":[{"@type":"ListItem","position":1,"name":"Accueil","item":"https:\/\/kapitalis.com\/tunisie\/"},{"@type":"ListItem","position":2,"name":"Table-ronde \u00e0 Tunis : \u00abFournitures scolaires et sant\u00e9\u00bb"}]},{"@type":"WebSite","@id":"https:\/\/kapitalis.com\/tunisie\/#website","url":"https:\/\/kapitalis.com\/tunisie\/","name":"Kapitalis","description":"L&#039;actualit\u00e9 en Tunisie et dans le monde","publisher":{"@id":"https:\/\/kapitalis.com\/tunisie\/#organization"},"potentialAction":[{"@type":"SearchAction","target":{"@type":"EntryPoint","urlTemplate":"https:\/\/kapitalis.com\/tunisie\/?s={search_term_string}"},"query-input":{"@type":"PropertyValueSpecification","valueRequired":true,"valueName":"search_term_string"}}],"inLanguage":"fr-FR"},{"@type":"Organization","@id":"https:\/\/kapitalis.com\/tunisie\/#organization","name":"Kapitalis","url":"https:\/\/kapitalis.com\/tunisie\/","logo":{"@type":"ImageObject","inLanguage":"fr-FR","@id":"https:\/\/kapitalis.com\/tunisie\/#\/schema\/logo\/image\/","url":"https:\/\/kapitalis.com\/tunisie\/wp-content\/uploads\/2022\/05\/Kapitalis-big-size.png","contentUrl":"https:\/\/kapitalis.com\/tunisie\/wp-content\/uploads\/2022\/05\/Kapitalis-big-size.png","width":5000,"height":1500,"caption":"Kapitalis"},"image":{"@id":"https:\/\/kapitalis.com\/tunisie\/#\/schema\/logo\/image\/"},"sameAs":["https:\/\/www.facebook.com\/KapitalisInfo\/","https:\/\/x.com\/KapitalisInfo","https:\/\/www.youtube.com\/channel\/UC-yDYrHyfFBWWZaOw3FPg9Q"]},{"@type":"Person","@id":"https:\/\/kapitalis.com\/tunisie\/#\/schema\/person\/d71f33a9ca44f7bad4698210b480c8e9","name":"webmaster kapitalis","url":"https:\/\/kapitalis.com\/tunisie\/author\/webmaster-kapitalis\/"}]}},"_links":{"self":[{"href":"https:\/\/kapitalis.com\/tunisie\/wp-json\/wp\/v2\/posts\/179238","targetHints":{"allow":["GET"]}}],"collection":[{"href":"https:\/\/kapitalis.com\/tunisie\/wp-json\/wp\/v2\/posts"}],"about":[{"href":"https:\/\/kapitalis.com\/tunisie\/wp-json\/wp\/v2\/types\/post"}],"author":[{"embeddable":true,"href":"https:\/\/kapitalis.com\/tunisie\/wp-json\/wp\/v2\/users\/8"}],"replies":[{"embeddable":true,"href":"https:\/\/kapitalis.com\/tunisie\/wp-json\/wp\/v2\/comments?post=179238"}],"version-history":[{"count":0,"href":"https:\/\/kapitalis.com\/tunisie\/wp-json\/wp\/v2\/posts\/179238\/revisions"}],"wp:featuredmedia":[{"embeddable":true,"href":"https:\/\/kapitalis.com\/tunisie\/wp-json\/wp\/v2\/media\/179239"}],"wp:attachment":[{"href":"https:\/\/kapitalis.com\/tunisie\/wp-json\/wp\/v2\/media?parent=179238"}],"wp:term":[{"taxonomy":"category","embeddable":true,"href":"https:\/\/kapitalis.com\/tunisie\/wp-json\/wp\/v2\/categories?post=179238"},{"taxonomy":"post_tag","embeddable":true,"href":"https:\/\/kapitalis.com\/tunisie\/wp-json\/wp\/v2\/tags?post=179238"}],"curies":[{"name":"wp","href":"https:\/\/api.w.org\/{rel}","templated":true}]}}