{"id":179258,"date":"2018-10-18T13:05:15","date_gmt":"2018-10-18T12:05:15","guid":{"rendered":"http:\/\/kapitalis.com\/tunisie\/?p=179258"},"modified":"2018-10-18T13:05:15","modified_gmt":"2018-10-18T12:05:15","slug":"un-centre-de-formation-professionnelle-italien-a-tunis","status":"publish","type":"post","link":"https:\/\/kapitalis.com\/tunisie\/2018\/10\/18\/un-centre-de-formation-professionnelle-italien-a-tunis\/","title":{"rendered":"Un centre de formation professionnelle italien \u00e0 Tunis"},"content":{"rendered":"<p style=\"text-align: center;\"><img loading=\"lazy\" decoding=\"async\" class=\"alignnone size-full wp-image-179259\" src=\"http:\/\/kapitalis.com\/tunisie\/wp-content\/uploads\/2018\/10\/Utica-Centre-italien-de-formation.jpg\" alt=\"\" width=\"626\" height=\"380\" \/><\/p>\n<p><em><strong>Le nouveau centre italien de formation professionnelle C.I.FO.P., ouvert r\u00e9cemment en Tunisie, assurera la formation professionnelle pour le personnel des entreprises tunisiennes.<\/strong><\/em><\/p>\n<p><!--more--><\/p>\n<p>Samir Majoul, pr\u00e9sident de l\u2019Union tunisienne de l\u2019industrie, du commerce et de l\u2019artisanat (Utica), et Hamadi Kooli, vice-pr\u00e9sident de la centrale syndicale, ont re\u00e7u, hier, mercredi 17 octobre 2018, une d\u00e9l\u00e9gation italienne de chefs d\u2019entreprises et d\u2019experts en mati\u00e8re de formation professionnelle pr\u00e9sid\u00e9e par Rossana Roda, pr\u00e9sidente du centre italien de formation professionnelle (C.I.FO.P.), en pr\u00e9sence de plusieurs membres du bureau ex\u00e9cutif de l\u2019Utica.<\/p>\n<p>Les discussions ont port\u00e9 notamment sur les voies et moyens de coop\u00e9ration entre l\u2019Utica et ledit centre de formation au profit des entreprises tunisiennes membres de la centrale en mati\u00e8re de formation professionnelle.<\/p>\n<p>M. Majoul a mis l\u2019accent sur l\u2019importance de promouvoir la comp\u00e9titivit\u00e9 du produit tunisien et de l\u2019investissement en Tunisie. Il a \u00e9galement mis l\u2019accent sur l\u2019importance de la formation professionnelle pour l\u2019entreprise et sur la n\u00e9cessit\u00e9 de son ad\u00e9quation avec les besoins de l\u2019entreprise.<\/p>\n<p>De son c\u00f4t\u00e9, M. Kooli, a soulign\u00e9 que la formation professionnelle, th\u00e8me de la r\u00e9union, est importante aussi bien pour les entreprises italiennes que tunisiennes et la cr\u00e9ation en Tunisie par le secteur priv\u00e9 italien d\u2019un centre de formation professionnelle vient confirmer cette importance. Cette r\u00e9union, a ajout\u00e9 M. Kooli, est aussi une occasion pour discuter de projets communs entre entrepreneurs tunisiens et italiens.<\/p>\n<p>Mme Roda a affirm\u00e9, de son c\u00f4t\u00e9, que le nouveau centre italien de formation professionnelle est en conformit\u00e9 avec les normes et la r\u00e9glementation tunisienne et assurera aussi bien la formation de formateurs que la formation professionnelle pour le personnel des entreprises tunisiennes. Il sera une plateforme financ\u00e9 par les entreprises elles-m\u00eames et contribuera \u00e0 am\u00e9liorer l\u2019efficacit\u00e9 de la formation professionnelle des jeunes. Elle a \u00e9galement annonc\u00e9 l\u2019organisation prochaine, avec l\u2019appui de la R\u00e9gion italienne de Lombardie, d\u2019une importante manifestation aux profits des entreprises.<\/p>\n<p>\u00c0 l\u2019issue des discussions, il a \u00e9t\u00e9 notamment convenu d\u2019un commun accord d\u2019\u0153uvrer \u00e0 organiser des sessions de formation professionnelle, dispens\u00e9es en Tunisie ou en Italie par des soci\u00e9t\u00e9s italiennes priv\u00e9es, au profit des entreprises tunisiennes membres de l\u2019Utica.<\/p>\n<p><em><strong>Source<\/strong><\/em> : communiqu\u00e9.<\/p>\n","protected":false},"excerpt":{"rendered":"<p>Le nouveau centre italien de formation professionnelle C.I.FO.P., ouvert r\u00e9cemment en Tunisie, assurera la formation professionnelle pour le personnel des entreprises tunisiennes.<\/p>\n","protected":false},"author":8,"featured_media":179259,"comment_status":"open","ping_status":"open","sticky":false,"template":"","format":"standard","meta":{"footnotes":""},"categories":[995,2433],"tags":[24288,24287,940],"class_list":["post-179258","post","type-post","status-publish","format-standard","has-post-thumbnail","hentry","category-economie","category-tunisie","tag-hamadi-kooli","tag-samir-majoul","tag-utica"],"yoast_head":"<!-- This site is optimized with the Yoast SEO plugin v26.6 - https:\/\/yoast.com\/wordpress\/plugins\/seo\/ -->\n<title>Un centre de formation professionnelle italien \u00e0 Tunis - Kapitalis<\/title>\n<meta name=\"robots\" content=\"index, follow, max-snippet:-1, max-image-preview:large, max-video-preview:-1\" \/>\n<link rel=\"canonical\" href=\"https:\/\/kapitalis.com\/tunisie\/2018\/10\/18\/un-centre-de-formation-professionnelle-italien-a-tunis\/\" \/>\n<meta property=\"og:locale\" content=\"fr_FR\" \/>\n<meta property=\"og:type\" content=\"article\" \/>\n<meta property=\"og:title\" content=\"Un centre de formation professionnelle italien \u00e0 Tunis - Kapitalis\" \/>\n<meta property=\"og:description\" content=\"Le nouveau centre italien de formation professionnelle C.I.FO.P., ouvert r\u00e9cemment en Tunisie, assurera la formation professionnelle pour le personnel des entreprises tunisiennes.\" \/>\n<meta property=\"og:url\" content=\"https:\/\/kapitalis.com\/tunisie\/2018\/10\/18\/un-centre-de-formation-professionnelle-italien-a-tunis\/\" \/>\n<meta property=\"og:site_name\" content=\"Kapitalis\" \/>\n<meta property=\"article:publisher\" content=\"https:\/\/www.facebook.com\/KapitalisInfo\/\" \/>\n<meta property=\"article:published_time\" content=\"2018-10-18T12:05:15+00:00\" \/>\n<meta property=\"og:image\" content=\"https:\/\/kapitalis.com\/tunisie\/wp-content\/uploads\/2022\/05\/kapitalis-logo-fb.png\" \/>\n\t<meta property=\"og:image:width\" content=\"1200\" \/>\n\t<meta property=\"og:image:height\" content=\"630\" \/>\n\t<meta property=\"og:image:type\" content=\"image\/png\" \/>\n<meta name=\"author\" content=\"webmaster kapitalis\" \/>\n<meta name=\"twitter:card\" content=\"summary_large_image\" \/>\n<meta name=\"twitter:creator\" content=\"@KapitalisInfo\" \/>\n<meta name=\"twitter:site\" content=\"@KapitalisInfo\" \/>\n<meta name=\"twitter:label1\" content=\"\u00c9crit par\" \/>\n\t<meta name=\"twitter:data1\" content=\"webmaster kapitalis\" \/>\n\t<meta name=\"twitter:label2\" content=\"Dur\u00e9e de lecture estim\u00e9e\" \/>\n\t<meta name=\"twitter:data2\" content=\"2 minutes\" \/>\n<script type=\"application\/ld+json\" class=\"yoast-schema-graph\">{\"@context\":\"https:\/\/schema.org\",\"@graph\":[{\"@type\":\"Article\",\"@id\":\"https:\/\/kapitalis.com\/tunisie\/2018\/10\/18\/un-centre-de-formation-professionnelle-italien-a-tunis\/#article\",\"isPartOf\":{\"@id\":\"https:\/\/kapitalis.com\/tunisie\/2018\/10\/18\/un-centre-de-formation-professionnelle-italien-a-tunis\/\"},\"author\":{\"name\":\"webmaster kapitalis\",\"@id\":\"https:\/\/kapitalis.com\/tunisie\/#\/schema\/person\/d71f33a9ca44f7bad4698210b480c8e9\"},\"headline\":\"Un centre de formation professionnelle italien \u00e0 Tunis\",\"datePublished\":\"2018-10-18T12:05:15+00:00\",\"mainEntityOfPage\":{\"@id\":\"https:\/\/kapitalis.com\/tunisie\/2018\/10\/18\/un-centre-de-formation-professionnelle-italien-a-tunis\/\"},\"wordCount\":414,\"commentCount\":4,\"publisher\":{\"@id\":\"https:\/\/kapitalis.com\/tunisie\/#organization\"},\"image\":{\"@id\":\"https:\/\/kapitalis.com\/tunisie\/2018\/10\/18\/un-centre-de-formation-professionnelle-italien-a-tunis\/#primaryimage\"},\"thumbnailUrl\":\"\",\"keywords\":[\"Hamadi Kooli\",\"Samir Majoul\",\"Utica\"],\"articleSection\":[\"ECONOMIE\",\"Tunisie\"],\"inLanguage\":\"fr-FR\",\"potentialAction\":[{\"@type\":\"CommentAction\",\"name\":\"Comment\",\"target\":[\"https:\/\/kapitalis.com\/tunisie\/2018\/10\/18\/un-centre-de-formation-professionnelle-italien-a-tunis\/#respond\"]}]},{\"@type\":\"WebPage\",\"@id\":\"https:\/\/kapitalis.com\/tunisie\/2018\/10\/18\/un-centre-de-formation-professionnelle-italien-a-tunis\/\",\"url\":\"https:\/\/kapitalis.com\/tunisie\/2018\/10\/18\/un-centre-de-formation-professionnelle-italien-a-tunis\/\",\"name\":\"Un centre de formation professionnelle italien \u00e0 Tunis - Kapitalis\",\"isPartOf\":{\"@id\":\"https:\/\/kapitalis.com\/tunisie\/#website\"},\"primaryImageOfPage\":{\"@id\":\"https:\/\/kapitalis.com\/tunisie\/2018\/10\/18\/un-centre-de-formation-professionnelle-italien-a-tunis\/#primaryimage\"},\"image\":{\"@id\":\"https:\/\/kapitalis.com\/tunisie\/2018\/10\/18\/un-centre-de-formation-professionnelle-italien-a-tunis\/#primaryimage\"},\"thumbnailUrl\":\"\",\"datePublished\":\"2018-10-18T12:05:15+00:00\",\"breadcrumb\":{\"@id\":\"https:\/\/kapitalis.com\/tunisie\/2018\/10\/18\/un-centre-de-formation-professionnelle-italien-a-tunis\/#breadcrumb\"},\"inLanguage\":\"fr-FR\",\"potentialAction\":[{\"@type\":\"ReadAction\",\"target\":[\"https:\/\/kapitalis.com\/tunisie\/2018\/10\/18\/un-centre-de-formation-professionnelle-italien-a-tunis\/\"]}]},{\"@type\":\"ImageObject\",\"inLanguage\":\"fr-FR\",\"@id\":\"https:\/\/kapitalis.com\/tunisie\/2018\/10\/18\/un-centre-de-formation-professionnelle-italien-a-tunis\/#primaryimage\",\"url\":\"\",\"contentUrl\":\"\"},{\"@type\":\"BreadcrumbList\",\"@id\":\"https:\/\/kapitalis.com\/tunisie\/2018\/10\/18\/un-centre-de-formation-professionnelle-italien-a-tunis\/#breadcrumb\",\"itemListElement\":[{\"@type\":\"ListItem\",\"position\":1,\"name\":\"Accueil\",\"item\":\"https:\/\/kapitalis.com\/tunisie\/\"},{\"@type\":\"ListItem\",\"position\":2,\"name\":\"Un centre de formation professionnelle italien \u00e0 Tunis\"}]},{\"@type\":\"WebSite\",\"@id\":\"https:\/\/kapitalis.com\/tunisie\/#website\",\"url\":\"https:\/\/kapitalis.com\/tunisie\/\",\"name\":\"Kapitalis\",\"description\":\"L&#039;actualit\u00e9 en Tunisie et dans le monde\",\"publisher\":{\"@id\":\"https:\/\/kapitalis.com\/tunisie\/#organization\"},\"potentialAction\":[{\"@type\":\"SearchAction\",\"target\":{\"@type\":\"EntryPoint\",\"urlTemplate\":\"https:\/\/kapitalis.com\/tunisie\/?s={search_term_string}\"},\"query-input\":{\"@type\":\"PropertyValueSpecification\",\"valueRequired\":true,\"valueName\":\"search_term_string\"}}],\"inLanguage\":\"fr-FR\"},{\"@type\":\"Organization\",\"@id\":\"https:\/\/kapitalis.com\/tunisie\/#organization\",\"name\":\"Kapitalis\",\"url\":\"https:\/\/kapitalis.com\/tunisie\/\",\"logo\":{\"@type\":\"ImageObject\",\"inLanguage\":\"fr-FR\",\"@id\":\"https:\/\/kapitalis.com\/tunisie\/#\/schema\/logo\/image\/\",\"url\":\"https:\/\/kapitalis.com\/tunisie\/wp-content\/uploads\/2022\/05\/Kapitalis-big-size.png\",\"contentUrl\":\"https:\/\/kapitalis.com\/tunisie\/wp-content\/uploads\/2022\/05\/Kapitalis-big-size.png\",\"width\":5000,\"height\":1500,\"caption\":\"Kapitalis\"},\"image\":{\"@id\":\"https:\/\/kapitalis.com\/tunisie\/#\/schema\/logo\/image\/\"},\"sameAs\":[\"https:\/\/www.facebook.com\/KapitalisInfo\/\",\"https:\/\/x.com\/KapitalisInfo\",\"https:\/\/www.youtube.com\/channel\/UC-yDYrHyfFBWWZaOw3FPg9Q\"]},{\"@type\":\"Person\",\"@id\":\"https:\/\/kapitalis.com\/tunisie\/#\/schema\/person\/d71f33a9ca44f7bad4698210b480c8e9\",\"name\":\"webmaster kapitalis\",\"url\":\"https:\/\/kapitalis.com\/tunisie\/author\/webmaster-kapitalis\/\"}]}<\/script>\n<!-- \/ Yoast SEO plugin. -->","yoast_head_json":{"title":"Un centre de formation professionnelle italien \u00e0 Tunis - Kapitalis","robots":{"index":"index","follow":"follow","max-snippet":"max-snippet:-1","max-image-preview":"max-image-preview:large","max-video-preview":"max-video-preview:-1"},"canonical":"https:\/\/kapitalis.com\/tunisie\/2018\/10\/18\/un-centre-de-formation-professionnelle-italien-a-tunis\/","og_locale":"fr_FR","og_type":"article","og_title":"Un centre de formation professionnelle italien \u00e0 Tunis - Kapitalis","og_description":"Le nouveau centre italien de formation professionnelle C.I.FO.P., ouvert r\u00e9cemment en Tunisie, assurera la formation professionnelle pour le personnel des entreprises tunisiennes.","og_url":"https:\/\/kapitalis.com\/tunisie\/2018\/10\/18\/un-centre-de-formation-professionnelle-italien-a-tunis\/","og_site_name":"Kapitalis","article_publisher":"https:\/\/www.facebook.com\/KapitalisInfo\/","article_published_time":"2018-10-18T12:05:15+00:00","og_image":[{"width":1200,"height":630,"url":"https:\/\/kapitalis.com\/tunisie\/wp-content\/uploads\/2022\/05\/kapitalis-logo-fb.png","type":"image\/png"}],"author":"webmaster kapitalis","twitter_card":"summary_large_image","twitter_creator":"@KapitalisInfo","twitter_site":"@KapitalisInfo","twitter_misc":{"\u00c9crit par":"webmaster kapitalis","Dur\u00e9e de lecture estim\u00e9e":"2 minutes"},"schema":{"@context":"https:\/\/schema.org","@graph":[{"@type":"Article","@id":"https:\/\/kapitalis.com\/tunisie\/2018\/10\/18\/un-centre-de-formation-professionnelle-italien-a-tunis\/#article","isPartOf":{"@id":"https:\/\/kapitalis.com\/tunisie\/2018\/10\/18\/un-centre-de-formation-professionnelle-italien-a-tunis\/"},"author":{"name":"webmaster kapitalis","@id":"https:\/\/kapitalis.com\/tunisie\/#\/schema\/person\/d71f33a9ca44f7bad4698210b480c8e9"},"headline":"Un centre de formation professionnelle italien \u00e0 Tunis","datePublished":"2018-10-18T12:05:15+00:00","mainEntityOfPage":{"@id":"https:\/\/kapitalis.com\/tunisie\/2018\/10\/18\/un-centre-de-formation-professionnelle-italien-a-tunis\/"},"wordCount":414,"commentCount":4,"publisher":{"@id":"https:\/\/kapitalis.com\/tunisie\/#organization"},"image":{"@id":"https:\/\/kapitalis.com\/tunisie\/2018\/10\/18\/un-centre-de-formation-professionnelle-italien-a-tunis\/#primaryimage"},"thumbnailUrl":"","keywords":["Hamadi Kooli","Samir Majoul","Utica"],"articleSection":["ECONOMIE","Tunisie"],"inLanguage":"fr-FR","potentialAction":[{"@type":"CommentAction","name":"Comment","target":["https:\/\/kapitalis.com\/tunisie\/2018\/10\/18\/un-centre-de-formation-professionnelle-italien-a-tunis\/#respond"]}]},{"@type":"WebPage","@id":"https:\/\/kapitalis.com\/tunisie\/2018\/10\/18\/un-centre-de-formation-professionnelle-italien-a-tunis\/","url":"https:\/\/kapitalis.com\/tunisie\/2018\/10\/18\/un-centre-de-formation-professionnelle-italien-a-tunis\/","name":"Un centre de formation professionnelle italien \u00e0 Tunis - Kapitalis","isPartOf":{"@id":"https:\/\/kapitalis.com\/tunisie\/#website"},"primaryImageOfPage":{"@id":"https:\/\/kapitalis.com\/tunisie\/2018\/10\/18\/un-centre-de-formation-professionnelle-italien-a-tunis\/#primaryimage"},"image":{"@id":"https:\/\/kapitalis.com\/tunisie\/2018\/10\/18\/un-centre-de-formation-professionnelle-italien-a-tunis\/#primaryimage"},"thumbnailUrl":"","datePublished":"2018-10-18T12:05:15+00:00","breadcrumb":{"@id":"https:\/\/kapitalis.com\/tunisie\/2018\/10\/18\/un-centre-de-formation-professionnelle-italien-a-tunis\/#breadcrumb"},"inLanguage":"fr-FR","potentialAction":[{"@type":"ReadAction","target":["https:\/\/kapitalis.com\/tunisie\/2018\/10\/18\/un-centre-de-formation-professionnelle-italien-a-tunis\/"]}]},{"@type":"ImageObject","inLanguage":"fr-FR","@id":"https:\/\/kapitalis.com\/tunisie\/2018\/10\/18\/un-centre-de-formation-professionnelle-italien-a-tunis\/#primaryimage","url":"","contentUrl":""},{"@type":"BreadcrumbList","@id":"https:\/\/kapitalis.com\/tunisie\/2018\/10\/18\/un-centre-de-formation-professionnelle-italien-a-tunis\/#breadcrumb","itemListElement":[{"@type":"ListItem","position":1,"name":"Accueil","item":"https:\/\/kapitalis.com\/tunisie\/"},{"@type":"ListItem","position":2,"name":"Un centre de formation professionnelle italien \u00e0 Tunis"}]},{"@type":"WebSite","@id":"https:\/\/kapitalis.com\/tunisie\/#website","url":"https:\/\/kapitalis.com\/tunisie\/","name":"Kapitalis","description":"L&#039;actualit\u00e9 en Tunisie et dans le monde","publisher":{"@id":"https:\/\/kapitalis.com\/tunisie\/#organization"},"potentialAction":[{"@type":"SearchAction","target":{"@type":"EntryPoint","urlTemplate":"https:\/\/kapitalis.com\/tunisie\/?s={search_term_string}"},"query-input":{"@type":"PropertyValueSpecification","valueRequired":true,"valueName":"search_term_string"}}],"inLanguage":"fr-FR"},{"@type":"Organization","@id":"https:\/\/kapitalis.com\/tunisie\/#organization","name":"Kapitalis","url":"https:\/\/kapitalis.com\/tunisie\/","logo":{"@type":"ImageObject","inLanguage":"fr-FR","@id":"https:\/\/kapitalis.com\/tunisie\/#\/schema\/logo\/image\/","url":"https:\/\/kapitalis.com\/tunisie\/wp-content\/uploads\/2022\/05\/Kapitalis-big-size.png","contentUrl":"https:\/\/kapitalis.com\/tunisie\/wp-content\/uploads\/2022\/05\/Kapitalis-big-size.png","width":5000,"height":1500,"caption":"Kapitalis"},"image":{"@id":"https:\/\/kapitalis.com\/tunisie\/#\/schema\/logo\/image\/"},"sameAs":["https:\/\/www.facebook.com\/KapitalisInfo\/","https:\/\/x.com\/KapitalisInfo","https:\/\/www.youtube.com\/channel\/UC-yDYrHyfFBWWZaOw3FPg9Q"]},{"@type":"Person","@id":"https:\/\/kapitalis.com\/tunisie\/#\/schema\/person\/d71f33a9ca44f7bad4698210b480c8e9","name":"webmaster kapitalis","url":"https:\/\/kapitalis.com\/tunisie\/author\/webmaster-kapitalis\/"}]}},"_links":{"self":[{"href":"https:\/\/kapitalis.com\/tunisie\/wp-json\/wp\/v2\/posts\/179258","targetHints":{"allow":["GET"]}}],"collection":[{"href":"https:\/\/kapitalis.com\/tunisie\/wp-json\/wp\/v2\/posts"}],"about":[{"href":"https:\/\/kapitalis.com\/tunisie\/wp-json\/wp\/v2\/types\/post"}],"author":[{"embeddable":true,"href":"https:\/\/kapitalis.com\/tunisie\/wp-json\/wp\/v2\/users\/8"}],"replies":[{"embeddable":true,"href":"https:\/\/kapitalis.com\/tunisie\/wp-json\/wp\/v2\/comments?post=179258"}],"version-history":[{"count":0,"href":"https:\/\/kapitalis.com\/tunisie\/wp-json\/wp\/v2\/posts\/179258\/revisions"}],"wp:featuredmedia":[{"embeddable":true,"href":"https:\/\/kapitalis.com\/tunisie\/wp-json\/wp\/v2\/media\/179259"}],"wp:attachment":[{"href":"https:\/\/kapitalis.com\/tunisie\/wp-json\/wp\/v2\/media?parent=179258"}],"wp:term":[{"taxonomy":"category","embeddable":true,"href":"https:\/\/kapitalis.com\/tunisie\/wp-json\/wp\/v2\/categories?post=179258"},{"taxonomy":"post_tag","embeddable":true,"href":"https:\/\/kapitalis.com\/tunisie\/wp-json\/wp\/v2\/tags?post=179258"}],"curies":[{"name":"wp","href":"https:\/\/api.w.org\/{rel}","templated":true}]}}