{"id":179287,"date":"2018-10-18T15:51:02","date_gmt":"2018-10-18T14:51:02","guid":{"rendered":"http:\/\/kapitalis.com\/tunisie\/?p=179287"},"modified":"2018-10-18T15:51:02","modified_gmt":"2018-10-18T14:51:02","slug":"transport-aerien-ligne-directe-tunis-athenes-a-partir-de-lete-2019","status":"publish","type":"post","link":"https:\/\/kapitalis.com\/tunisie\/2018\/10\/18\/transport-aerien-ligne-directe-tunis-athenes-a-partir-de-lete-2019\/","title":{"rendered":"Transport a\u00e9rien : Ligne directe Tunis-Ath\u00e8nes \u00e0 partir de l&rsquo;\u00e9t\u00e9 2019"},"content":{"rendered":"<p style=\"text-align: center;\"><img loading=\"lazy\" decoding=\"async\" class=\"alignnone size-full wp-image-179289\" src=\"http:\/\/kapitalis.com\/tunisie\/wp-content\/uploads\/2018\/10\/Aegean-Airlines.jpg\" alt=\"\" width=\"626\" height=\"380\" \/><\/p>\n<p><em><strong>Une nouvelle ligne a\u00e9rienne directe entre Tunis et Ath\u00e8nes sera assur\u00e9e par la compagnie grecque\u00a0Aegean Airlines \u00e0 partir de l&rsquo;\u00e9t\u00e9 2019.<\/strong><\/em><!--more--><\/p>\n<p>C&rsquo;est ce qu&rsquo;a annonc\u00e9 l&rsquo;ambassade de Tunisie en Gr\u00e8ce dans un post sur Facebook publi\u00e9 aujourd&rsquo;hui, jeudi 18 octobre 2018, en pr\u00e9cisant que les vols seront assur\u00e9s 4 fois par semaine. Les dates de ces vols seront communiqu\u00e9es ult\u00e9rieurement, a-t-on ajout\u00e9.<\/p>\n<p>Le journal grecque \u00ab\u00a0<a href=\"https:\/\/www.metaforespress.gr\/aeroporika\/%CF%80%CF%84%CE%AE%CF%83%CE%B5%CE%B9%CF%82-%CE%B1%CE%B8%CE%AE%CE%BD%CE%B1-%CF%84%CF%8D%CE%BD%CE%B9%CE%B4%CE%B1-%CE%B5%CE%B3%CE%BA%CE%B1%CE%B9%CE%BD%CE%B9%CE%AC%CE%B6%CE%B5%CE%B9-%CF%84\/?fbclid=IwAR0Gw4Z776Rf5KcsWo5wuol4UTt-aXO3TdR9rV0u0A3qS9FIKsxZoJO2xW8\" target=\"_blank\" rel=\"noopener\"><em>Metaforessepres<\/em><\/a>s\u00a0\u00bb, sp\u00e9cialis\u00e9 dans le transport de passagers et de marchandises, a, par ailleurs, indiqu\u00e9 que\u00a0des appareils Airbus A320, d&rsquo;une capacit\u00e9 de 174 si\u00e8ges, seront utilis\u00e9s lors de ces vols directs, qui vont aider \u00e0 impulser les flux touristiques entre les deux pays.<\/p>\n<p style=\"text-align: right;\"><strong>E. B. A.<\/strong><\/p>\n<blockquote class=\"wp-embedded-content\" data-secret=\"av7OkvAtIF\"><p><a href=\"https:\/\/kapitalis.com\/tunisie\/2018\/08\/01\/transport-la-compagnie-iraqi-airways-de-retour-en-tunisie\/\">Transport : La compagnie Iraqi airways de retour en Tunisie<\/a><\/p><\/blockquote>\n<p><iframe loading=\"lazy\" class=\"wp-embedded-content\" sandbox=\"allow-scripts\" security=\"restricted\" style=\"position: absolute; clip: rect(1px, 1px, 1px, 1px);\" title=\"\u00ab\u00a0Transport : La compagnie Iraqi airways de retour en Tunisie\u00a0\u00bb &#8212; Kapitalis\" src=\"https:\/\/kapitalis.com\/tunisie\/2018\/08\/01\/transport-la-compagnie-iraqi-airways-de-retour-en-tunisie\/embed\/#?secret=hbfgK00OpN#?secret=av7OkvAtIF\" data-secret=\"av7OkvAtIF\" width=\"600\" height=\"338\" frameborder=\"0\" marginwidth=\"0\" marginheight=\"0\" scrolling=\"no\"><\/iframe><\/p>\n","protected":false},"excerpt":{"rendered":"<p>Une nouvelle ligne a\u00e9rienne directe entre Tunis et Ath\u00e8nes sera assur\u00e9e par la compagnie grecque\u00a0Aegean Airlines \u00e0 partir de l&rsquo;\u00e9t\u00e9 2019.<\/p>\n","protected":false},"author":16,"featured_media":179289,"comment_status":"open","ping_status":"open","sticky":false,"template":"","format":"standard","meta":{"footnotes":""},"categories":[995,2433],"tags":[1506],"class_list":["post-179287","post","type-post","status-publish","format-standard","has-post-thumbnail","hentry","category-economie","category-tunisie","tag-airbus-a320"],"yoast_head":"<!-- This site is optimized with the Yoast SEO plugin v26.6 - https:\/\/yoast.com\/wordpress\/plugins\/seo\/ -->\n<title>Transport a\u00e9rien : Ligne directe Tunis-Ath\u00e8nes \u00e0 partir de l&#039;\u00e9t\u00e9 2019 - Kapitalis<\/title>\n<meta name=\"robots\" content=\"index, follow, max-snippet:-1, max-image-preview:large, max-video-preview:-1\" \/>\n<link rel=\"canonical\" href=\"https:\/\/kapitalis.com\/tunisie\/2018\/10\/18\/transport-aerien-ligne-directe-tunis-athenes-a-partir-de-lete-2019\/\" \/>\n<meta property=\"og:locale\" content=\"fr_FR\" \/>\n<meta property=\"og:type\" content=\"article\" \/>\n<meta property=\"og:title\" content=\"Transport a\u00e9rien : Ligne directe Tunis-Ath\u00e8nes \u00e0 partir de l&#039;\u00e9t\u00e9 2019 - Kapitalis\" \/>\n<meta property=\"og:description\" content=\"Une nouvelle ligne a\u00e9rienne directe entre Tunis et Ath\u00e8nes sera assur\u00e9e par la compagnie grecque\u00a0Aegean Airlines \u00e0 partir de l&rsquo;\u00e9t\u00e9 2019.\" \/>\n<meta property=\"og:url\" content=\"https:\/\/kapitalis.com\/tunisie\/2018\/10\/18\/transport-aerien-ligne-directe-tunis-athenes-a-partir-de-lete-2019\/\" \/>\n<meta property=\"og:site_name\" content=\"Kapitalis\" \/>\n<meta property=\"article:publisher\" content=\"https:\/\/www.facebook.com\/KapitalisInfo\/\" \/>\n<meta property=\"article:published_time\" content=\"2018-10-18T14:51:02+00:00\" \/>\n<meta property=\"og:image\" content=\"https:\/\/kapitalis.com\/tunisie\/wp-content\/uploads\/2022\/05\/kapitalis-logo-fb.png\" \/>\n\t<meta property=\"og:image:width\" content=\"1200\" \/>\n\t<meta property=\"og:image:height\" content=\"630\" \/>\n\t<meta property=\"og:image:type\" content=\"image\/png\" \/>\n<meta name=\"author\" content=\"emna benabdallah\" \/>\n<meta name=\"twitter:card\" content=\"summary_large_image\" \/>\n<meta name=\"twitter:creator\" content=\"@KapitalisInfo\" \/>\n<meta name=\"twitter:site\" content=\"@KapitalisInfo\" \/>\n<meta name=\"twitter:label1\" content=\"\u00c9crit par\" \/>\n\t<meta name=\"twitter:data1\" content=\"emna benabdallah\" \/>\n\t<meta name=\"twitter:label2\" content=\"Dur\u00e9e de lecture estim\u00e9e\" \/>\n\t<meta name=\"twitter:data2\" content=\"1 minute\" \/>\n<script type=\"application\/ld+json\" class=\"yoast-schema-graph\">{\"@context\":\"https:\/\/schema.org\",\"@graph\":[{\"@type\":\"Article\",\"@id\":\"https:\/\/kapitalis.com\/tunisie\/2018\/10\/18\/transport-aerien-ligne-directe-tunis-athenes-a-partir-de-lete-2019\/#article\",\"isPartOf\":{\"@id\":\"https:\/\/kapitalis.com\/tunisie\/2018\/10\/18\/transport-aerien-ligne-directe-tunis-athenes-a-partir-de-lete-2019\/\"},\"author\":{\"name\":\"emna benabdallah\",\"@id\":\"https:\/\/kapitalis.com\/tunisie\/#\/schema\/person\/2c6e134b2f3369dffcd1daf5f087d28b\"},\"headline\":\"Transport a\u00e9rien : Ligne directe Tunis-Ath\u00e8nes \u00e0 partir de l&rsquo;\u00e9t\u00e9 2019\",\"datePublished\":\"2018-10-18T14:51:02+00:00\",\"mainEntityOfPage\":{\"@id\":\"https:\/\/kapitalis.com\/tunisie\/2018\/10\/18\/transport-aerien-ligne-directe-tunis-athenes-a-partir-de-lete-2019\/\"},\"wordCount\":134,\"commentCount\":0,\"publisher\":{\"@id\":\"https:\/\/kapitalis.com\/tunisie\/#organization\"},\"image\":{\"@id\":\"https:\/\/kapitalis.com\/tunisie\/2018\/10\/18\/transport-aerien-ligne-directe-tunis-athenes-a-partir-de-lete-2019\/#primaryimage\"},\"thumbnailUrl\":\"\",\"keywords\":[\"Airbus A320\"],\"articleSection\":[\"ECONOMIE\",\"Tunisie\"],\"inLanguage\":\"fr-FR\",\"potentialAction\":[{\"@type\":\"CommentAction\",\"name\":\"Comment\",\"target\":[\"https:\/\/kapitalis.com\/tunisie\/2018\/10\/18\/transport-aerien-ligne-directe-tunis-athenes-a-partir-de-lete-2019\/#respond\"]}]},{\"@type\":\"WebPage\",\"@id\":\"https:\/\/kapitalis.com\/tunisie\/2018\/10\/18\/transport-aerien-ligne-directe-tunis-athenes-a-partir-de-lete-2019\/\",\"url\":\"https:\/\/kapitalis.com\/tunisie\/2018\/10\/18\/transport-aerien-ligne-directe-tunis-athenes-a-partir-de-lete-2019\/\",\"name\":\"Transport a\u00e9rien : Ligne directe Tunis-Ath\u00e8nes \u00e0 partir de l'\u00e9t\u00e9 2019 - Kapitalis\",\"isPartOf\":{\"@id\":\"https:\/\/kapitalis.com\/tunisie\/#website\"},\"primaryImageOfPage\":{\"@id\":\"https:\/\/kapitalis.com\/tunisie\/2018\/10\/18\/transport-aerien-ligne-directe-tunis-athenes-a-partir-de-lete-2019\/#primaryimage\"},\"image\":{\"@id\":\"https:\/\/kapitalis.com\/tunisie\/2018\/10\/18\/transport-aerien-ligne-directe-tunis-athenes-a-partir-de-lete-2019\/#primaryimage\"},\"thumbnailUrl\":\"\",\"datePublished\":\"2018-10-18T14:51:02+00:00\",\"breadcrumb\":{\"@id\":\"https:\/\/kapitalis.com\/tunisie\/2018\/10\/18\/transport-aerien-ligne-directe-tunis-athenes-a-partir-de-lete-2019\/#breadcrumb\"},\"inLanguage\":\"fr-FR\",\"potentialAction\":[{\"@type\":\"ReadAction\",\"target\":[\"https:\/\/kapitalis.com\/tunisie\/2018\/10\/18\/transport-aerien-ligne-directe-tunis-athenes-a-partir-de-lete-2019\/\"]}]},{\"@type\":\"ImageObject\",\"inLanguage\":\"fr-FR\",\"@id\":\"https:\/\/kapitalis.com\/tunisie\/2018\/10\/18\/transport-aerien-ligne-directe-tunis-athenes-a-partir-de-lete-2019\/#primaryimage\",\"url\":\"\",\"contentUrl\":\"\"},{\"@type\":\"BreadcrumbList\",\"@id\":\"https:\/\/kapitalis.com\/tunisie\/2018\/10\/18\/transport-aerien-ligne-directe-tunis-athenes-a-partir-de-lete-2019\/#breadcrumb\",\"itemListElement\":[{\"@type\":\"ListItem\",\"position\":1,\"name\":\"Accueil\",\"item\":\"https:\/\/kapitalis.com\/tunisie\/\"},{\"@type\":\"ListItem\",\"position\":2,\"name\":\"Transport a\u00e9rien : Ligne directe Tunis-Ath\u00e8nes \u00e0 partir de l&rsquo;\u00e9t\u00e9 2019\"}]},{\"@type\":\"WebSite\",\"@id\":\"https:\/\/kapitalis.com\/tunisie\/#website\",\"url\":\"https:\/\/kapitalis.com\/tunisie\/\",\"name\":\"Kapitalis\",\"description\":\"L&#039;actualit\u00e9 en Tunisie et dans le monde\",\"publisher\":{\"@id\":\"https:\/\/kapitalis.com\/tunisie\/#organization\"},\"potentialAction\":[{\"@type\":\"SearchAction\",\"target\":{\"@type\":\"EntryPoint\",\"urlTemplate\":\"https:\/\/kapitalis.com\/tunisie\/?s={search_term_string}\"},\"query-input\":{\"@type\":\"PropertyValueSpecification\",\"valueRequired\":true,\"valueName\":\"search_term_string\"}}],\"inLanguage\":\"fr-FR\"},{\"@type\":\"Organization\",\"@id\":\"https:\/\/kapitalis.com\/tunisie\/#organization\",\"name\":\"Kapitalis\",\"url\":\"https:\/\/kapitalis.com\/tunisie\/\",\"logo\":{\"@type\":\"ImageObject\",\"inLanguage\":\"fr-FR\",\"@id\":\"https:\/\/kapitalis.com\/tunisie\/#\/schema\/logo\/image\/\",\"url\":\"https:\/\/kapitalis.com\/tunisie\/wp-content\/uploads\/2022\/05\/Kapitalis-big-size.png\",\"contentUrl\":\"https:\/\/kapitalis.com\/tunisie\/wp-content\/uploads\/2022\/05\/Kapitalis-big-size.png\",\"width\":5000,\"height\":1500,\"caption\":\"Kapitalis\"},\"image\":{\"@id\":\"https:\/\/kapitalis.com\/tunisie\/#\/schema\/logo\/image\/\"},\"sameAs\":[\"https:\/\/www.facebook.com\/KapitalisInfo\/\",\"https:\/\/x.com\/KapitalisInfo\",\"https:\/\/www.youtube.com\/channel\/UC-yDYrHyfFBWWZaOw3FPg9Q\"]},{\"@type\":\"Person\",\"@id\":\"https:\/\/kapitalis.com\/tunisie\/#\/schema\/person\/2c6e134b2f3369dffcd1daf5f087d28b\",\"name\":\"emna benabdallah\",\"url\":\"https:\/\/kapitalis.com\/tunisie\/author\/emna\/\"}]}<\/script>\n<!-- \/ Yoast SEO plugin. -->","yoast_head_json":{"title":"Transport a\u00e9rien : Ligne directe Tunis-Ath\u00e8nes \u00e0 partir de l'\u00e9t\u00e9 2019 - Kapitalis","robots":{"index":"index","follow":"follow","max-snippet":"max-snippet:-1","max-image-preview":"max-image-preview:large","max-video-preview":"max-video-preview:-1"},"canonical":"https:\/\/kapitalis.com\/tunisie\/2018\/10\/18\/transport-aerien-ligne-directe-tunis-athenes-a-partir-de-lete-2019\/","og_locale":"fr_FR","og_type":"article","og_title":"Transport a\u00e9rien : Ligne directe Tunis-Ath\u00e8nes \u00e0 partir de l'\u00e9t\u00e9 2019 - Kapitalis","og_description":"Une nouvelle ligne a\u00e9rienne directe entre Tunis et Ath\u00e8nes sera assur\u00e9e par la compagnie grecque\u00a0Aegean Airlines \u00e0 partir de l&rsquo;\u00e9t\u00e9 2019.","og_url":"https:\/\/kapitalis.com\/tunisie\/2018\/10\/18\/transport-aerien-ligne-directe-tunis-athenes-a-partir-de-lete-2019\/","og_site_name":"Kapitalis","article_publisher":"https:\/\/www.facebook.com\/KapitalisInfo\/","article_published_time":"2018-10-18T14:51:02+00:00","og_image":[{"width":1200,"height":630,"url":"https:\/\/kapitalis.com\/tunisie\/wp-content\/uploads\/2022\/05\/kapitalis-logo-fb.png","type":"image\/png"}],"author":"emna benabdallah","twitter_card":"summary_large_image","twitter_creator":"@KapitalisInfo","twitter_site":"@KapitalisInfo","twitter_misc":{"\u00c9crit par":"emna benabdallah","Dur\u00e9e de lecture estim\u00e9e":"1 minute"},"schema":{"@context":"https:\/\/schema.org","@graph":[{"@type":"Article","@id":"https:\/\/kapitalis.com\/tunisie\/2018\/10\/18\/transport-aerien-ligne-directe-tunis-athenes-a-partir-de-lete-2019\/#article","isPartOf":{"@id":"https:\/\/kapitalis.com\/tunisie\/2018\/10\/18\/transport-aerien-ligne-directe-tunis-athenes-a-partir-de-lete-2019\/"},"author":{"name":"emna benabdallah","@id":"https:\/\/kapitalis.com\/tunisie\/#\/schema\/person\/2c6e134b2f3369dffcd1daf5f087d28b"},"headline":"Transport a\u00e9rien : Ligne directe Tunis-Ath\u00e8nes \u00e0 partir de l&rsquo;\u00e9t\u00e9 2019","datePublished":"2018-10-18T14:51:02+00:00","mainEntityOfPage":{"@id":"https:\/\/kapitalis.com\/tunisie\/2018\/10\/18\/transport-aerien-ligne-directe-tunis-athenes-a-partir-de-lete-2019\/"},"wordCount":134,"commentCount":0,"publisher":{"@id":"https:\/\/kapitalis.com\/tunisie\/#organization"},"image":{"@id":"https:\/\/kapitalis.com\/tunisie\/2018\/10\/18\/transport-aerien-ligne-directe-tunis-athenes-a-partir-de-lete-2019\/#primaryimage"},"thumbnailUrl":"","keywords":["Airbus A320"],"articleSection":["ECONOMIE","Tunisie"],"inLanguage":"fr-FR","potentialAction":[{"@type":"CommentAction","name":"Comment","target":["https:\/\/kapitalis.com\/tunisie\/2018\/10\/18\/transport-aerien-ligne-directe-tunis-athenes-a-partir-de-lete-2019\/#respond"]}]},{"@type":"WebPage","@id":"https:\/\/kapitalis.com\/tunisie\/2018\/10\/18\/transport-aerien-ligne-directe-tunis-athenes-a-partir-de-lete-2019\/","url":"https:\/\/kapitalis.com\/tunisie\/2018\/10\/18\/transport-aerien-ligne-directe-tunis-athenes-a-partir-de-lete-2019\/","name":"Transport a\u00e9rien : Ligne directe Tunis-Ath\u00e8nes \u00e0 partir de l'\u00e9t\u00e9 2019 - Kapitalis","isPartOf":{"@id":"https:\/\/kapitalis.com\/tunisie\/#website"},"primaryImageOfPage":{"@id":"https:\/\/kapitalis.com\/tunisie\/2018\/10\/18\/transport-aerien-ligne-directe-tunis-athenes-a-partir-de-lete-2019\/#primaryimage"},"image":{"@id":"https:\/\/kapitalis.com\/tunisie\/2018\/10\/18\/transport-aerien-ligne-directe-tunis-athenes-a-partir-de-lete-2019\/#primaryimage"},"thumbnailUrl":"","datePublished":"2018-10-18T14:51:02+00:00","breadcrumb":{"@id":"https:\/\/kapitalis.com\/tunisie\/2018\/10\/18\/transport-aerien-ligne-directe-tunis-athenes-a-partir-de-lete-2019\/#breadcrumb"},"inLanguage":"fr-FR","potentialAction":[{"@type":"ReadAction","target":["https:\/\/kapitalis.com\/tunisie\/2018\/10\/18\/transport-aerien-ligne-directe-tunis-athenes-a-partir-de-lete-2019\/"]}]},{"@type":"ImageObject","inLanguage":"fr-FR","@id":"https:\/\/kapitalis.com\/tunisie\/2018\/10\/18\/transport-aerien-ligne-directe-tunis-athenes-a-partir-de-lete-2019\/#primaryimage","url":"","contentUrl":""},{"@type":"BreadcrumbList","@id":"https:\/\/kapitalis.com\/tunisie\/2018\/10\/18\/transport-aerien-ligne-directe-tunis-athenes-a-partir-de-lete-2019\/#breadcrumb","itemListElement":[{"@type":"ListItem","position":1,"name":"Accueil","item":"https:\/\/kapitalis.com\/tunisie\/"},{"@type":"ListItem","position":2,"name":"Transport a\u00e9rien : Ligne directe Tunis-Ath\u00e8nes \u00e0 partir de l&rsquo;\u00e9t\u00e9 2019"}]},{"@type":"WebSite","@id":"https:\/\/kapitalis.com\/tunisie\/#website","url":"https:\/\/kapitalis.com\/tunisie\/","name":"Kapitalis","description":"L&#039;actualit\u00e9 en Tunisie et dans le monde","publisher":{"@id":"https:\/\/kapitalis.com\/tunisie\/#organization"},"potentialAction":[{"@type":"SearchAction","target":{"@type":"EntryPoint","urlTemplate":"https:\/\/kapitalis.com\/tunisie\/?s={search_term_string}"},"query-input":{"@type":"PropertyValueSpecification","valueRequired":true,"valueName":"search_term_string"}}],"inLanguage":"fr-FR"},{"@type":"Organization","@id":"https:\/\/kapitalis.com\/tunisie\/#organization","name":"Kapitalis","url":"https:\/\/kapitalis.com\/tunisie\/","logo":{"@type":"ImageObject","inLanguage":"fr-FR","@id":"https:\/\/kapitalis.com\/tunisie\/#\/schema\/logo\/image\/","url":"https:\/\/kapitalis.com\/tunisie\/wp-content\/uploads\/2022\/05\/Kapitalis-big-size.png","contentUrl":"https:\/\/kapitalis.com\/tunisie\/wp-content\/uploads\/2022\/05\/Kapitalis-big-size.png","width":5000,"height":1500,"caption":"Kapitalis"},"image":{"@id":"https:\/\/kapitalis.com\/tunisie\/#\/schema\/logo\/image\/"},"sameAs":["https:\/\/www.facebook.com\/KapitalisInfo\/","https:\/\/x.com\/KapitalisInfo","https:\/\/www.youtube.com\/channel\/UC-yDYrHyfFBWWZaOw3FPg9Q"]},{"@type":"Person","@id":"https:\/\/kapitalis.com\/tunisie\/#\/schema\/person\/2c6e134b2f3369dffcd1daf5f087d28b","name":"emna benabdallah","url":"https:\/\/kapitalis.com\/tunisie\/author\/emna\/"}]}},"_links":{"self":[{"href":"https:\/\/kapitalis.com\/tunisie\/wp-json\/wp\/v2\/posts\/179287","targetHints":{"allow":["GET"]}}],"collection":[{"href":"https:\/\/kapitalis.com\/tunisie\/wp-json\/wp\/v2\/posts"}],"about":[{"href":"https:\/\/kapitalis.com\/tunisie\/wp-json\/wp\/v2\/types\/post"}],"author":[{"embeddable":true,"href":"https:\/\/kapitalis.com\/tunisie\/wp-json\/wp\/v2\/users\/16"}],"replies":[{"embeddable":true,"href":"https:\/\/kapitalis.com\/tunisie\/wp-json\/wp\/v2\/comments?post=179287"}],"version-history":[{"count":0,"href":"https:\/\/kapitalis.com\/tunisie\/wp-json\/wp\/v2\/posts\/179287\/revisions"}],"wp:featuredmedia":[{"embeddable":true,"href":"https:\/\/kapitalis.com\/tunisie\/wp-json\/wp\/v2\/media\/179289"}],"wp:attachment":[{"href":"https:\/\/kapitalis.com\/tunisie\/wp-json\/wp\/v2\/media?parent=179287"}],"wp:term":[{"taxonomy":"category","embeddable":true,"href":"https:\/\/kapitalis.com\/tunisie\/wp-json\/wp\/v2\/categories?post=179287"},{"taxonomy":"post_tag","embeddable":true,"href":"https:\/\/kapitalis.com\/tunisie\/wp-json\/wp\/v2\/tags?post=179287"}],"curies":[{"name":"wp","href":"https:\/\/api.w.org\/{rel}","templated":true}]}}