{"id":179371,"date":"2018-10-19T08:21:22","date_gmt":"2018-10-19T07:21:22","guid":{"rendered":"http:\/\/kapitalis.com\/tunisie\/?p=179371"},"modified":"2018-10-19T08:21:22","modified_gmt":"2018-10-19T07:21:22","slug":"elentica-veut-developper-des-synergies-avec-le-monde-de-la-recherche","status":"publish","type":"post","link":"https:\/\/kapitalis.com\/tunisie\/2018\/10\/19\/elentica-veut-developper-des-synergies-avec-le-monde-de-la-recherche\/","title":{"rendered":"Elentica veut d\u00e9velopper des synergies avec le monde de la recherche"},"content":{"rendered":"<p style=\"text-align: center;\"><img loading=\"lazy\" decoding=\"async\" class=\"alignnone size-full wp-image-179373\" src=\"http:\/\/kapitalis.com\/tunisie\/wp-content\/uploads\/2018\/10\/Elentica.jpg\" alt=\"\" width=\"626\" height=\"380\" \/><\/p>\n<p><em><strong>Des entreprises du cluster Elentica, groupement d&rsquo;int\u00e9r\u00eat \u00e9conomique d\u00e9di\u00e9 \u00e0 la promotion de l\u2019industrie \u00e9lectronique, cherchent \u00e0 se rapprocher des chercheurs afin de d\u00e9velopper leurs produits et leur processus de production et d\u2019am\u00e9liorer leur valeur ajout\u00e9e et leur comp\u00e9titivit\u00e9.<\/strong><\/em><\/p>\n<p><!--more--><\/p>\n<p>Invit\u00e9 par Elentica, Slim Khalbous, ministre de l\u2019Enseignement sup\u00e9rieur et de la Recherche scientifique, a rencontr\u00e9, mardi 16 octobre 2018, un groupe d\u2019industriels pour un \u00e9change de deux heures autour des m\u00e9canismes mis en place par son d\u00e9partement afin de favoriser la recherche scientifique orient\u00e9e vers l\u2019innovation en entreprise.<\/p>\n<p>M. Khalbous \u00e9tait accompagn\u00e9 de Samia Charfi, directrice g\u00e9n\u00e9rale de la valorisation de la recherche, de membres du cabinet, de responsables du minist\u00e8re ainsi que des directeurs d\u2019\u00e9tablissements d\u2019enseignement et de recherche proches de ce secteur.<\/p>\n<p>Mme Charfi a expos\u00e9 les programmes du minist\u00e8re ainsi que les financements destin\u00e9s \u00e0 promouvoir le rapprochement entre les universit\u00e9s et les structures de recherche d\u2019une part et les industriels d\u00e9sirant s&rsquo;engager dans des projets de recherche et d\u00e9veloppement (Collabora, PRF, Post PFE, Mobidoc, etc.).<\/p>\n<p>La pr\u00e9sentation a \u00e9t\u00e9 suivie d\u2019une s\u00e9ance de questions-r\u00e9ponses entre le ministre et les membres du groupement Elentica qui ont permis de mettre en relief les multiples int\u00e9r\u00eats pour les entreprises de se rapprocher des chercheurs afin de d\u00e9velopper leurs produits, leur processus de production et d\u2019am\u00e9liorer leur valeur ajout\u00e9e et leur comp\u00e9titivit\u00e9.<\/p>\n<p>Des exemples concrets d\u2019exp\u00e9riences r\u00e9ussies ont \u00e9t\u00e9 expos\u00e9s et le d\u00e9bat a \u00e9t\u00e9 ponctu\u00e9 par la signature d\u2019un accord cadre de partenariat entre le minist\u00e8re et Elentica.<\/p>\n<p>Cet accord vise \u00e0 encourager, d\u00e9velopper et faciliter les activit\u00e9s de collaboration scientifique et technologique entre le minist\u00e8re et le cluster et \u00e0 participer \u00e0 l\u2019impl\u00e9mentation de cellules de recherche et d\u00e9veloppement et d\u2019innovation dans les entreprises de ce groupement.<\/p>\n<p>Ces activit\u00e9s porteront sur les \u00e9nergies renouvelables et les solutions \u00abSmart Grids\u00bb, l\u2019internet des Objets (IoT), les smart cities, les nouvelles technologies de la sant\u00e9 (e-health, dispositifs m\u00e9dicaux), l\u2019agriculture (e-farming), l\u2019industrie 4.0, lighting &amp; opto\u00e9lectronique, les voitures \u00e9lectriques et voitures hybrides\u2026<\/p>\n<p>Le minist\u00e8re et le cluster vont \u0153uvrer \u00e0 l\u2019identification des acteurs des deux parties susceptibles de stimuler la participation des entreprises du cluster dans les projets collaboratifs pour la R&amp;D-I selon les m\u00e9canismes nationaux et internationaux.<\/p>\n<p>L\u2019industrie \u00e9lectronique repr\u00e9sente en Tunisie 10.000 emplois, dont 2000 ing\u00e9nieurs, et g\u00e9n\u00e8re plus de 1 milliard d\u2019euros de chiffre d\u2019affaires \u00e0 l\u2019export.<\/p>\n<p>Lanc\u00e9 le 11 mai 2017, le cluster Elentica regroupe environ 130 entreprises tunisiennes majoritairement TPE et qui emploient 23.000 personnes. Ses ambitions : promouvoir l\u2019industrie \u00e9lectronique en Tunisie, d\u00e9velopper sa comp\u00e9titivit\u00e9, faire de la Tunisie une r\u00e9f\u00e9rence r\u00e9gionale pour l\u2019expertise de ses entreprises et ses ressources en augmentant la visibilit\u00e9 \u00e0 l\u2019international.<\/p>\n<p>Elentica ambitionne d\u2019encourager l\u2019innovation et l\u2019\u00e9mergence de nouveaux cr\u00e9neaux, et ce, \u00e0 travers le d\u00e9veloppement du capital humain.<\/p>\n<p>Il ambitionne, \u00e9galement, de faire du secteur de l\u2019\u00e9lectronique un axe strat\u00e9gique cr\u00e9ateur de valeur pour la Tunisie, en augmentant la part du secteur du PIB, le nombre de projets nationaux, l\u2019assouplissement de la r\u00e9glementation en vigueur et la promotion de la collaboration locale.<\/p>\n<p style=\"text-align: right;\"><strong>I. B.<\/strong> (avec communiqu\u00e9).<\/p>\n","protected":false},"excerpt":{"rendered":"<p>Des entreprises du cluster Elentica, groupement d&rsquo;int\u00e9r\u00eat \u00e9conomique d\u00e9di\u00e9 \u00e0 la promotion de l\u2019industrie \u00e9lectronique, cherchent \u00e0 se rapprocher des chercheurs afin de d\u00e9velopper leurs produits et leur processus de production et d\u2019am\u00e9liorer leur valeur ajout\u00e9e et leur comp\u00e9titivit\u00e9.<\/p>\n","protected":false},"author":8,"featured_media":179373,"comment_status":"open","ping_status":"open","sticky":false,"template":"","format":"standard","meta":{"footnotes":""},"categories":[995,2433],"tags":[23204],"class_list":["post-179371","post","type-post","status-publish","format-standard","has-post-thumbnail","hentry","category-economie","category-tunisie","tag-slim-khalbous"],"yoast_head":"<!-- This site is optimized with the Yoast SEO plugin v26.6 - https:\/\/yoast.com\/wordpress\/plugins\/seo\/ -->\n<title>Elentica veut d\u00e9velopper des synergies avec le monde de la recherche - Kapitalis<\/title>\n<meta name=\"robots\" content=\"index, follow, max-snippet:-1, max-image-preview:large, max-video-preview:-1\" \/>\n<link rel=\"canonical\" href=\"https:\/\/kapitalis.com\/tunisie\/2018\/10\/19\/elentica-veut-developper-des-synergies-avec-le-monde-de-la-recherche\/\" \/>\n<meta property=\"og:locale\" content=\"fr_FR\" \/>\n<meta property=\"og:type\" content=\"article\" \/>\n<meta property=\"og:title\" content=\"Elentica veut d\u00e9velopper des synergies avec le monde de la recherche - Kapitalis\" \/>\n<meta property=\"og:description\" content=\"Des entreprises du cluster Elentica, groupement d&rsquo;int\u00e9r\u00eat \u00e9conomique d\u00e9di\u00e9 \u00e0 la promotion de l\u2019industrie \u00e9lectronique, cherchent \u00e0 se rapprocher des chercheurs afin de d\u00e9velopper leurs produits et leur processus de production et d\u2019am\u00e9liorer leur valeur ajout\u00e9e et leur comp\u00e9titivit\u00e9.\" \/>\n<meta property=\"og:url\" content=\"https:\/\/kapitalis.com\/tunisie\/2018\/10\/19\/elentica-veut-developper-des-synergies-avec-le-monde-de-la-recherche\/\" \/>\n<meta property=\"og:site_name\" content=\"Kapitalis\" \/>\n<meta property=\"article:publisher\" content=\"https:\/\/www.facebook.com\/KapitalisInfo\/\" \/>\n<meta property=\"article:published_time\" content=\"2018-10-19T07:21:22+00:00\" \/>\n<meta property=\"og:image\" content=\"https:\/\/kapitalis.com\/tunisie\/wp-content\/uploads\/2022\/05\/kapitalis-logo-fb.png\" \/>\n\t<meta property=\"og:image:width\" content=\"1200\" \/>\n\t<meta property=\"og:image:height\" content=\"630\" \/>\n\t<meta property=\"og:image:type\" content=\"image\/png\" \/>\n<meta name=\"author\" content=\"webmaster kapitalis\" \/>\n<meta name=\"twitter:card\" content=\"summary_large_image\" \/>\n<meta name=\"twitter:creator\" content=\"@KapitalisInfo\" \/>\n<meta name=\"twitter:site\" content=\"@KapitalisInfo\" \/>\n<meta name=\"twitter:label1\" content=\"\u00c9crit par\" \/>\n\t<meta name=\"twitter:data1\" content=\"webmaster kapitalis\" \/>\n\t<meta name=\"twitter:label2\" content=\"Dur\u00e9e de lecture estim\u00e9e\" \/>\n\t<meta name=\"twitter:data2\" content=\"3 minutes\" \/>\n<script type=\"application\/ld+json\" class=\"yoast-schema-graph\">{\"@context\":\"https:\/\/schema.org\",\"@graph\":[{\"@type\":\"Article\",\"@id\":\"https:\/\/kapitalis.com\/tunisie\/2018\/10\/19\/elentica-veut-developper-des-synergies-avec-le-monde-de-la-recherche\/#article\",\"isPartOf\":{\"@id\":\"https:\/\/kapitalis.com\/tunisie\/2018\/10\/19\/elentica-veut-developper-des-synergies-avec-le-monde-de-la-recherche\/\"},\"author\":{\"name\":\"webmaster kapitalis\",\"@id\":\"https:\/\/kapitalis.com\/tunisie\/#\/schema\/person\/d71f33a9ca44f7bad4698210b480c8e9\"},\"headline\":\"Elentica veut d\u00e9velopper des synergies avec le monde de la recherche\",\"datePublished\":\"2018-10-19T07:21:22+00:00\",\"mainEntityOfPage\":{\"@id\":\"https:\/\/kapitalis.com\/tunisie\/2018\/10\/19\/elentica-veut-developper-des-synergies-avec-le-monde-de-la-recherche\/\"},\"wordCount\":586,\"commentCount\":0,\"publisher\":{\"@id\":\"https:\/\/kapitalis.com\/tunisie\/#organization\"},\"image\":{\"@id\":\"https:\/\/kapitalis.com\/tunisie\/2018\/10\/19\/elentica-veut-developper-des-synergies-avec-le-monde-de-la-recherche\/#primaryimage\"},\"thumbnailUrl\":\"\",\"keywords\":[\"Slim Khalbous\"],\"articleSection\":[\"ECONOMIE\",\"Tunisie\"],\"inLanguage\":\"fr-FR\",\"potentialAction\":[{\"@type\":\"CommentAction\",\"name\":\"Comment\",\"target\":[\"https:\/\/kapitalis.com\/tunisie\/2018\/10\/19\/elentica-veut-developper-des-synergies-avec-le-monde-de-la-recherche\/#respond\"]}]},{\"@type\":\"WebPage\",\"@id\":\"https:\/\/kapitalis.com\/tunisie\/2018\/10\/19\/elentica-veut-developper-des-synergies-avec-le-monde-de-la-recherche\/\",\"url\":\"https:\/\/kapitalis.com\/tunisie\/2018\/10\/19\/elentica-veut-developper-des-synergies-avec-le-monde-de-la-recherche\/\",\"name\":\"Elentica veut d\u00e9velopper des synergies avec le monde de la recherche - Kapitalis\",\"isPartOf\":{\"@id\":\"https:\/\/kapitalis.com\/tunisie\/#website\"},\"primaryImageOfPage\":{\"@id\":\"https:\/\/kapitalis.com\/tunisie\/2018\/10\/19\/elentica-veut-developper-des-synergies-avec-le-monde-de-la-recherche\/#primaryimage\"},\"image\":{\"@id\":\"https:\/\/kapitalis.com\/tunisie\/2018\/10\/19\/elentica-veut-developper-des-synergies-avec-le-monde-de-la-recherche\/#primaryimage\"},\"thumbnailUrl\":\"\",\"datePublished\":\"2018-10-19T07:21:22+00:00\",\"breadcrumb\":{\"@id\":\"https:\/\/kapitalis.com\/tunisie\/2018\/10\/19\/elentica-veut-developper-des-synergies-avec-le-monde-de-la-recherche\/#breadcrumb\"},\"inLanguage\":\"fr-FR\",\"potentialAction\":[{\"@type\":\"ReadAction\",\"target\":[\"https:\/\/kapitalis.com\/tunisie\/2018\/10\/19\/elentica-veut-developper-des-synergies-avec-le-monde-de-la-recherche\/\"]}]},{\"@type\":\"ImageObject\",\"inLanguage\":\"fr-FR\",\"@id\":\"https:\/\/kapitalis.com\/tunisie\/2018\/10\/19\/elentica-veut-developper-des-synergies-avec-le-monde-de-la-recherche\/#primaryimage\",\"url\":\"\",\"contentUrl\":\"\"},{\"@type\":\"BreadcrumbList\",\"@id\":\"https:\/\/kapitalis.com\/tunisie\/2018\/10\/19\/elentica-veut-developper-des-synergies-avec-le-monde-de-la-recherche\/#breadcrumb\",\"itemListElement\":[{\"@type\":\"ListItem\",\"position\":1,\"name\":\"Accueil\",\"item\":\"https:\/\/kapitalis.com\/tunisie\/\"},{\"@type\":\"ListItem\",\"position\":2,\"name\":\"Elentica veut d\u00e9velopper des synergies avec le monde de la recherche\"}]},{\"@type\":\"WebSite\",\"@id\":\"https:\/\/kapitalis.com\/tunisie\/#website\",\"url\":\"https:\/\/kapitalis.com\/tunisie\/\",\"name\":\"Kapitalis\",\"description\":\"L&#039;actualit\u00e9 en Tunisie et dans le monde\",\"publisher\":{\"@id\":\"https:\/\/kapitalis.com\/tunisie\/#organization\"},\"potentialAction\":[{\"@type\":\"SearchAction\",\"target\":{\"@type\":\"EntryPoint\",\"urlTemplate\":\"https:\/\/kapitalis.com\/tunisie\/?s={search_term_string}\"},\"query-input\":{\"@type\":\"PropertyValueSpecification\",\"valueRequired\":true,\"valueName\":\"search_term_string\"}}],\"inLanguage\":\"fr-FR\"},{\"@type\":\"Organization\",\"@id\":\"https:\/\/kapitalis.com\/tunisie\/#organization\",\"name\":\"Kapitalis\",\"url\":\"https:\/\/kapitalis.com\/tunisie\/\",\"logo\":{\"@type\":\"ImageObject\",\"inLanguage\":\"fr-FR\",\"@id\":\"https:\/\/kapitalis.com\/tunisie\/#\/schema\/logo\/image\/\",\"url\":\"https:\/\/kapitalis.com\/tunisie\/wp-content\/uploads\/2022\/05\/Kapitalis-big-size.png\",\"contentUrl\":\"https:\/\/kapitalis.com\/tunisie\/wp-content\/uploads\/2022\/05\/Kapitalis-big-size.png\",\"width\":5000,\"height\":1500,\"caption\":\"Kapitalis\"},\"image\":{\"@id\":\"https:\/\/kapitalis.com\/tunisie\/#\/schema\/logo\/image\/\"},\"sameAs\":[\"https:\/\/www.facebook.com\/KapitalisInfo\/\",\"https:\/\/x.com\/KapitalisInfo\",\"https:\/\/www.youtube.com\/channel\/UC-yDYrHyfFBWWZaOw3FPg9Q\"]},{\"@type\":\"Person\",\"@id\":\"https:\/\/kapitalis.com\/tunisie\/#\/schema\/person\/d71f33a9ca44f7bad4698210b480c8e9\",\"name\":\"webmaster kapitalis\",\"url\":\"https:\/\/kapitalis.com\/tunisie\/author\/webmaster-kapitalis\/\"}]}<\/script>\n<!-- \/ Yoast SEO plugin. -->","yoast_head_json":{"title":"Elentica veut d\u00e9velopper des synergies avec le monde de la recherche - Kapitalis","robots":{"index":"index","follow":"follow","max-snippet":"max-snippet:-1","max-image-preview":"max-image-preview:large","max-video-preview":"max-video-preview:-1"},"canonical":"https:\/\/kapitalis.com\/tunisie\/2018\/10\/19\/elentica-veut-developper-des-synergies-avec-le-monde-de-la-recherche\/","og_locale":"fr_FR","og_type":"article","og_title":"Elentica veut d\u00e9velopper des synergies avec le monde de la recherche - Kapitalis","og_description":"Des entreprises du cluster Elentica, groupement d&rsquo;int\u00e9r\u00eat \u00e9conomique d\u00e9di\u00e9 \u00e0 la promotion de l\u2019industrie \u00e9lectronique, cherchent \u00e0 se rapprocher des chercheurs afin de d\u00e9velopper leurs produits et leur processus de production et d\u2019am\u00e9liorer leur valeur ajout\u00e9e et leur comp\u00e9titivit\u00e9.","og_url":"https:\/\/kapitalis.com\/tunisie\/2018\/10\/19\/elentica-veut-developper-des-synergies-avec-le-monde-de-la-recherche\/","og_site_name":"Kapitalis","article_publisher":"https:\/\/www.facebook.com\/KapitalisInfo\/","article_published_time":"2018-10-19T07:21:22+00:00","og_image":[{"width":1200,"height":630,"url":"https:\/\/kapitalis.com\/tunisie\/wp-content\/uploads\/2022\/05\/kapitalis-logo-fb.png","type":"image\/png"}],"author":"webmaster kapitalis","twitter_card":"summary_large_image","twitter_creator":"@KapitalisInfo","twitter_site":"@KapitalisInfo","twitter_misc":{"\u00c9crit par":"webmaster kapitalis","Dur\u00e9e de lecture estim\u00e9e":"3 minutes"},"schema":{"@context":"https:\/\/schema.org","@graph":[{"@type":"Article","@id":"https:\/\/kapitalis.com\/tunisie\/2018\/10\/19\/elentica-veut-developper-des-synergies-avec-le-monde-de-la-recherche\/#article","isPartOf":{"@id":"https:\/\/kapitalis.com\/tunisie\/2018\/10\/19\/elentica-veut-developper-des-synergies-avec-le-monde-de-la-recherche\/"},"author":{"name":"webmaster kapitalis","@id":"https:\/\/kapitalis.com\/tunisie\/#\/schema\/person\/d71f33a9ca44f7bad4698210b480c8e9"},"headline":"Elentica veut d\u00e9velopper des synergies avec le monde de la recherche","datePublished":"2018-10-19T07:21:22+00:00","mainEntityOfPage":{"@id":"https:\/\/kapitalis.com\/tunisie\/2018\/10\/19\/elentica-veut-developper-des-synergies-avec-le-monde-de-la-recherche\/"},"wordCount":586,"commentCount":0,"publisher":{"@id":"https:\/\/kapitalis.com\/tunisie\/#organization"},"image":{"@id":"https:\/\/kapitalis.com\/tunisie\/2018\/10\/19\/elentica-veut-developper-des-synergies-avec-le-monde-de-la-recherche\/#primaryimage"},"thumbnailUrl":"","keywords":["Slim Khalbous"],"articleSection":["ECONOMIE","Tunisie"],"inLanguage":"fr-FR","potentialAction":[{"@type":"CommentAction","name":"Comment","target":["https:\/\/kapitalis.com\/tunisie\/2018\/10\/19\/elentica-veut-developper-des-synergies-avec-le-monde-de-la-recherche\/#respond"]}]},{"@type":"WebPage","@id":"https:\/\/kapitalis.com\/tunisie\/2018\/10\/19\/elentica-veut-developper-des-synergies-avec-le-monde-de-la-recherche\/","url":"https:\/\/kapitalis.com\/tunisie\/2018\/10\/19\/elentica-veut-developper-des-synergies-avec-le-monde-de-la-recherche\/","name":"Elentica veut d\u00e9velopper des synergies avec le monde de la recherche - Kapitalis","isPartOf":{"@id":"https:\/\/kapitalis.com\/tunisie\/#website"},"primaryImageOfPage":{"@id":"https:\/\/kapitalis.com\/tunisie\/2018\/10\/19\/elentica-veut-developper-des-synergies-avec-le-monde-de-la-recherche\/#primaryimage"},"image":{"@id":"https:\/\/kapitalis.com\/tunisie\/2018\/10\/19\/elentica-veut-developper-des-synergies-avec-le-monde-de-la-recherche\/#primaryimage"},"thumbnailUrl":"","datePublished":"2018-10-19T07:21:22+00:00","breadcrumb":{"@id":"https:\/\/kapitalis.com\/tunisie\/2018\/10\/19\/elentica-veut-developper-des-synergies-avec-le-monde-de-la-recherche\/#breadcrumb"},"inLanguage":"fr-FR","potentialAction":[{"@type":"ReadAction","target":["https:\/\/kapitalis.com\/tunisie\/2018\/10\/19\/elentica-veut-developper-des-synergies-avec-le-monde-de-la-recherche\/"]}]},{"@type":"ImageObject","inLanguage":"fr-FR","@id":"https:\/\/kapitalis.com\/tunisie\/2018\/10\/19\/elentica-veut-developper-des-synergies-avec-le-monde-de-la-recherche\/#primaryimage","url":"","contentUrl":""},{"@type":"BreadcrumbList","@id":"https:\/\/kapitalis.com\/tunisie\/2018\/10\/19\/elentica-veut-developper-des-synergies-avec-le-monde-de-la-recherche\/#breadcrumb","itemListElement":[{"@type":"ListItem","position":1,"name":"Accueil","item":"https:\/\/kapitalis.com\/tunisie\/"},{"@type":"ListItem","position":2,"name":"Elentica veut d\u00e9velopper des synergies avec le monde de la recherche"}]},{"@type":"WebSite","@id":"https:\/\/kapitalis.com\/tunisie\/#website","url":"https:\/\/kapitalis.com\/tunisie\/","name":"Kapitalis","description":"L&#039;actualit\u00e9 en Tunisie et dans le monde","publisher":{"@id":"https:\/\/kapitalis.com\/tunisie\/#organization"},"potentialAction":[{"@type":"SearchAction","target":{"@type":"EntryPoint","urlTemplate":"https:\/\/kapitalis.com\/tunisie\/?s={search_term_string}"},"query-input":{"@type":"PropertyValueSpecification","valueRequired":true,"valueName":"search_term_string"}}],"inLanguage":"fr-FR"},{"@type":"Organization","@id":"https:\/\/kapitalis.com\/tunisie\/#organization","name":"Kapitalis","url":"https:\/\/kapitalis.com\/tunisie\/","logo":{"@type":"ImageObject","inLanguage":"fr-FR","@id":"https:\/\/kapitalis.com\/tunisie\/#\/schema\/logo\/image\/","url":"https:\/\/kapitalis.com\/tunisie\/wp-content\/uploads\/2022\/05\/Kapitalis-big-size.png","contentUrl":"https:\/\/kapitalis.com\/tunisie\/wp-content\/uploads\/2022\/05\/Kapitalis-big-size.png","width":5000,"height":1500,"caption":"Kapitalis"},"image":{"@id":"https:\/\/kapitalis.com\/tunisie\/#\/schema\/logo\/image\/"},"sameAs":["https:\/\/www.facebook.com\/KapitalisInfo\/","https:\/\/x.com\/KapitalisInfo","https:\/\/www.youtube.com\/channel\/UC-yDYrHyfFBWWZaOw3FPg9Q"]},{"@type":"Person","@id":"https:\/\/kapitalis.com\/tunisie\/#\/schema\/person\/d71f33a9ca44f7bad4698210b480c8e9","name":"webmaster kapitalis","url":"https:\/\/kapitalis.com\/tunisie\/author\/webmaster-kapitalis\/"}]}},"_links":{"self":[{"href":"https:\/\/kapitalis.com\/tunisie\/wp-json\/wp\/v2\/posts\/179371","targetHints":{"allow":["GET"]}}],"collection":[{"href":"https:\/\/kapitalis.com\/tunisie\/wp-json\/wp\/v2\/posts"}],"about":[{"href":"https:\/\/kapitalis.com\/tunisie\/wp-json\/wp\/v2\/types\/post"}],"author":[{"embeddable":true,"href":"https:\/\/kapitalis.com\/tunisie\/wp-json\/wp\/v2\/users\/8"}],"replies":[{"embeddable":true,"href":"https:\/\/kapitalis.com\/tunisie\/wp-json\/wp\/v2\/comments?post=179371"}],"version-history":[{"count":0,"href":"https:\/\/kapitalis.com\/tunisie\/wp-json\/wp\/v2\/posts\/179371\/revisions"}],"wp:featuredmedia":[{"embeddable":true,"href":"https:\/\/kapitalis.com\/tunisie\/wp-json\/wp\/v2\/media\/179373"}],"wp:attachment":[{"href":"https:\/\/kapitalis.com\/tunisie\/wp-json\/wp\/v2\/media?parent=179371"}],"wp:term":[{"taxonomy":"category","embeddable":true,"href":"https:\/\/kapitalis.com\/tunisie\/wp-json\/wp\/v2\/categories?post=179371"},{"taxonomy":"post_tag","embeddable":true,"href":"https:\/\/kapitalis.com\/tunisie\/wp-json\/wp\/v2\/tags?post=179371"}],"curies":[{"name":"wp","href":"https:\/\/api.w.org\/{rel}","templated":true}]}}