{"id":179442,"date":"2018-10-19T12:18:05","date_gmt":"2018-10-19T11:18:05","guid":{"rendered":"http:\/\/kapitalis.com\/tunisie\/?p=179442"},"modified":"2018-10-19T12:18:05","modified_gmt":"2018-10-19T11:18:05","slug":"le-stade-tunisien-prive-de-son-stade-a-cause-dune-murette","status":"publish","type":"post","link":"https:\/\/kapitalis.com\/tunisie\/2018\/10\/19\/le-stade-tunisien-prive-de-son-stade-a-cause-dune-murette\/","title":{"rendered":"Le Stade tunisien priv\u00e9 de son stade \u00e0 cause d\u2019une murette"},"content":{"rendered":"<p style=\"text-align: center;\"><img loading=\"lazy\" decoding=\"async\" class=\"alignnone size-full wp-image-179446\" src=\"http:\/\/kapitalis.com\/tunisie\/wp-content\/uploads\/2018\/10\/Stade-Tunisien-JSK.jpg\" alt=\"\" width=\"626\" height=\"380\" \/><\/p>\n<p><em><strong>Le Stade Tunisien (ST) informe, dans un communiqu\u00e9, qu\u2019il ne pourra pas accueillir la Jeunesse sportive kairouanaise (JSK) au stade Hedi Ennaifer au Bardo, pr\u00e9vu ce dimanche 21 octobre 2018 \u00e0 14h30.<\/strong><\/em><\/p>\n<p><!--more--><\/p>\n<p>\u00c0 la suite de l\u2019effondrement d\u2019une murette de la cl\u00f4ture du stade, apr\u00e8s les derni\u00e8res pluies diluviennes, les autorit\u00e9s ont demand\u00e9 aux dirigeants du ST de d\u00e9placer leur match contre la JSK.<\/p>\n<p>Ces derniers ont alert\u00e9 la Ligue nationale de football professionnel (LNFP) afin de d\u00e9signer un stade pour accueillir ce match \u00e0 la date pr\u00e9vue.<\/p>\n<p>Le match ST-JSK aura finalement lieu au stade d\u2019El Menzah, le Stade de Rad\u00e8s \u00e9tant r\u00e9quisitionn\u00e9 pour accueillir la demi-finale retour Tunis de la Ligue des champions d\u2019Afrique entre l&rsquo;Esp\u00e9rance sportive de Tunis et Primeiro di Augosto, le mardi 23 octobre.<\/p>\n<p style=\"text-align: right;\"><strong>H. M.<\/strong><\/p>\n","protected":false},"excerpt":{"rendered":"<p>Le Stade Tunisien (ST) informe, dans un communiqu\u00e9, qu\u2019il ne pourra pas accueillir la Jeunesse sportive kairouanaise (JSK) au stade Hedi Ennaifer au Bardo, pr\u00e9vu ce dimanche 21 octobre 2018 \u00e0 14h30.<\/p>\n","protected":false},"author":8,"featured_media":179446,"comment_status":"open","ping_status":"open","sticky":false,"template":"","format":"standard","meta":{"footnotes":""},"categories":[999,2433],"tags":[132,20141,36699,2579],"class_list":["post-179442","post","type-post","status-publish","format-standard","has-post-thumbnail","hentry","category-sport","category-tunisie","tag-bardo","tag-jeunesse-sportive-kairouanaise","tag-stade-del-menzah","tag-stade-tunisien"],"yoast_head":"<!-- This site is optimized with the Yoast SEO plugin v26.6 - https:\/\/yoast.com\/wordpress\/plugins\/seo\/ -->\n<title>Le Stade tunisien priv\u00e9 de son stade \u00e0 cause d\u2019une murette - Kapitalis<\/title>\n<meta name=\"robots\" content=\"index, follow, max-snippet:-1, max-image-preview:large, max-video-preview:-1\" \/>\n<link rel=\"canonical\" href=\"https:\/\/kapitalis.com\/tunisie\/2018\/10\/19\/le-stade-tunisien-prive-de-son-stade-a-cause-dune-murette\/\" \/>\n<meta property=\"og:locale\" content=\"fr_FR\" \/>\n<meta property=\"og:type\" content=\"article\" \/>\n<meta property=\"og:title\" content=\"Le Stade tunisien priv\u00e9 de son stade \u00e0 cause d\u2019une murette - Kapitalis\" \/>\n<meta property=\"og:description\" content=\"Le Stade Tunisien (ST) informe, dans un communiqu\u00e9, qu\u2019il ne pourra pas accueillir la Jeunesse sportive kairouanaise (JSK) au stade Hedi Ennaifer au Bardo, pr\u00e9vu ce dimanche 21 octobre 2018 \u00e0 14h30.\" \/>\n<meta property=\"og:url\" content=\"https:\/\/kapitalis.com\/tunisie\/2018\/10\/19\/le-stade-tunisien-prive-de-son-stade-a-cause-dune-murette\/\" \/>\n<meta property=\"og:site_name\" content=\"Kapitalis\" \/>\n<meta property=\"article:publisher\" content=\"https:\/\/www.facebook.com\/KapitalisInfo\/\" \/>\n<meta property=\"article:published_time\" content=\"2018-10-19T11:18:05+00:00\" \/>\n<meta property=\"og:image\" content=\"https:\/\/kapitalis.com\/tunisie\/wp-content\/uploads\/2022\/05\/kapitalis-logo-fb.png\" \/>\n\t<meta property=\"og:image:width\" content=\"1200\" \/>\n\t<meta property=\"og:image:height\" content=\"630\" \/>\n\t<meta property=\"og:image:type\" content=\"image\/png\" \/>\n<meta name=\"author\" content=\"webmaster kapitalis\" \/>\n<meta name=\"twitter:card\" content=\"summary_large_image\" \/>\n<meta name=\"twitter:creator\" content=\"@KapitalisInfo\" \/>\n<meta name=\"twitter:site\" content=\"@KapitalisInfo\" \/>\n<meta name=\"twitter:label1\" content=\"\u00c9crit par\" \/>\n\t<meta name=\"twitter:data1\" content=\"webmaster kapitalis\" \/>\n\t<meta name=\"twitter:label2\" content=\"Dur\u00e9e de lecture estim\u00e9e\" \/>\n\t<meta name=\"twitter:data2\" content=\"1 minute\" \/>\n<script type=\"application\/ld+json\" class=\"yoast-schema-graph\">{\"@context\":\"https:\/\/schema.org\",\"@graph\":[{\"@type\":\"Article\",\"@id\":\"https:\/\/kapitalis.com\/tunisie\/2018\/10\/19\/le-stade-tunisien-prive-de-son-stade-a-cause-dune-murette\/#article\",\"isPartOf\":{\"@id\":\"https:\/\/kapitalis.com\/tunisie\/2018\/10\/19\/le-stade-tunisien-prive-de-son-stade-a-cause-dune-murette\/\"},\"author\":{\"name\":\"webmaster kapitalis\",\"@id\":\"https:\/\/kapitalis.com\/tunisie\/#\/schema\/person\/d71f33a9ca44f7bad4698210b480c8e9\"},\"headline\":\"Le Stade tunisien priv\u00e9 de son stade \u00e0 cause d\u2019une murette\",\"datePublished\":\"2018-10-19T11:18:05+00:00\",\"mainEntityOfPage\":{\"@id\":\"https:\/\/kapitalis.com\/tunisie\/2018\/10\/19\/le-stade-tunisien-prive-de-son-stade-a-cause-dune-murette\/\"},\"wordCount\":152,\"commentCount\":0,\"publisher\":{\"@id\":\"https:\/\/kapitalis.com\/tunisie\/#organization\"},\"image\":{\"@id\":\"https:\/\/kapitalis.com\/tunisie\/2018\/10\/19\/le-stade-tunisien-prive-de-son-stade-a-cause-dune-murette\/#primaryimage\"},\"thumbnailUrl\":\"\",\"keywords\":[\"Bardo\",\"jeunesse sportive kairouanaise\",\"stade d\u2019El Menzah\",\"Stade tunisien\"],\"articleSection\":[\"SPORT\",\"Tunisie\"],\"inLanguage\":\"fr-FR\",\"potentialAction\":[{\"@type\":\"CommentAction\",\"name\":\"Comment\",\"target\":[\"https:\/\/kapitalis.com\/tunisie\/2018\/10\/19\/le-stade-tunisien-prive-de-son-stade-a-cause-dune-murette\/#respond\"]}]},{\"@type\":\"WebPage\",\"@id\":\"https:\/\/kapitalis.com\/tunisie\/2018\/10\/19\/le-stade-tunisien-prive-de-son-stade-a-cause-dune-murette\/\",\"url\":\"https:\/\/kapitalis.com\/tunisie\/2018\/10\/19\/le-stade-tunisien-prive-de-son-stade-a-cause-dune-murette\/\",\"name\":\"Le Stade tunisien priv\u00e9 de son stade \u00e0 cause d\u2019une murette - Kapitalis\",\"isPartOf\":{\"@id\":\"https:\/\/kapitalis.com\/tunisie\/#website\"},\"primaryImageOfPage\":{\"@id\":\"https:\/\/kapitalis.com\/tunisie\/2018\/10\/19\/le-stade-tunisien-prive-de-son-stade-a-cause-dune-murette\/#primaryimage\"},\"image\":{\"@id\":\"https:\/\/kapitalis.com\/tunisie\/2018\/10\/19\/le-stade-tunisien-prive-de-son-stade-a-cause-dune-murette\/#primaryimage\"},\"thumbnailUrl\":\"\",\"datePublished\":\"2018-10-19T11:18:05+00:00\",\"breadcrumb\":{\"@id\":\"https:\/\/kapitalis.com\/tunisie\/2018\/10\/19\/le-stade-tunisien-prive-de-son-stade-a-cause-dune-murette\/#breadcrumb\"},\"inLanguage\":\"fr-FR\",\"potentialAction\":[{\"@type\":\"ReadAction\",\"target\":[\"https:\/\/kapitalis.com\/tunisie\/2018\/10\/19\/le-stade-tunisien-prive-de-son-stade-a-cause-dune-murette\/\"]}]},{\"@type\":\"ImageObject\",\"inLanguage\":\"fr-FR\",\"@id\":\"https:\/\/kapitalis.com\/tunisie\/2018\/10\/19\/le-stade-tunisien-prive-de-son-stade-a-cause-dune-murette\/#primaryimage\",\"url\":\"\",\"contentUrl\":\"\"},{\"@type\":\"BreadcrumbList\",\"@id\":\"https:\/\/kapitalis.com\/tunisie\/2018\/10\/19\/le-stade-tunisien-prive-de-son-stade-a-cause-dune-murette\/#breadcrumb\",\"itemListElement\":[{\"@type\":\"ListItem\",\"position\":1,\"name\":\"Accueil\",\"item\":\"https:\/\/kapitalis.com\/tunisie\/\"},{\"@type\":\"ListItem\",\"position\":2,\"name\":\"Le Stade tunisien priv\u00e9 de son stade \u00e0 cause d\u2019une murette\"}]},{\"@type\":\"WebSite\",\"@id\":\"https:\/\/kapitalis.com\/tunisie\/#website\",\"url\":\"https:\/\/kapitalis.com\/tunisie\/\",\"name\":\"Kapitalis\",\"description\":\"L&#039;actualit\u00e9 en Tunisie et dans le monde\",\"publisher\":{\"@id\":\"https:\/\/kapitalis.com\/tunisie\/#organization\"},\"potentialAction\":[{\"@type\":\"SearchAction\",\"target\":{\"@type\":\"EntryPoint\",\"urlTemplate\":\"https:\/\/kapitalis.com\/tunisie\/?s={search_term_string}\"},\"query-input\":{\"@type\":\"PropertyValueSpecification\",\"valueRequired\":true,\"valueName\":\"search_term_string\"}}],\"inLanguage\":\"fr-FR\"},{\"@type\":\"Organization\",\"@id\":\"https:\/\/kapitalis.com\/tunisie\/#organization\",\"name\":\"Kapitalis\",\"url\":\"https:\/\/kapitalis.com\/tunisie\/\",\"logo\":{\"@type\":\"ImageObject\",\"inLanguage\":\"fr-FR\",\"@id\":\"https:\/\/kapitalis.com\/tunisie\/#\/schema\/logo\/image\/\",\"url\":\"https:\/\/kapitalis.com\/tunisie\/wp-content\/uploads\/2022\/05\/Kapitalis-big-size.png\",\"contentUrl\":\"https:\/\/kapitalis.com\/tunisie\/wp-content\/uploads\/2022\/05\/Kapitalis-big-size.png\",\"width\":5000,\"height\":1500,\"caption\":\"Kapitalis\"},\"image\":{\"@id\":\"https:\/\/kapitalis.com\/tunisie\/#\/schema\/logo\/image\/\"},\"sameAs\":[\"https:\/\/www.facebook.com\/KapitalisInfo\/\",\"https:\/\/x.com\/KapitalisInfo\",\"https:\/\/www.youtube.com\/channel\/UC-yDYrHyfFBWWZaOw3FPg9Q\"]},{\"@type\":\"Person\",\"@id\":\"https:\/\/kapitalis.com\/tunisie\/#\/schema\/person\/d71f33a9ca44f7bad4698210b480c8e9\",\"name\":\"webmaster kapitalis\",\"url\":\"https:\/\/kapitalis.com\/tunisie\/author\/webmaster-kapitalis\/\"}]}<\/script>\n<!-- \/ Yoast SEO plugin. -->","yoast_head_json":{"title":"Le Stade tunisien priv\u00e9 de son stade \u00e0 cause d\u2019une murette - Kapitalis","robots":{"index":"index","follow":"follow","max-snippet":"max-snippet:-1","max-image-preview":"max-image-preview:large","max-video-preview":"max-video-preview:-1"},"canonical":"https:\/\/kapitalis.com\/tunisie\/2018\/10\/19\/le-stade-tunisien-prive-de-son-stade-a-cause-dune-murette\/","og_locale":"fr_FR","og_type":"article","og_title":"Le Stade tunisien priv\u00e9 de son stade \u00e0 cause d\u2019une murette - Kapitalis","og_description":"Le Stade Tunisien (ST) informe, dans un communiqu\u00e9, qu\u2019il ne pourra pas accueillir la Jeunesse sportive kairouanaise (JSK) au stade Hedi Ennaifer au Bardo, pr\u00e9vu ce dimanche 21 octobre 2018 \u00e0 14h30.","og_url":"https:\/\/kapitalis.com\/tunisie\/2018\/10\/19\/le-stade-tunisien-prive-de-son-stade-a-cause-dune-murette\/","og_site_name":"Kapitalis","article_publisher":"https:\/\/www.facebook.com\/KapitalisInfo\/","article_published_time":"2018-10-19T11:18:05+00:00","og_image":[{"width":1200,"height":630,"url":"https:\/\/kapitalis.com\/tunisie\/wp-content\/uploads\/2022\/05\/kapitalis-logo-fb.png","type":"image\/png"}],"author":"webmaster kapitalis","twitter_card":"summary_large_image","twitter_creator":"@KapitalisInfo","twitter_site":"@KapitalisInfo","twitter_misc":{"\u00c9crit par":"webmaster kapitalis","Dur\u00e9e de lecture estim\u00e9e":"1 minute"},"schema":{"@context":"https:\/\/schema.org","@graph":[{"@type":"Article","@id":"https:\/\/kapitalis.com\/tunisie\/2018\/10\/19\/le-stade-tunisien-prive-de-son-stade-a-cause-dune-murette\/#article","isPartOf":{"@id":"https:\/\/kapitalis.com\/tunisie\/2018\/10\/19\/le-stade-tunisien-prive-de-son-stade-a-cause-dune-murette\/"},"author":{"name":"webmaster kapitalis","@id":"https:\/\/kapitalis.com\/tunisie\/#\/schema\/person\/d71f33a9ca44f7bad4698210b480c8e9"},"headline":"Le Stade tunisien priv\u00e9 de son stade \u00e0 cause d\u2019une murette","datePublished":"2018-10-19T11:18:05+00:00","mainEntityOfPage":{"@id":"https:\/\/kapitalis.com\/tunisie\/2018\/10\/19\/le-stade-tunisien-prive-de-son-stade-a-cause-dune-murette\/"},"wordCount":152,"commentCount":0,"publisher":{"@id":"https:\/\/kapitalis.com\/tunisie\/#organization"},"image":{"@id":"https:\/\/kapitalis.com\/tunisie\/2018\/10\/19\/le-stade-tunisien-prive-de-son-stade-a-cause-dune-murette\/#primaryimage"},"thumbnailUrl":"","keywords":["Bardo","jeunesse sportive kairouanaise","stade d\u2019El Menzah","Stade tunisien"],"articleSection":["SPORT","Tunisie"],"inLanguage":"fr-FR","potentialAction":[{"@type":"CommentAction","name":"Comment","target":["https:\/\/kapitalis.com\/tunisie\/2018\/10\/19\/le-stade-tunisien-prive-de-son-stade-a-cause-dune-murette\/#respond"]}]},{"@type":"WebPage","@id":"https:\/\/kapitalis.com\/tunisie\/2018\/10\/19\/le-stade-tunisien-prive-de-son-stade-a-cause-dune-murette\/","url":"https:\/\/kapitalis.com\/tunisie\/2018\/10\/19\/le-stade-tunisien-prive-de-son-stade-a-cause-dune-murette\/","name":"Le Stade tunisien priv\u00e9 de son stade \u00e0 cause d\u2019une murette - Kapitalis","isPartOf":{"@id":"https:\/\/kapitalis.com\/tunisie\/#website"},"primaryImageOfPage":{"@id":"https:\/\/kapitalis.com\/tunisie\/2018\/10\/19\/le-stade-tunisien-prive-de-son-stade-a-cause-dune-murette\/#primaryimage"},"image":{"@id":"https:\/\/kapitalis.com\/tunisie\/2018\/10\/19\/le-stade-tunisien-prive-de-son-stade-a-cause-dune-murette\/#primaryimage"},"thumbnailUrl":"","datePublished":"2018-10-19T11:18:05+00:00","breadcrumb":{"@id":"https:\/\/kapitalis.com\/tunisie\/2018\/10\/19\/le-stade-tunisien-prive-de-son-stade-a-cause-dune-murette\/#breadcrumb"},"inLanguage":"fr-FR","potentialAction":[{"@type":"ReadAction","target":["https:\/\/kapitalis.com\/tunisie\/2018\/10\/19\/le-stade-tunisien-prive-de-son-stade-a-cause-dune-murette\/"]}]},{"@type":"ImageObject","inLanguage":"fr-FR","@id":"https:\/\/kapitalis.com\/tunisie\/2018\/10\/19\/le-stade-tunisien-prive-de-son-stade-a-cause-dune-murette\/#primaryimage","url":"","contentUrl":""},{"@type":"BreadcrumbList","@id":"https:\/\/kapitalis.com\/tunisie\/2018\/10\/19\/le-stade-tunisien-prive-de-son-stade-a-cause-dune-murette\/#breadcrumb","itemListElement":[{"@type":"ListItem","position":1,"name":"Accueil","item":"https:\/\/kapitalis.com\/tunisie\/"},{"@type":"ListItem","position":2,"name":"Le Stade tunisien priv\u00e9 de son stade \u00e0 cause d\u2019une murette"}]},{"@type":"WebSite","@id":"https:\/\/kapitalis.com\/tunisie\/#website","url":"https:\/\/kapitalis.com\/tunisie\/","name":"Kapitalis","description":"L&#039;actualit\u00e9 en Tunisie et dans le monde","publisher":{"@id":"https:\/\/kapitalis.com\/tunisie\/#organization"},"potentialAction":[{"@type":"SearchAction","target":{"@type":"EntryPoint","urlTemplate":"https:\/\/kapitalis.com\/tunisie\/?s={search_term_string}"},"query-input":{"@type":"PropertyValueSpecification","valueRequired":true,"valueName":"search_term_string"}}],"inLanguage":"fr-FR"},{"@type":"Organization","@id":"https:\/\/kapitalis.com\/tunisie\/#organization","name":"Kapitalis","url":"https:\/\/kapitalis.com\/tunisie\/","logo":{"@type":"ImageObject","inLanguage":"fr-FR","@id":"https:\/\/kapitalis.com\/tunisie\/#\/schema\/logo\/image\/","url":"https:\/\/kapitalis.com\/tunisie\/wp-content\/uploads\/2022\/05\/Kapitalis-big-size.png","contentUrl":"https:\/\/kapitalis.com\/tunisie\/wp-content\/uploads\/2022\/05\/Kapitalis-big-size.png","width":5000,"height":1500,"caption":"Kapitalis"},"image":{"@id":"https:\/\/kapitalis.com\/tunisie\/#\/schema\/logo\/image\/"},"sameAs":["https:\/\/www.facebook.com\/KapitalisInfo\/","https:\/\/x.com\/KapitalisInfo","https:\/\/www.youtube.com\/channel\/UC-yDYrHyfFBWWZaOw3FPg9Q"]},{"@type":"Person","@id":"https:\/\/kapitalis.com\/tunisie\/#\/schema\/person\/d71f33a9ca44f7bad4698210b480c8e9","name":"webmaster kapitalis","url":"https:\/\/kapitalis.com\/tunisie\/author\/webmaster-kapitalis\/"}]}},"_links":{"self":[{"href":"https:\/\/kapitalis.com\/tunisie\/wp-json\/wp\/v2\/posts\/179442","targetHints":{"allow":["GET"]}}],"collection":[{"href":"https:\/\/kapitalis.com\/tunisie\/wp-json\/wp\/v2\/posts"}],"about":[{"href":"https:\/\/kapitalis.com\/tunisie\/wp-json\/wp\/v2\/types\/post"}],"author":[{"embeddable":true,"href":"https:\/\/kapitalis.com\/tunisie\/wp-json\/wp\/v2\/users\/8"}],"replies":[{"embeddable":true,"href":"https:\/\/kapitalis.com\/tunisie\/wp-json\/wp\/v2\/comments?post=179442"}],"version-history":[{"count":0,"href":"https:\/\/kapitalis.com\/tunisie\/wp-json\/wp\/v2\/posts\/179442\/revisions"}],"wp:featuredmedia":[{"embeddable":true,"href":"https:\/\/kapitalis.com\/tunisie\/wp-json\/wp\/v2\/media\/179446"}],"wp:attachment":[{"href":"https:\/\/kapitalis.com\/tunisie\/wp-json\/wp\/v2\/media?parent=179442"}],"wp:term":[{"taxonomy":"category","embeddable":true,"href":"https:\/\/kapitalis.com\/tunisie\/wp-json\/wp\/v2\/categories?post=179442"},{"taxonomy":"post_tag","embeddable":true,"href":"https:\/\/kapitalis.com\/tunisie\/wp-json\/wp\/v2\/tags?post=179442"}],"curies":[{"name":"wp","href":"https:\/\/api.w.org\/{rel}","templated":true}]}}