{"id":179540,"date":"2018-10-19T17:29:37","date_gmt":"2018-10-19T16:29:37","guid":{"rendered":"http:\/\/kapitalis.com\/tunisie\/?p=179540"},"modified":"2018-10-19T17:29:37","modified_gmt":"2018-10-19T16:29:37","slug":"le-programme-de-la-celebration-du-70e-anniversaire-de-tunisair","status":"publish","type":"post","link":"https:\/\/kapitalis.com\/tunisie\/2018\/10\/19\/le-programme-de-la-celebration-du-70e-anniversaire-de-tunisair\/","title":{"rendered":"Le programme de la c\u00e9l\u00e9bration du 70e anniversaire de Tunisair"},"content":{"rendered":"<p style=\"text-align: center;\"><img loading=\"lazy\" decoding=\"async\" class=\"alignnone size-full wp-image-149541\" src=\"http:\/\/kapitalis.com\/tunisie\/wp-content\/uploads\/2018\/04\/Tunisair-Ban.jpg\" alt=\"\" width=\"626\" height=\"380\" \/><\/p>\n<p><em><strong>Pour c\u00e9l\u00e9brer son 70e anniversaire, le 21 octobre 2018, Tunisair a mis au point un programme commercial et communicatif visant \u00e0 mettre en exergue l\u2019importance de cet \u00e9v\u00e9nement dans un contexte \u00e0 la fois historique et socio\u00e9conomique.<\/strong><\/em><\/p>\n<p><!--more--><\/p>\n<p>Sur le plan commercial, Tunisair a entrepris des actions promotionnelles destin\u00e9es aux clients adh\u00e9rents au programme Fidelys (un billet prime avec 70 % de miles) et au grand public (une r\u00e9duction de 70% sur les billets ciblant les destinations suivantes : la France, l\u2019Italie, l\u2019Espagne, l\u2019Allemagne, l\u2019Autriche, la Serbie et la Belgique).<\/p>\n<p>Les clients auront \u00e9galement un rendez-vous avec des prestations sp\u00e9ciales \u00e0 bord des vols programm\u00e9s le jour de l&rsquo;anniversaire de Tunisair.<\/p>\n<p>Par ailleurs, la compagnie nationale tunisienne a mis en place un riche programme de communication \u00e0 travers l\u2019affichage de son logo du 70e anniversaire con\u00e7u \u00e0 l\u2019occasion (habillage de la fa\u00e7ade de son si\u00e8ge social, de ses points de ventes en Tunisie et des stands au niveau des salons touristiques \u00e0 l\u2019\u00e9tranger), l\u2019\u00e9dition, en coordination avec l\u2019Office de la Poste Nationale, d\u2019un timbre comm\u00e9moratif qui sera disponible \u00e0 la vente \u00e0 partir du 21 octobre 2018, l\u2019insertion d\u2019un visuel sp\u00e9cial 70e anniversaire dans les journaux et les magazines conventionn\u00e9s et l\u2019organisation d\u2019une conf\u00e9rence de presse pour marquer cet \u00e9v\u00e9nement.<\/p>\n<p><em><strong>Source<\/strong><\/em> : Communiqu\u00e9.<\/p>\n","protected":false},"excerpt":{"rendered":"<p>Pour c\u00e9l\u00e9brer son 70e anniversaire, le 21 octobre 2018, Tunisair a mis au point un programme commercial et communicatif visant \u00e0 mettre en exergue l\u2019importance de cet \u00e9v\u00e9nement dans un contexte \u00e0 la fois historique et socio\u00e9conomique.<\/p>\n","protected":false},"author":8,"featured_media":0,"comment_status":"open","ping_status":"open","sticky":false,"template":"","format":"standard","meta":{"footnotes":""},"categories":[995,2433],"tags":[1501],"class_list":["post-179540","post","type-post","status-publish","format-standard","hentry","category-economie","category-tunisie","tag-tunisair"],"yoast_head":"<!-- This site is optimized with the Yoast SEO plugin v26.6 - https:\/\/yoast.com\/wordpress\/plugins\/seo\/ -->\n<title>Le programme de la c\u00e9l\u00e9bration du 70e anniversaire de Tunisair - Kapitalis<\/title>\n<meta name=\"robots\" content=\"index, follow, max-snippet:-1, max-image-preview:large, max-video-preview:-1\" \/>\n<link rel=\"canonical\" href=\"https:\/\/kapitalis.com\/tunisie\/2018\/10\/19\/le-programme-de-la-celebration-du-70e-anniversaire-de-tunisair\/\" \/>\n<meta property=\"og:locale\" content=\"fr_FR\" \/>\n<meta property=\"og:type\" content=\"article\" \/>\n<meta property=\"og:title\" content=\"Le programme de la c\u00e9l\u00e9bration du 70e anniversaire de Tunisair - Kapitalis\" \/>\n<meta property=\"og:description\" content=\"Pour c\u00e9l\u00e9brer son 70e anniversaire, le 21 octobre 2018, Tunisair a mis au point un programme commercial et communicatif visant \u00e0 mettre en exergue l\u2019importance de cet \u00e9v\u00e9nement dans un contexte \u00e0 la fois historique et socio\u00e9conomique.\" \/>\n<meta property=\"og:url\" content=\"https:\/\/kapitalis.com\/tunisie\/2018\/10\/19\/le-programme-de-la-celebration-du-70e-anniversaire-de-tunisair\/\" \/>\n<meta property=\"og:site_name\" content=\"Kapitalis\" \/>\n<meta property=\"article:publisher\" content=\"https:\/\/www.facebook.com\/KapitalisInfo\/\" \/>\n<meta property=\"article:published_time\" content=\"2018-10-19T16:29:37+00:00\" \/>\n<meta property=\"og:image\" content=\"http:\/\/kapitalis.com\/tunisie\/wp-content\/uploads\/2018\/04\/Tunisair-Ban.jpg\" \/>\n<meta name=\"author\" content=\"webmaster kapitalis\" \/>\n<meta name=\"twitter:card\" content=\"summary_large_image\" \/>\n<meta name=\"twitter:creator\" content=\"@KapitalisInfo\" \/>\n<meta name=\"twitter:site\" content=\"@KapitalisInfo\" \/>\n<meta name=\"twitter:label1\" content=\"\u00c9crit par\" \/>\n\t<meta name=\"twitter:data1\" content=\"webmaster kapitalis\" \/>\n\t<meta name=\"twitter:label2\" content=\"Dur\u00e9e de lecture estim\u00e9e\" \/>\n\t<meta name=\"twitter:data2\" content=\"1 minute\" \/>\n<script type=\"application\/ld+json\" class=\"yoast-schema-graph\">{\"@context\":\"https:\/\/schema.org\",\"@graph\":[{\"@type\":\"Article\",\"@id\":\"https:\/\/kapitalis.com\/tunisie\/2018\/10\/19\/le-programme-de-la-celebration-du-70e-anniversaire-de-tunisair\/#article\",\"isPartOf\":{\"@id\":\"https:\/\/kapitalis.com\/tunisie\/2018\/10\/19\/le-programme-de-la-celebration-du-70e-anniversaire-de-tunisair\/\"},\"author\":{\"name\":\"webmaster kapitalis\",\"@id\":\"https:\/\/kapitalis.com\/tunisie\/#\/schema\/person\/d71f33a9ca44f7bad4698210b480c8e9\"},\"headline\":\"Le programme de la c\u00e9l\u00e9bration du 70e anniversaire de Tunisair\",\"datePublished\":\"2018-10-19T16:29:37+00:00\",\"mainEntityOfPage\":{\"@id\":\"https:\/\/kapitalis.com\/tunisie\/2018\/10\/19\/le-programme-de-la-celebration-du-70e-anniversaire-de-tunisair\/\"},\"wordCount\":239,\"commentCount\":0,\"publisher\":{\"@id\":\"https:\/\/kapitalis.com\/tunisie\/#organization\"},\"image\":{\"@id\":\"https:\/\/kapitalis.com\/tunisie\/2018\/10\/19\/le-programme-de-la-celebration-du-70e-anniversaire-de-tunisair\/#primaryimage\"},\"thumbnailUrl\":\"http:\/\/kapitalis.com\/tunisie\/wp-content\/uploads\/2018\/04\/Tunisair-Ban.jpg\",\"keywords\":[\"Tunisair\"],\"articleSection\":[\"ECONOMIE\",\"Tunisie\"],\"inLanguage\":\"fr-FR\",\"potentialAction\":[{\"@type\":\"CommentAction\",\"name\":\"Comment\",\"target\":[\"https:\/\/kapitalis.com\/tunisie\/2018\/10\/19\/le-programme-de-la-celebration-du-70e-anniversaire-de-tunisair\/#respond\"]}]},{\"@type\":\"WebPage\",\"@id\":\"https:\/\/kapitalis.com\/tunisie\/2018\/10\/19\/le-programme-de-la-celebration-du-70e-anniversaire-de-tunisair\/\",\"url\":\"https:\/\/kapitalis.com\/tunisie\/2018\/10\/19\/le-programme-de-la-celebration-du-70e-anniversaire-de-tunisair\/\",\"name\":\"Le programme de la c\u00e9l\u00e9bration du 70e anniversaire de Tunisair - Kapitalis\",\"isPartOf\":{\"@id\":\"https:\/\/kapitalis.com\/tunisie\/#website\"},\"primaryImageOfPage\":{\"@id\":\"https:\/\/kapitalis.com\/tunisie\/2018\/10\/19\/le-programme-de-la-celebration-du-70e-anniversaire-de-tunisair\/#primaryimage\"},\"image\":{\"@id\":\"https:\/\/kapitalis.com\/tunisie\/2018\/10\/19\/le-programme-de-la-celebration-du-70e-anniversaire-de-tunisair\/#primaryimage\"},\"thumbnailUrl\":\"http:\/\/kapitalis.com\/tunisie\/wp-content\/uploads\/2018\/04\/Tunisair-Ban.jpg\",\"datePublished\":\"2018-10-19T16:29:37+00:00\",\"breadcrumb\":{\"@id\":\"https:\/\/kapitalis.com\/tunisie\/2018\/10\/19\/le-programme-de-la-celebration-du-70e-anniversaire-de-tunisair\/#breadcrumb\"},\"inLanguage\":\"fr-FR\",\"potentialAction\":[{\"@type\":\"ReadAction\",\"target\":[\"https:\/\/kapitalis.com\/tunisie\/2018\/10\/19\/le-programme-de-la-celebration-du-70e-anniversaire-de-tunisair\/\"]}]},{\"@type\":\"ImageObject\",\"inLanguage\":\"fr-FR\",\"@id\":\"https:\/\/kapitalis.com\/tunisie\/2018\/10\/19\/le-programme-de-la-celebration-du-70e-anniversaire-de-tunisair\/#primaryimage\",\"url\":\"http:\/\/kapitalis.com\/tunisie\/wp-content\/uploads\/2018\/04\/Tunisair-Ban.jpg\",\"contentUrl\":\"http:\/\/kapitalis.com\/tunisie\/wp-content\/uploads\/2018\/04\/Tunisair-Ban.jpg\"},{\"@type\":\"BreadcrumbList\",\"@id\":\"https:\/\/kapitalis.com\/tunisie\/2018\/10\/19\/le-programme-de-la-celebration-du-70e-anniversaire-de-tunisair\/#breadcrumb\",\"itemListElement\":[{\"@type\":\"ListItem\",\"position\":1,\"name\":\"Accueil\",\"item\":\"https:\/\/kapitalis.com\/tunisie\/\"},{\"@type\":\"ListItem\",\"position\":2,\"name\":\"Le programme de la c\u00e9l\u00e9bration du 70e anniversaire de Tunisair\"}]},{\"@type\":\"WebSite\",\"@id\":\"https:\/\/kapitalis.com\/tunisie\/#website\",\"url\":\"https:\/\/kapitalis.com\/tunisie\/\",\"name\":\"Kapitalis\",\"description\":\"L&#039;actualit\u00e9 en Tunisie et dans le monde\",\"publisher\":{\"@id\":\"https:\/\/kapitalis.com\/tunisie\/#organization\"},\"potentialAction\":[{\"@type\":\"SearchAction\",\"target\":{\"@type\":\"EntryPoint\",\"urlTemplate\":\"https:\/\/kapitalis.com\/tunisie\/?s={search_term_string}\"},\"query-input\":{\"@type\":\"PropertyValueSpecification\",\"valueRequired\":true,\"valueName\":\"search_term_string\"}}],\"inLanguage\":\"fr-FR\"},{\"@type\":\"Organization\",\"@id\":\"https:\/\/kapitalis.com\/tunisie\/#organization\",\"name\":\"Kapitalis\",\"url\":\"https:\/\/kapitalis.com\/tunisie\/\",\"logo\":{\"@type\":\"ImageObject\",\"inLanguage\":\"fr-FR\",\"@id\":\"https:\/\/kapitalis.com\/tunisie\/#\/schema\/logo\/image\/\",\"url\":\"https:\/\/kapitalis.com\/tunisie\/wp-content\/uploads\/2022\/05\/Kapitalis-big-size.png\",\"contentUrl\":\"https:\/\/kapitalis.com\/tunisie\/wp-content\/uploads\/2022\/05\/Kapitalis-big-size.png\",\"width\":5000,\"height\":1500,\"caption\":\"Kapitalis\"},\"image\":{\"@id\":\"https:\/\/kapitalis.com\/tunisie\/#\/schema\/logo\/image\/\"},\"sameAs\":[\"https:\/\/www.facebook.com\/KapitalisInfo\/\",\"https:\/\/x.com\/KapitalisInfo\",\"https:\/\/www.youtube.com\/channel\/UC-yDYrHyfFBWWZaOw3FPg9Q\"]},{\"@type\":\"Person\",\"@id\":\"https:\/\/kapitalis.com\/tunisie\/#\/schema\/person\/d71f33a9ca44f7bad4698210b480c8e9\",\"name\":\"webmaster kapitalis\",\"url\":\"https:\/\/kapitalis.com\/tunisie\/author\/webmaster-kapitalis\/\"}]}<\/script>\n<!-- \/ Yoast SEO plugin. -->","yoast_head_json":{"title":"Le programme de la c\u00e9l\u00e9bration du 70e anniversaire de Tunisair - Kapitalis","robots":{"index":"index","follow":"follow","max-snippet":"max-snippet:-1","max-image-preview":"max-image-preview:large","max-video-preview":"max-video-preview:-1"},"canonical":"https:\/\/kapitalis.com\/tunisie\/2018\/10\/19\/le-programme-de-la-celebration-du-70e-anniversaire-de-tunisair\/","og_locale":"fr_FR","og_type":"article","og_title":"Le programme de la c\u00e9l\u00e9bration du 70e anniversaire de Tunisair - Kapitalis","og_description":"Pour c\u00e9l\u00e9brer son 70e anniversaire, le 21 octobre 2018, Tunisair a mis au point un programme commercial et communicatif visant \u00e0 mettre en exergue l\u2019importance de cet \u00e9v\u00e9nement dans un contexte \u00e0 la fois historique et socio\u00e9conomique.","og_url":"https:\/\/kapitalis.com\/tunisie\/2018\/10\/19\/le-programme-de-la-celebration-du-70e-anniversaire-de-tunisair\/","og_site_name":"Kapitalis","article_publisher":"https:\/\/www.facebook.com\/KapitalisInfo\/","article_published_time":"2018-10-19T16:29:37+00:00","og_image":[{"url":"http:\/\/kapitalis.com\/tunisie\/wp-content\/uploads\/2018\/04\/Tunisair-Ban.jpg","type":"","width":"","height":""}],"author":"webmaster kapitalis","twitter_card":"summary_large_image","twitter_creator":"@KapitalisInfo","twitter_site":"@KapitalisInfo","twitter_misc":{"\u00c9crit par":"webmaster kapitalis","Dur\u00e9e de lecture estim\u00e9e":"1 minute"},"schema":{"@context":"https:\/\/schema.org","@graph":[{"@type":"Article","@id":"https:\/\/kapitalis.com\/tunisie\/2018\/10\/19\/le-programme-de-la-celebration-du-70e-anniversaire-de-tunisair\/#article","isPartOf":{"@id":"https:\/\/kapitalis.com\/tunisie\/2018\/10\/19\/le-programme-de-la-celebration-du-70e-anniversaire-de-tunisair\/"},"author":{"name":"webmaster kapitalis","@id":"https:\/\/kapitalis.com\/tunisie\/#\/schema\/person\/d71f33a9ca44f7bad4698210b480c8e9"},"headline":"Le programme de la c\u00e9l\u00e9bration du 70e anniversaire de Tunisair","datePublished":"2018-10-19T16:29:37+00:00","mainEntityOfPage":{"@id":"https:\/\/kapitalis.com\/tunisie\/2018\/10\/19\/le-programme-de-la-celebration-du-70e-anniversaire-de-tunisair\/"},"wordCount":239,"commentCount":0,"publisher":{"@id":"https:\/\/kapitalis.com\/tunisie\/#organization"},"image":{"@id":"https:\/\/kapitalis.com\/tunisie\/2018\/10\/19\/le-programme-de-la-celebration-du-70e-anniversaire-de-tunisair\/#primaryimage"},"thumbnailUrl":"http:\/\/kapitalis.com\/tunisie\/wp-content\/uploads\/2018\/04\/Tunisair-Ban.jpg","keywords":["Tunisair"],"articleSection":["ECONOMIE","Tunisie"],"inLanguage":"fr-FR","potentialAction":[{"@type":"CommentAction","name":"Comment","target":["https:\/\/kapitalis.com\/tunisie\/2018\/10\/19\/le-programme-de-la-celebration-du-70e-anniversaire-de-tunisair\/#respond"]}]},{"@type":"WebPage","@id":"https:\/\/kapitalis.com\/tunisie\/2018\/10\/19\/le-programme-de-la-celebration-du-70e-anniversaire-de-tunisair\/","url":"https:\/\/kapitalis.com\/tunisie\/2018\/10\/19\/le-programme-de-la-celebration-du-70e-anniversaire-de-tunisair\/","name":"Le programme de la c\u00e9l\u00e9bration du 70e anniversaire de Tunisair - Kapitalis","isPartOf":{"@id":"https:\/\/kapitalis.com\/tunisie\/#website"},"primaryImageOfPage":{"@id":"https:\/\/kapitalis.com\/tunisie\/2018\/10\/19\/le-programme-de-la-celebration-du-70e-anniversaire-de-tunisair\/#primaryimage"},"image":{"@id":"https:\/\/kapitalis.com\/tunisie\/2018\/10\/19\/le-programme-de-la-celebration-du-70e-anniversaire-de-tunisair\/#primaryimage"},"thumbnailUrl":"http:\/\/kapitalis.com\/tunisie\/wp-content\/uploads\/2018\/04\/Tunisair-Ban.jpg","datePublished":"2018-10-19T16:29:37+00:00","breadcrumb":{"@id":"https:\/\/kapitalis.com\/tunisie\/2018\/10\/19\/le-programme-de-la-celebration-du-70e-anniversaire-de-tunisair\/#breadcrumb"},"inLanguage":"fr-FR","potentialAction":[{"@type":"ReadAction","target":["https:\/\/kapitalis.com\/tunisie\/2018\/10\/19\/le-programme-de-la-celebration-du-70e-anniversaire-de-tunisair\/"]}]},{"@type":"ImageObject","inLanguage":"fr-FR","@id":"https:\/\/kapitalis.com\/tunisie\/2018\/10\/19\/le-programme-de-la-celebration-du-70e-anniversaire-de-tunisair\/#primaryimage","url":"http:\/\/kapitalis.com\/tunisie\/wp-content\/uploads\/2018\/04\/Tunisair-Ban.jpg","contentUrl":"http:\/\/kapitalis.com\/tunisie\/wp-content\/uploads\/2018\/04\/Tunisair-Ban.jpg"},{"@type":"BreadcrumbList","@id":"https:\/\/kapitalis.com\/tunisie\/2018\/10\/19\/le-programme-de-la-celebration-du-70e-anniversaire-de-tunisair\/#breadcrumb","itemListElement":[{"@type":"ListItem","position":1,"name":"Accueil","item":"https:\/\/kapitalis.com\/tunisie\/"},{"@type":"ListItem","position":2,"name":"Le programme de la c\u00e9l\u00e9bration du 70e anniversaire de Tunisair"}]},{"@type":"WebSite","@id":"https:\/\/kapitalis.com\/tunisie\/#website","url":"https:\/\/kapitalis.com\/tunisie\/","name":"Kapitalis","description":"L&#039;actualit\u00e9 en Tunisie et dans le monde","publisher":{"@id":"https:\/\/kapitalis.com\/tunisie\/#organization"},"potentialAction":[{"@type":"SearchAction","target":{"@type":"EntryPoint","urlTemplate":"https:\/\/kapitalis.com\/tunisie\/?s={search_term_string}"},"query-input":{"@type":"PropertyValueSpecification","valueRequired":true,"valueName":"search_term_string"}}],"inLanguage":"fr-FR"},{"@type":"Organization","@id":"https:\/\/kapitalis.com\/tunisie\/#organization","name":"Kapitalis","url":"https:\/\/kapitalis.com\/tunisie\/","logo":{"@type":"ImageObject","inLanguage":"fr-FR","@id":"https:\/\/kapitalis.com\/tunisie\/#\/schema\/logo\/image\/","url":"https:\/\/kapitalis.com\/tunisie\/wp-content\/uploads\/2022\/05\/Kapitalis-big-size.png","contentUrl":"https:\/\/kapitalis.com\/tunisie\/wp-content\/uploads\/2022\/05\/Kapitalis-big-size.png","width":5000,"height":1500,"caption":"Kapitalis"},"image":{"@id":"https:\/\/kapitalis.com\/tunisie\/#\/schema\/logo\/image\/"},"sameAs":["https:\/\/www.facebook.com\/KapitalisInfo\/","https:\/\/x.com\/KapitalisInfo","https:\/\/www.youtube.com\/channel\/UC-yDYrHyfFBWWZaOw3FPg9Q"]},{"@type":"Person","@id":"https:\/\/kapitalis.com\/tunisie\/#\/schema\/person\/d71f33a9ca44f7bad4698210b480c8e9","name":"webmaster kapitalis","url":"https:\/\/kapitalis.com\/tunisie\/author\/webmaster-kapitalis\/"}]}},"_links":{"self":[{"href":"https:\/\/kapitalis.com\/tunisie\/wp-json\/wp\/v2\/posts\/179540","targetHints":{"allow":["GET"]}}],"collection":[{"href":"https:\/\/kapitalis.com\/tunisie\/wp-json\/wp\/v2\/posts"}],"about":[{"href":"https:\/\/kapitalis.com\/tunisie\/wp-json\/wp\/v2\/types\/post"}],"author":[{"embeddable":true,"href":"https:\/\/kapitalis.com\/tunisie\/wp-json\/wp\/v2\/users\/8"}],"replies":[{"embeddable":true,"href":"https:\/\/kapitalis.com\/tunisie\/wp-json\/wp\/v2\/comments?post=179540"}],"version-history":[{"count":0,"href":"https:\/\/kapitalis.com\/tunisie\/wp-json\/wp\/v2\/posts\/179540\/revisions"}],"wp:attachment":[{"href":"https:\/\/kapitalis.com\/tunisie\/wp-json\/wp\/v2\/media?parent=179540"}],"wp:term":[{"taxonomy":"category","embeddable":true,"href":"https:\/\/kapitalis.com\/tunisie\/wp-json\/wp\/v2\/categories?post=179540"},{"taxonomy":"post_tag","embeddable":true,"href":"https:\/\/kapitalis.com\/tunisie\/wp-json\/wp\/v2\/tags?post=179540"}],"curies":[{"name":"wp","href":"https:\/\/api.w.org\/{rel}","templated":true}]}}