{"id":179543,"date":"2018-10-19T18:29:26","date_gmt":"2018-10-19T17:29:26","guid":{"rendered":"http:\/\/kapitalis.com\/tunisie\/?p=179543"},"modified":"2018-10-19T18:29:26","modified_gmt":"2018-10-19T17:29:26","slug":"la-cour-dappel-de-tunis-confirme-la-condamnation-de-fadhel-abdelkefi","status":"publish","type":"post","link":"https:\/\/kapitalis.com\/tunisie\/2018\/10\/19\/la-cour-dappel-de-tunis-confirme-la-condamnation-de-fadhel-abdelkefi\/","title":{"rendered":"La cour d\u2019appel de Tunis confirme la condamnation de Fadhel Abdelkefi"},"content":{"rendered":"<p style=\"text-align: center;\"><img loading=\"lazy\" decoding=\"async\" class=\"alignnone size-full wp-image-171821\" src=\"http:\/\/kapitalis.com\/tunisie\/wp-content\/uploads\/2018\/08\/Fadhel-Abdelkefi.jpg\" alt=\"\" width=\"626\" height=\"380\" \/><\/p>\n<p><em><strong>La cour d\u2019appel de Tunis a confirm\u00e9 aujourd\u2019hui, vendredi 19 octobre 2018, la condamnation de l\u2019ex-ministre de l&rsquo;Investissement et de la Coop\u00e9ration internationale, Fadhel Abdelkefi, prononc\u00e9 le 21 d\u00e9cembre 2017 par le tribunal de premi\u00e8re instance de Tunis, dans une affaire d\u2019infraction douani\u00e8re.<\/strong><\/em><!--more--><\/p>\n<p>Fadhel Abdelkefi, qui avait fait appel de\u00a0 cette d\u00e9cision de justice a, de nouveau, \u00e9t\u00e9 jug\u00e9 coupable d\u2019infraction \u00e0 la r\u00e9glementation de change et du commerce ext\u00e9rieur. Il devra payer une amende dont le montant \u00e9quivaut celui des dommages et qui a \u00e9t\u00e9 estim\u00e9 \u00e0 800.000 dinars tunisiens (DT), ainsi que les frais de justice.<\/p>\n<p>Rappelons que cette affaire avait \u00e9t\u00e9 r\u00e9v\u00e9l\u00e9e, en ao\u00fbt 2017, par <a href=\"http:\/\/kapitalis.com\/tunisie\/2017\/08\/12\/le-ministre-abdelkefi-soupconne-dinfraction-a-la-reglementation-de-change\/\" target=\"_blank\" rel=\"noopener\">Kapitalis<\/a>. Quelques jour apr\u00e8s, Fadhel Abdelkefi avait d\u00e9missionn\u00e9 du gouvernement.<\/p>\n<p style=\"text-align: right;\"><strong>Y. N.<\/strong><\/p>\n<blockquote class=\"wp-embedded-content\" data-secret=\"1PLBzt1RlG\"><p><a href=\"https:\/\/kapitalis.com\/tunisie\/2017\/08\/12\/le-ministre-abdelkefi-soupconne-dinfraction-a-la-reglementation-de-change\/\">Le ministre Abdelkefi soup\u00e7onn\u00e9 d\u2019infraction \u00e0 la r\u00e9glementation de change<\/a><\/p><\/blockquote>\n<p><iframe loading=\"lazy\" class=\"wp-embedded-content\" sandbox=\"allow-scripts\" security=\"restricted\" style=\"position: absolute; clip: rect(1px, 1px, 1px, 1px);\" title=\"\u00ab\u00a0Le ministre Abdelkefi soup\u00e7onn\u00e9 d\u2019infraction \u00e0 la r\u00e9glementation de change\u00a0\u00bb &#8212; Kapitalis\" src=\"https:\/\/kapitalis.com\/tunisie\/2017\/08\/12\/le-ministre-abdelkefi-soupconne-dinfraction-a-la-reglementation-de-change\/embed\/#?secret=OEDL3nmBCL#?secret=1PLBzt1RlG\" data-secret=\"1PLBzt1RlG\" width=\"600\" height=\"338\" frameborder=\"0\" marginwidth=\"0\" marginheight=\"0\" scrolling=\"no\"><\/iframe><\/p>\n<blockquote class=\"wp-embedded-content\" data-secret=\"hsGKNIDuXY\"><p><a href=\"https:\/\/kapitalis.com\/tunisie\/2017\/12\/21\/infraction-douaniere-fadhel-abdelkefi-condamne-a-une-amende\/\">Infraction douani\u00e8re : Fadhel Abdelk\u00e9fi condamn\u00e9 \u00e0 une amende<\/a><\/p><\/blockquote>\n<p><iframe loading=\"lazy\" class=\"wp-embedded-content\" sandbox=\"allow-scripts\" security=\"restricted\" style=\"position: absolute; clip: rect(1px, 1px, 1px, 1px);\" title=\"\u00ab\u00a0Infraction douani\u00e8re : Fadhel Abdelk\u00e9fi condamn\u00e9 \u00e0 une amende\u00a0\u00bb &#8212; Kapitalis\" src=\"https:\/\/kapitalis.com\/tunisie\/2017\/12\/21\/infraction-douaniere-fadhel-abdelkefi-condamne-a-une-amende\/embed\/#?secret=orXr6SSM5i#?secret=hsGKNIDuXY\" data-secret=\"hsGKNIDuXY\" width=\"600\" height=\"338\" frameborder=\"0\" marginwidth=\"0\" marginheight=\"0\" scrolling=\"no\"><\/iframe><\/p>\n","protected":false},"excerpt":{"rendered":"<p>La cour d\u2019appel de Tunis a confirm\u00e9 aujourd\u2019hui, vendredi 19 octobre 2018, la condamnation de l\u2019ex-ministre de l&rsquo;Investissement et de la Coop\u00e9ration internationale, Fadhel Abdelkefi, prononc\u00e9 le 21 d\u00e9cembre 2017 par le tribunal de premi\u00e8re instance de Tunis, dans une affaire d\u2019infraction douani\u00e8re.<\/p>\n","protected":false},"author":6,"featured_media":0,"comment_status":"open","ping_status":"open","sticky":false,"template":"","format":"standard","meta":{"footnotes":""},"categories":[997,2433],"tags":[242,15773,418,30085],"class_list":["post-179543","post","type-post","status-publish","format-standard","hentry","category-politique","category-tunisie","tag-cour-dappel","tag-fadhel-abdelkefi","tag-gouvernement","tag-tribunal-de-tunis"],"yoast_head":"<!-- This site is optimized with the Yoast SEO plugin v26.6 - https:\/\/yoast.com\/wordpress\/plugins\/seo\/ -->\n<title>La cour d\u2019appel de Tunis confirme la condamnation de Fadhel Abdelkefi - Kapitalis<\/title>\n<meta name=\"robots\" content=\"index, follow, max-snippet:-1, max-image-preview:large, max-video-preview:-1\" \/>\n<link rel=\"canonical\" href=\"https:\/\/kapitalis.com\/tunisie\/2018\/10\/19\/la-cour-dappel-de-tunis-confirme-la-condamnation-de-fadhel-abdelkefi\/\" \/>\n<meta property=\"og:locale\" content=\"fr_FR\" \/>\n<meta property=\"og:type\" content=\"article\" \/>\n<meta property=\"og:title\" content=\"La cour d\u2019appel de Tunis confirme la condamnation de Fadhel Abdelkefi - Kapitalis\" \/>\n<meta property=\"og:description\" content=\"La cour d\u2019appel de Tunis a confirm\u00e9 aujourd\u2019hui, vendredi 19 octobre 2018, la condamnation de l\u2019ex-ministre de l&rsquo;Investissement et de la Coop\u00e9ration internationale, Fadhel Abdelkefi, prononc\u00e9 le 21 d\u00e9cembre 2017 par le tribunal de premi\u00e8re instance de Tunis, dans une affaire d\u2019infraction douani\u00e8re.\" \/>\n<meta property=\"og:url\" content=\"https:\/\/kapitalis.com\/tunisie\/2018\/10\/19\/la-cour-dappel-de-tunis-confirme-la-condamnation-de-fadhel-abdelkefi\/\" \/>\n<meta property=\"og:site_name\" content=\"Kapitalis\" \/>\n<meta property=\"article:publisher\" content=\"https:\/\/www.facebook.com\/KapitalisInfo\/\" \/>\n<meta property=\"article:published_time\" content=\"2018-10-19T17:29:26+00:00\" \/>\n<meta property=\"og:image\" content=\"http:\/\/kapitalis.com\/tunisie\/wp-content\/uploads\/2018\/08\/Fadhel-Abdelkefi.jpg\" \/>\n<meta name=\"author\" content=\"Yusra NY\" \/>\n<meta name=\"twitter:card\" content=\"summary_large_image\" \/>\n<meta name=\"twitter:creator\" content=\"@KapitalisInfo\" \/>\n<meta name=\"twitter:site\" content=\"@KapitalisInfo\" \/>\n<meta name=\"twitter:label1\" content=\"\u00c9crit par\" \/>\n\t<meta name=\"twitter:data1\" content=\"Yusra NY\" \/>\n\t<meta name=\"twitter:label2\" content=\"Dur\u00e9e de lecture estim\u00e9e\" \/>\n\t<meta name=\"twitter:data2\" content=\"1 minute\" \/>\n<script type=\"application\/ld+json\" class=\"yoast-schema-graph\">{\"@context\":\"https:\/\/schema.org\",\"@graph\":[{\"@type\":\"Article\",\"@id\":\"https:\/\/kapitalis.com\/tunisie\/2018\/10\/19\/la-cour-dappel-de-tunis-confirme-la-condamnation-de-fadhel-abdelkefi\/#article\",\"isPartOf\":{\"@id\":\"https:\/\/kapitalis.com\/tunisie\/2018\/10\/19\/la-cour-dappel-de-tunis-confirme-la-condamnation-de-fadhel-abdelkefi\/\"},\"author\":{\"name\":\"Yusra NY\",\"@id\":\"https:\/\/kapitalis.com\/tunisie\/#\/schema\/person\/74bbde0154d49d790a92aaeac5bc01d5\"},\"headline\":\"La cour d\u2019appel de Tunis confirme la condamnation de Fadhel Abdelkefi\",\"datePublished\":\"2018-10-19T17:29:26+00:00\",\"mainEntityOfPage\":{\"@id\":\"https:\/\/kapitalis.com\/tunisie\/2018\/10\/19\/la-cour-dappel-de-tunis-confirme-la-condamnation-de-fadhel-abdelkefi\/\"},\"wordCount\":153,\"commentCount\":1,\"publisher\":{\"@id\":\"https:\/\/kapitalis.com\/tunisie\/#organization\"},\"image\":{\"@id\":\"https:\/\/kapitalis.com\/tunisie\/2018\/10\/19\/la-cour-dappel-de-tunis-confirme-la-condamnation-de-fadhel-abdelkefi\/#primaryimage\"},\"thumbnailUrl\":\"http:\/\/kapitalis.com\/tunisie\/wp-content\/uploads\/2018\/08\/Fadhel-Abdelkefi.jpg\",\"keywords\":[\"cour d'appel\",\"Fadhel Abdelkefi\",\"gouvernement\",\"tribunal de Tunis\"],\"articleSection\":[\"POLITIQUE\",\"Tunisie\"],\"inLanguage\":\"fr-FR\",\"potentialAction\":[{\"@type\":\"CommentAction\",\"name\":\"Comment\",\"target\":[\"https:\/\/kapitalis.com\/tunisie\/2018\/10\/19\/la-cour-dappel-de-tunis-confirme-la-condamnation-de-fadhel-abdelkefi\/#respond\"]}]},{\"@type\":\"WebPage\",\"@id\":\"https:\/\/kapitalis.com\/tunisie\/2018\/10\/19\/la-cour-dappel-de-tunis-confirme-la-condamnation-de-fadhel-abdelkefi\/\",\"url\":\"https:\/\/kapitalis.com\/tunisie\/2018\/10\/19\/la-cour-dappel-de-tunis-confirme-la-condamnation-de-fadhel-abdelkefi\/\",\"name\":\"La cour d\u2019appel de Tunis confirme la condamnation de Fadhel Abdelkefi - Kapitalis\",\"isPartOf\":{\"@id\":\"https:\/\/kapitalis.com\/tunisie\/#website\"},\"primaryImageOfPage\":{\"@id\":\"https:\/\/kapitalis.com\/tunisie\/2018\/10\/19\/la-cour-dappel-de-tunis-confirme-la-condamnation-de-fadhel-abdelkefi\/#primaryimage\"},\"image\":{\"@id\":\"https:\/\/kapitalis.com\/tunisie\/2018\/10\/19\/la-cour-dappel-de-tunis-confirme-la-condamnation-de-fadhel-abdelkefi\/#primaryimage\"},\"thumbnailUrl\":\"http:\/\/kapitalis.com\/tunisie\/wp-content\/uploads\/2018\/08\/Fadhel-Abdelkefi.jpg\",\"datePublished\":\"2018-10-19T17:29:26+00:00\",\"breadcrumb\":{\"@id\":\"https:\/\/kapitalis.com\/tunisie\/2018\/10\/19\/la-cour-dappel-de-tunis-confirme-la-condamnation-de-fadhel-abdelkefi\/#breadcrumb\"},\"inLanguage\":\"fr-FR\",\"potentialAction\":[{\"@type\":\"ReadAction\",\"target\":[\"https:\/\/kapitalis.com\/tunisie\/2018\/10\/19\/la-cour-dappel-de-tunis-confirme-la-condamnation-de-fadhel-abdelkefi\/\"]}]},{\"@type\":\"ImageObject\",\"inLanguage\":\"fr-FR\",\"@id\":\"https:\/\/kapitalis.com\/tunisie\/2018\/10\/19\/la-cour-dappel-de-tunis-confirme-la-condamnation-de-fadhel-abdelkefi\/#primaryimage\",\"url\":\"http:\/\/kapitalis.com\/tunisie\/wp-content\/uploads\/2018\/08\/Fadhel-Abdelkefi.jpg\",\"contentUrl\":\"http:\/\/kapitalis.com\/tunisie\/wp-content\/uploads\/2018\/08\/Fadhel-Abdelkefi.jpg\"},{\"@type\":\"BreadcrumbList\",\"@id\":\"https:\/\/kapitalis.com\/tunisie\/2018\/10\/19\/la-cour-dappel-de-tunis-confirme-la-condamnation-de-fadhel-abdelkefi\/#breadcrumb\",\"itemListElement\":[{\"@type\":\"ListItem\",\"position\":1,\"name\":\"Accueil\",\"item\":\"https:\/\/kapitalis.com\/tunisie\/\"},{\"@type\":\"ListItem\",\"position\":2,\"name\":\"La cour d\u2019appel de Tunis confirme la condamnation de Fadhel Abdelkefi\"}]},{\"@type\":\"WebSite\",\"@id\":\"https:\/\/kapitalis.com\/tunisie\/#website\",\"url\":\"https:\/\/kapitalis.com\/tunisie\/\",\"name\":\"Kapitalis\",\"description\":\"L&#039;actualit\u00e9 en Tunisie et dans le monde\",\"publisher\":{\"@id\":\"https:\/\/kapitalis.com\/tunisie\/#organization\"},\"potentialAction\":[{\"@type\":\"SearchAction\",\"target\":{\"@type\":\"EntryPoint\",\"urlTemplate\":\"https:\/\/kapitalis.com\/tunisie\/?s={search_term_string}\"},\"query-input\":{\"@type\":\"PropertyValueSpecification\",\"valueRequired\":true,\"valueName\":\"search_term_string\"}}],\"inLanguage\":\"fr-FR\"},{\"@type\":\"Organization\",\"@id\":\"https:\/\/kapitalis.com\/tunisie\/#organization\",\"name\":\"Kapitalis\",\"url\":\"https:\/\/kapitalis.com\/tunisie\/\",\"logo\":{\"@type\":\"ImageObject\",\"inLanguage\":\"fr-FR\",\"@id\":\"https:\/\/kapitalis.com\/tunisie\/#\/schema\/logo\/image\/\",\"url\":\"https:\/\/kapitalis.com\/tunisie\/wp-content\/uploads\/2022\/05\/Kapitalis-big-size.png\",\"contentUrl\":\"https:\/\/kapitalis.com\/tunisie\/wp-content\/uploads\/2022\/05\/Kapitalis-big-size.png\",\"width\":5000,\"height\":1500,\"caption\":\"Kapitalis\"},\"image\":{\"@id\":\"https:\/\/kapitalis.com\/tunisie\/#\/schema\/logo\/image\/\"},\"sameAs\":[\"https:\/\/www.facebook.com\/KapitalisInfo\/\",\"https:\/\/x.com\/KapitalisInfo\",\"https:\/\/www.youtube.com\/channel\/UC-yDYrHyfFBWWZaOw3FPg9Q\"]},{\"@type\":\"Person\",\"@id\":\"https:\/\/kapitalis.com\/tunisie\/#\/schema\/person\/74bbde0154d49d790a92aaeac5bc01d5\",\"name\":\"Yusra NY\",\"url\":\"https:\/\/kapitalis.com\/tunisie\/author\/yuza_adam\/\"}]}<\/script>\n<!-- \/ Yoast SEO plugin. -->","yoast_head_json":{"title":"La cour d\u2019appel de Tunis confirme la condamnation de Fadhel Abdelkefi - Kapitalis","robots":{"index":"index","follow":"follow","max-snippet":"max-snippet:-1","max-image-preview":"max-image-preview:large","max-video-preview":"max-video-preview:-1"},"canonical":"https:\/\/kapitalis.com\/tunisie\/2018\/10\/19\/la-cour-dappel-de-tunis-confirme-la-condamnation-de-fadhel-abdelkefi\/","og_locale":"fr_FR","og_type":"article","og_title":"La cour d\u2019appel de Tunis confirme la condamnation de Fadhel Abdelkefi - Kapitalis","og_description":"La cour d\u2019appel de Tunis a confirm\u00e9 aujourd\u2019hui, vendredi 19 octobre 2018, la condamnation de l\u2019ex-ministre de l&rsquo;Investissement et de la Coop\u00e9ration internationale, Fadhel Abdelkefi, prononc\u00e9 le 21 d\u00e9cembre 2017 par le tribunal de premi\u00e8re instance de Tunis, dans une affaire d\u2019infraction douani\u00e8re.","og_url":"https:\/\/kapitalis.com\/tunisie\/2018\/10\/19\/la-cour-dappel-de-tunis-confirme-la-condamnation-de-fadhel-abdelkefi\/","og_site_name":"Kapitalis","article_publisher":"https:\/\/www.facebook.com\/KapitalisInfo\/","article_published_time":"2018-10-19T17:29:26+00:00","og_image":[{"url":"http:\/\/kapitalis.com\/tunisie\/wp-content\/uploads\/2018\/08\/Fadhel-Abdelkefi.jpg","type":"","width":"","height":""}],"author":"Yusra NY","twitter_card":"summary_large_image","twitter_creator":"@KapitalisInfo","twitter_site":"@KapitalisInfo","twitter_misc":{"\u00c9crit par":"Yusra NY","Dur\u00e9e de lecture estim\u00e9e":"1 minute"},"schema":{"@context":"https:\/\/schema.org","@graph":[{"@type":"Article","@id":"https:\/\/kapitalis.com\/tunisie\/2018\/10\/19\/la-cour-dappel-de-tunis-confirme-la-condamnation-de-fadhel-abdelkefi\/#article","isPartOf":{"@id":"https:\/\/kapitalis.com\/tunisie\/2018\/10\/19\/la-cour-dappel-de-tunis-confirme-la-condamnation-de-fadhel-abdelkefi\/"},"author":{"name":"Yusra NY","@id":"https:\/\/kapitalis.com\/tunisie\/#\/schema\/person\/74bbde0154d49d790a92aaeac5bc01d5"},"headline":"La cour d\u2019appel de Tunis confirme la condamnation de Fadhel Abdelkefi","datePublished":"2018-10-19T17:29:26+00:00","mainEntityOfPage":{"@id":"https:\/\/kapitalis.com\/tunisie\/2018\/10\/19\/la-cour-dappel-de-tunis-confirme-la-condamnation-de-fadhel-abdelkefi\/"},"wordCount":153,"commentCount":1,"publisher":{"@id":"https:\/\/kapitalis.com\/tunisie\/#organization"},"image":{"@id":"https:\/\/kapitalis.com\/tunisie\/2018\/10\/19\/la-cour-dappel-de-tunis-confirme-la-condamnation-de-fadhel-abdelkefi\/#primaryimage"},"thumbnailUrl":"http:\/\/kapitalis.com\/tunisie\/wp-content\/uploads\/2018\/08\/Fadhel-Abdelkefi.jpg","keywords":["cour d'appel","Fadhel Abdelkefi","gouvernement","tribunal de Tunis"],"articleSection":["POLITIQUE","Tunisie"],"inLanguage":"fr-FR","potentialAction":[{"@type":"CommentAction","name":"Comment","target":["https:\/\/kapitalis.com\/tunisie\/2018\/10\/19\/la-cour-dappel-de-tunis-confirme-la-condamnation-de-fadhel-abdelkefi\/#respond"]}]},{"@type":"WebPage","@id":"https:\/\/kapitalis.com\/tunisie\/2018\/10\/19\/la-cour-dappel-de-tunis-confirme-la-condamnation-de-fadhel-abdelkefi\/","url":"https:\/\/kapitalis.com\/tunisie\/2018\/10\/19\/la-cour-dappel-de-tunis-confirme-la-condamnation-de-fadhel-abdelkefi\/","name":"La cour d\u2019appel de Tunis confirme la condamnation de Fadhel Abdelkefi - Kapitalis","isPartOf":{"@id":"https:\/\/kapitalis.com\/tunisie\/#website"},"primaryImageOfPage":{"@id":"https:\/\/kapitalis.com\/tunisie\/2018\/10\/19\/la-cour-dappel-de-tunis-confirme-la-condamnation-de-fadhel-abdelkefi\/#primaryimage"},"image":{"@id":"https:\/\/kapitalis.com\/tunisie\/2018\/10\/19\/la-cour-dappel-de-tunis-confirme-la-condamnation-de-fadhel-abdelkefi\/#primaryimage"},"thumbnailUrl":"http:\/\/kapitalis.com\/tunisie\/wp-content\/uploads\/2018\/08\/Fadhel-Abdelkefi.jpg","datePublished":"2018-10-19T17:29:26+00:00","breadcrumb":{"@id":"https:\/\/kapitalis.com\/tunisie\/2018\/10\/19\/la-cour-dappel-de-tunis-confirme-la-condamnation-de-fadhel-abdelkefi\/#breadcrumb"},"inLanguage":"fr-FR","potentialAction":[{"@type":"ReadAction","target":["https:\/\/kapitalis.com\/tunisie\/2018\/10\/19\/la-cour-dappel-de-tunis-confirme-la-condamnation-de-fadhel-abdelkefi\/"]}]},{"@type":"ImageObject","inLanguage":"fr-FR","@id":"https:\/\/kapitalis.com\/tunisie\/2018\/10\/19\/la-cour-dappel-de-tunis-confirme-la-condamnation-de-fadhel-abdelkefi\/#primaryimage","url":"http:\/\/kapitalis.com\/tunisie\/wp-content\/uploads\/2018\/08\/Fadhel-Abdelkefi.jpg","contentUrl":"http:\/\/kapitalis.com\/tunisie\/wp-content\/uploads\/2018\/08\/Fadhel-Abdelkefi.jpg"},{"@type":"BreadcrumbList","@id":"https:\/\/kapitalis.com\/tunisie\/2018\/10\/19\/la-cour-dappel-de-tunis-confirme-la-condamnation-de-fadhel-abdelkefi\/#breadcrumb","itemListElement":[{"@type":"ListItem","position":1,"name":"Accueil","item":"https:\/\/kapitalis.com\/tunisie\/"},{"@type":"ListItem","position":2,"name":"La cour d\u2019appel de Tunis confirme la condamnation de Fadhel Abdelkefi"}]},{"@type":"WebSite","@id":"https:\/\/kapitalis.com\/tunisie\/#website","url":"https:\/\/kapitalis.com\/tunisie\/","name":"Kapitalis","description":"L&#039;actualit\u00e9 en Tunisie et dans le monde","publisher":{"@id":"https:\/\/kapitalis.com\/tunisie\/#organization"},"potentialAction":[{"@type":"SearchAction","target":{"@type":"EntryPoint","urlTemplate":"https:\/\/kapitalis.com\/tunisie\/?s={search_term_string}"},"query-input":{"@type":"PropertyValueSpecification","valueRequired":true,"valueName":"search_term_string"}}],"inLanguage":"fr-FR"},{"@type":"Organization","@id":"https:\/\/kapitalis.com\/tunisie\/#organization","name":"Kapitalis","url":"https:\/\/kapitalis.com\/tunisie\/","logo":{"@type":"ImageObject","inLanguage":"fr-FR","@id":"https:\/\/kapitalis.com\/tunisie\/#\/schema\/logo\/image\/","url":"https:\/\/kapitalis.com\/tunisie\/wp-content\/uploads\/2022\/05\/Kapitalis-big-size.png","contentUrl":"https:\/\/kapitalis.com\/tunisie\/wp-content\/uploads\/2022\/05\/Kapitalis-big-size.png","width":5000,"height":1500,"caption":"Kapitalis"},"image":{"@id":"https:\/\/kapitalis.com\/tunisie\/#\/schema\/logo\/image\/"},"sameAs":["https:\/\/www.facebook.com\/KapitalisInfo\/","https:\/\/x.com\/KapitalisInfo","https:\/\/www.youtube.com\/channel\/UC-yDYrHyfFBWWZaOw3FPg9Q"]},{"@type":"Person","@id":"https:\/\/kapitalis.com\/tunisie\/#\/schema\/person\/74bbde0154d49d790a92aaeac5bc01d5","name":"Yusra NY","url":"https:\/\/kapitalis.com\/tunisie\/author\/yuza_adam\/"}]}},"_links":{"self":[{"href":"https:\/\/kapitalis.com\/tunisie\/wp-json\/wp\/v2\/posts\/179543","targetHints":{"allow":["GET"]}}],"collection":[{"href":"https:\/\/kapitalis.com\/tunisie\/wp-json\/wp\/v2\/posts"}],"about":[{"href":"https:\/\/kapitalis.com\/tunisie\/wp-json\/wp\/v2\/types\/post"}],"author":[{"embeddable":true,"href":"https:\/\/kapitalis.com\/tunisie\/wp-json\/wp\/v2\/users\/6"}],"replies":[{"embeddable":true,"href":"https:\/\/kapitalis.com\/tunisie\/wp-json\/wp\/v2\/comments?post=179543"}],"version-history":[{"count":0,"href":"https:\/\/kapitalis.com\/tunisie\/wp-json\/wp\/v2\/posts\/179543\/revisions"}],"wp:attachment":[{"href":"https:\/\/kapitalis.com\/tunisie\/wp-json\/wp\/v2\/media?parent=179543"}],"wp:term":[{"taxonomy":"category","embeddable":true,"href":"https:\/\/kapitalis.com\/tunisie\/wp-json\/wp\/v2\/categories?post=179543"},{"taxonomy":"post_tag","embeddable":true,"href":"https:\/\/kapitalis.com\/tunisie\/wp-json\/wp\/v2\/tags?post=179543"}],"curies":[{"name":"wp","href":"https:\/\/api.w.org\/{rel}","templated":true}]}}