{"id":1796158,"date":"2022-06-27T07:42:13","date_gmt":"2022-06-27T06:42:13","guid":{"rendered":"https:\/\/kapitalis.com\/tunisie\/?p=1796158"},"modified":"2022-06-27T07:42:15","modified_gmt":"2022-06-27T06:42:15","slug":"tunisie-le-courant-populaire-se-mobilise-en-faveur-du-referendum","status":"publish","type":"post","link":"https:\/\/kapitalis.com\/tunisie\/2022\/06\/27\/tunisie-le-courant-populaire-se-mobilise-en-faveur-du-referendum\/","title":{"rendered":"Tunisie\u00a0: le Courant populaire se mobilise en faveur du r\u00e9f\u00e9rendum"},"content":{"rendered":"\n<p><strong><em>Le Courant populaire (Attayar Chaabi) a appel\u00e9 \u00e0 la mobilisation g\u00e9n\u00e9rale pour inciter les citoyens \u00e0 participer au r\u00e9f\u00e9rendum sur la nouvelle constitution d\u00e9cid\u00e9 par le pr\u00e9sident Ka\u00efs Sa\u00efed pour le 25 juillet, a annonc\u00e9 Mohsen Nebti, porte-parole de ce parti de tendance nationaliste arabe.<\/em><\/strong><\/p>\n\n\n\n<!--more-->\n\n\n\n<p>Dans une d\u00e9claration \u00e0 l&rsquo;agence Tap apr\u00e8s la r\u00e9union du comit\u00e9 central au si\u00e8ge du parti \u00e0 Tunis, Mohsen Nebti a ajout\u00e9 que tous les membres du comit\u00e9 ont appel\u00e9 \u00e0 participer au r\u00e9f\u00e9rendum qui <em>\u00abporte un message fort \u00e0 l\u2019int\u00e9rieur et \u00e0 l&rsquo;\u00e9tranger\u00bb, <\/em>en indiquant que le Courant populaire s&rsquo;est inscrit au r\u00e9f\u00e9rendum aupr\u00e8s de l&rsquo;Instance sup\u00e9rieure ind\u00e9pendante pour les \u00e9lections (Isie) mais n&rsquo;a pas encore d\u00e9cid\u00e9 de voter pour ou contre. La d\u00e9cision d\u00e9pendra du projet de nouvelle constitution, qui sera publi\u00e9 \u00e0 la fin de ce mois, a-t-il soutenu.<\/p>\n\n\n\n<p>On sait cependant que dans leurs interventions m\u00e9diatiques, les dirigeants de ce parti ont souvent soutenu les positions et les d\u00e9cisions du pr\u00e9sident Sa\u00efed. Ils veulent donc juste s\u2019assurer que le texte de la nouvelle constitution ne contiendra pas des \u00e9l\u00e9ments en nette contradiction avec les convictions du parti. &nbsp;&nbsp;<\/p>\n\n\n\n<p>Selon Nebti, le parti annoncera le 2 juillet sa position sur le projet de constitution, ajoutant que la r\u00e9union du comit\u00e9 central a pass\u00e9 en revue la situation g\u00e9n\u00e9rale dans le pays, en soulignant que Courant populaire attend &nbsp;de la nouvelle constitution qu\u2019elle rompe avec le pass\u00e9, garantisse les droits, les libert\u00e9s et les m\u00e9canismes constitutionnels de contr\u00f4le et de participation populaire.<\/p>\n\n\n\n<p>Le comit\u00e9 central a \u00e9galement mis en garde contre le s\u00e9rieux des choix du Fonds mon\u00e9taire international (FMI), appelant \u00e0 identifier des voies de coop\u00e9ration avec les forces \u00e9conomiques \u00e9mergentes.<\/p>\n\n\n\n<p class=\"has-text-align-right\"><strong>I. B.<\/strong><\/p>\n","protected":false},"excerpt":{"rendered":"<p>Le Courant populaire appelle \u00e0 la mobilisation g\u00e9n\u00e9rale pour inciter les citoyens \u00e0 participer au r\u00e9f\u00e9rendum du 25 juillet sur la nouvelle constitution.<\/p>\n","protected":false},"author":8,"featured_media":1796225,"comment_status":"open","ping_status":"open","sticky":false,"template":"","format":"standard","meta":{"footnotes":""},"categories":[997,2433],"tags":[100951,3079,499,76012,100952,100059,99694,62643],"class_list":["post-1796158","post","type-post","status-publish","format-standard","has-post-thumbnail","hentry","category-politique","category-tunisie","tag-attayar-chaabi-2","tag-courant-populaire","tag-isie","tag-kais-saied-2","tag-mohsen-nebti","tag-nouvelle-constitution","tag-referendum-du-25-juillet","tag-tunisie"],"yoast_head":"<!-- This site is optimized with the Yoast SEO plugin v26.6 - https:\/\/yoast.com\/wordpress\/plugins\/seo\/ -->\n<title>Tunisie\u00a0: le Courant populaire se mobilise en faveur du r\u00e9f\u00e9rendum - Kapitalis<\/title>\n<meta name=\"robots\" content=\"index, follow, max-snippet:-1, max-image-preview:large, max-video-preview:-1\" \/>\n<link rel=\"canonical\" href=\"https:\/\/kapitalis.com\/tunisie\/2022\/06\/27\/tunisie-le-courant-populaire-se-mobilise-en-faveur-du-referendum\/\" \/>\n<meta property=\"og:locale\" content=\"fr_FR\" \/>\n<meta property=\"og:type\" content=\"article\" \/>\n<meta property=\"og:title\" content=\"Tunisie\u00a0: le Courant populaire se mobilise en faveur du r\u00e9f\u00e9rendum - Kapitalis\" \/>\n<meta property=\"og:description\" content=\"Le Courant populaire appelle \u00e0 la mobilisation g\u00e9n\u00e9rale pour inciter les citoyens \u00e0 participer au r\u00e9f\u00e9rendum du 25 juillet sur la nouvelle constitution.\" \/>\n<meta property=\"og:url\" content=\"https:\/\/kapitalis.com\/tunisie\/2022\/06\/27\/tunisie-le-courant-populaire-se-mobilise-en-faveur-du-referendum\/\" \/>\n<meta property=\"og:site_name\" content=\"Kapitalis\" \/>\n<meta property=\"article:publisher\" content=\"https:\/\/www.facebook.com\/KapitalisInfo\/\" \/>\n<meta property=\"article:published_time\" content=\"2022-06-27T06:42:13+00:00\" \/>\n<meta property=\"article:modified_time\" content=\"2022-06-27T06:42:15+00:00\" \/>\n<meta property=\"og:image\" content=\"https:\/\/kapitalis.com\/tunisie\/wp-content\/uploads\/2022\/06\/Mohsen-Nebti.jpg\" \/>\n\t<meta property=\"og:image:width\" content=\"1200\" \/>\n\t<meta property=\"og:image:height\" content=\"630\" \/>\n\t<meta property=\"og:image:type\" content=\"image\/jpeg\" \/>\n<meta name=\"author\" content=\"webmaster kapitalis\" \/>\n<meta name=\"twitter:card\" content=\"summary_large_image\" \/>\n<meta name=\"twitter:creator\" content=\"@KapitalisInfo\" \/>\n<meta name=\"twitter:site\" content=\"@KapitalisInfo\" \/>\n<meta name=\"twitter:label1\" content=\"\u00c9crit par\" \/>\n\t<meta name=\"twitter:data1\" content=\"webmaster kapitalis\" \/>\n\t<meta name=\"twitter:label2\" content=\"Dur\u00e9e de lecture estim\u00e9e\" \/>\n\t<meta name=\"twitter:data2\" content=\"2 minutes\" \/>\n<script type=\"application\/ld+json\" class=\"yoast-schema-graph\">{\"@context\":\"https:\/\/schema.org\",\"@graph\":[{\"@type\":\"Article\",\"@id\":\"https:\/\/kapitalis.com\/tunisie\/2022\/06\/27\/tunisie-le-courant-populaire-se-mobilise-en-faveur-du-referendum\/#article\",\"isPartOf\":{\"@id\":\"https:\/\/kapitalis.com\/tunisie\/2022\/06\/27\/tunisie-le-courant-populaire-se-mobilise-en-faveur-du-referendum\/\"},\"author\":{\"name\":\"webmaster kapitalis\",\"@id\":\"https:\/\/kapitalis.com\/tunisie\/#\/schema\/person\/d71f33a9ca44f7bad4698210b480c8e9\"},\"headline\":\"Tunisie\u00a0: le Courant populaire se mobilise en faveur du r\u00e9f\u00e9rendum\",\"datePublished\":\"2022-06-27T06:42:13+00:00\",\"dateModified\":\"2022-06-27T06:42:15+00:00\",\"mainEntityOfPage\":{\"@id\":\"https:\/\/kapitalis.com\/tunisie\/2022\/06\/27\/tunisie-le-courant-populaire-se-mobilise-en-faveur-du-referendum\/\"},\"wordCount\":325,\"commentCount\":2,\"publisher\":{\"@id\":\"https:\/\/kapitalis.com\/tunisie\/#organization\"},\"image\":{\"@id\":\"https:\/\/kapitalis.com\/tunisie\/2022\/06\/27\/tunisie-le-courant-populaire-se-mobilise-en-faveur-du-referendum\/#primaryimage\"},\"thumbnailUrl\":\"https:\/\/kapitalis.com\/tunisie\/wp-content\/uploads\/2022\/06\/Mohsen-Nebti.jpg\",\"keywords\":[\"Attayar Chaabi\",\"Courant populaire\",\"Isie\",\"Ka\u00efs Sa\u00efed\",\"Mohsen Nebti\",\"nouvelle constitution\",\"r\u00e9f\u00e9rendum du 25 juillet\",\"Tunisie\"],\"articleSection\":[\"POLITIQUE\",\"Tunisie\"],\"inLanguage\":\"fr-FR\",\"potentialAction\":[{\"@type\":\"CommentAction\",\"name\":\"Comment\",\"target\":[\"https:\/\/kapitalis.com\/tunisie\/2022\/06\/27\/tunisie-le-courant-populaire-se-mobilise-en-faveur-du-referendum\/#respond\"]}]},{\"@type\":\"WebPage\",\"@id\":\"https:\/\/kapitalis.com\/tunisie\/2022\/06\/27\/tunisie-le-courant-populaire-se-mobilise-en-faveur-du-referendum\/\",\"url\":\"https:\/\/kapitalis.com\/tunisie\/2022\/06\/27\/tunisie-le-courant-populaire-se-mobilise-en-faveur-du-referendum\/\",\"name\":\"Tunisie\u00a0: le Courant populaire se mobilise en faveur du r\u00e9f\u00e9rendum - Kapitalis\",\"isPartOf\":{\"@id\":\"https:\/\/kapitalis.com\/tunisie\/#website\"},\"primaryImageOfPage\":{\"@id\":\"https:\/\/kapitalis.com\/tunisie\/2022\/06\/27\/tunisie-le-courant-populaire-se-mobilise-en-faveur-du-referendum\/#primaryimage\"},\"image\":{\"@id\":\"https:\/\/kapitalis.com\/tunisie\/2022\/06\/27\/tunisie-le-courant-populaire-se-mobilise-en-faveur-du-referendum\/#primaryimage\"},\"thumbnailUrl\":\"https:\/\/kapitalis.com\/tunisie\/wp-content\/uploads\/2022\/06\/Mohsen-Nebti.jpg\",\"datePublished\":\"2022-06-27T06:42:13+00:00\",\"dateModified\":\"2022-06-27T06:42:15+00:00\",\"breadcrumb\":{\"@id\":\"https:\/\/kapitalis.com\/tunisie\/2022\/06\/27\/tunisie-le-courant-populaire-se-mobilise-en-faveur-du-referendum\/#breadcrumb\"},\"inLanguage\":\"fr-FR\",\"potentialAction\":[{\"@type\":\"ReadAction\",\"target\":[\"https:\/\/kapitalis.com\/tunisie\/2022\/06\/27\/tunisie-le-courant-populaire-se-mobilise-en-faveur-du-referendum\/\"]}]},{\"@type\":\"ImageObject\",\"inLanguage\":\"fr-FR\",\"@id\":\"https:\/\/kapitalis.com\/tunisie\/2022\/06\/27\/tunisie-le-courant-populaire-se-mobilise-en-faveur-du-referendum\/#primaryimage\",\"url\":\"https:\/\/kapitalis.com\/tunisie\/wp-content\/uploads\/2022\/06\/Mohsen-Nebti.jpg\",\"contentUrl\":\"https:\/\/kapitalis.com\/tunisie\/wp-content\/uploads\/2022\/06\/Mohsen-Nebti.jpg\",\"width\":1200,\"height\":630},{\"@type\":\"BreadcrumbList\",\"@id\":\"https:\/\/kapitalis.com\/tunisie\/2022\/06\/27\/tunisie-le-courant-populaire-se-mobilise-en-faveur-du-referendum\/#breadcrumb\",\"itemListElement\":[{\"@type\":\"ListItem\",\"position\":1,\"name\":\"Accueil\",\"item\":\"https:\/\/kapitalis.com\/tunisie\/\"},{\"@type\":\"ListItem\",\"position\":2,\"name\":\"Tunisie\u00a0: le Courant populaire se mobilise en faveur du r\u00e9f\u00e9rendum\"}]},{\"@type\":\"WebSite\",\"@id\":\"https:\/\/kapitalis.com\/tunisie\/#website\",\"url\":\"https:\/\/kapitalis.com\/tunisie\/\",\"name\":\"Kapitalis\",\"description\":\"L&#039;actualit\u00e9 en Tunisie et dans le monde\",\"publisher\":{\"@id\":\"https:\/\/kapitalis.com\/tunisie\/#organization\"},\"potentialAction\":[{\"@type\":\"SearchAction\",\"target\":{\"@type\":\"EntryPoint\",\"urlTemplate\":\"https:\/\/kapitalis.com\/tunisie\/?s={search_term_string}\"},\"query-input\":{\"@type\":\"PropertyValueSpecification\",\"valueRequired\":true,\"valueName\":\"search_term_string\"}}],\"inLanguage\":\"fr-FR\"},{\"@type\":\"Organization\",\"@id\":\"https:\/\/kapitalis.com\/tunisie\/#organization\",\"name\":\"Kapitalis\",\"url\":\"https:\/\/kapitalis.com\/tunisie\/\",\"logo\":{\"@type\":\"ImageObject\",\"inLanguage\":\"fr-FR\",\"@id\":\"https:\/\/kapitalis.com\/tunisie\/#\/schema\/logo\/image\/\",\"url\":\"https:\/\/kapitalis.com\/tunisie\/wp-content\/uploads\/2022\/05\/Kapitalis-big-size.png\",\"contentUrl\":\"https:\/\/kapitalis.com\/tunisie\/wp-content\/uploads\/2022\/05\/Kapitalis-big-size.png\",\"width\":5000,\"height\":1500,\"caption\":\"Kapitalis\"},\"image\":{\"@id\":\"https:\/\/kapitalis.com\/tunisie\/#\/schema\/logo\/image\/\"},\"sameAs\":[\"https:\/\/www.facebook.com\/KapitalisInfo\/\",\"https:\/\/x.com\/KapitalisInfo\",\"https:\/\/www.youtube.com\/channel\/UC-yDYrHyfFBWWZaOw3FPg9Q\"]},{\"@type\":\"Person\",\"@id\":\"https:\/\/kapitalis.com\/tunisie\/#\/schema\/person\/d71f33a9ca44f7bad4698210b480c8e9\",\"name\":\"webmaster kapitalis\",\"url\":\"https:\/\/kapitalis.com\/tunisie\/author\/webmaster-kapitalis\/\"}]}<\/script>\n<!-- \/ Yoast SEO plugin. -->","yoast_head_json":{"title":"Tunisie\u00a0: le Courant populaire se mobilise en faveur du r\u00e9f\u00e9rendum - Kapitalis","robots":{"index":"index","follow":"follow","max-snippet":"max-snippet:-1","max-image-preview":"max-image-preview:large","max-video-preview":"max-video-preview:-1"},"canonical":"https:\/\/kapitalis.com\/tunisie\/2022\/06\/27\/tunisie-le-courant-populaire-se-mobilise-en-faveur-du-referendum\/","og_locale":"fr_FR","og_type":"article","og_title":"Tunisie\u00a0: le Courant populaire se mobilise en faveur du r\u00e9f\u00e9rendum - Kapitalis","og_description":"Le Courant populaire appelle \u00e0 la mobilisation g\u00e9n\u00e9rale pour inciter les citoyens \u00e0 participer au r\u00e9f\u00e9rendum du 25 juillet sur la nouvelle constitution.","og_url":"https:\/\/kapitalis.com\/tunisie\/2022\/06\/27\/tunisie-le-courant-populaire-se-mobilise-en-faveur-du-referendum\/","og_site_name":"Kapitalis","article_publisher":"https:\/\/www.facebook.com\/KapitalisInfo\/","article_published_time":"2022-06-27T06:42:13+00:00","article_modified_time":"2022-06-27T06:42:15+00:00","og_image":[{"width":1200,"height":630,"url":"https:\/\/kapitalis.com\/tunisie\/wp-content\/uploads\/2022\/06\/Mohsen-Nebti.jpg","type":"image\/jpeg"}],"author":"webmaster kapitalis","twitter_card":"summary_large_image","twitter_creator":"@KapitalisInfo","twitter_site":"@KapitalisInfo","twitter_misc":{"\u00c9crit par":"webmaster kapitalis","Dur\u00e9e de lecture estim\u00e9e":"2 minutes"},"schema":{"@context":"https:\/\/schema.org","@graph":[{"@type":"Article","@id":"https:\/\/kapitalis.com\/tunisie\/2022\/06\/27\/tunisie-le-courant-populaire-se-mobilise-en-faveur-du-referendum\/#article","isPartOf":{"@id":"https:\/\/kapitalis.com\/tunisie\/2022\/06\/27\/tunisie-le-courant-populaire-se-mobilise-en-faveur-du-referendum\/"},"author":{"name":"webmaster kapitalis","@id":"https:\/\/kapitalis.com\/tunisie\/#\/schema\/person\/d71f33a9ca44f7bad4698210b480c8e9"},"headline":"Tunisie\u00a0: le Courant populaire se mobilise en faveur du r\u00e9f\u00e9rendum","datePublished":"2022-06-27T06:42:13+00:00","dateModified":"2022-06-27T06:42:15+00:00","mainEntityOfPage":{"@id":"https:\/\/kapitalis.com\/tunisie\/2022\/06\/27\/tunisie-le-courant-populaire-se-mobilise-en-faveur-du-referendum\/"},"wordCount":325,"commentCount":2,"publisher":{"@id":"https:\/\/kapitalis.com\/tunisie\/#organization"},"image":{"@id":"https:\/\/kapitalis.com\/tunisie\/2022\/06\/27\/tunisie-le-courant-populaire-se-mobilise-en-faveur-du-referendum\/#primaryimage"},"thumbnailUrl":"https:\/\/kapitalis.com\/tunisie\/wp-content\/uploads\/2022\/06\/Mohsen-Nebti.jpg","keywords":["Attayar Chaabi","Courant populaire","Isie","Ka\u00efs Sa\u00efed","Mohsen Nebti","nouvelle constitution","r\u00e9f\u00e9rendum du 25 juillet","Tunisie"],"articleSection":["POLITIQUE","Tunisie"],"inLanguage":"fr-FR","potentialAction":[{"@type":"CommentAction","name":"Comment","target":["https:\/\/kapitalis.com\/tunisie\/2022\/06\/27\/tunisie-le-courant-populaire-se-mobilise-en-faveur-du-referendum\/#respond"]}]},{"@type":"WebPage","@id":"https:\/\/kapitalis.com\/tunisie\/2022\/06\/27\/tunisie-le-courant-populaire-se-mobilise-en-faveur-du-referendum\/","url":"https:\/\/kapitalis.com\/tunisie\/2022\/06\/27\/tunisie-le-courant-populaire-se-mobilise-en-faveur-du-referendum\/","name":"Tunisie\u00a0: le Courant populaire se mobilise en faveur du r\u00e9f\u00e9rendum - Kapitalis","isPartOf":{"@id":"https:\/\/kapitalis.com\/tunisie\/#website"},"primaryImageOfPage":{"@id":"https:\/\/kapitalis.com\/tunisie\/2022\/06\/27\/tunisie-le-courant-populaire-se-mobilise-en-faveur-du-referendum\/#primaryimage"},"image":{"@id":"https:\/\/kapitalis.com\/tunisie\/2022\/06\/27\/tunisie-le-courant-populaire-se-mobilise-en-faveur-du-referendum\/#primaryimage"},"thumbnailUrl":"https:\/\/kapitalis.com\/tunisie\/wp-content\/uploads\/2022\/06\/Mohsen-Nebti.jpg","datePublished":"2022-06-27T06:42:13+00:00","dateModified":"2022-06-27T06:42:15+00:00","breadcrumb":{"@id":"https:\/\/kapitalis.com\/tunisie\/2022\/06\/27\/tunisie-le-courant-populaire-se-mobilise-en-faveur-du-referendum\/#breadcrumb"},"inLanguage":"fr-FR","potentialAction":[{"@type":"ReadAction","target":["https:\/\/kapitalis.com\/tunisie\/2022\/06\/27\/tunisie-le-courant-populaire-se-mobilise-en-faveur-du-referendum\/"]}]},{"@type":"ImageObject","inLanguage":"fr-FR","@id":"https:\/\/kapitalis.com\/tunisie\/2022\/06\/27\/tunisie-le-courant-populaire-se-mobilise-en-faveur-du-referendum\/#primaryimage","url":"https:\/\/kapitalis.com\/tunisie\/wp-content\/uploads\/2022\/06\/Mohsen-Nebti.jpg","contentUrl":"https:\/\/kapitalis.com\/tunisie\/wp-content\/uploads\/2022\/06\/Mohsen-Nebti.jpg","width":1200,"height":630},{"@type":"BreadcrumbList","@id":"https:\/\/kapitalis.com\/tunisie\/2022\/06\/27\/tunisie-le-courant-populaire-se-mobilise-en-faveur-du-referendum\/#breadcrumb","itemListElement":[{"@type":"ListItem","position":1,"name":"Accueil","item":"https:\/\/kapitalis.com\/tunisie\/"},{"@type":"ListItem","position":2,"name":"Tunisie\u00a0: le Courant populaire se mobilise en faveur du r\u00e9f\u00e9rendum"}]},{"@type":"WebSite","@id":"https:\/\/kapitalis.com\/tunisie\/#website","url":"https:\/\/kapitalis.com\/tunisie\/","name":"Kapitalis","description":"L&#039;actualit\u00e9 en Tunisie et dans le monde","publisher":{"@id":"https:\/\/kapitalis.com\/tunisie\/#organization"},"potentialAction":[{"@type":"SearchAction","target":{"@type":"EntryPoint","urlTemplate":"https:\/\/kapitalis.com\/tunisie\/?s={search_term_string}"},"query-input":{"@type":"PropertyValueSpecification","valueRequired":true,"valueName":"search_term_string"}}],"inLanguage":"fr-FR"},{"@type":"Organization","@id":"https:\/\/kapitalis.com\/tunisie\/#organization","name":"Kapitalis","url":"https:\/\/kapitalis.com\/tunisie\/","logo":{"@type":"ImageObject","inLanguage":"fr-FR","@id":"https:\/\/kapitalis.com\/tunisie\/#\/schema\/logo\/image\/","url":"https:\/\/kapitalis.com\/tunisie\/wp-content\/uploads\/2022\/05\/Kapitalis-big-size.png","contentUrl":"https:\/\/kapitalis.com\/tunisie\/wp-content\/uploads\/2022\/05\/Kapitalis-big-size.png","width":5000,"height":1500,"caption":"Kapitalis"},"image":{"@id":"https:\/\/kapitalis.com\/tunisie\/#\/schema\/logo\/image\/"},"sameAs":["https:\/\/www.facebook.com\/KapitalisInfo\/","https:\/\/x.com\/KapitalisInfo","https:\/\/www.youtube.com\/channel\/UC-yDYrHyfFBWWZaOw3FPg9Q"]},{"@type":"Person","@id":"https:\/\/kapitalis.com\/tunisie\/#\/schema\/person\/d71f33a9ca44f7bad4698210b480c8e9","name":"webmaster kapitalis","url":"https:\/\/kapitalis.com\/tunisie\/author\/webmaster-kapitalis\/"}]}},"_links":{"self":[{"href":"https:\/\/kapitalis.com\/tunisie\/wp-json\/wp\/v2\/posts\/1796158","targetHints":{"allow":["GET"]}}],"collection":[{"href":"https:\/\/kapitalis.com\/tunisie\/wp-json\/wp\/v2\/posts"}],"about":[{"href":"https:\/\/kapitalis.com\/tunisie\/wp-json\/wp\/v2\/types\/post"}],"author":[{"embeddable":true,"href":"https:\/\/kapitalis.com\/tunisie\/wp-json\/wp\/v2\/users\/8"}],"replies":[{"embeddable":true,"href":"https:\/\/kapitalis.com\/tunisie\/wp-json\/wp\/v2\/comments?post=1796158"}],"version-history":[{"count":0,"href":"https:\/\/kapitalis.com\/tunisie\/wp-json\/wp\/v2\/posts\/1796158\/revisions"}],"wp:featuredmedia":[{"embeddable":true,"href":"https:\/\/kapitalis.com\/tunisie\/wp-json\/wp\/v2\/media\/1796225"}],"wp:attachment":[{"href":"https:\/\/kapitalis.com\/tunisie\/wp-json\/wp\/v2\/media?parent=1796158"}],"wp:term":[{"taxonomy":"category","embeddable":true,"href":"https:\/\/kapitalis.com\/tunisie\/wp-json\/wp\/v2\/categories?post=1796158"},{"taxonomy":"post_tag","embeddable":true,"href":"https:\/\/kapitalis.com\/tunisie\/wp-json\/wp\/v2\/tags?post=1796158"}],"curies":[{"name":"wp","href":"https:\/\/api.w.org\/{rel}","templated":true}]}}