{"id":179826,"date":"2018-10-22T11:21:25","date_gmt":"2018-10-22T10:21:25","guid":{"rendered":"http:\/\/kapitalis.com\/tunisie\/?p=179826"},"modified":"2018-10-22T11:27:44","modified_gmt":"2018-10-22T10:27:44","slug":"le-bloc-coalition-nationale-demande-une-rencontre-avec-youssef-chahed","status":"publish","type":"post","link":"https:\/\/kapitalis.com\/tunisie\/2018\/10\/22\/le-bloc-coalition-nationale-demande-une-rencontre-avec-youssef-chahed\/","title":{"rendered":"Le bloc Coalition nationale demande une rencontre avec Youssef Chahed"},"content":{"rendered":"<p style=\"text-align: center;\"><img loading=\"lazy\" decoding=\"async\" class=\"alignnone size-full wp-image-174270\" src=\"http:\/\/kapitalis.com\/tunisie\/wp-content\/uploads\/2018\/09\/D\u00e9put\u00e9s-du-bloc-de-la-Coalition-nationale.jpg\" alt=\"\" width=\"626\" height=\"380\" \/><\/p>\n<p><em><strong>Le bloc parlementaire de la Coalition nationale a annonc\u00e9 qu&rsquo;un accord de principe a \u00e9t\u00e9 trouv\u00e9 avec celui d&rsquo;Al-Horra (Machrou Tounes) pour un \u00e9ventuel consensus politique.<\/strong><\/em><!--more--><\/p>\n<p>Mustapha Ben Ahmed, pr\u00e9sident de la Coalition nationale, a fait part, dans un communiqu\u00e9 publi\u00e9 hier, dimanche 21 octobre 2018, de sa satisfaction apr\u00e8s l&rsquo;annulation de la gr\u00e8ve g\u00e9n\u00e9rale dans le secteur et la fonction publics suite \u00e0 un accord trouv\u00e9 entre le gouvernement et l&rsquo;Union g\u00e9n\u00e9rale tunisienne du travail (UGTT).<\/p>\n<p>Ce bloc, qui soutient le gouvernement Chahed, souligne, par ailleurs, la n\u00e9cessit\u00e9 de nommer les membres restants de la Cour constitutionnelle et de trouver une solution \u00e0 la crise de l&rsquo;Instance sup\u00e9rieure ind\u00e9pendante des \u00e9lections (Isie), qui n&rsquo;a pas de pr\u00e9sident depuis la d\u00e9mission de Mohamed Tlili Mansri.<\/p>\n<p>Sur un autre plan, les d\u00e9put\u00e9s de la Coalition nationale d\u00e9noncent la d\u00e9marche s\u00e9lective de l&rsquo;Instance v\u00e9rit\u00e9 et dignit\u00e9 (IVD), pr\u00e9sid\u00e9e par Sihem Bensedrine, par allusion \u00e0 l&rsquo;interdiction de voyage \u00e9mise par le tribunal de premi\u00e8re instance de Tunis \u00e0 l&rsquo;encontre d&rsquo;Ahmed Fria\u00e2, ancien ministre de l&rsquo;Int\u00e9rieur sous Ben Ali, et ce \u00e0 la demande de cette instance.<\/p>\n<p>Le communiqu\u00e9 pr\u00e9cise que les membres de la Coalition nationale ont demand\u00e9 une rencontre avec le chef du gouvernement, Youssef Chahed, pour discuter de la situation sociale, \u00e9conomique et politique dans le pays.<\/p>\n<p style=\"text-align: right;\"><strong>E. B. A.<\/strong><\/p>\n<blockquote class=\"wp-embedded-content\" data-secret=\"UHY8u7pIIo\"><p><a href=\"https:\/\/kapitalis.com\/tunisie\/2018\/03\/27\/jalled-bensedrine-ne-respectera-pas-la-decision-de-lassemblee\/\">Jalled : Bensedrine ne respectera pas la d\u00e9cision de l&rsquo;Assembl\u00e9e<\/a><\/p><\/blockquote>\n<p><iframe loading=\"lazy\" class=\"wp-embedded-content\" sandbox=\"allow-scripts\" security=\"restricted\" style=\"position: absolute; clip: rect(1px, 1px, 1px, 1px);\" title=\"\u00ab\u00a0Jalled : Bensedrine ne respectera pas la d\u00e9cision de l&rsquo;Assembl\u00e9e\u00a0\u00bb &#8212; Kapitalis\" src=\"https:\/\/kapitalis.com\/tunisie\/2018\/03\/27\/jalled-bensedrine-ne-respectera-pas-la-decision-de-lassemblee\/embed\/#?secret=UHEKh99vBV#?secret=UHY8u7pIIo\" data-secret=\"UHY8u7pIIo\" width=\"600\" height=\"338\" frameborder=\"0\" marginwidth=\"0\" marginheight=\"0\" scrolling=\"no\"><\/iframe><\/p>\n<blockquote class=\"wp-embedded-content\" data-secret=\"FKPvRUjpkK\"><p><a href=\"https:\/\/kapitalis.com\/tunisie\/2018\/10\/22\/mabrouk-korchid-juger-une-nouvelle-fois-ahmed-friaa-est-une-grave-erreur\/\">Mabrouk Korchid : Juger une nouvelle fois Ahmed Fria\u00e2 est une grave erreur<\/a><\/p><\/blockquote>\n<p><iframe loading=\"lazy\" class=\"wp-embedded-content\" sandbox=\"allow-scripts\" security=\"restricted\" style=\"position: absolute; clip: rect(1px, 1px, 1px, 1px);\" title=\"\u00ab\u00a0Mabrouk Korchid : Juger une nouvelle fois Ahmed Fria\u00e2 est une grave erreur\u00a0\u00bb &#8212; Kapitalis\" src=\"https:\/\/kapitalis.com\/tunisie\/2018\/10\/22\/mabrouk-korchid-juger-une-nouvelle-fois-ahmed-friaa-est-une-grave-erreur\/embed\/#?secret=TIeUrUQ5cA#?secret=FKPvRUjpkK\" data-secret=\"FKPvRUjpkK\" width=\"600\" height=\"338\" frameborder=\"0\" marginwidth=\"0\" marginheight=\"0\" scrolling=\"no\"><\/iframe><\/p>\n<p>&nbsp;<\/p>\n","protected":false},"excerpt":{"rendered":"<p>Le bloc parlementaire de la Coalition nationale a annonc\u00e9 qu&rsquo;un accord de principe a \u00e9t\u00e9 trouv\u00e9 avec celui d&rsquo;Al-Horra (Machrou Tounes) pour un \u00e9ventuel consensus politique.<\/p>\n","protected":false},"author":16,"featured_media":0,"comment_status":"open","ping_status":"open","sticky":false,"template":"","format":"standard","meta":{"footnotes":""},"categories":[997,2433],"tags":[9307,12815,50143,16728,10375,1793,936],"class_list":["post-179826","post","type-post","status-publish","format-standard","hentry","category-politique","category-tunisie","tag-ahmed-friaa","tag-al-horra","tag-coalition-nationale","tag-machrou-tounes","tag-mustapha-ben-ahmed","tag-sihem-bensedrine","tag-ugtt"],"yoast_head":"<!-- This site is optimized with the Yoast SEO plugin v26.6 - https:\/\/yoast.com\/wordpress\/plugins\/seo\/ -->\n<title>Le bloc Coalition nationale demande une rencontre avec Youssef Chahed - Kapitalis<\/title>\n<meta name=\"robots\" content=\"index, follow, max-snippet:-1, max-image-preview:large, max-video-preview:-1\" \/>\n<link rel=\"canonical\" href=\"https:\/\/kapitalis.com\/tunisie\/2018\/10\/22\/le-bloc-coalition-nationale-demande-une-rencontre-avec-youssef-chahed\/\" \/>\n<meta property=\"og:locale\" content=\"fr_FR\" \/>\n<meta property=\"og:type\" content=\"article\" \/>\n<meta property=\"og:title\" content=\"Le bloc Coalition nationale demande une rencontre avec Youssef Chahed - Kapitalis\" \/>\n<meta property=\"og:description\" content=\"Le bloc parlementaire de la Coalition nationale a annonc\u00e9 qu&rsquo;un accord de principe a \u00e9t\u00e9 trouv\u00e9 avec celui d&rsquo;Al-Horra (Machrou Tounes) pour un \u00e9ventuel consensus politique.\" \/>\n<meta property=\"og:url\" content=\"https:\/\/kapitalis.com\/tunisie\/2018\/10\/22\/le-bloc-coalition-nationale-demande-une-rencontre-avec-youssef-chahed\/\" \/>\n<meta property=\"og:site_name\" content=\"Kapitalis\" \/>\n<meta property=\"article:publisher\" content=\"https:\/\/www.facebook.com\/KapitalisInfo\/\" \/>\n<meta property=\"article:published_time\" content=\"2018-10-22T10:21:25+00:00\" \/>\n<meta property=\"article:modified_time\" content=\"2018-10-22T10:27:44+00:00\" \/>\n<meta property=\"og:image\" content=\"https:\/\/kapitalis.com\/tunisie\/wp-content\/uploads\/2022\/05\/kapitalis-logo-fb.png\" \/>\n\t<meta property=\"og:image:width\" content=\"1200\" \/>\n\t<meta property=\"og:image:height\" content=\"630\" \/>\n\t<meta property=\"og:image:type\" content=\"image\/png\" \/>\n<meta name=\"author\" content=\"emna benabdallah\" \/>\n<meta name=\"twitter:card\" content=\"summary_large_image\" \/>\n<meta name=\"twitter:creator\" content=\"@KapitalisInfo\" \/>\n<meta name=\"twitter:site\" content=\"@KapitalisInfo\" \/>\n<meta name=\"twitter:label1\" content=\"\u00c9crit par\" \/>\n\t<meta name=\"twitter:data1\" content=\"emna benabdallah\" \/>\n\t<meta name=\"twitter:label2\" content=\"Dur\u00e9e de lecture estim\u00e9e\" \/>\n\t<meta name=\"twitter:data2\" content=\"1 minute\" \/>\n<script type=\"application\/ld+json\" class=\"yoast-schema-graph\">{\"@context\":\"https:\/\/schema.org\",\"@graph\":[{\"@type\":\"Article\",\"@id\":\"https:\/\/kapitalis.com\/tunisie\/2018\/10\/22\/le-bloc-coalition-nationale-demande-une-rencontre-avec-youssef-chahed\/#article\",\"isPartOf\":{\"@id\":\"https:\/\/kapitalis.com\/tunisie\/2018\/10\/22\/le-bloc-coalition-nationale-demande-une-rencontre-avec-youssef-chahed\/\"},\"author\":{\"name\":\"emna benabdallah\",\"@id\":\"https:\/\/kapitalis.com\/tunisie\/#\/schema\/person\/2c6e134b2f3369dffcd1daf5f087d28b\"},\"headline\":\"Le bloc Coalition nationale demande une rencontre avec Youssef Chahed\",\"datePublished\":\"2018-10-22T10:21:25+00:00\",\"dateModified\":\"2018-10-22T10:27:44+00:00\",\"mainEntityOfPage\":{\"@id\":\"https:\/\/kapitalis.com\/tunisie\/2018\/10\/22\/le-bloc-coalition-nationale-demande-une-rencontre-avec-youssef-chahed\/\"},\"wordCount\":256,\"commentCount\":0,\"publisher\":{\"@id\":\"https:\/\/kapitalis.com\/tunisie\/#organization\"},\"keywords\":[\"Ahmed Friaa\",\"Al Horra\",\"Coalition nationale\",\"Machrou Tounes\",\"Mustapha Ben Ahmed\",\"Sihem Bensedrine\",\"UGTT\"],\"articleSection\":[\"POLITIQUE\",\"Tunisie\"],\"inLanguage\":\"fr-FR\",\"potentialAction\":[{\"@type\":\"CommentAction\",\"name\":\"Comment\",\"target\":[\"https:\/\/kapitalis.com\/tunisie\/2018\/10\/22\/le-bloc-coalition-nationale-demande-une-rencontre-avec-youssef-chahed\/#respond\"]}]},{\"@type\":\"WebPage\",\"@id\":\"https:\/\/kapitalis.com\/tunisie\/2018\/10\/22\/le-bloc-coalition-nationale-demande-une-rencontre-avec-youssef-chahed\/\",\"url\":\"https:\/\/kapitalis.com\/tunisie\/2018\/10\/22\/le-bloc-coalition-nationale-demande-une-rencontre-avec-youssef-chahed\/\",\"name\":\"Le bloc Coalition nationale demande une rencontre avec Youssef Chahed - Kapitalis\",\"isPartOf\":{\"@id\":\"https:\/\/kapitalis.com\/tunisie\/#website\"},\"datePublished\":\"2018-10-22T10:21:25+00:00\",\"dateModified\":\"2018-10-22T10:27:44+00:00\",\"breadcrumb\":{\"@id\":\"https:\/\/kapitalis.com\/tunisie\/2018\/10\/22\/le-bloc-coalition-nationale-demande-une-rencontre-avec-youssef-chahed\/#breadcrumb\"},\"inLanguage\":\"fr-FR\",\"potentialAction\":[{\"@type\":\"ReadAction\",\"target\":[\"https:\/\/kapitalis.com\/tunisie\/2018\/10\/22\/le-bloc-coalition-nationale-demande-une-rencontre-avec-youssef-chahed\/\"]}]},{\"@type\":\"BreadcrumbList\",\"@id\":\"https:\/\/kapitalis.com\/tunisie\/2018\/10\/22\/le-bloc-coalition-nationale-demande-une-rencontre-avec-youssef-chahed\/#breadcrumb\",\"itemListElement\":[{\"@type\":\"ListItem\",\"position\":1,\"name\":\"Accueil\",\"item\":\"https:\/\/kapitalis.com\/tunisie\/\"},{\"@type\":\"ListItem\",\"position\":2,\"name\":\"Le bloc Coalition nationale demande une rencontre avec Youssef Chahed\"}]},{\"@type\":\"WebSite\",\"@id\":\"https:\/\/kapitalis.com\/tunisie\/#website\",\"url\":\"https:\/\/kapitalis.com\/tunisie\/\",\"name\":\"Kapitalis\",\"description\":\"L&#039;actualit\u00e9 en Tunisie et dans le monde\",\"publisher\":{\"@id\":\"https:\/\/kapitalis.com\/tunisie\/#organization\"},\"potentialAction\":[{\"@type\":\"SearchAction\",\"target\":{\"@type\":\"EntryPoint\",\"urlTemplate\":\"https:\/\/kapitalis.com\/tunisie\/?s={search_term_string}\"},\"query-input\":{\"@type\":\"PropertyValueSpecification\",\"valueRequired\":true,\"valueName\":\"search_term_string\"}}],\"inLanguage\":\"fr-FR\"},{\"@type\":\"Organization\",\"@id\":\"https:\/\/kapitalis.com\/tunisie\/#organization\",\"name\":\"Kapitalis\",\"url\":\"https:\/\/kapitalis.com\/tunisie\/\",\"logo\":{\"@type\":\"ImageObject\",\"inLanguage\":\"fr-FR\",\"@id\":\"https:\/\/kapitalis.com\/tunisie\/#\/schema\/logo\/image\/\",\"url\":\"https:\/\/kapitalis.com\/tunisie\/wp-content\/uploads\/2022\/05\/Kapitalis-big-size.png\",\"contentUrl\":\"https:\/\/kapitalis.com\/tunisie\/wp-content\/uploads\/2022\/05\/Kapitalis-big-size.png\",\"width\":5000,\"height\":1500,\"caption\":\"Kapitalis\"},\"image\":{\"@id\":\"https:\/\/kapitalis.com\/tunisie\/#\/schema\/logo\/image\/\"},\"sameAs\":[\"https:\/\/www.facebook.com\/KapitalisInfo\/\",\"https:\/\/x.com\/KapitalisInfo\",\"https:\/\/www.youtube.com\/channel\/UC-yDYrHyfFBWWZaOw3FPg9Q\"]},{\"@type\":\"Person\",\"@id\":\"https:\/\/kapitalis.com\/tunisie\/#\/schema\/person\/2c6e134b2f3369dffcd1daf5f087d28b\",\"name\":\"emna benabdallah\",\"url\":\"https:\/\/kapitalis.com\/tunisie\/author\/emna\/\"}]}<\/script>\n<!-- \/ Yoast SEO plugin. -->","yoast_head_json":{"title":"Le bloc Coalition nationale demande une rencontre avec Youssef Chahed - Kapitalis","robots":{"index":"index","follow":"follow","max-snippet":"max-snippet:-1","max-image-preview":"max-image-preview:large","max-video-preview":"max-video-preview:-1"},"canonical":"https:\/\/kapitalis.com\/tunisie\/2018\/10\/22\/le-bloc-coalition-nationale-demande-une-rencontre-avec-youssef-chahed\/","og_locale":"fr_FR","og_type":"article","og_title":"Le bloc Coalition nationale demande une rencontre avec Youssef Chahed - Kapitalis","og_description":"Le bloc parlementaire de la Coalition nationale a annonc\u00e9 qu&rsquo;un accord de principe a \u00e9t\u00e9 trouv\u00e9 avec celui d&rsquo;Al-Horra (Machrou Tounes) pour un \u00e9ventuel consensus politique.","og_url":"https:\/\/kapitalis.com\/tunisie\/2018\/10\/22\/le-bloc-coalition-nationale-demande-une-rencontre-avec-youssef-chahed\/","og_site_name":"Kapitalis","article_publisher":"https:\/\/www.facebook.com\/KapitalisInfo\/","article_published_time":"2018-10-22T10:21:25+00:00","article_modified_time":"2018-10-22T10:27:44+00:00","og_image":[{"width":1200,"height":630,"url":"https:\/\/kapitalis.com\/tunisie\/wp-content\/uploads\/2022\/05\/kapitalis-logo-fb.png","type":"image\/png"}],"author":"emna benabdallah","twitter_card":"summary_large_image","twitter_creator":"@KapitalisInfo","twitter_site":"@KapitalisInfo","twitter_misc":{"\u00c9crit par":"emna benabdallah","Dur\u00e9e de lecture estim\u00e9e":"1 minute"},"schema":{"@context":"https:\/\/schema.org","@graph":[{"@type":"Article","@id":"https:\/\/kapitalis.com\/tunisie\/2018\/10\/22\/le-bloc-coalition-nationale-demande-une-rencontre-avec-youssef-chahed\/#article","isPartOf":{"@id":"https:\/\/kapitalis.com\/tunisie\/2018\/10\/22\/le-bloc-coalition-nationale-demande-une-rencontre-avec-youssef-chahed\/"},"author":{"name":"emna benabdallah","@id":"https:\/\/kapitalis.com\/tunisie\/#\/schema\/person\/2c6e134b2f3369dffcd1daf5f087d28b"},"headline":"Le bloc Coalition nationale demande une rencontre avec Youssef Chahed","datePublished":"2018-10-22T10:21:25+00:00","dateModified":"2018-10-22T10:27:44+00:00","mainEntityOfPage":{"@id":"https:\/\/kapitalis.com\/tunisie\/2018\/10\/22\/le-bloc-coalition-nationale-demande-une-rencontre-avec-youssef-chahed\/"},"wordCount":256,"commentCount":0,"publisher":{"@id":"https:\/\/kapitalis.com\/tunisie\/#organization"},"keywords":["Ahmed Friaa","Al Horra","Coalition nationale","Machrou Tounes","Mustapha Ben Ahmed","Sihem Bensedrine","UGTT"],"articleSection":["POLITIQUE","Tunisie"],"inLanguage":"fr-FR","potentialAction":[{"@type":"CommentAction","name":"Comment","target":["https:\/\/kapitalis.com\/tunisie\/2018\/10\/22\/le-bloc-coalition-nationale-demande-une-rencontre-avec-youssef-chahed\/#respond"]}]},{"@type":"WebPage","@id":"https:\/\/kapitalis.com\/tunisie\/2018\/10\/22\/le-bloc-coalition-nationale-demande-une-rencontre-avec-youssef-chahed\/","url":"https:\/\/kapitalis.com\/tunisie\/2018\/10\/22\/le-bloc-coalition-nationale-demande-une-rencontre-avec-youssef-chahed\/","name":"Le bloc Coalition nationale demande une rencontre avec Youssef Chahed - Kapitalis","isPartOf":{"@id":"https:\/\/kapitalis.com\/tunisie\/#website"},"datePublished":"2018-10-22T10:21:25+00:00","dateModified":"2018-10-22T10:27:44+00:00","breadcrumb":{"@id":"https:\/\/kapitalis.com\/tunisie\/2018\/10\/22\/le-bloc-coalition-nationale-demande-une-rencontre-avec-youssef-chahed\/#breadcrumb"},"inLanguage":"fr-FR","potentialAction":[{"@type":"ReadAction","target":["https:\/\/kapitalis.com\/tunisie\/2018\/10\/22\/le-bloc-coalition-nationale-demande-une-rencontre-avec-youssef-chahed\/"]}]},{"@type":"BreadcrumbList","@id":"https:\/\/kapitalis.com\/tunisie\/2018\/10\/22\/le-bloc-coalition-nationale-demande-une-rencontre-avec-youssef-chahed\/#breadcrumb","itemListElement":[{"@type":"ListItem","position":1,"name":"Accueil","item":"https:\/\/kapitalis.com\/tunisie\/"},{"@type":"ListItem","position":2,"name":"Le bloc Coalition nationale demande une rencontre avec Youssef Chahed"}]},{"@type":"WebSite","@id":"https:\/\/kapitalis.com\/tunisie\/#website","url":"https:\/\/kapitalis.com\/tunisie\/","name":"Kapitalis","description":"L&#039;actualit\u00e9 en Tunisie et dans le monde","publisher":{"@id":"https:\/\/kapitalis.com\/tunisie\/#organization"},"potentialAction":[{"@type":"SearchAction","target":{"@type":"EntryPoint","urlTemplate":"https:\/\/kapitalis.com\/tunisie\/?s={search_term_string}"},"query-input":{"@type":"PropertyValueSpecification","valueRequired":true,"valueName":"search_term_string"}}],"inLanguage":"fr-FR"},{"@type":"Organization","@id":"https:\/\/kapitalis.com\/tunisie\/#organization","name":"Kapitalis","url":"https:\/\/kapitalis.com\/tunisie\/","logo":{"@type":"ImageObject","inLanguage":"fr-FR","@id":"https:\/\/kapitalis.com\/tunisie\/#\/schema\/logo\/image\/","url":"https:\/\/kapitalis.com\/tunisie\/wp-content\/uploads\/2022\/05\/Kapitalis-big-size.png","contentUrl":"https:\/\/kapitalis.com\/tunisie\/wp-content\/uploads\/2022\/05\/Kapitalis-big-size.png","width":5000,"height":1500,"caption":"Kapitalis"},"image":{"@id":"https:\/\/kapitalis.com\/tunisie\/#\/schema\/logo\/image\/"},"sameAs":["https:\/\/www.facebook.com\/KapitalisInfo\/","https:\/\/x.com\/KapitalisInfo","https:\/\/www.youtube.com\/channel\/UC-yDYrHyfFBWWZaOw3FPg9Q"]},{"@type":"Person","@id":"https:\/\/kapitalis.com\/tunisie\/#\/schema\/person\/2c6e134b2f3369dffcd1daf5f087d28b","name":"emna benabdallah","url":"https:\/\/kapitalis.com\/tunisie\/author\/emna\/"}]}},"_links":{"self":[{"href":"https:\/\/kapitalis.com\/tunisie\/wp-json\/wp\/v2\/posts\/179826","targetHints":{"allow":["GET"]}}],"collection":[{"href":"https:\/\/kapitalis.com\/tunisie\/wp-json\/wp\/v2\/posts"}],"about":[{"href":"https:\/\/kapitalis.com\/tunisie\/wp-json\/wp\/v2\/types\/post"}],"author":[{"embeddable":true,"href":"https:\/\/kapitalis.com\/tunisie\/wp-json\/wp\/v2\/users\/16"}],"replies":[{"embeddable":true,"href":"https:\/\/kapitalis.com\/tunisie\/wp-json\/wp\/v2\/comments?post=179826"}],"version-history":[{"count":0,"href":"https:\/\/kapitalis.com\/tunisie\/wp-json\/wp\/v2\/posts\/179826\/revisions"}],"wp:attachment":[{"href":"https:\/\/kapitalis.com\/tunisie\/wp-json\/wp\/v2\/media?parent=179826"}],"wp:term":[{"taxonomy":"category","embeddable":true,"href":"https:\/\/kapitalis.com\/tunisie\/wp-json\/wp\/v2\/categories?post=179826"},{"taxonomy":"post_tag","embeddable":true,"href":"https:\/\/kapitalis.com\/tunisie\/wp-json\/wp\/v2\/tags?post=179826"}],"curies":[{"name":"wp","href":"https:\/\/api.w.org\/{rel}","templated":true}]}}