{"id":180053,"date":"2018-10-23T10:40:38","date_gmt":"2018-10-23T09:40:38","guid":{"rendered":"http:\/\/kapitalis.com\/tunisie\/?p=180053"},"modified":"2018-10-23T10:40:38","modified_gmt":"2018-10-23T09:40:38","slug":"debat-a-tunis-lagro-ecologie-au-service-du-developpement-durable","status":"publish","type":"post","link":"https:\/\/kapitalis.com\/tunisie\/2018\/10\/23\/debat-a-tunis-lagro-ecologie-au-service-du-developpement-durable\/","title":{"rendered":"D\u00e9bat \u00e0 Tunis : L\u2019agro-\u00e9cologie au service du d\u00e9veloppement durable"},"content":{"rendered":"<p style=\"text-align: center;\"><img loading=\"lazy\" decoding=\"async\" class=\"alignnone size-full wp-image-180055\" src=\"http:\/\/kapitalis.com\/tunisie\/wp-content\/uploads\/2018\/10\/Agro-ecologie.jpg\" alt=\"\" width=\"626\" height=\"380\" \/><\/p>\n<p><em><strong>L\u2019Institut fran\u00e7ais de Tunisie (IFT) organise un \u00e9v\u00e9nement intitul\u00e9 \u00abAgro-\u00e9cologie, une transition vers un d\u00e9veloppement durable\u00bb, une projection-d\u00e9bat, qui se tiendra le 30 octobre 2018, \u00e0 18h30, au si\u00e8ge de l\u2019institut au centre-ville de Tunis.<\/strong> <\/em><\/p>\n<p><!--more--><\/p>\n<p>Alors que 25% de la biodiversit\u00e9 de notre plan\u00e8te se trouve dans nos sols, 60% de ces sols sont d\u00e9truits. On ne nourrit plus la plan\u00e8te, il semble aujourd\u2019hui plus que n\u00e9cessaire de penser un nouveau mod\u00e8le d\u2019agriculture plus sain.<\/p>\n<p>Aujourd\u2019hui diff\u00e9rentes initiatives rel\u00e8vent ce d\u00e9fi. C\u2019est pourquoi, le Lab\u2019ess a choisi de mettre en avant, \u00e0 travers le film<em> \u2018\u2018On a 20 ans pour changer le monde\u2019\u2019<\/em>, les femmes et les hommes ayant choisi l\u2019agro-\u00e9cologie, c\u2019est-\u00e0-dire ceux qui ont d\u00e9cid\u00e9 d\u2019innover avec la nature et non contre elle !<\/p>\n<p>Ce film est le r\u00e9sultat d\u2019une rencontre entre H\u00e9l\u00e8ne M\u00e9digue et le fondateur de l\u2019association Fermes d\u2019avenir, Maxime de Rostolan. Ils ont suivi pendant un an les membres de l\u2019association se battant au quotidien pour acc\u00e9l\u00e9rer la transition \u00e9cologique.<\/p>\n<p>Le d\u00e9bat qui suivra la projection r\u00e9unira 3 sp\u00e9cialiste de l\u2019agro-\u00e9cologie, Pierre Pageot, Boris Marcel et Jihed Bitri.<\/p>\n<p>Pierre Pageot est le directeur de Fermes d\u2019Avenir, une association de promotion et d\u2019accompagnement au d\u00e9veloppement de l\u2019agro-\u00e9cologie et de la perma-culture. Convaincue qu\u2019une agriculture d\u2019avenir, \u00e0 impacts positifs, est possible, elle agit au quotidien avec l\u2019ensemble des acteurs (agriculteurs, transformateurs, distributeurs, responsables politiques) pour acc\u00e9l\u00e9rer la transition agricole.<\/p>\n<p>Boris Marcel est coordinateur national de Les Cols verts, une association fran\u00e7aise qui d\u00e9veloppe des solutions d\u2019agriculture urbaine simples pour permettre \u00e0 chacun de se nourrir et de prot\u00e9ger la nature qui l\u2019entoure.<\/p>\n<p>Jihed Bitri est fondateur de la ferme agricole biologique L&rsquo;heredium. Cultiv\u00e9e et plant\u00e9e depuis 1903, L\u2019Heredium a pour mission de sensibiliser les consom-acteurs en leur apprenant les bonnes pratiques agricoles respectueuses de l\u2019homme et de l\u2019environnement.<\/p>\n<p><em><strong>Source<\/strong><\/em> : communiqu\u00e9<\/p>\n<p><a href=\"https:\/\/docs.google.com\/forms\/d\/14PoAro7NMjnL-5g0kSyOwhGwQhVBOaxWZ3tfHVMwysE\/viewform?ts=5baa01a5&amp;edit_requested=true#responses\" target=\"_blank\" rel=\"noopener\"><em><strong>Inscription.<\/strong><\/em><\/a><\/p>\n<p><a href=\"https:\/\/mail.google.com\/mail\/u\/0\/#inbox\/FMfcgxvzLNVHnKckwJPHfkJLvNkMqvSJ?projector=1\" target=\"_blank\" rel=\"noopener\"><em><strong>Bande annonce.\u00a0<\/strong><\/em><\/a><\/p>\n","protected":false},"excerpt":{"rendered":"<p>L\u2019Institut fran\u00e7ais de Tunisie (IFT) organise un \u00e9v\u00e9nement intitul\u00e9 \u00abAgro-\u00e9cologie, une transition vers un d\u00e9veloppement durable\u00bb, une projection-d\u00e9bat, qui se tiendra le 30 octobre 2018, \u00e0 18h30, au si\u00e8ge de l\u2019institut au centre-ville de Tunis.<\/p>\n","protected":false},"author":8,"featured_media":180055,"comment_status":"open","ping_status":"open","sticky":false,"template":"","format":"standard","meta":{"footnotes":""},"categories":[995,2433],"tags":[1684,3226,10127],"class_list":["post-180053","post","type-post","status-publish","format-standard","has-post-thumbnail","hentry","category-economie","category-tunisie","tag-developpement-durable","tag-institut-francais-de-tunisie","tag-labess"],"yoast_head":"<!-- This site is optimized with the Yoast SEO plugin v26.6 - https:\/\/yoast.com\/wordpress\/plugins\/seo\/ -->\n<title>D\u00e9bat \u00e0 Tunis : L\u2019agro-\u00e9cologie au service du d\u00e9veloppement durable - Kapitalis<\/title>\n<meta name=\"robots\" content=\"index, follow, max-snippet:-1, max-image-preview:large, max-video-preview:-1\" \/>\n<link rel=\"canonical\" href=\"https:\/\/kapitalis.com\/tunisie\/2018\/10\/23\/debat-a-tunis-lagro-ecologie-au-service-du-developpement-durable\/\" \/>\n<meta property=\"og:locale\" content=\"fr_FR\" \/>\n<meta property=\"og:type\" content=\"article\" \/>\n<meta property=\"og:title\" content=\"D\u00e9bat \u00e0 Tunis : L\u2019agro-\u00e9cologie au service du d\u00e9veloppement durable - Kapitalis\" \/>\n<meta property=\"og:description\" content=\"L\u2019Institut fran\u00e7ais de Tunisie (IFT) organise un \u00e9v\u00e9nement intitul\u00e9 \u00abAgro-\u00e9cologie, une transition vers un d\u00e9veloppement durable\u00bb, une projection-d\u00e9bat, qui se tiendra le 30 octobre 2018, \u00e0 18h30, au si\u00e8ge de l\u2019institut au centre-ville de Tunis.\" \/>\n<meta property=\"og:url\" content=\"https:\/\/kapitalis.com\/tunisie\/2018\/10\/23\/debat-a-tunis-lagro-ecologie-au-service-du-developpement-durable\/\" \/>\n<meta property=\"og:site_name\" content=\"Kapitalis\" \/>\n<meta property=\"article:publisher\" content=\"https:\/\/www.facebook.com\/KapitalisInfo\/\" \/>\n<meta property=\"article:published_time\" content=\"2018-10-23T09:40:38+00:00\" \/>\n<meta property=\"og:image\" content=\"https:\/\/kapitalis.com\/tunisie\/wp-content\/uploads\/2022\/05\/kapitalis-logo-fb.png\" \/>\n\t<meta property=\"og:image:width\" content=\"1200\" \/>\n\t<meta property=\"og:image:height\" content=\"630\" \/>\n\t<meta property=\"og:image:type\" content=\"image\/png\" \/>\n<meta name=\"author\" content=\"webmaster kapitalis\" \/>\n<meta name=\"twitter:card\" content=\"summary_large_image\" \/>\n<meta name=\"twitter:creator\" content=\"@KapitalisInfo\" \/>\n<meta name=\"twitter:site\" content=\"@KapitalisInfo\" \/>\n<meta name=\"twitter:label1\" content=\"\u00c9crit par\" \/>\n\t<meta name=\"twitter:data1\" content=\"webmaster kapitalis\" \/>\n\t<meta name=\"twitter:label2\" content=\"Dur\u00e9e de lecture estim\u00e9e\" \/>\n\t<meta name=\"twitter:data2\" content=\"2 minutes\" \/>\n<script type=\"application\/ld+json\" class=\"yoast-schema-graph\">{\"@context\":\"https:\/\/schema.org\",\"@graph\":[{\"@type\":\"Article\",\"@id\":\"https:\/\/kapitalis.com\/tunisie\/2018\/10\/23\/debat-a-tunis-lagro-ecologie-au-service-du-developpement-durable\/#article\",\"isPartOf\":{\"@id\":\"https:\/\/kapitalis.com\/tunisie\/2018\/10\/23\/debat-a-tunis-lagro-ecologie-au-service-du-developpement-durable\/\"},\"author\":{\"name\":\"webmaster kapitalis\",\"@id\":\"https:\/\/kapitalis.com\/tunisie\/#\/schema\/person\/d71f33a9ca44f7bad4698210b480c8e9\"},\"headline\":\"D\u00e9bat \u00e0 Tunis : L\u2019agro-\u00e9cologie au service du d\u00e9veloppement durable\",\"datePublished\":\"2018-10-23T09:40:38+00:00\",\"mainEntityOfPage\":{\"@id\":\"https:\/\/kapitalis.com\/tunisie\/2018\/10\/23\/debat-a-tunis-lagro-ecologie-au-service-du-developpement-durable\/\"},\"wordCount\":367,\"commentCount\":1,\"publisher\":{\"@id\":\"https:\/\/kapitalis.com\/tunisie\/#organization\"},\"image\":{\"@id\":\"https:\/\/kapitalis.com\/tunisie\/2018\/10\/23\/debat-a-tunis-lagro-ecologie-au-service-du-developpement-durable\/#primaryimage\"},\"thumbnailUrl\":\"\",\"keywords\":[\"d\u00e9veloppement durable\",\"Institut fran\u00e7ais de Tunisie\",\"LAB\u2019ESS\"],\"articleSection\":[\"ECONOMIE\",\"Tunisie\"],\"inLanguage\":\"fr-FR\",\"potentialAction\":[{\"@type\":\"CommentAction\",\"name\":\"Comment\",\"target\":[\"https:\/\/kapitalis.com\/tunisie\/2018\/10\/23\/debat-a-tunis-lagro-ecologie-au-service-du-developpement-durable\/#respond\"]}]},{\"@type\":\"WebPage\",\"@id\":\"https:\/\/kapitalis.com\/tunisie\/2018\/10\/23\/debat-a-tunis-lagro-ecologie-au-service-du-developpement-durable\/\",\"url\":\"https:\/\/kapitalis.com\/tunisie\/2018\/10\/23\/debat-a-tunis-lagro-ecologie-au-service-du-developpement-durable\/\",\"name\":\"D\u00e9bat \u00e0 Tunis : L\u2019agro-\u00e9cologie au service du d\u00e9veloppement durable - Kapitalis\",\"isPartOf\":{\"@id\":\"https:\/\/kapitalis.com\/tunisie\/#website\"},\"primaryImageOfPage\":{\"@id\":\"https:\/\/kapitalis.com\/tunisie\/2018\/10\/23\/debat-a-tunis-lagro-ecologie-au-service-du-developpement-durable\/#primaryimage\"},\"image\":{\"@id\":\"https:\/\/kapitalis.com\/tunisie\/2018\/10\/23\/debat-a-tunis-lagro-ecologie-au-service-du-developpement-durable\/#primaryimage\"},\"thumbnailUrl\":\"\",\"datePublished\":\"2018-10-23T09:40:38+00:00\",\"breadcrumb\":{\"@id\":\"https:\/\/kapitalis.com\/tunisie\/2018\/10\/23\/debat-a-tunis-lagro-ecologie-au-service-du-developpement-durable\/#breadcrumb\"},\"inLanguage\":\"fr-FR\",\"potentialAction\":[{\"@type\":\"ReadAction\",\"target\":[\"https:\/\/kapitalis.com\/tunisie\/2018\/10\/23\/debat-a-tunis-lagro-ecologie-au-service-du-developpement-durable\/\"]}]},{\"@type\":\"ImageObject\",\"inLanguage\":\"fr-FR\",\"@id\":\"https:\/\/kapitalis.com\/tunisie\/2018\/10\/23\/debat-a-tunis-lagro-ecologie-au-service-du-developpement-durable\/#primaryimage\",\"url\":\"\",\"contentUrl\":\"\"},{\"@type\":\"BreadcrumbList\",\"@id\":\"https:\/\/kapitalis.com\/tunisie\/2018\/10\/23\/debat-a-tunis-lagro-ecologie-au-service-du-developpement-durable\/#breadcrumb\",\"itemListElement\":[{\"@type\":\"ListItem\",\"position\":1,\"name\":\"Accueil\",\"item\":\"https:\/\/kapitalis.com\/tunisie\/\"},{\"@type\":\"ListItem\",\"position\":2,\"name\":\"D\u00e9bat \u00e0 Tunis : L\u2019agro-\u00e9cologie au service du d\u00e9veloppement durable\"}]},{\"@type\":\"WebSite\",\"@id\":\"https:\/\/kapitalis.com\/tunisie\/#website\",\"url\":\"https:\/\/kapitalis.com\/tunisie\/\",\"name\":\"Kapitalis\",\"description\":\"L&#039;actualit\u00e9 en Tunisie et dans le monde\",\"publisher\":{\"@id\":\"https:\/\/kapitalis.com\/tunisie\/#organization\"},\"potentialAction\":[{\"@type\":\"SearchAction\",\"target\":{\"@type\":\"EntryPoint\",\"urlTemplate\":\"https:\/\/kapitalis.com\/tunisie\/?s={search_term_string}\"},\"query-input\":{\"@type\":\"PropertyValueSpecification\",\"valueRequired\":true,\"valueName\":\"search_term_string\"}}],\"inLanguage\":\"fr-FR\"},{\"@type\":\"Organization\",\"@id\":\"https:\/\/kapitalis.com\/tunisie\/#organization\",\"name\":\"Kapitalis\",\"url\":\"https:\/\/kapitalis.com\/tunisie\/\",\"logo\":{\"@type\":\"ImageObject\",\"inLanguage\":\"fr-FR\",\"@id\":\"https:\/\/kapitalis.com\/tunisie\/#\/schema\/logo\/image\/\",\"url\":\"https:\/\/kapitalis.com\/tunisie\/wp-content\/uploads\/2022\/05\/Kapitalis-big-size.png\",\"contentUrl\":\"https:\/\/kapitalis.com\/tunisie\/wp-content\/uploads\/2022\/05\/Kapitalis-big-size.png\",\"width\":5000,\"height\":1500,\"caption\":\"Kapitalis\"},\"image\":{\"@id\":\"https:\/\/kapitalis.com\/tunisie\/#\/schema\/logo\/image\/\"},\"sameAs\":[\"https:\/\/www.facebook.com\/KapitalisInfo\/\",\"https:\/\/x.com\/KapitalisInfo\",\"https:\/\/www.youtube.com\/channel\/UC-yDYrHyfFBWWZaOw3FPg9Q\"]},{\"@type\":\"Person\",\"@id\":\"https:\/\/kapitalis.com\/tunisie\/#\/schema\/person\/d71f33a9ca44f7bad4698210b480c8e9\",\"name\":\"webmaster kapitalis\",\"url\":\"https:\/\/kapitalis.com\/tunisie\/author\/webmaster-kapitalis\/\"}]}<\/script>\n<!-- \/ Yoast SEO plugin. -->","yoast_head_json":{"title":"D\u00e9bat \u00e0 Tunis : L\u2019agro-\u00e9cologie au service du d\u00e9veloppement durable - Kapitalis","robots":{"index":"index","follow":"follow","max-snippet":"max-snippet:-1","max-image-preview":"max-image-preview:large","max-video-preview":"max-video-preview:-1"},"canonical":"https:\/\/kapitalis.com\/tunisie\/2018\/10\/23\/debat-a-tunis-lagro-ecologie-au-service-du-developpement-durable\/","og_locale":"fr_FR","og_type":"article","og_title":"D\u00e9bat \u00e0 Tunis : L\u2019agro-\u00e9cologie au service du d\u00e9veloppement durable - Kapitalis","og_description":"L\u2019Institut fran\u00e7ais de Tunisie (IFT) organise un \u00e9v\u00e9nement intitul\u00e9 \u00abAgro-\u00e9cologie, une transition vers un d\u00e9veloppement durable\u00bb, une projection-d\u00e9bat, qui se tiendra le 30 octobre 2018, \u00e0 18h30, au si\u00e8ge de l\u2019institut au centre-ville de Tunis.","og_url":"https:\/\/kapitalis.com\/tunisie\/2018\/10\/23\/debat-a-tunis-lagro-ecologie-au-service-du-developpement-durable\/","og_site_name":"Kapitalis","article_publisher":"https:\/\/www.facebook.com\/KapitalisInfo\/","article_published_time":"2018-10-23T09:40:38+00:00","og_image":[{"width":1200,"height":630,"url":"https:\/\/kapitalis.com\/tunisie\/wp-content\/uploads\/2022\/05\/kapitalis-logo-fb.png","type":"image\/png"}],"author":"webmaster kapitalis","twitter_card":"summary_large_image","twitter_creator":"@KapitalisInfo","twitter_site":"@KapitalisInfo","twitter_misc":{"\u00c9crit par":"webmaster kapitalis","Dur\u00e9e de lecture estim\u00e9e":"2 minutes"},"schema":{"@context":"https:\/\/schema.org","@graph":[{"@type":"Article","@id":"https:\/\/kapitalis.com\/tunisie\/2018\/10\/23\/debat-a-tunis-lagro-ecologie-au-service-du-developpement-durable\/#article","isPartOf":{"@id":"https:\/\/kapitalis.com\/tunisie\/2018\/10\/23\/debat-a-tunis-lagro-ecologie-au-service-du-developpement-durable\/"},"author":{"name":"webmaster kapitalis","@id":"https:\/\/kapitalis.com\/tunisie\/#\/schema\/person\/d71f33a9ca44f7bad4698210b480c8e9"},"headline":"D\u00e9bat \u00e0 Tunis : L\u2019agro-\u00e9cologie au service du d\u00e9veloppement durable","datePublished":"2018-10-23T09:40:38+00:00","mainEntityOfPage":{"@id":"https:\/\/kapitalis.com\/tunisie\/2018\/10\/23\/debat-a-tunis-lagro-ecologie-au-service-du-developpement-durable\/"},"wordCount":367,"commentCount":1,"publisher":{"@id":"https:\/\/kapitalis.com\/tunisie\/#organization"},"image":{"@id":"https:\/\/kapitalis.com\/tunisie\/2018\/10\/23\/debat-a-tunis-lagro-ecologie-au-service-du-developpement-durable\/#primaryimage"},"thumbnailUrl":"","keywords":["d\u00e9veloppement durable","Institut fran\u00e7ais de Tunisie","LAB\u2019ESS"],"articleSection":["ECONOMIE","Tunisie"],"inLanguage":"fr-FR","potentialAction":[{"@type":"CommentAction","name":"Comment","target":["https:\/\/kapitalis.com\/tunisie\/2018\/10\/23\/debat-a-tunis-lagro-ecologie-au-service-du-developpement-durable\/#respond"]}]},{"@type":"WebPage","@id":"https:\/\/kapitalis.com\/tunisie\/2018\/10\/23\/debat-a-tunis-lagro-ecologie-au-service-du-developpement-durable\/","url":"https:\/\/kapitalis.com\/tunisie\/2018\/10\/23\/debat-a-tunis-lagro-ecologie-au-service-du-developpement-durable\/","name":"D\u00e9bat \u00e0 Tunis : L\u2019agro-\u00e9cologie au service du d\u00e9veloppement durable - Kapitalis","isPartOf":{"@id":"https:\/\/kapitalis.com\/tunisie\/#website"},"primaryImageOfPage":{"@id":"https:\/\/kapitalis.com\/tunisie\/2018\/10\/23\/debat-a-tunis-lagro-ecologie-au-service-du-developpement-durable\/#primaryimage"},"image":{"@id":"https:\/\/kapitalis.com\/tunisie\/2018\/10\/23\/debat-a-tunis-lagro-ecologie-au-service-du-developpement-durable\/#primaryimage"},"thumbnailUrl":"","datePublished":"2018-10-23T09:40:38+00:00","breadcrumb":{"@id":"https:\/\/kapitalis.com\/tunisie\/2018\/10\/23\/debat-a-tunis-lagro-ecologie-au-service-du-developpement-durable\/#breadcrumb"},"inLanguage":"fr-FR","potentialAction":[{"@type":"ReadAction","target":["https:\/\/kapitalis.com\/tunisie\/2018\/10\/23\/debat-a-tunis-lagro-ecologie-au-service-du-developpement-durable\/"]}]},{"@type":"ImageObject","inLanguage":"fr-FR","@id":"https:\/\/kapitalis.com\/tunisie\/2018\/10\/23\/debat-a-tunis-lagro-ecologie-au-service-du-developpement-durable\/#primaryimage","url":"","contentUrl":""},{"@type":"BreadcrumbList","@id":"https:\/\/kapitalis.com\/tunisie\/2018\/10\/23\/debat-a-tunis-lagro-ecologie-au-service-du-developpement-durable\/#breadcrumb","itemListElement":[{"@type":"ListItem","position":1,"name":"Accueil","item":"https:\/\/kapitalis.com\/tunisie\/"},{"@type":"ListItem","position":2,"name":"D\u00e9bat \u00e0 Tunis : L\u2019agro-\u00e9cologie au service du d\u00e9veloppement durable"}]},{"@type":"WebSite","@id":"https:\/\/kapitalis.com\/tunisie\/#website","url":"https:\/\/kapitalis.com\/tunisie\/","name":"Kapitalis","description":"L&#039;actualit\u00e9 en Tunisie et dans le monde","publisher":{"@id":"https:\/\/kapitalis.com\/tunisie\/#organization"},"potentialAction":[{"@type":"SearchAction","target":{"@type":"EntryPoint","urlTemplate":"https:\/\/kapitalis.com\/tunisie\/?s={search_term_string}"},"query-input":{"@type":"PropertyValueSpecification","valueRequired":true,"valueName":"search_term_string"}}],"inLanguage":"fr-FR"},{"@type":"Organization","@id":"https:\/\/kapitalis.com\/tunisie\/#organization","name":"Kapitalis","url":"https:\/\/kapitalis.com\/tunisie\/","logo":{"@type":"ImageObject","inLanguage":"fr-FR","@id":"https:\/\/kapitalis.com\/tunisie\/#\/schema\/logo\/image\/","url":"https:\/\/kapitalis.com\/tunisie\/wp-content\/uploads\/2022\/05\/Kapitalis-big-size.png","contentUrl":"https:\/\/kapitalis.com\/tunisie\/wp-content\/uploads\/2022\/05\/Kapitalis-big-size.png","width":5000,"height":1500,"caption":"Kapitalis"},"image":{"@id":"https:\/\/kapitalis.com\/tunisie\/#\/schema\/logo\/image\/"},"sameAs":["https:\/\/www.facebook.com\/KapitalisInfo\/","https:\/\/x.com\/KapitalisInfo","https:\/\/www.youtube.com\/channel\/UC-yDYrHyfFBWWZaOw3FPg9Q"]},{"@type":"Person","@id":"https:\/\/kapitalis.com\/tunisie\/#\/schema\/person\/d71f33a9ca44f7bad4698210b480c8e9","name":"webmaster kapitalis","url":"https:\/\/kapitalis.com\/tunisie\/author\/webmaster-kapitalis\/"}]}},"_links":{"self":[{"href":"https:\/\/kapitalis.com\/tunisie\/wp-json\/wp\/v2\/posts\/180053","targetHints":{"allow":["GET"]}}],"collection":[{"href":"https:\/\/kapitalis.com\/tunisie\/wp-json\/wp\/v2\/posts"}],"about":[{"href":"https:\/\/kapitalis.com\/tunisie\/wp-json\/wp\/v2\/types\/post"}],"author":[{"embeddable":true,"href":"https:\/\/kapitalis.com\/tunisie\/wp-json\/wp\/v2\/users\/8"}],"replies":[{"embeddable":true,"href":"https:\/\/kapitalis.com\/tunisie\/wp-json\/wp\/v2\/comments?post=180053"}],"version-history":[{"count":0,"href":"https:\/\/kapitalis.com\/tunisie\/wp-json\/wp\/v2\/posts\/180053\/revisions"}],"wp:featuredmedia":[{"embeddable":true,"href":"https:\/\/kapitalis.com\/tunisie\/wp-json\/wp\/v2\/media\/180055"}],"wp:attachment":[{"href":"https:\/\/kapitalis.com\/tunisie\/wp-json\/wp\/v2\/media?parent=180053"}],"wp:term":[{"taxonomy":"category","embeddable":true,"href":"https:\/\/kapitalis.com\/tunisie\/wp-json\/wp\/v2\/categories?post=180053"},{"taxonomy":"post_tag","embeddable":true,"href":"https:\/\/kapitalis.com\/tunisie\/wp-json\/wp\/v2\/tags?post=180053"}],"curies":[{"name":"wp","href":"https:\/\/api.w.org\/{rel}","templated":true}]}}