{"id":180653,"date":"2018-10-26T09:58:41","date_gmt":"2018-10-26T08:58:41","guid":{"rendered":"http:\/\/kapitalis.com\/tunisie\/?p=180653"},"modified":"2018-10-26T09:58:41","modified_gmt":"2018-10-26T08:58:41","slug":"ben-arous-un-individu-agresse-3-agents-du-centre-de-traumatologie","status":"publish","type":"post","link":"https:\/\/kapitalis.com\/tunisie\/2018\/10\/26\/ben-arous-un-individu-agresse-3-agents-du-centre-de-traumatologie\/","title":{"rendered":"Ben Arous : Un individu agresse 3 agents du Centre de traumatologie"},"content":{"rendered":"<p style=\"text-align: center;\"><img loading=\"lazy\" decoding=\"async\" class=\"alignnone size-full wp-image-180654\" src=\"http:\/\/kapitalis.com\/tunisie\/wp-content\/uploads\/2018\/10\/Ben-Arous_Imed-Hammami.jpg\" alt=\"\" width=\"626\" height=\"380\" \/><\/p>\n<p><em><strong>Un individu a violemment agress\u00e9 \u00e0 l&rsquo;arme blanche trois agents du Centre\u00a0de traumatologie et des grands br\u00fbl\u00e9s \u00e0 Ben Arous. Il a \u00e9t\u00e9 finalement arr\u00eat\u00e9 et conduit au poste de police.<\/strong><\/em><!--more--><\/p>\n<p>Mustapha Wadr, directeur de cet \u00e9tablissement sanitaire, a indiqu\u00e9 dans une d\u00e9claration aux m\u00e9dias, hier, jeudi 25 octobre 2018, que l&rsquo;individu \u00e9tait venu pour prendre le corps de sa d\u00e9funte m\u00e8re mais ne parvenant pas \u00e0 le faire rapidement \u00e0 cause des proc\u00e9dures, il\u00a0agressa un agent de s\u00e9curit\u00e9, le blessant au niveau du ventre, avant de prendre la fuite. Deux autres agents de ce centre sanitaire ont \u00e9galement \u00e9t\u00e9 bless\u00e9s, l&rsquo;un au niveau des c\u00f4tes et l&rsquo;autre \u00e0 la main, a-t-il ajout\u00e9.<\/p>\n<p>Deux bless\u00e9s ont du subir une intervention chirurgicale.<\/p>\n<p>Des plaintes ont \u00e9t\u00e9 d\u00e9pos\u00e9es \u00e0 l&rsquo;encontre de l&rsquo;agresseur pour tentative de meurtre, agression, violence aggrav\u00e9e et port et usage d&rsquo;une arme sans autorisation.<\/p>\n<p>Le ministre de la Sant\u00e9, Imed Hammami, a, de son c\u00f4t\u00e9, indiqu\u00e9 aux m\u00e9dias qu&rsquo;un projet de loi relatif \u00e0 la protection des agents de sant\u00e9 sera bient\u00f4t examin\u00e9 au parlement.<\/p>\n<p style=\"text-align: right;\"><strong>E. B. A.<\/strong><\/p>\n<blockquote class=\"wp-embedded-content\" data-secret=\"Z9SOysi622\"><p><a href=\"https:\/\/kapitalis.com\/tunisie\/2017\/08\/12\/zaghouan-deux-freres-agressent-un-medecin\/\">Zaghouan : Deux fr\u00e8res agressent un m\u00e9decin<\/a><\/p><\/blockquote>\n<p><iframe loading=\"lazy\" class=\"wp-embedded-content\" sandbox=\"allow-scripts\" security=\"restricted\" style=\"position: absolute; clip: rect(1px, 1px, 1px, 1px);\" title=\"\u00ab\u00a0Zaghouan : Deux fr\u00e8res agressent un m\u00e9decin\u00a0\u00bb &#8212; Kapitalis\" src=\"https:\/\/kapitalis.com\/tunisie\/2017\/08\/12\/zaghouan-deux-freres-agressent-un-medecin\/embed\/#?secret=10JLpvEQjc#?secret=Z9SOysi622\" data-secret=\"Z9SOysi622\" width=\"600\" height=\"338\" frameborder=\"0\" marginwidth=\"0\" marginheight=\"0\" scrolling=\"no\"><\/iframe><\/p>\n<blockquote class=\"wp-embedded-content\" data-secret=\"Vhiikvewoz\"><p><a href=\"https:\/\/kapitalis.com\/tunisie\/2018\/02\/27\/agression-dans-les-hopitaux-renforcement-de-la-securite-a-beja\/\">Agression dans les h\u00f4pitaux : Renforcement de la s\u00e9curit\u00e9 \u00e0 B\u00e9ja<\/a><\/p><\/blockquote>\n<p><iframe loading=\"lazy\" class=\"wp-embedded-content\" sandbox=\"allow-scripts\" security=\"restricted\" style=\"position: absolute; clip: rect(1px, 1px, 1px, 1px);\" title=\"\u00ab\u00a0Agression dans les h\u00f4pitaux : Renforcement de la s\u00e9curit\u00e9 \u00e0 B\u00e9ja\u00a0\u00bb &#8212; Kapitalis\" src=\"https:\/\/kapitalis.com\/tunisie\/2018\/02\/27\/agression-dans-les-hopitaux-renforcement-de-la-securite-a-beja\/embed\/#?secret=0zPaPP5Jb7#?secret=Vhiikvewoz\" data-secret=\"Vhiikvewoz\" width=\"600\" height=\"338\" frameborder=\"0\" marginwidth=\"0\" marginheight=\"0\" scrolling=\"no\"><\/iframe><\/p>\n","protected":false},"excerpt":{"rendered":"<p>Un individu a violemment agress\u00e9 \u00e0 l&rsquo;arme blanche trois agents du Centre\u00a0de traumatologie et des grands br\u00fbl\u00e9s \u00e0 Ben Arous. Il a \u00e9t\u00e9 finalement arr\u00eat\u00e9 et conduit au poste de police.<\/p>\n","protected":false},"author":16,"featured_media":180654,"comment_status":"open","ping_status":"open","sticky":false,"template":"","format":"standard","meta":{"footnotes":""},"categories":[998,2433],"tags":[45,141,18334,7070],"class_list":["post-180653","post","type-post","status-publish","format-standard","has-post-thumbnail","hentry","category-societe","category-tunisie","tag-agression","tag-ben-arous","tag-centre-de-traumatologie-et-des-grands-brules","tag-imed-hammami"],"yoast_head":"<!-- This site is optimized with the Yoast SEO plugin v26.6 - https:\/\/yoast.com\/wordpress\/plugins\/seo\/ -->\n<title>Ben Arous : Un individu agresse 3 agents du Centre de traumatologie - Kapitalis<\/title>\n<meta name=\"robots\" content=\"index, follow, max-snippet:-1, max-image-preview:large, max-video-preview:-1\" \/>\n<link rel=\"canonical\" href=\"https:\/\/kapitalis.com\/tunisie\/2018\/10\/26\/ben-arous-un-individu-agresse-3-agents-du-centre-de-traumatologie\/\" \/>\n<meta property=\"og:locale\" content=\"fr_FR\" \/>\n<meta property=\"og:type\" content=\"article\" \/>\n<meta property=\"og:title\" content=\"Ben Arous : Un individu agresse 3 agents du Centre de traumatologie - Kapitalis\" \/>\n<meta property=\"og:description\" content=\"Un individu a violemment agress\u00e9 \u00e0 l&rsquo;arme blanche trois agents du Centre\u00a0de traumatologie et des grands br\u00fbl\u00e9s \u00e0 Ben Arous. Il a \u00e9t\u00e9 finalement arr\u00eat\u00e9 et conduit au poste de police.\" \/>\n<meta property=\"og:url\" content=\"https:\/\/kapitalis.com\/tunisie\/2018\/10\/26\/ben-arous-un-individu-agresse-3-agents-du-centre-de-traumatologie\/\" \/>\n<meta property=\"og:site_name\" content=\"Kapitalis\" \/>\n<meta property=\"article:publisher\" content=\"https:\/\/www.facebook.com\/KapitalisInfo\/\" \/>\n<meta property=\"article:published_time\" content=\"2018-10-26T08:58:41+00:00\" \/>\n<meta property=\"og:image\" content=\"https:\/\/kapitalis.com\/tunisie\/wp-content\/uploads\/2022\/05\/kapitalis-logo-fb.png\" \/>\n\t<meta property=\"og:image:width\" content=\"1200\" \/>\n\t<meta property=\"og:image:height\" content=\"630\" \/>\n\t<meta property=\"og:image:type\" content=\"image\/png\" \/>\n<meta name=\"author\" content=\"emna benabdallah\" \/>\n<meta name=\"twitter:card\" content=\"summary_large_image\" \/>\n<meta name=\"twitter:creator\" content=\"@KapitalisInfo\" \/>\n<meta name=\"twitter:site\" content=\"@KapitalisInfo\" \/>\n<meta name=\"twitter:label1\" content=\"\u00c9crit par\" \/>\n\t<meta name=\"twitter:data1\" content=\"emna benabdallah\" \/>\n\t<meta name=\"twitter:label2\" content=\"Dur\u00e9e de lecture estim\u00e9e\" \/>\n\t<meta name=\"twitter:data2\" content=\"1 minute\" \/>\n<script type=\"application\/ld+json\" class=\"yoast-schema-graph\">{\"@context\":\"https:\/\/schema.org\",\"@graph\":[{\"@type\":\"Article\",\"@id\":\"https:\/\/kapitalis.com\/tunisie\/2018\/10\/26\/ben-arous-un-individu-agresse-3-agents-du-centre-de-traumatologie\/#article\",\"isPartOf\":{\"@id\":\"https:\/\/kapitalis.com\/tunisie\/2018\/10\/26\/ben-arous-un-individu-agresse-3-agents-du-centre-de-traumatologie\/\"},\"author\":{\"name\":\"emna benabdallah\",\"@id\":\"https:\/\/kapitalis.com\/tunisie\/#\/schema\/person\/2c6e134b2f3369dffcd1daf5f087d28b\"},\"headline\":\"Ben Arous : Un individu agresse 3 agents du Centre de traumatologie\",\"datePublished\":\"2018-10-26T08:58:41+00:00\",\"mainEntityOfPage\":{\"@id\":\"https:\/\/kapitalis.com\/tunisie\/2018\/10\/26\/ben-arous-un-individu-agresse-3-agents-du-centre-de-traumatologie\/\"},\"wordCount\":210,\"commentCount\":0,\"publisher\":{\"@id\":\"https:\/\/kapitalis.com\/tunisie\/#organization\"},\"image\":{\"@id\":\"https:\/\/kapitalis.com\/tunisie\/2018\/10\/26\/ben-arous-un-individu-agresse-3-agents-du-centre-de-traumatologie\/#primaryimage\"},\"thumbnailUrl\":\"\",\"keywords\":[\"agression\",\"Ben Arous\",\"Centre de traumatologie et des grands br\u00fbl\u00e9s\",\"Imed Hammami\"],\"articleSection\":[\"SOCIETE\",\"Tunisie\"],\"inLanguage\":\"fr-FR\",\"potentialAction\":[{\"@type\":\"CommentAction\",\"name\":\"Comment\",\"target\":[\"https:\/\/kapitalis.com\/tunisie\/2018\/10\/26\/ben-arous-un-individu-agresse-3-agents-du-centre-de-traumatologie\/#respond\"]}]},{\"@type\":\"WebPage\",\"@id\":\"https:\/\/kapitalis.com\/tunisie\/2018\/10\/26\/ben-arous-un-individu-agresse-3-agents-du-centre-de-traumatologie\/\",\"url\":\"https:\/\/kapitalis.com\/tunisie\/2018\/10\/26\/ben-arous-un-individu-agresse-3-agents-du-centre-de-traumatologie\/\",\"name\":\"Ben Arous : Un individu agresse 3 agents du Centre de traumatologie - Kapitalis\",\"isPartOf\":{\"@id\":\"https:\/\/kapitalis.com\/tunisie\/#website\"},\"primaryImageOfPage\":{\"@id\":\"https:\/\/kapitalis.com\/tunisie\/2018\/10\/26\/ben-arous-un-individu-agresse-3-agents-du-centre-de-traumatologie\/#primaryimage\"},\"image\":{\"@id\":\"https:\/\/kapitalis.com\/tunisie\/2018\/10\/26\/ben-arous-un-individu-agresse-3-agents-du-centre-de-traumatologie\/#primaryimage\"},\"thumbnailUrl\":\"\",\"datePublished\":\"2018-10-26T08:58:41+00:00\",\"breadcrumb\":{\"@id\":\"https:\/\/kapitalis.com\/tunisie\/2018\/10\/26\/ben-arous-un-individu-agresse-3-agents-du-centre-de-traumatologie\/#breadcrumb\"},\"inLanguage\":\"fr-FR\",\"potentialAction\":[{\"@type\":\"ReadAction\",\"target\":[\"https:\/\/kapitalis.com\/tunisie\/2018\/10\/26\/ben-arous-un-individu-agresse-3-agents-du-centre-de-traumatologie\/\"]}]},{\"@type\":\"ImageObject\",\"inLanguage\":\"fr-FR\",\"@id\":\"https:\/\/kapitalis.com\/tunisie\/2018\/10\/26\/ben-arous-un-individu-agresse-3-agents-du-centre-de-traumatologie\/#primaryimage\",\"url\":\"\",\"contentUrl\":\"\"},{\"@type\":\"BreadcrumbList\",\"@id\":\"https:\/\/kapitalis.com\/tunisie\/2018\/10\/26\/ben-arous-un-individu-agresse-3-agents-du-centre-de-traumatologie\/#breadcrumb\",\"itemListElement\":[{\"@type\":\"ListItem\",\"position\":1,\"name\":\"Accueil\",\"item\":\"https:\/\/kapitalis.com\/tunisie\/\"},{\"@type\":\"ListItem\",\"position\":2,\"name\":\"Ben Arous : Un individu agresse 3 agents du Centre de traumatologie\"}]},{\"@type\":\"WebSite\",\"@id\":\"https:\/\/kapitalis.com\/tunisie\/#website\",\"url\":\"https:\/\/kapitalis.com\/tunisie\/\",\"name\":\"Kapitalis\",\"description\":\"L&#039;actualit\u00e9 en Tunisie et dans le monde\",\"publisher\":{\"@id\":\"https:\/\/kapitalis.com\/tunisie\/#organization\"},\"potentialAction\":[{\"@type\":\"SearchAction\",\"target\":{\"@type\":\"EntryPoint\",\"urlTemplate\":\"https:\/\/kapitalis.com\/tunisie\/?s={search_term_string}\"},\"query-input\":{\"@type\":\"PropertyValueSpecification\",\"valueRequired\":true,\"valueName\":\"search_term_string\"}}],\"inLanguage\":\"fr-FR\"},{\"@type\":\"Organization\",\"@id\":\"https:\/\/kapitalis.com\/tunisie\/#organization\",\"name\":\"Kapitalis\",\"url\":\"https:\/\/kapitalis.com\/tunisie\/\",\"logo\":{\"@type\":\"ImageObject\",\"inLanguage\":\"fr-FR\",\"@id\":\"https:\/\/kapitalis.com\/tunisie\/#\/schema\/logo\/image\/\",\"url\":\"https:\/\/kapitalis.com\/tunisie\/wp-content\/uploads\/2022\/05\/Kapitalis-big-size.png\",\"contentUrl\":\"https:\/\/kapitalis.com\/tunisie\/wp-content\/uploads\/2022\/05\/Kapitalis-big-size.png\",\"width\":5000,\"height\":1500,\"caption\":\"Kapitalis\"},\"image\":{\"@id\":\"https:\/\/kapitalis.com\/tunisie\/#\/schema\/logo\/image\/\"},\"sameAs\":[\"https:\/\/www.facebook.com\/KapitalisInfo\/\",\"https:\/\/x.com\/KapitalisInfo\",\"https:\/\/www.youtube.com\/channel\/UC-yDYrHyfFBWWZaOw3FPg9Q\"]},{\"@type\":\"Person\",\"@id\":\"https:\/\/kapitalis.com\/tunisie\/#\/schema\/person\/2c6e134b2f3369dffcd1daf5f087d28b\",\"name\":\"emna benabdallah\",\"url\":\"https:\/\/kapitalis.com\/tunisie\/author\/emna\/\"}]}<\/script>\n<!-- \/ Yoast SEO plugin. -->","yoast_head_json":{"title":"Ben Arous : Un individu agresse 3 agents du Centre de traumatologie - Kapitalis","robots":{"index":"index","follow":"follow","max-snippet":"max-snippet:-1","max-image-preview":"max-image-preview:large","max-video-preview":"max-video-preview:-1"},"canonical":"https:\/\/kapitalis.com\/tunisie\/2018\/10\/26\/ben-arous-un-individu-agresse-3-agents-du-centre-de-traumatologie\/","og_locale":"fr_FR","og_type":"article","og_title":"Ben Arous : Un individu agresse 3 agents du Centre de traumatologie - Kapitalis","og_description":"Un individu a violemment agress\u00e9 \u00e0 l&rsquo;arme blanche trois agents du Centre\u00a0de traumatologie et des grands br\u00fbl\u00e9s \u00e0 Ben Arous. Il a \u00e9t\u00e9 finalement arr\u00eat\u00e9 et conduit au poste de police.","og_url":"https:\/\/kapitalis.com\/tunisie\/2018\/10\/26\/ben-arous-un-individu-agresse-3-agents-du-centre-de-traumatologie\/","og_site_name":"Kapitalis","article_publisher":"https:\/\/www.facebook.com\/KapitalisInfo\/","article_published_time":"2018-10-26T08:58:41+00:00","og_image":[{"width":1200,"height":630,"url":"https:\/\/kapitalis.com\/tunisie\/wp-content\/uploads\/2022\/05\/kapitalis-logo-fb.png","type":"image\/png"}],"author":"emna benabdallah","twitter_card":"summary_large_image","twitter_creator":"@KapitalisInfo","twitter_site":"@KapitalisInfo","twitter_misc":{"\u00c9crit par":"emna benabdallah","Dur\u00e9e de lecture estim\u00e9e":"1 minute"},"schema":{"@context":"https:\/\/schema.org","@graph":[{"@type":"Article","@id":"https:\/\/kapitalis.com\/tunisie\/2018\/10\/26\/ben-arous-un-individu-agresse-3-agents-du-centre-de-traumatologie\/#article","isPartOf":{"@id":"https:\/\/kapitalis.com\/tunisie\/2018\/10\/26\/ben-arous-un-individu-agresse-3-agents-du-centre-de-traumatologie\/"},"author":{"name":"emna benabdallah","@id":"https:\/\/kapitalis.com\/tunisie\/#\/schema\/person\/2c6e134b2f3369dffcd1daf5f087d28b"},"headline":"Ben Arous : Un individu agresse 3 agents du Centre de traumatologie","datePublished":"2018-10-26T08:58:41+00:00","mainEntityOfPage":{"@id":"https:\/\/kapitalis.com\/tunisie\/2018\/10\/26\/ben-arous-un-individu-agresse-3-agents-du-centre-de-traumatologie\/"},"wordCount":210,"commentCount":0,"publisher":{"@id":"https:\/\/kapitalis.com\/tunisie\/#organization"},"image":{"@id":"https:\/\/kapitalis.com\/tunisie\/2018\/10\/26\/ben-arous-un-individu-agresse-3-agents-du-centre-de-traumatologie\/#primaryimage"},"thumbnailUrl":"","keywords":["agression","Ben Arous","Centre de traumatologie et des grands br\u00fbl\u00e9s","Imed Hammami"],"articleSection":["SOCIETE","Tunisie"],"inLanguage":"fr-FR","potentialAction":[{"@type":"CommentAction","name":"Comment","target":["https:\/\/kapitalis.com\/tunisie\/2018\/10\/26\/ben-arous-un-individu-agresse-3-agents-du-centre-de-traumatologie\/#respond"]}]},{"@type":"WebPage","@id":"https:\/\/kapitalis.com\/tunisie\/2018\/10\/26\/ben-arous-un-individu-agresse-3-agents-du-centre-de-traumatologie\/","url":"https:\/\/kapitalis.com\/tunisie\/2018\/10\/26\/ben-arous-un-individu-agresse-3-agents-du-centre-de-traumatologie\/","name":"Ben Arous : Un individu agresse 3 agents du Centre de traumatologie - Kapitalis","isPartOf":{"@id":"https:\/\/kapitalis.com\/tunisie\/#website"},"primaryImageOfPage":{"@id":"https:\/\/kapitalis.com\/tunisie\/2018\/10\/26\/ben-arous-un-individu-agresse-3-agents-du-centre-de-traumatologie\/#primaryimage"},"image":{"@id":"https:\/\/kapitalis.com\/tunisie\/2018\/10\/26\/ben-arous-un-individu-agresse-3-agents-du-centre-de-traumatologie\/#primaryimage"},"thumbnailUrl":"","datePublished":"2018-10-26T08:58:41+00:00","breadcrumb":{"@id":"https:\/\/kapitalis.com\/tunisie\/2018\/10\/26\/ben-arous-un-individu-agresse-3-agents-du-centre-de-traumatologie\/#breadcrumb"},"inLanguage":"fr-FR","potentialAction":[{"@type":"ReadAction","target":["https:\/\/kapitalis.com\/tunisie\/2018\/10\/26\/ben-arous-un-individu-agresse-3-agents-du-centre-de-traumatologie\/"]}]},{"@type":"ImageObject","inLanguage":"fr-FR","@id":"https:\/\/kapitalis.com\/tunisie\/2018\/10\/26\/ben-arous-un-individu-agresse-3-agents-du-centre-de-traumatologie\/#primaryimage","url":"","contentUrl":""},{"@type":"BreadcrumbList","@id":"https:\/\/kapitalis.com\/tunisie\/2018\/10\/26\/ben-arous-un-individu-agresse-3-agents-du-centre-de-traumatologie\/#breadcrumb","itemListElement":[{"@type":"ListItem","position":1,"name":"Accueil","item":"https:\/\/kapitalis.com\/tunisie\/"},{"@type":"ListItem","position":2,"name":"Ben Arous : Un individu agresse 3 agents du Centre de traumatologie"}]},{"@type":"WebSite","@id":"https:\/\/kapitalis.com\/tunisie\/#website","url":"https:\/\/kapitalis.com\/tunisie\/","name":"Kapitalis","description":"L&#039;actualit\u00e9 en Tunisie et dans le monde","publisher":{"@id":"https:\/\/kapitalis.com\/tunisie\/#organization"},"potentialAction":[{"@type":"SearchAction","target":{"@type":"EntryPoint","urlTemplate":"https:\/\/kapitalis.com\/tunisie\/?s={search_term_string}"},"query-input":{"@type":"PropertyValueSpecification","valueRequired":true,"valueName":"search_term_string"}}],"inLanguage":"fr-FR"},{"@type":"Organization","@id":"https:\/\/kapitalis.com\/tunisie\/#organization","name":"Kapitalis","url":"https:\/\/kapitalis.com\/tunisie\/","logo":{"@type":"ImageObject","inLanguage":"fr-FR","@id":"https:\/\/kapitalis.com\/tunisie\/#\/schema\/logo\/image\/","url":"https:\/\/kapitalis.com\/tunisie\/wp-content\/uploads\/2022\/05\/Kapitalis-big-size.png","contentUrl":"https:\/\/kapitalis.com\/tunisie\/wp-content\/uploads\/2022\/05\/Kapitalis-big-size.png","width":5000,"height":1500,"caption":"Kapitalis"},"image":{"@id":"https:\/\/kapitalis.com\/tunisie\/#\/schema\/logo\/image\/"},"sameAs":["https:\/\/www.facebook.com\/KapitalisInfo\/","https:\/\/x.com\/KapitalisInfo","https:\/\/www.youtube.com\/channel\/UC-yDYrHyfFBWWZaOw3FPg9Q"]},{"@type":"Person","@id":"https:\/\/kapitalis.com\/tunisie\/#\/schema\/person\/2c6e134b2f3369dffcd1daf5f087d28b","name":"emna benabdallah","url":"https:\/\/kapitalis.com\/tunisie\/author\/emna\/"}]}},"_links":{"self":[{"href":"https:\/\/kapitalis.com\/tunisie\/wp-json\/wp\/v2\/posts\/180653","targetHints":{"allow":["GET"]}}],"collection":[{"href":"https:\/\/kapitalis.com\/tunisie\/wp-json\/wp\/v2\/posts"}],"about":[{"href":"https:\/\/kapitalis.com\/tunisie\/wp-json\/wp\/v2\/types\/post"}],"author":[{"embeddable":true,"href":"https:\/\/kapitalis.com\/tunisie\/wp-json\/wp\/v2\/users\/16"}],"replies":[{"embeddable":true,"href":"https:\/\/kapitalis.com\/tunisie\/wp-json\/wp\/v2\/comments?post=180653"}],"version-history":[{"count":0,"href":"https:\/\/kapitalis.com\/tunisie\/wp-json\/wp\/v2\/posts\/180653\/revisions"}],"wp:featuredmedia":[{"embeddable":true,"href":"https:\/\/kapitalis.com\/tunisie\/wp-json\/wp\/v2\/media\/180654"}],"wp:attachment":[{"href":"https:\/\/kapitalis.com\/tunisie\/wp-json\/wp\/v2\/media?parent=180653"}],"wp:term":[{"taxonomy":"category","embeddable":true,"href":"https:\/\/kapitalis.com\/tunisie\/wp-json\/wp\/v2\/categories?post=180653"},{"taxonomy":"post_tag","embeddable":true,"href":"https:\/\/kapitalis.com\/tunisie\/wp-json\/wp\/v2\/tags?post=180653"}],"curies":[{"name":"wp","href":"https:\/\/api.w.org\/{rel}","templated":true}]}}