{"id":180683,"date":"2018-10-26T10:30:40","date_gmt":"2018-10-26T09:30:40","guid":{"rendered":"http:\/\/kapitalis.com\/tunisie\/?p=180683"},"modified":"2018-10-26T10:34:20","modified_gmt":"2018-10-26T09:34:20","slug":"moussi-manifeste-devant-le-siege-dattessia-contre-boughalleb","status":"publish","type":"post","link":"https:\/\/kapitalis.com\/tunisie\/2018\/10\/26\/moussi-manifeste-devant-le-siege-dattessia-contre-boughalleb\/","title":{"rendered":"Moussi manifeste devant le si\u00e8ge d\u2019Attessia contre Boughalleb"},"content":{"rendered":"<p style=\"text-align: center;\"><img loading=\"lazy\" decoding=\"async\" class=\"alignnone size-full wp-image-180697\" src=\"http:\/\/kapitalis.com\/tunisie\/wp-content\/uploads\/2018\/10\/Abir-Moussi-Mohamed-Boughalleb.jpg\" alt=\"\" width=\"626\" height=\"380\" \/><\/p>\n<p><em><strong>Abir Moussi, pr\u00e9sidente du Parti destourien libre (PDL), a manifest\u00e9, hier soir, jeudi 25 octobre 2018, devant le si\u00e8ge d\u2019Attessia TV, apr\u00e8s avoir particip\u00e9 \u00e0 l\u2019\u00e9mission Rendez-vous 9, en accusant le chroniqueur Mohamed Boughalleb de l\u2019avoir verbalement agress\u00e9e et menac\u00e9e.<\/strong><\/em><!--more--><\/p>\n<p>La pr\u00e9sidente du PDL, qui \u00e9tait invit\u00e9e sur le plateau de Rendez-vous 9, accuse le journaliste de lui avoir manqu\u00e9 de respect et de l\u2019avoir humili\u00e9e. Elle ajoute qu\u2019il lui a cri\u00e9 dessus lui demandant de se taire. \u00ab<em>Tais-toi sinon je vais me lever<\/em>\u00bb, lui aurait-il lanc\u00e9 dans les coulisses, sur un ton mena\u00e7ant, selon la politicienne, qui assure que le journaliste a aussi port\u00e9 atteinte \u00e0 son honneur.<\/p>\n<p>Abir Moussi a d\u2019ailleurs interpell\u00e9 la Haute autorit\u00e9 ind\u00e9pendante de la communication audiovisuelle (Haica), lui demandant de prendre des mesures contre Mohamed Boughalleb. \u00ab<em>Il a transform\u00e9 un d\u00e9bat en dispute et c\u2019\u00e9tait son seul objectif. Il ne m\u2019a pas invit\u00e9e pour d\u00e9battre et \u00e9changer des id\u00e9es mais pour m\u2019humilier. Nous sommes en d\u00e9mocratie et les plateaux TV ne sont pas un lieu pour r\u00e9gler des comptes<\/em>\u00bb, a-t-elle d\u00e9plor\u00e9, lors d\u2019un rassemblement avec des dirigeants de son parti qui lui ont apport\u00e9 leur soutien.<\/p>\n<div class=\"embed\">\n<div class=\"video\">\n<iframe loading=\"lazy\" src=\"https:\/\/www.facebook.com\/plugins\/video.php?href=https%3A%2F%2Fwww.facebook.com%2FAttessiaTV%2Fvideos%2F944693295714446%2F&#038;show_text=0&#038;width=560\" width=\"560\" height=\"315\" style=\"border:none;overflow:hidden\" scrolling=\"no\" frameborder=\"0\" allowTransparency=\"true\" allowFullScreen=\"true\"><\/iframe>\n<\/div>\n<\/div>\n<p>&nbsp;<\/p>\n<div class=\"embed\">\n<div class=\"video\">\n<iframe loading=\"lazy\" src=\"https:\/\/www.facebook.com\/plugins\/video.php?href=https%3A%2F%2Fwww.facebook.com%2Fabir.moussi.5%2Fvideos%2F1915572931869347%2F&#038;show_text=0&#038;width=560\" width=\"560\" height=\"315\" style=\"border:none;overflow:hidden\" scrolling=\"no\" frameborder=\"0\" allowTransparency=\"true\" allowFullScreen=\"true\"><\/iframe>\n<\/div>\n<\/div>\n<p>&nbsp;<br \/>\nUne plainte pourrait \u00eatre d\u00e9pos\u00e9e contre le journaliste, a assur\u00e9 Abir Moussi, avocate de son \u00e9tat.<\/p>\n<p style=\"text-align: right;\"><strong>Y. N.<\/strong><\/p>\n<p>&nbsp;<\/p>\n","protected":false},"excerpt":{"rendered":"<p>Abir Moussi, pr\u00e9sidente du Parti destourien libre (PDL), a manifest\u00e9, hier soir, jeudi 25 octobre 2018, devant le si\u00e8ge d\u2019Attessia TV, apr\u00e8s avoir particip\u00e9 \u00e0 l\u2019\u00e9mission Rendez-vous 9, en accusant le chroniqueur Mohamed Boughalleb de l\u2019avoir verbalement agress\u00e9e et menac\u00e9e.<\/p>\n","protected":false},"author":6,"featured_media":180697,"comment_status":"open","ping_status":"open","sticky":false,"template":"","format":"standard","meta":{"footnotes":""},"categories":[997,2433,4806],"tags":[15144,19116,1843,1380,13494,33536,2280],"class_list":["post-180683","post","type-post","status-publish","format-standard","has-post-thumbnail","hentry","category-politique","category-tunisie","category-videos","tag-abir-moussi","tag-attessia","tag-haica","tag-journaliste","tag-mohamed-boughalleb","tag-pdl","tag-television"],"yoast_head":"<!-- This site is optimized with the Yoast SEO plugin v26.6 - https:\/\/yoast.com\/wordpress\/plugins\/seo\/ -->\n<title>Moussi manifeste devant le si\u00e8ge d\u2019Attessia contre Boughalleb - Kapitalis<\/title>\n<meta name=\"robots\" content=\"index, follow, max-snippet:-1, max-image-preview:large, max-video-preview:-1\" \/>\n<link rel=\"canonical\" href=\"https:\/\/kapitalis.com\/tunisie\/2018\/10\/26\/moussi-manifeste-devant-le-siege-dattessia-contre-boughalleb\/\" \/>\n<meta property=\"og:locale\" content=\"fr_FR\" \/>\n<meta property=\"og:type\" content=\"article\" \/>\n<meta property=\"og:title\" content=\"Moussi manifeste devant le si\u00e8ge d\u2019Attessia contre Boughalleb - Kapitalis\" \/>\n<meta property=\"og:description\" content=\"Abir Moussi, pr\u00e9sidente du Parti destourien libre (PDL), a manifest\u00e9, hier soir, jeudi 25 octobre 2018, devant le si\u00e8ge d\u2019Attessia TV, apr\u00e8s avoir particip\u00e9 \u00e0 l\u2019\u00e9mission Rendez-vous 9, en accusant le chroniqueur Mohamed Boughalleb de l\u2019avoir verbalement agress\u00e9e et menac\u00e9e.\" \/>\n<meta property=\"og:url\" content=\"https:\/\/kapitalis.com\/tunisie\/2018\/10\/26\/moussi-manifeste-devant-le-siege-dattessia-contre-boughalleb\/\" \/>\n<meta property=\"og:site_name\" content=\"Kapitalis\" \/>\n<meta property=\"article:publisher\" content=\"https:\/\/www.facebook.com\/KapitalisInfo\/\" \/>\n<meta property=\"article:published_time\" content=\"2018-10-26T09:30:40+00:00\" \/>\n<meta property=\"article:modified_time\" content=\"2018-10-26T09:34:20+00:00\" \/>\n<meta property=\"og:image\" content=\"https:\/\/kapitalis.com\/tunisie\/wp-content\/uploads\/2022\/05\/kapitalis-logo-fb.png\" \/>\n\t<meta property=\"og:image:width\" content=\"1200\" \/>\n\t<meta property=\"og:image:height\" content=\"630\" \/>\n\t<meta property=\"og:image:type\" content=\"image\/png\" \/>\n<meta name=\"author\" content=\"Yusra NY\" \/>\n<meta name=\"twitter:card\" content=\"summary_large_image\" \/>\n<meta name=\"twitter:creator\" content=\"@KapitalisInfo\" \/>\n<meta name=\"twitter:site\" content=\"@KapitalisInfo\" \/>\n<meta name=\"twitter:label1\" content=\"\u00c9crit par\" \/>\n\t<meta name=\"twitter:data1\" content=\"Yusra NY\" \/>\n\t<meta name=\"twitter:label2\" content=\"Dur\u00e9e de lecture estim\u00e9e\" \/>\n\t<meta name=\"twitter:data2\" content=\"1 minute\" \/>\n<script type=\"application\/ld+json\" class=\"yoast-schema-graph\">{\"@context\":\"https:\/\/schema.org\",\"@graph\":[{\"@type\":\"Article\",\"@id\":\"https:\/\/kapitalis.com\/tunisie\/2018\/10\/26\/moussi-manifeste-devant-le-siege-dattessia-contre-boughalleb\/#article\",\"isPartOf\":{\"@id\":\"https:\/\/kapitalis.com\/tunisie\/2018\/10\/26\/moussi-manifeste-devant-le-siege-dattessia-contre-boughalleb\/\"},\"author\":{\"name\":\"Yusra NY\",\"@id\":\"https:\/\/kapitalis.com\/tunisie\/#\/schema\/person\/74bbde0154d49d790a92aaeac5bc01d5\"},\"headline\":\"Moussi manifeste devant le si\u00e8ge d\u2019Attessia contre Boughalleb\",\"datePublished\":\"2018-10-26T09:30:40+00:00\",\"dateModified\":\"2018-10-26T09:34:20+00:00\",\"mainEntityOfPage\":{\"@id\":\"https:\/\/kapitalis.com\/tunisie\/2018\/10\/26\/moussi-manifeste-devant-le-siege-dattessia-contre-boughalleb\/\"},\"wordCount\":246,\"commentCount\":3,\"publisher\":{\"@id\":\"https:\/\/kapitalis.com\/tunisie\/#organization\"},\"image\":{\"@id\":\"https:\/\/kapitalis.com\/tunisie\/2018\/10\/26\/moussi-manifeste-devant-le-siege-dattessia-contre-boughalleb\/#primaryimage\"},\"thumbnailUrl\":\"\",\"keywords\":[\"Abir Moussi\",\"Attessia\",\"Haica\",\"journaliste\",\"Mohamed Boughalleb\",\"PDL\",\"t\u00e9l\u00e9vision\"],\"articleSection\":[\"POLITIQUE\",\"Tunisie\",\"VIDEOS\"],\"inLanguage\":\"fr-FR\",\"potentialAction\":[{\"@type\":\"CommentAction\",\"name\":\"Comment\",\"target\":[\"https:\/\/kapitalis.com\/tunisie\/2018\/10\/26\/moussi-manifeste-devant-le-siege-dattessia-contre-boughalleb\/#respond\"]}]},{\"@type\":\"WebPage\",\"@id\":\"https:\/\/kapitalis.com\/tunisie\/2018\/10\/26\/moussi-manifeste-devant-le-siege-dattessia-contre-boughalleb\/\",\"url\":\"https:\/\/kapitalis.com\/tunisie\/2018\/10\/26\/moussi-manifeste-devant-le-siege-dattessia-contre-boughalleb\/\",\"name\":\"Moussi manifeste devant le si\u00e8ge d\u2019Attessia contre Boughalleb - Kapitalis\",\"isPartOf\":{\"@id\":\"https:\/\/kapitalis.com\/tunisie\/#website\"},\"primaryImageOfPage\":{\"@id\":\"https:\/\/kapitalis.com\/tunisie\/2018\/10\/26\/moussi-manifeste-devant-le-siege-dattessia-contre-boughalleb\/#primaryimage\"},\"image\":{\"@id\":\"https:\/\/kapitalis.com\/tunisie\/2018\/10\/26\/moussi-manifeste-devant-le-siege-dattessia-contre-boughalleb\/#primaryimage\"},\"thumbnailUrl\":\"\",\"datePublished\":\"2018-10-26T09:30:40+00:00\",\"dateModified\":\"2018-10-26T09:34:20+00:00\",\"breadcrumb\":{\"@id\":\"https:\/\/kapitalis.com\/tunisie\/2018\/10\/26\/moussi-manifeste-devant-le-siege-dattessia-contre-boughalleb\/#breadcrumb\"},\"inLanguage\":\"fr-FR\",\"potentialAction\":[{\"@type\":\"ReadAction\",\"target\":[\"https:\/\/kapitalis.com\/tunisie\/2018\/10\/26\/moussi-manifeste-devant-le-siege-dattessia-contre-boughalleb\/\"]}]},{\"@type\":\"ImageObject\",\"inLanguage\":\"fr-FR\",\"@id\":\"https:\/\/kapitalis.com\/tunisie\/2018\/10\/26\/moussi-manifeste-devant-le-siege-dattessia-contre-boughalleb\/#primaryimage\",\"url\":\"\",\"contentUrl\":\"\"},{\"@type\":\"BreadcrumbList\",\"@id\":\"https:\/\/kapitalis.com\/tunisie\/2018\/10\/26\/moussi-manifeste-devant-le-siege-dattessia-contre-boughalleb\/#breadcrumb\",\"itemListElement\":[{\"@type\":\"ListItem\",\"position\":1,\"name\":\"Accueil\",\"item\":\"https:\/\/kapitalis.com\/tunisie\/\"},{\"@type\":\"ListItem\",\"position\":2,\"name\":\"Moussi manifeste devant le si\u00e8ge d\u2019Attessia contre Boughalleb\"}]},{\"@type\":\"WebSite\",\"@id\":\"https:\/\/kapitalis.com\/tunisie\/#website\",\"url\":\"https:\/\/kapitalis.com\/tunisie\/\",\"name\":\"Kapitalis\",\"description\":\"L&#039;actualit\u00e9 en Tunisie et dans le monde\",\"publisher\":{\"@id\":\"https:\/\/kapitalis.com\/tunisie\/#organization\"},\"potentialAction\":[{\"@type\":\"SearchAction\",\"target\":{\"@type\":\"EntryPoint\",\"urlTemplate\":\"https:\/\/kapitalis.com\/tunisie\/?s={search_term_string}\"},\"query-input\":{\"@type\":\"PropertyValueSpecification\",\"valueRequired\":true,\"valueName\":\"search_term_string\"}}],\"inLanguage\":\"fr-FR\"},{\"@type\":\"Organization\",\"@id\":\"https:\/\/kapitalis.com\/tunisie\/#organization\",\"name\":\"Kapitalis\",\"url\":\"https:\/\/kapitalis.com\/tunisie\/\",\"logo\":{\"@type\":\"ImageObject\",\"inLanguage\":\"fr-FR\",\"@id\":\"https:\/\/kapitalis.com\/tunisie\/#\/schema\/logo\/image\/\",\"url\":\"https:\/\/kapitalis.com\/tunisie\/wp-content\/uploads\/2022\/05\/Kapitalis-big-size.png\",\"contentUrl\":\"https:\/\/kapitalis.com\/tunisie\/wp-content\/uploads\/2022\/05\/Kapitalis-big-size.png\",\"width\":5000,\"height\":1500,\"caption\":\"Kapitalis\"},\"image\":{\"@id\":\"https:\/\/kapitalis.com\/tunisie\/#\/schema\/logo\/image\/\"},\"sameAs\":[\"https:\/\/www.facebook.com\/KapitalisInfo\/\",\"https:\/\/x.com\/KapitalisInfo\",\"https:\/\/www.youtube.com\/channel\/UC-yDYrHyfFBWWZaOw3FPg9Q\"]},{\"@type\":\"Person\",\"@id\":\"https:\/\/kapitalis.com\/tunisie\/#\/schema\/person\/74bbde0154d49d790a92aaeac5bc01d5\",\"name\":\"Yusra NY\",\"url\":\"https:\/\/kapitalis.com\/tunisie\/author\/yuza_adam\/\"}]}<\/script>\n<!-- \/ Yoast SEO plugin. -->","yoast_head_json":{"title":"Moussi manifeste devant le si\u00e8ge d\u2019Attessia contre Boughalleb - Kapitalis","robots":{"index":"index","follow":"follow","max-snippet":"max-snippet:-1","max-image-preview":"max-image-preview:large","max-video-preview":"max-video-preview:-1"},"canonical":"https:\/\/kapitalis.com\/tunisie\/2018\/10\/26\/moussi-manifeste-devant-le-siege-dattessia-contre-boughalleb\/","og_locale":"fr_FR","og_type":"article","og_title":"Moussi manifeste devant le si\u00e8ge d\u2019Attessia contre Boughalleb - Kapitalis","og_description":"Abir Moussi, pr\u00e9sidente du Parti destourien libre (PDL), a manifest\u00e9, hier soir, jeudi 25 octobre 2018, devant le si\u00e8ge d\u2019Attessia TV, apr\u00e8s avoir particip\u00e9 \u00e0 l\u2019\u00e9mission Rendez-vous 9, en accusant le chroniqueur Mohamed Boughalleb de l\u2019avoir verbalement agress\u00e9e et menac\u00e9e.","og_url":"https:\/\/kapitalis.com\/tunisie\/2018\/10\/26\/moussi-manifeste-devant-le-siege-dattessia-contre-boughalleb\/","og_site_name":"Kapitalis","article_publisher":"https:\/\/www.facebook.com\/KapitalisInfo\/","article_published_time":"2018-10-26T09:30:40+00:00","article_modified_time":"2018-10-26T09:34:20+00:00","og_image":[{"width":1200,"height":630,"url":"https:\/\/kapitalis.com\/tunisie\/wp-content\/uploads\/2022\/05\/kapitalis-logo-fb.png","type":"image\/png"}],"author":"Yusra NY","twitter_card":"summary_large_image","twitter_creator":"@KapitalisInfo","twitter_site":"@KapitalisInfo","twitter_misc":{"\u00c9crit par":"Yusra NY","Dur\u00e9e de lecture estim\u00e9e":"1 minute"},"schema":{"@context":"https:\/\/schema.org","@graph":[{"@type":"Article","@id":"https:\/\/kapitalis.com\/tunisie\/2018\/10\/26\/moussi-manifeste-devant-le-siege-dattessia-contre-boughalleb\/#article","isPartOf":{"@id":"https:\/\/kapitalis.com\/tunisie\/2018\/10\/26\/moussi-manifeste-devant-le-siege-dattessia-contre-boughalleb\/"},"author":{"name":"Yusra NY","@id":"https:\/\/kapitalis.com\/tunisie\/#\/schema\/person\/74bbde0154d49d790a92aaeac5bc01d5"},"headline":"Moussi manifeste devant le si\u00e8ge d\u2019Attessia contre Boughalleb","datePublished":"2018-10-26T09:30:40+00:00","dateModified":"2018-10-26T09:34:20+00:00","mainEntityOfPage":{"@id":"https:\/\/kapitalis.com\/tunisie\/2018\/10\/26\/moussi-manifeste-devant-le-siege-dattessia-contre-boughalleb\/"},"wordCount":246,"commentCount":3,"publisher":{"@id":"https:\/\/kapitalis.com\/tunisie\/#organization"},"image":{"@id":"https:\/\/kapitalis.com\/tunisie\/2018\/10\/26\/moussi-manifeste-devant-le-siege-dattessia-contre-boughalleb\/#primaryimage"},"thumbnailUrl":"","keywords":["Abir Moussi","Attessia","Haica","journaliste","Mohamed Boughalleb","PDL","t\u00e9l\u00e9vision"],"articleSection":["POLITIQUE","Tunisie","VIDEOS"],"inLanguage":"fr-FR","potentialAction":[{"@type":"CommentAction","name":"Comment","target":["https:\/\/kapitalis.com\/tunisie\/2018\/10\/26\/moussi-manifeste-devant-le-siege-dattessia-contre-boughalleb\/#respond"]}]},{"@type":"WebPage","@id":"https:\/\/kapitalis.com\/tunisie\/2018\/10\/26\/moussi-manifeste-devant-le-siege-dattessia-contre-boughalleb\/","url":"https:\/\/kapitalis.com\/tunisie\/2018\/10\/26\/moussi-manifeste-devant-le-siege-dattessia-contre-boughalleb\/","name":"Moussi manifeste devant le si\u00e8ge d\u2019Attessia contre Boughalleb - Kapitalis","isPartOf":{"@id":"https:\/\/kapitalis.com\/tunisie\/#website"},"primaryImageOfPage":{"@id":"https:\/\/kapitalis.com\/tunisie\/2018\/10\/26\/moussi-manifeste-devant-le-siege-dattessia-contre-boughalleb\/#primaryimage"},"image":{"@id":"https:\/\/kapitalis.com\/tunisie\/2018\/10\/26\/moussi-manifeste-devant-le-siege-dattessia-contre-boughalleb\/#primaryimage"},"thumbnailUrl":"","datePublished":"2018-10-26T09:30:40+00:00","dateModified":"2018-10-26T09:34:20+00:00","breadcrumb":{"@id":"https:\/\/kapitalis.com\/tunisie\/2018\/10\/26\/moussi-manifeste-devant-le-siege-dattessia-contre-boughalleb\/#breadcrumb"},"inLanguage":"fr-FR","potentialAction":[{"@type":"ReadAction","target":["https:\/\/kapitalis.com\/tunisie\/2018\/10\/26\/moussi-manifeste-devant-le-siege-dattessia-contre-boughalleb\/"]}]},{"@type":"ImageObject","inLanguage":"fr-FR","@id":"https:\/\/kapitalis.com\/tunisie\/2018\/10\/26\/moussi-manifeste-devant-le-siege-dattessia-contre-boughalleb\/#primaryimage","url":"","contentUrl":""},{"@type":"BreadcrumbList","@id":"https:\/\/kapitalis.com\/tunisie\/2018\/10\/26\/moussi-manifeste-devant-le-siege-dattessia-contre-boughalleb\/#breadcrumb","itemListElement":[{"@type":"ListItem","position":1,"name":"Accueil","item":"https:\/\/kapitalis.com\/tunisie\/"},{"@type":"ListItem","position":2,"name":"Moussi manifeste devant le si\u00e8ge d\u2019Attessia contre Boughalleb"}]},{"@type":"WebSite","@id":"https:\/\/kapitalis.com\/tunisie\/#website","url":"https:\/\/kapitalis.com\/tunisie\/","name":"Kapitalis","description":"L&#039;actualit\u00e9 en Tunisie et dans le monde","publisher":{"@id":"https:\/\/kapitalis.com\/tunisie\/#organization"},"potentialAction":[{"@type":"SearchAction","target":{"@type":"EntryPoint","urlTemplate":"https:\/\/kapitalis.com\/tunisie\/?s={search_term_string}"},"query-input":{"@type":"PropertyValueSpecification","valueRequired":true,"valueName":"search_term_string"}}],"inLanguage":"fr-FR"},{"@type":"Organization","@id":"https:\/\/kapitalis.com\/tunisie\/#organization","name":"Kapitalis","url":"https:\/\/kapitalis.com\/tunisie\/","logo":{"@type":"ImageObject","inLanguage":"fr-FR","@id":"https:\/\/kapitalis.com\/tunisie\/#\/schema\/logo\/image\/","url":"https:\/\/kapitalis.com\/tunisie\/wp-content\/uploads\/2022\/05\/Kapitalis-big-size.png","contentUrl":"https:\/\/kapitalis.com\/tunisie\/wp-content\/uploads\/2022\/05\/Kapitalis-big-size.png","width":5000,"height":1500,"caption":"Kapitalis"},"image":{"@id":"https:\/\/kapitalis.com\/tunisie\/#\/schema\/logo\/image\/"},"sameAs":["https:\/\/www.facebook.com\/KapitalisInfo\/","https:\/\/x.com\/KapitalisInfo","https:\/\/www.youtube.com\/channel\/UC-yDYrHyfFBWWZaOw3FPg9Q"]},{"@type":"Person","@id":"https:\/\/kapitalis.com\/tunisie\/#\/schema\/person\/74bbde0154d49d790a92aaeac5bc01d5","name":"Yusra NY","url":"https:\/\/kapitalis.com\/tunisie\/author\/yuza_adam\/"}]}},"_links":{"self":[{"href":"https:\/\/kapitalis.com\/tunisie\/wp-json\/wp\/v2\/posts\/180683","targetHints":{"allow":["GET"]}}],"collection":[{"href":"https:\/\/kapitalis.com\/tunisie\/wp-json\/wp\/v2\/posts"}],"about":[{"href":"https:\/\/kapitalis.com\/tunisie\/wp-json\/wp\/v2\/types\/post"}],"author":[{"embeddable":true,"href":"https:\/\/kapitalis.com\/tunisie\/wp-json\/wp\/v2\/users\/6"}],"replies":[{"embeddable":true,"href":"https:\/\/kapitalis.com\/tunisie\/wp-json\/wp\/v2\/comments?post=180683"}],"version-history":[{"count":0,"href":"https:\/\/kapitalis.com\/tunisie\/wp-json\/wp\/v2\/posts\/180683\/revisions"}],"wp:featuredmedia":[{"embeddable":true,"href":"https:\/\/kapitalis.com\/tunisie\/wp-json\/wp\/v2\/media\/180697"}],"wp:attachment":[{"href":"https:\/\/kapitalis.com\/tunisie\/wp-json\/wp\/v2\/media?parent=180683"}],"wp:term":[{"taxonomy":"category","embeddable":true,"href":"https:\/\/kapitalis.com\/tunisie\/wp-json\/wp\/v2\/categories?post=180683"},{"taxonomy":"post_tag","embeddable":true,"href":"https:\/\/kapitalis.com\/tunisie\/wp-json\/wp\/v2\/tags?post=180683"}],"curies":[{"name":"wp","href":"https:\/\/api.w.org\/{rel}","templated":true}]}}