{"id":18077069,"date":"2025-12-11T22:37:39","date_gmt":"2025-12-11T21:37:39","guid":{"rendered":"https:\/\/kapitalis.com\/tunisie\/?p=18077069"},"modified":"2025-12-11T22:39:54","modified_gmt":"2025-12-11T21:39:54","slug":"bruxelles-celebre-lor-vert-de-la-tunisie","status":"publish","type":"post","link":"https:\/\/kapitalis.com\/tunisie\/2025\/12\/11\/bruxelles-celebre-lor-vert-de-la-tunisie\/","title":{"rendered":"Bruxelles c\u00e9l\u00e8bre l\u2019or vert de la Tunisie"},"content":{"rendered":"\n<p><em><strong>L\u2019Ambassade de Tunisie \u00e0 Bruxelles a organis\u00e9, en collaboration avec l\u2019Office National du Tourisme Tunisien et l\u2019h\u00f4tel SOFITEL Bruxelles-Europe, une soir\u00e9e de promotion de l\u2019huile d\u2019olive et de la gastronomie tunisienne, d\u00e9di\u00e9e notamment aux professionnels de la distribution et de la restauration et aux m\u00e9dias sp\u00e9cialis\u00e9s ainsi qu&rsquo;\u00e0 des responsables belges et de l\u2019Union europ\u00e9enne.<\/strong><\/em><\/p>\n\n\n\n<!--more-->\n\n\n\n<p>Dans son mot d&rsquo;ouverture, M. Sahbi Khalfallah, Ambassadeur de Tunisie \u00e0 Bruxelles, a mis l&rsquo;accent sur les r\u00e9coltes record d&rsquo;huile d&rsquo;olive en Tunisie pendant les deux derni\u00e8res ann\u00e9es et sa qualit\u00e9 exceptionnelle qualit\u00e9, ce qui lui a valu de nombreux prix internationaux remport\u00e9s par diff\u00e9rentes marques.<\/p>\n\n\n\n<p>La soir\u00e9e a \u00e9t\u00e9 anim\u00e9e par le Chef gastronomique tunisien M. Mounir Arem, qui a pr\u00e9sent\u00e9 des plats \u00e0 base d&rsquo;huile d\u2019olive et inspir\u00e9s de l\u2019art culinaire ancestral tunisien.<\/p>\n\n\n\n<p>L&rsquo;\u00e9v\u00e9nement a \u00e9t\u00e9 l\u2019occasion de pr\u00e9senter une s\u00e9lection exceptionnelle d\u2019huiles d\u2019olives extra vierges, press\u00e9es \u00e0 froid, ainsi que des produits du terroir et artisanaux, le tout accompagn\u00e9 par des interpr\u00e9tations de musique tunisienne.<\/p>\n\n\n\n<p>Cet \u00e9v\u00e9nement est venu cl\u00f4turer le \u00ab Mois culturel Tunisien en Belgique: de Carthage, \u00e0 Bruxelles \u00bb.<\/p>\n\n\n\n<p>L\u2019Ambassade de Tunisie pr\u00e9sente ses vifs remerciements au Chef Mounir Arem, restaurant le Baroque, Tunis, MM. Herv\u00e9 Denise et Alexandre Herrera du SOFITEL Bruxelles-Europe, et leurs \u00e9quipes, M. Walid Khalifa, luthiste, et la Maison Terre d\u2019Artisanat.<\/p>\n\n\n\n<p class=\"has-text-align-right\"><strong>Communiqu\u00e9<\/strong><\/p>\n","protected":false},"excerpt":{"rendered":"<p>L\u2019Ambassade de Tunisie \u00e0 Bruxelles a organis\u00e9, en collaboration avec l\u2019Office National du Tourisme Tunisien et l\u2019h\u00f4tel SOFITEL Bruxelles-Europe, une soir\u00e9e de promotion de l\u2019huile d\u2019olive et de la gastronomie tunisienne, d\u00e9di\u00e9e notamment aux professionnels de la distribution et de la restauration et aux m\u00e9dias sp\u00e9cialis\u00e9s ainsi qu&rsquo;\u00e0 des responsables belges et de l\u2019Union europ\u00e9enne.<\/p>\n","protected":false},"author":6,"featured_media":18077197,"comment_status":"open","ping_status":"open","sticky":false,"template":"","format":"standard","meta":{"footnotes":""},"categories":[995,998,2433],"tags":[170,2372,123132,5007,62643],"class_list":["post-18077069","post","type-post","status-publish","format-standard","has-post-thumbnail","hentry","category-economie","category-societe","category-tunisie","tag-bruxelles","tag-gastronomie-tunisienne","tag-lhuile-dolive","tag-office-national-du-tourisme-tunisien","tag-tunisie"],"yoast_head":"<!-- This site is optimized with the Yoast SEO plugin v26.6 - https:\/\/yoast.com\/wordpress\/plugins\/seo\/ -->\n<title>Bruxelles c\u00e9l\u00e8bre l\u2019or vert de la Tunisie - Kapitalis<\/title>\n<meta name=\"robots\" content=\"index, follow, max-snippet:-1, max-image-preview:large, max-video-preview:-1\" \/>\n<link rel=\"canonical\" href=\"https:\/\/kapitalis.com\/tunisie\/2025\/12\/11\/bruxelles-celebre-lor-vert-de-la-tunisie\/\" \/>\n<meta property=\"og:locale\" content=\"fr_FR\" \/>\n<meta property=\"og:type\" content=\"article\" \/>\n<meta property=\"og:title\" content=\"Bruxelles c\u00e9l\u00e8bre l\u2019or vert de la Tunisie - Kapitalis\" \/>\n<meta property=\"og:description\" content=\"L\u2019Ambassade de Tunisie \u00e0 Bruxelles a organis\u00e9, en collaboration avec l\u2019Office National du Tourisme Tunisien et l\u2019h\u00f4tel SOFITEL Bruxelles-Europe, une soir\u00e9e de promotion de l\u2019huile d\u2019olive et de la gastronomie tunisienne, d\u00e9di\u00e9e notamment aux professionnels de la distribution et de la restauration et aux m\u00e9dias sp\u00e9cialis\u00e9s ainsi qu&rsquo;\u00e0 des responsables belges et de l\u2019Union europ\u00e9enne.\" \/>\n<meta property=\"og:url\" content=\"https:\/\/kapitalis.com\/tunisie\/2025\/12\/11\/bruxelles-celebre-lor-vert-de-la-tunisie\/\" \/>\n<meta property=\"og:site_name\" content=\"Kapitalis\" \/>\n<meta property=\"article:publisher\" content=\"https:\/\/www.facebook.com\/KapitalisInfo\/\" \/>\n<meta property=\"article:published_time\" content=\"2025-12-11T21:37:39+00:00\" \/>\n<meta property=\"article:modified_time\" content=\"2025-12-11T21:39:54+00:00\" \/>\n<meta property=\"og:image\" content=\"https:\/\/kapitalis.com\/tunisie\/wp-content\/uploads\/2025\/12\/Bruxelles-huile-tunisienne.jpg\" \/>\n\t<meta property=\"og:image:width\" content=\"1200\" \/>\n\t<meta property=\"og:image:height\" content=\"630\" \/>\n\t<meta property=\"og:image:type\" content=\"image\/jpeg\" \/>\n<meta name=\"author\" content=\"Yusra NY\" \/>\n<meta name=\"twitter:card\" content=\"summary_large_image\" \/>\n<meta name=\"twitter:creator\" content=\"@KapitalisInfo\" \/>\n<meta name=\"twitter:site\" content=\"@KapitalisInfo\" \/>\n<meta name=\"twitter:label1\" content=\"\u00c9crit par\" \/>\n\t<meta name=\"twitter:data1\" content=\"Yusra NY\" \/>\n\t<meta name=\"twitter:label2\" content=\"Dur\u00e9e de lecture estim\u00e9e\" \/>\n\t<meta name=\"twitter:data2\" content=\"2 minutes\" \/>\n<script type=\"application\/ld+json\" class=\"yoast-schema-graph\">{\"@context\":\"https:\/\/schema.org\",\"@graph\":[{\"@type\":\"Article\",\"@id\":\"https:\/\/kapitalis.com\/tunisie\/2025\/12\/11\/bruxelles-celebre-lor-vert-de-la-tunisie\/#article\",\"isPartOf\":{\"@id\":\"https:\/\/kapitalis.com\/tunisie\/2025\/12\/11\/bruxelles-celebre-lor-vert-de-la-tunisie\/\"},\"author\":{\"name\":\"Yusra NY\",\"@id\":\"https:\/\/kapitalis.com\/tunisie\/#\/schema\/person\/74bbde0154d49d790a92aaeac5bc01d5\"},\"headline\":\"Bruxelles c\u00e9l\u00e8bre l\u2019or vert de la Tunisie\",\"datePublished\":\"2025-12-11T21:37:39+00:00\",\"dateModified\":\"2025-12-11T21:39:54+00:00\",\"mainEntityOfPage\":{\"@id\":\"https:\/\/kapitalis.com\/tunisie\/2025\/12\/11\/bruxelles-celebre-lor-vert-de-la-tunisie\/\"},\"wordCount\":259,\"commentCount\":0,\"publisher\":{\"@id\":\"https:\/\/kapitalis.com\/tunisie\/#organization\"},\"image\":{\"@id\":\"https:\/\/kapitalis.com\/tunisie\/2025\/12\/11\/bruxelles-celebre-lor-vert-de-la-tunisie\/#primaryimage\"},\"thumbnailUrl\":\"https:\/\/kapitalis.com\/tunisie\/wp-content\/uploads\/2025\/12\/Bruxelles-huile-tunisienne.jpg\",\"keywords\":[\"Bruxelles\",\"gastronomie tunisienne\",\"l\u2019huile d\u2019olive\",\"office National du Tourisme Tunisien\",\"Tunisie\"],\"articleSection\":[\"ECONOMIE\",\"SOCIETE\",\"Tunisie\"],\"inLanguage\":\"fr-FR\",\"potentialAction\":[{\"@type\":\"CommentAction\",\"name\":\"Comment\",\"target\":[\"https:\/\/kapitalis.com\/tunisie\/2025\/12\/11\/bruxelles-celebre-lor-vert-de-la-tunisie\/#respond\"]}]},{\"@type\":\"WebPage\",\"@id\":\"https:\/\/kapitalis.com\/tunisie\/2025\/12\/11\/bruxelles-celebre-lor-vert-de-la-tunisie\/\",\"url\":\"https:\/\/kapitalis.com\/tunisie\/2025\/12\/11\/bruxelles-celebre-lor-vert-de-la-tunisie\/\",\"name\":\"Bruxelles c\u00e9l\u00e8bre l\u2019or vert de la Tunisie - Kapitalis\",\"isPartOf\":{\"@id\":\"https:\/\/kapitalis.com\/tunisie\/#website\"},\"primaryImageOfPage\":{\"@id\":\"https:\/\/kapitalis.com\/tunisie\/2025\/12\/11\/bruxelles-celebre-lor-vert-de-la-tunisie\/#primaryimage\"},\"image\":{\"@id\":\"https:\/\/kapitalis.com\/tunisie\/2025\/12\/11\/bruxelles-celebre-lor-vert-de-la-tunisie\/#primaryimage\"},\"thumbnailUrl\":\"https:\/\/kapitalis.com\/tunisie\/wp-content\/uploads\/2025\/12\/Bruxelles-huile-tunisienne.jpg\",\"datePublished\":\"2025-12-11T21:37:39+00:00\",\"dateModified\":\"2025-12-11T21:39:54+00:00\",\"breadcrumb\":{\"@id\":\"https:\/\/kapitalis.com\/tunisie\/2025\/12\/11\/bruxelles-celebre-lor-vert-de-la-tunisie\/#breadcrumb\"},\"inLanguage\":\"fr-FR\",\"potentialAction\":[{\"@type\":\"ReadAction\",\"target\":[\"https:\/\/kapitalis.com\/tunisie\/2025\/12\/11\/bruxelles-celebre-lor-vert-de-la-tunisie\/\"]}]},{\"@type\":\"ImageObject\",\"inLanguage\":\"fr-FR\",\"@id\":\"https:\/\/kapitalis.com\/tunisie\/2025\/12\/11\/bruxelles-celebre-lor-vert-de-la-tunisie\/#primaryimage\",\"url\":\"https:\/\/kapitalis.com\/tunisie\/wp-content\/uploads\/2025\/12\/Bruxelles-huile-tunisienne.jpg\",\"contentUrl\":\"https:\/\/kapitalis.com\/tunisie\/wp-content\/uploads\/2025\/12\/Bruxelles-huile-tunisienne.jpg\",\"width\":1200,\"height\":630},{\"@type\":\"BreadcrumbList\",\"@id\":\"https:\/\/kapitalis.com\/tunisie\/2025\/12\/11\/bruxelles-celebre-lor-vert-de-la-tunisie\/#breadcrumb\",\"itemListElement\":[{\"@type\":\"ListItem\",\"position\":1,\"name\":\"Accueil\",\"item\":\"https:\/\/kapitalis.com\/tunisie\/\"},{\"@type\":\"ListItem\",\"position\":2,\"name\":\"Bruxelles c\u00e9l\u00e8bre l\u2019or vert de la Tunisie\"}]},{\"@type\":\"WebSite\",\"@id\":\"https:\/\/kapitalis.com\/tunisie\/#website\",\"url\":\"https:\/\/kapitalis.com\/tunisie\/\",\"name\":\"Kapitalis\",\"description\":\"L&#039;actualit\u00e9 en Tunisie et dans le monde\",\"publisher\":{\"@id\":\"https:\/\/kapitalis.com\/tunisie\/#organization\"},\"potentialAction\":[{\"@type\":\"SearchAction\",\"target\":{\"@type\":\"EntryPoint\",\"urlTemplate\":\"https:\/\/kapitalis.com\/tunisie\/?s={search_term_string}\"},\"query-input\":{\"@type\":\"PropertyValueSpecification\",\"valueRequired\":true,\"valueName\":\"search_term_string\"}}],\"inLanguage\":\"fr-FR\"},{\"@type\":\"Organization\",\"@id\":\"https:\/\/kapitalis.com\/tunisie\/#organization\",\"name\":\"Kapitalis\",\"url\":\"https:\/\/kapitalis.com\/tunisie\/\",\"logo\":{\"@type\":\"ImageObject\",\"inLanguage\":\"fr-FR\",\"@id\":\"https:\/\/kapitalis.com\/tunisie\/#\/schema\/logo\/image\/\",\"url\":\"https:\/\/kapitalis.com\/tunisie\/wp-content\/uploads\/2022\/05\/Kapitalis-big-size.png\",\"contentUrl\":\"https:\/\/kapitalis.com\/tunisie\/wp-content\/uploads\/2022\/05\/Kapitalis-big-size.png\",\"width\":5000,\"height\":1500,\"caption\":\"Kapitalis\"},\"image\":{\"@id\":\"https:\/\/kapitalis.com\/tunisie\/#\/schema\/logo\/image\/\"},\"sameAs\":[\"https:\/\/www.facebook.com\/KapitalisInfo\/\",\"https:\/\/x.com\/KapitalisInfo\",\"https:\/\/www.youtube.com\/channel\/UC-yDYrHyfFBWWZaOw3FPg9Q\"]},{\"@type\":\"Person\",\"@id\":\"https:\/\/kapitalis.com\/tunisie\/#\/schema\/person\/74bbde0154d49d790a92aaeac5bc01d5\",\"name\":\"Yusra NY\",\"url\":\"https:\/\/kapitalis.com\/tunisie\/author\/yuza_adam\/\"}]}<\/script>\n<!-- \/ Yoast SEO plugin. -->","yoast_head_json":{"title":"Bruxelles c\u00e9l\u00e8bre l\u2019or vert de la Tunisie - Kapitalis","robots":{"index":"index","follow":"follow","max-snippet":"max-snippet:-1","max-image-preview":"max-image-preview:large","max-video-preview":"max-video-preview:-1"},"canonical":"https:\/\/kapitalis.com\/tunisie\/2025\/12\/11\/bruxelles-celebre-lor-vert-de-la-tunisie\/","og_locale":"fr_FR","og_type":"article","og_title":"Bruxelles c\u00e9l\u00e8bre l\u2019or vert de la Tunisie - Kapitalis","og_description":"L\u2019Ambassade de Tunisie \u00e0 Bruxelles a organis\u00e9, en collaboration avec l\u2019Office National du Tourisme Tunisien et l\u2019h\u00f4tel SOFITEL Bruxelles-Europe, une soir\u00e9e de promotion de l\u2019huile d\u2019olive et de la gastronomie tunisienne, d\u00e9di\u00e9e notamment aux professionnels de la distribution et de la restauration et aux m\u00e9dias sp\u00e9cialis\u00e9s ainsi qu&rsquo;\u00e0 des responsables belges et de l\u2019Union europ\u00e9enne.","og_url":"https:\/\/kapitalis.com\/tunisie\/2025\/12\/11\/bruxelles-celebre-lor-vert-de-la-tunisie\/","og_site_name":"Kapitalis","article_publisher":"https:\/\/www.facebook.com\/KapitalisInfo\/","article_published_time":"2025-12-11T21:37:39+00:00","article_modified_time":"2025-12-11T21:39:54+00:00","og_image":[{"width":1200,"height":630,"url":"https:\/\/kapitalis.com\/tunisie\/wp-content\/uploads\/2025\/12\/Bruxelles-huile-tunisienne.jpg","type":"image\/jpeg"}],"author":"Yusra NY","twitter_card":"summary_large_image","twitter_creator":"@KapitalisInfo","twitter_site":"@KapitalisInfo","twitter_misc":{"\u00c9crit par":"Yusra NY","Dur\u00e9e de lecture estim\u00e9e":"2 minutes"},"schema":{"@context":"https:\/\/schema.org","@graph":[{"@type":"Article","@id":"https:\/\/kapitalis.com\/tunisie\/2025\/12\/11\/bruxelles-celebre-lor-vert-de-la-tunisie\/#article","isPartOf":{"@id":"https:\/\/kapitalis.com\/tunisie\/2025\/12\/11\/bruxelles-celebre-lor-vert-de-la-tunisie\/"},"author":{"name":"Yusra NY","@id":"https:\/\/kapitalis.com\/tunisie\/#\/schema\/person\/74bbde0154d49d790a92aaeac5bc01d5"},"headline":"Bruxelles c\u00e9l\u00e8bre l\u2019or vert de la Tunisie","datePublished":"2025-12-11T21:37:39+00:00","dateModified":"2025-12-11T21:39:54+00:00","mainEntityOfPage":{"@id":"https:\/\/kapitalis.com\/tunisie\/2025\/12\/11\/bruxelles-celebre-lor-vert-de-la-tunisie\/"},"wordCount":259,"commentCount":0,"publisher":{"@id":"https:\/\/kapitalis.com\/tunisie\/#organization"},"image":{"@id":"https:\/\/kapitalis.com\/tunisie\/2025\/12\/11\/bruxelles-celebre-lor-vert-de-la-tunisie\/#primaryimage"},"thumbnailUrl":"https:\/\/kapitalis.com\/tunisie\/wp-content\/uploads\/2025\/12\/Bruxelles-huile-tunisienne.jpg","keywords":["Bruxelles","gastronomie tunisienne","l\u2019huile d\u2019olive","office National du Tourisme Tunisien","Tunisie"],"articleSection":["ECONOMIE","SOCIETE","Tunisie"],"inLanguage":"fr-FR","potentialAction":[{"@type":"CommentAction","name":"Comment","target":["https:\/\/kapitalis.com\/tunisie\/2025\/12\/11\/bruxelles-celebre-lor-vert-de-la-tunisie\/#respond"]}]},{"@type":"WebPage","@id":"https:\/\/kapitalis.com\/tunisie\/2025\/12\/11\/bruxelles-celebre-lor-vert-de-la-tunisie\/","url":"https:\/\/kapitalis.com\/tunisie\/2025\/12\/11\/bruxelles-celebre-lor-vert-de-la-tunisie\/","name":"Bruxelles c\u00e9l\u00e8bre l\u2019or vert de la Tunisie - Kapitalis","isPartOf":{"@id":"https:\/\/kapitalis.com\/tunisie\/#website"},"primaryImageOfPage":{"@id":"https:\/\/kapitalis.com\/tunisie\/2025\/12\/11\/bruxelles-celebre-lor-vert-de-la-tunisie\/#primaryimage"},"image":{"@id":"https:\/\/kapitalis.com\/tunisie\/2025\/12\/11\/bruxelles-celebre-lor-vert-de-la-tunisie\/#primaryimage"},"thumbnailUrl":"https:\/\/kapitalis.com\/tunisie\/wp-content\/uploads\/2025\/12\/Bruxelles-huile-tunisienne.jpg","datePublished":"2025-12-11T21:37:39+00:00","dateModified":"2025-12-11T21:39:54+00:00","breadcrumb":{"@id":"https:\/\/kapitalis.com\/tunisie\/2025\/12\/11\/bruxelles-celebre-lor-vert-de-la-tunisie\/#breadcrumb"},"inLanguage":"fr-FR","potentialAction":[{"@type":"ReadAction","target":["https:\/\/kapitalis.com\/tunisie\/2025\/12\/11\/bruxelles-celebre-lor-vert-de-la-tunisie\/"]}]},{"@type":"ImageObject","inLanguage":"fr-FR","@id":"https:\/\/kapitalis.com\/tunisie\/2025\/12\/11\/bruxelles-celebre-lor-vert-de-la-tunisie\/#primaryimage","url":"https:\/\/kapitalis.com\/tunisie\/wp-content\/uploads\/2025\/12\/Bruxelles-huile-tunisienne.jpg","contentUrl":"https:\/\/kapitalis.com\/tunisie\/wp-content\/uploads\/2025\/12\/Bruxelles-huile-tunisienne.jpg","width":1200,"height":630},{"@type":"BreadcrumbList","@id":"https:\/\/kapitalis.com\/tunisie\/2025\/12\/11\/bruxelles-celebre-lor-vert-de-la-tunisie\/#breadcrumb","itemListElement":[{"@type":"ListItem","position":1,"name":"Accueil","item":"https:\/\/kapitalis.com\/tunisie\/"},{"@type":"ListItem","position":2,"name":"Bruxelles c\u00e9l\u00e8bre l\u2019or vert de la Tunisie"}]},{"@type":"WebSite","@id":"https:\/\/kapitalis.com\/tunisie\/#website","url":"https:\/\/kapitalis.com\/tunisie\/","name":"Kapitalis","description":"L&#039;actualit\u00e9 en Tunisie et dans le monde","publisher":{"@id":"https:\/\/kapitalis.com\/tunisie\/#organization"},"potentialAction":[{"@type":"SearchAction","target":{"@type":"EntryPoint","urlTemplate":"https:\/\/kapitalis.com\/tunisie\/?s={search_term_string}"},"query-input":{"@type":"PropertyValueSpecification","valueRequired":true,"valueName":"search_term_string"}}],"inLanguage":"fr-FR"},{"@type":"Organization","@id":"https:\/\/kapitalis.com\/tunisie\/#organization","name":"Kapitalis","url":"https:\/\/kapitalis.com\/tunisie\/","logo":{"@type":"ImageObject","inLanguage":"fr-FR","@id":"https:\/\/kapitalis.com\/tunisie\/#\/schema\/logo\/image\/","url":"https:\/\/kapitalis.com\/tunisie\/wp-content\/uploads\/2022\/05\/Kapitalis-big-size.png","contentUrl":"https:\/\/kapitalis.com\/tunisie\/wp-content\/uploads\/2022\/05\/Kapitalis-big-size.png","width":5000,"height":1500,"caption":"Kapitalis"},"image":{"@id":"https:\/\/kapitalis.com\/tunisie\/#\/schema\/logo\/image\/"},"sameAs":["https:\/\/www.facebook.com\/KapitalisInfo\/","https:\/\/x.com\/KapitalisInfo","https:\/\/www.youtube.com\/channel\/UC-yDYrHyfFBWWZaOw3FPg9Q"]},{"@type":"Person","@id":"https:\/\/kapitalis.com\/tunisie\/#\/schema\/person\/74bbde0154d49d790a92aaeac5bc01d5","name":"Yusra NY","url":"https:\/\/kapitalis.com\/tunisie\/author\/yuza_adam\/"}]}},"_links":{"self":[{"href":"https:\/\/kapitalis.com\/tunisie\/wp-json\/wp\/v2\/posts\/18077069","targetHints":{"allow":["GET"]}}],"collection":[{"href":"https:\/\/kapitalis.com\/tunisie\/wp-json\/wp\/v2\/posts"}],"about":[{"href":"https:\/\/kapitalis.com\/tunisie\/wp-json\/wp\/v2\/types\/post"}],"author":[{"embeddable":true,"href":"https:\/\/kapitalis.com\/tunisie\/wp-json\/wp\/v2\/users\/6"}],"replies":[{"embeddable":true,"href":"https:\/\/kapitalis.com\/tunisie\/wp-json\/wp\/v2\/comments?post=18077069"}],"version-history":[{"count":2,"href":"https:\/\/kapitalis.com\/tunisie\/wp-json\/wp\/v2\/posts\/18077069\/revisions"}],"predecessor-version":[{"id":18077074,"href":"https:\/\/kapitalis.com\/tunisie\/wp-json\/wp\/v2\/posts\/18077069\/revisions\/18077074"}],"wp:featuredmedia":[{"embeddable":true,"href":"https:\/\/kapitalis.com\/tunisie\/wp-json\/wp\/v2\/media\/18077197"}],"wp:attachment":[{"href":"https:\/\/kapitalis.com\/tunisie\/wp-json\/wp\/v2\/media?parent=18077069"}],"wp:term":[{"taxonomy":"category","embeddable":true,"href":"https:\/\/kapitalis.com\/tunisie\/wp-json\/wp\/v2\/categories?post=18077069"},{"taxonomy":"post_tag","embeddable":true,"href":"https:\/\/kapitalis.com\/tunisie\/wp-json\/wp\/v2\/tags?post=18077069"}],"curies":[{"name":"wp","href":"https:\/\/api.w.org\/{rel}","templated":true}]}}