{"id":18077305,"date":"2025-12-11T23:12:53","date_gmt":"2025-12-11T22:12:53","guid":{"rendered":"https:\/\/kapitalis.com\/tunisie\/?p=18077305"},"modified":"2025-12-11T23:15:32","modified_gmt":"2025-12-11T22:15:32","slug":"le-musee-du-patrimoine-traditionnel-de-kesra-retrouve-son-eclat-photos","status":"publish","type":"post","link":"https:\/\/kapitalis.com\/tunisie\/2025\/12\/11\/le-musee-du-patrimoine-traditionnel-de-kesra-retrouve-son-eclat-photos\/","title":{"rendered":"Le Mus\u00e9e du patrimoine traditionnel de Kesra retrouve son \u00e9clat (Photos)"},"content":{"rendered":"\n<p><strong><em>Dans le cadre de la sauvegarde du patrimoine et la valorisation de l&rsquo;h\u00e9ritage culturel mat\u00e9riel et immat\u00e9riel, l&rsquo;Agence de Mise en Valeur du Patrimoine et de la Promotion Culturelle (AMVPPC) a achev\u00e9 le projet de r\u00e9novation du Mus\u00e9e du patrimoine traditionnel de Kesra.<\/em><\/strong><\/p>\n\n\n\n<!--more-->\n\n\n\n<p>L&rsquo;AMVPPC indique que ce projet a \u00e9t\u00e9 men\u00e9 sous l&rsquo;\u00e9gide du Minist\u00e8re des Affaires culturelles, en pr\u00e9cisant que les travaux ont \u00e9t\u00e9 fond\u00e9s sur une approche scientifique et m\u00e9thodologique rigoureuse, respectant les sp\u00e9cificit\u00e9s du b\u00e2timent et les caract\u00e9ristiques des collections.<\/p>\n\n\n\n<p>La m\u00eame source ajoute que les travaux de maintenance s&rsquo;inscrivent dans la vision strat\u00e9gique adopt\u00e9e par l&rsquo;AMVPPC pour renforcer le r\u00f4le des mus\u00e9es r\u00e9gionaux et locaux.<\/p>\n\n\n\n<figure class=\"wp-block-gallery aligncenter has-nested-images columns-2 is-cropped wp-block-gallery-1 is-layout-flex wp-block-gallery-is-layout-flex\">\n<figure class=\"wp-block-image size-large\"><img loading=\"lazy\" decoding=\"async\" width=\"1024\" height=\"771\" data-id=\"18077313\" src=\"https:\/\/kapitalis.com\/tunisie\/wp-content\/uploads\/2025\/12\/Musee-Kesra4-1024x771.jpg\" alt=\"\" class=\"wp-image-18077313\" srcset=\"https:\/\/kapitalis.com\/tunisie\/wp-content\/uploads\/2025\/12\/Musee-Kesra4-1024x771.jpg 1024w, https:\/\/kapitalis.com\/tunisie\/wp-content\/uploads\/2025\/12\/Musee-Kesra4-300x226.jpg 300w, https:\/\/kapitalis.com\/tunisie\/wp-content\/uploads\/2025\/12\/Musee-Kesra4-768x578.jpg 768w, https:\/\/kapitalis.com\/tunisie\/wp-content\/uploads\/2025\/12\/Musee-Kesra4-1536x1157.jpg 1536w, https:\/\/kapitalis.com\/tunisie\/wp-content\/uploads\/2025\/12\/Musee-Kesra4-580x437.jpg 580w, https:\/\/kapitalis.com\/tunisie\/wp-content\/uploads\/2025\/12\/Musee-Kesra4-860x648.jpg 860w, https:\/\/kapitalis.com\/tunisie\/wp-content\/uploads\/2025\/12\/Musee-Kesra4-1160x873.jpg 1160w, https:\/\/kapitalis.com\/tunisie\/wp-content\/uploads\/2025\/12\/Musee-Kesra4.jpg 2048w\" sizes=\"auto, (max-width: 1024px) 100vw, 1024px\" \/><\/figure>\n\n\n\n<figure class=\"wp-block-image size-large\"><img loading=\"lazy\" decoding=\"async\" width=\"771\" height=\"1024\" data-id=\"18077311\" src=\"https:\/\/kapitalis.com\/tunisie\/wp-content\/uploads\/2025\/12\/Musee-Kesra3-771x1024.jpg\" alt=\"\" class=\"wp-image-18077311\" srcset=\"https:\/\/kapitalis.com\/tunisie\/wp-content\/uploads\/2025\/12\/Musee-Kesra3-771x1024.jpg 771w, https:\/\/kapitalis.com\/tunisie\/wp-content\/uploads\/2025\/12\/Musee-Kesra3-226x300.jpg 226w, https:\/\/kapitalis.com\/tunisie\/wp-content\/uploads\/2025\/12\/Musee-Kesra3-768x1020.jpg 768w, https:\/\/kapitalis.com\/tunisie\/wp-content\/uploads\/2025\/12\/Musee-Kesra3-1157x1536.jpg 1157w, https:\/\/kapitalis.com\/tunisie\/wp-content\/uploads\/2025\/12\/Musee-Kesra3-580x770.jpg 580w, https:\/\/kapitalis.com\/tunisie\/wp-content\/uploads\/2025\/12\/Musee-Kesra3-860x1142.jpg 860w, https:\/\/kapitalis.com\/tunisie\/wp-content\/uploads\/2025\/12\/Musee-Kesra3-1160x1541.jpg 1160w, https:\/\/kapitalis.com\/tunisie\/wp-content\/uploads\/2025\/12\/Musee-Kesra3.jpg 1542w\" sizes=\"auto, (max-width: 771px) 100vw, 771px\" \/><\/figure>\n\n\n\n<figure class=\"wp-block-image size-large\"><img loading=\"lazy\" decoding=\"async\" width=\"1024\" height=\"771\" data-id=\"18077312\" src=\"https:\/\/kapitalis.com\/tunisie\/wp-content\/uploads\/2025\/12\/Musee-Kesra2-1024x771.jpg\" alt=\"\" class=\"wp-image-18077312\" srcset=\"https:\/\/kapitalis.com\/tunisie\/wp-content\/uploads\/2025\/12\/Musee-Kesra2-1024x771.jpg 1024w, https:\/\/kapitalis.com\/tunisie\/wp-content\/uploads\/2025\/12\/Musee-Kesra2-300x226.jpg 300w, https:\/\/kapitalis.com\/tunisie\/wp-content\/uploads\/2025\/12\/Musee-Kesra2-768x578.jpg 768w, https:\/\/kapitalis.com\/tunisie\/wp-content\/uploads\/2025\/12\/Musee-Kesra2-1536x1157.jpg 1536w, https:\/\/kapitalis.com\/tunisie\/wp-content\/uploads\/2025\/12\/Musee-Kesra2-580x437.jpg 580w, https:\/\/kapitalis.com\/tunisie\/wp-content\/uploads\/2025\/12\/Musee-Kesra2-860x648.jpg 860w, https:\/\/kapitalis.com\/tunisie\/wp-content\/uploads\/2025\/12\/Musee-Kesra2-1160x873.jpg 1160w, https:\/\/kapitalis.com\/tunisie\/wp-content\/uploads\/2025\/12\/Musee-Kesra2.jpg 2048w\" sizes=\"auto, (max-width: 1024px) 100vw, 1024px\" \/><\/figure>\n\n\n\n<figure class=\"wp-block-image size-large\"><img loading=\"lazy\" decoding=\"async\" width=\"1024\" height=\"771\" data-id=\"18077309\" src=\"https:\/\/kapitalis.com\/tunisie\/wp-content\/uploads\/2025\/12\/Musee-Kesra-1024x771.jpg\" alt=\"\" class=\"wp-image-18077309\" srcset=\"https:\/\/kapitalis.com\/tunisie\/wp-content\/uploads\/2025\/12\/Musee-Kesra-1024x771.jpg 1024w, https:\/\/kapitalis.com\/tunisie\/wp-content\/uploads\/2025\/12\/Musee-Kesra-300x226.jpg 300w, https:\/\/kapitalis.com\/tunisie\/wp-content\/uploads\/2025\/12\/Musee-Kesra-768x578.jpg 768w, https:\/\/kapitalis.com\/tunisie\/wp-content\/uploads\/2025\/12\/Musee-Kesra-1536x1157.jpg 1536w, https:\/\/kapitalis.com\/tunisie\/wp-content\/uploads\/2025\/12\/Musee-Kesra-580x437.jpg 580w, https:\/\/kapitalis.com\/tunisie\/wp-content\/uploads\/2025\/12\/Musee-Kesra-860x648.jpg 860w, https:\/\/kapitalis.com\/tunisie\/wp-content\/uploads\/2025\/12\/Musee-Kesra-1160x873.jpg 1160w, https:\/\/kapitalis.com\/tunisie\/wp-content\/uploads\/2025\/12\/Musee-Kesra.jpg 2048w\" sizes=\"auto, (max-width: 1024px) 100vw, 1024px\" \/><\/figure>\n\n\n\n<figure class=\"wp-block-image size-large\"><img loading=\"lazy\" decoding=\"async\" width=\"1024\" height=\"771\" data-id=\"18077310\" src=\"https:\/\/kapitalis.com\/tunisie\/wp-content\/uploads\/2025\/12\/Musee-Kesra5-1024x771.jpg\" alt=\"\" class=\"wp-image-18077310\" srcset=\"https:\/\/kapitalis.com\/tunisie\/wp-content\/uploads\/2025\/12\/Musee-Kesra5-1024x771.jpg 1024w, https:\/\/kapitalis.com\/tunisie\/wp-content\/uploads\/2025\/12\/Musee-Kesra5-300x226.jpg 300w, https:\/\/kapitalis.com\/tunisie\/wp-content\/uploads\/2025\/12\/Musee-Kesra5-768x578.jpg 768w, https:\/\/kapitalis.com\/tunisie\/wp-content\/uploads\/2025\/12\/Musee-Kesra5-1536x1157.jpg 1536w, https:\/\/kapitalis.com\/tunisie\/wp-content\/uploads\/2025\/12\/Musee-Kesra5-580x437.jpg 580w, https:\/\/kapitalis.com\/tunisie\/wp-content\/uploads\/2025\/12\/Musee-Kesra5-860x648.jpg 860w, https:\/\/kapitalis.com\/tunisie\/wp-content\/uploads\/2025\/12\/Musee-Kesra5-1160x873.jpg 1160w, https:\/\/kapitalis.com\/tunisie\/wp-content\/uploads\/2025\/12\/Musee-Kesra5.jpg 2048w\" sizes=\"auto, (max-width: 1024px) 100vw, 1024px\" \/><\/figure>\n<\/figure>\n\n\n\n<p>L&rsquo;ambition est de faire de ces institutions des plateformes efficaces pour la pr\u00e9servation du patrimoine et des points de rayonnement culturel, a notamment comment\u00e9 l&rsquo;AMVPPC.<\/p>\n\n\n\n<p class=\"has-text-align-right\"><strong>Y. N.<\/strong><\/p>\n","protected":false},"excerpt":{"rendered":"<p>Dans le cadre de la sauvegarde du patrimoine et la valorisation de l&rsquo;h\u00e9ritage culturel mat\u00e9riel et immat\u00e9riel, l&rsquo;Agence de Mise en Valeur du Patrimoine et de la Promotion Culturelle (AMVPPC) a achev\u00e9 le projet de r\u00e9novation du Mus\u00e9e du patrimoine traditionnel de Kesra.<\/p>\n","protected":false},"author":6,"featured_media":18077330,"comment_status":"open","ping_status":"open","sticky":false,"template":"","format":"standard","meta":{"footnotes":""},"categories":[994,2433],"tags":[22395,75979,3041,126031,62643],"class_list":["post-18077305","post","type-post","status-publish","format-standard","has-post-thumbnail","hentry","category-culture","category-tunisie","tag-affaires-culturelles","tag-amvppc","tag-kesra","tag-musee-du-patrimoine","tag-tunisie"],"yoast_head":"<!-- This site is optimized with the Yoast SEO plugin v26.6 - https:\/\/yoast.com\/wordpress\/plugins\/seo\/ -->\n<title>Le Mus\u00e9e du patrimoine traditionnel de Kesra retrouve son \u00e9clat (Photos) - Kapitalis<\/title>\n<meta name=\"robots\" content=\"index, follow, max-snippet:-1, max-image-preview:large, max-video-preview:-1\" \/>\n<link rel=\"canonical\" href=\"https:\/\/kapitalis.com\/tunisie\/2025\/12\/11\/le-musee-du-patrimoine-traditionnel-de-kesra-retrouve-son-eclat-photos\/\" \/>\n<meta property=\"og:locale\" content=\"fr_FR\" \/>\n<meta property=\"og:type\" content=\"article\" \/>\n<meta property=\"og:title\" content=\"Le Mus\u00e9e du patrimoine traditionnel de Kesra retrouve son \u00e9clat (Photos) - Kapitalis\" \/>\n<meta property=\"og:description\" content=\"Dans le cadre de la sauvegarde du patrimoine et la valorisation de l&rsquo;h\u00e9ritage culturel mat\u00e9riel et immat\u00e9riel, l&rsquo;Agence de Mise en Valeur du Patrimoine et de la Promotion Culturelle (AMVPPC) a achev\u00e9 le projet de r\u00e9novation du Mus\u00e9e du patrimoine traditionnel de Kesra.\" \/>\n<meta property=\"og:url\" content=\"https:\/\/kapitalis.com\/tunisie\/2025\/12\/11\/le-musee-du-patrimoine-traditionnel-de-kesra-retrouve-son-eclat-photos\/\" \/>\n<meta property=\"og:site_name\" content=\"Kapitalis\" \/>\n<meta property=\"article:publisher\" content=\"https:\/\/www.facebook.com\/KapitalisInfo\/\" \/>\n<meta property=\"article:published_time\" content=\"2025-12-11T22:12:53+00:00\" \/>\n<meta property=\"article:modified_time\" content=\"2025-12-11T22:15:32+00:00\" \/>\n<meta property=\"og:image\" content=\"https:\/\/kapitalis.com\/tunisie\/wp-content\/uploads\/2025\/12\/Kesra-Musee.jpg\" \/>\n\t<meta property=\"og:image:width\" content=\"1200\" \/>\n\t<meta property=\"og:image:height\" content=\"630\" \/>\n\t<meta property=\"og:image:type\" content=\"image\/jpeg\" \/>\n<meta name=\"author\" content=\"Yusra NY\" \/>\n<meta name=\"twitter:card\" content=\"summary_large_image\" \/>\n<meta name=\"twitter:creator\" content=\"@KapitalisInfo\" \/>\n<meta name=\"twitter:site\" content=\"@KapitalisInfo\" \/>\n<meta name=\"twitter:label1\" content=\"\u00c9crit par\" \/>\n\t<meta name=\"twitter:data1\" content=\"Yusra NY\" \/>\n\t<meta name=\"twitter:label2\" content=\"Dur\u00e9e de lecture estim\u00e9e\" \/>\n\t<meta name=\"twitter:data2\" content=\"2 minutes\" \/>\n<script type=\"application\/ld+json\" class=\"yoast-schema-graph\">{\"@context\":\"https:\/\/schema.org\",\"@graph\":[{\"@type\":\"Article\",\"@id\":\"https:\/\/kapitalis.com\/tunisie\/2025\/12\/11\/le-musee-du-patrimoine-traditionnel-de-kesra-retrouve-son-eclat-photos\/#article\",\"isPartOf\":{\"@id\":\"https:\/\/kapitalis.com\/tunisie\/2025\/12\/11\/le-musee-du-patrimoine-traditionnel-de-kesra-retrouve-son-eclat-photos\/\"},\"author\":{\"name\":\"Yusra NY\",\"@id\":\"https:\/\/kapitalis.com\/tunisie\/#\/schema\/person\/74bbde0154d49d790a92aaeac5bc01d5\"},\"headline\":\"Le Mus\u00e9e du patrimoine traditionnel de Kesra retrouve son \u00e9clat (Photos)\",\"datePublished\":\"2025-12-11T22:12:53+00:00\",\"dateModified\":\"2025-12-11T22:15:32+00:00\",\"mainEntityOfPage\":{\"@id\":\"https:\/\/kapitalis.com\/tunisie\/2025\/12\/11\/le-musee-du-patrimoine-traditionnel-de-kesra-retrouve-son-eclat-photos\/\"},\"wordCount\":169,\"commentCount\":0,\"publisher\":{\"@id\":\"https:\/\/kapitalis.com\/tunisie\/#organization\"},\"image\":{\"@id\":\"https:\/\/kapitalis.com\/tunisie\/2025\/12\/11\/le-musee-du-patrimoine-traditionnel-de-kesra-retrouve-son-eclat-photos\/#primaryimage\"},\"thumbnailUrl\":\"https:\/\/kapitalis.com\/tunisie\/wp-content\/uploads\/2025\/12\/Kesra-Musee.jpg\",\"keywords\":[\"affaires culturelles\",\"AMVPPC\",\"Kesra\",\"Mus\u00e9e du Patrimoine\",\"Tunisie\"],\"articleSection\":[\"CULTURE\",\"Tunisie\"],\"inLanguage\":\"fr-FR\",\"potentialAction\":[{\"@type\":\"CommentAction\",\"name\":\"Comment\",\"target\":[\"https:\/\/kapitalis.com\/tunisie\/2025\/12\/11\/le-musee-du-patrimoine-traditionnel-de-kesra-retrouve-son-eclat-photos\/#respond\"]}]},{\"@type\":\"WebPage\",\"@id\":\"https:\/\/kapitalis.com\/tunisie\/2025\/12\/11\/le-musee-du-patrimoine-traditionnel-de-kesra-retrouve-son-eclat-photos\/\",\"url\":\"https:\/\/kapitalis.com\/tunisie\/2025\/12\/11\/le-musee-du-patrimoine-traditionnel-de-kesra-retrouve-son-eclat-photos\/\",\"name\":\"Le Mus\u00e9e du patrimoine traditionnel de Kesra retrouve son \u00e9clat (Photos) - Kapitalis\",\"isPartOf\":{\"@id\":\"https:\/\/kapitalis.com\/tunisie\/#website\"},\"primaryImageOfPage\":{\"@id\":\"https:\/\/kapitalis.com\/tunisie\/2025\/12\/11\/le-musee-du-patrimoine-traditionnel-de-kesra-retrouve-son-eclat-photos\/#primaryimage\"},\"image\":{\"@id\":\"https:\/\/kapitalis.com\/tunisie\/2025\/12\/11\/le-musee-du-patrimoine-traditionnel-de-kesra-retrouve-son-eclat-photos\/#primaryimage\"},\"thumbnailUrl\":\"https:\/\/kapitalis.com\/tunisie\/wp-content\/uploads\/2025\/12\/Kesra-Musee.jpg\",\"datePublished\":\"2025-12-11T22:12:53+00:00\",\"dateModified\":\"2025-12-11T22:15:32+00:00\",\"breadcrumb\":{\"@id\":\"https:\/\/kapitalis.com\/tunisie\/2025\/12\/11\/le-musee-du-patrimoine-traditionnel-de-kesra-retrouve-son-eclat-photos\/#breadcrumb\"},\"inLanguage\":\"fr-FR\",\"potentialAction\":[{\"@type\":\"ReadAction\",\"target\":[\"https:\/\/kapitalis.com\/tunisie\/2025\/12\/11\/le-musee-du-patrimoine-traditionnel-de-kesra-retrouve-son-eclat-photos\/\"]}]},{\"@type\":\"ImageObject\",\"inLanguage\":\"fr-FR\",\"@id\":\"https:\/\/kapitalis.com\/tunisie\/2025\/12\/11\/le-musee-du-patrimoine-traditionnel-de-kesra-retrouve-son-eclat-photos\/#primaryimage\",\"url\":\"https:\/\/kapitalis.com\/tunisie\/wp-content\/uploads\/2025\/12\/Kesra-Musee.jpg\",\"contentUrl\":\"https:\/\/kapitalis.com\/tunisie\/wp-content\/uploads\/2025\/12\/Kesra-Musee.jpg\",\"width\":1200,\"height\":630},{\"@type\":\"BreadcrumbList\",\"@id\":\"https:\/\/kapitalis.com\/tunisie\/2025\/12\/11\/le-musee-du-patrimoine-traditionnel-de-kesra-retrouve-son-eclat-photos\/#breadcrumb\",\"itemListElement\":[{\"@type\":\"ListItem\",\"position\":1,\"name\":\"Accueil\",\"item\":\"https:\/\/kapitalis.com\/tunisie\/\"},{\"@type\":\"ListItem\",\"position\":2,\"name\":\"Le Mus\u00e9e du patrimoine traditionnel de Kesra retrouve son \u00e9clat (Photos)\"}]},{\"@type\":\"WebSite\",\"@id\":\"https:\/\/kapitalis.com\/tunisie\/#website\",\"url\":\"https:\/\/kapitalis.com\/tunisie\/\",\"name\":\"Kapitalis\",\"description\":\"L&#039;actualit\u00e9 en Tunisie et dans le monde\",\"publisher\":{\"@id\":\"https:\/\/kapitalis.com\/tunisie\/#organization\"},\"potentialAction\":[{\"@type\":\"SearchAction\",\"target\":{\"@type\":\"EntryPoint\",\"urlTemplate\":\"https:\/\/kapitalis.com\/tunisie\/?s={search_term_string}\"},\"query-input\":{\"@type\":\"PropertyValueSpecification\",\"valueRequired\":true,\"valueName\":\"search_term_string\"}}],\"inLanguage\":\"fr-FR\"},{\"@type\":\"Organization\",\"@id\":\"https:\/\/kapitalis.com\/tunisie\/#organization\",\"name\":\"Kapitalis\",\"url\":\"https:\/\/kapitalis.com\/tunisie\/\",\"logo\":{\"@type\":\"ImageObject\",\"inLanguage\":\"fr-FR\",\"@id\":\"https:\/\/kapitalis.com\/tunisie\/#\/schema\/logo\/image\/\",\"url\":\"https:\/\/kapitalis.com\/tunisie\/wp-content\/uploads\/2022\/05\/Kapitalis-big-size.png\",\"contentUrl\":\"https:\/\/kapitalis.com\/tunisie\/wp-content\/uploads\/2022\/05\/Kapitalis-big-size.png\",\"width\":5000,\"height\":1500,\"caption\":\"Kapitalis\"},\"image\":{\"@id\":\"https:\/\/kapitalis.com\/tunisie\/#\/schema\/logo\/image\/\"},\"sameAs\":[\"https:\/\/www.facebook.com\/KapitalisInfo\/\",\"https:\/\/x.com\/KapitalisInfo\",\"https:\/\/www.youtube.com\/channel\/UC-yDYrHyfFBWWZaOw3FPg9Q\"]},{\"@type\":\"Person\",\"@id\":\"https:\/\/kapitalis.com\/tunisie\/#\/schema\/person\/74bbde0154d49d790a92aaeac5bc01d5\",\"name\":\"Yusra NY\",\"url\":\"https:\/\/kapitalis.com\/tunisie\/author\/yuza_adam\/\"}]}<\/script>\n<!-- \/ Yoast SEO plugin. -->","yoast_head_json":{"title":"Le Mus\u00e9e du patrimoine traditionnel de Kesra retrouve son \u00e9clat (Photos) - Kapitalis","robots":{"index":"index","follow":"follow","max-snippet":"max-snippet:-1","max-image-preview":"max-image-preview:large","max-video-preview":"max-video-preview:-1"},"canonical":"https:\/\/kapitalis.com\/tunisie\/2025\/12\/11\/le-musee-du-patrimoine-traditionnel-de-kesra-retrouve-son-eclat-photos\/","og_locale":"fr_FR","og_type":"article","og_title":"Le Mus\u00e9e du patrimoine traditionnel de Kesra retrouve son \u00e9clat (Photos) - Kapitalis","og_description":"Dans le cadre de la sauvegarde du patrimoine et la valorisation de l&rsquo;h\u00e9ritage culturel mat\u00e9riel et immat\u00e9riel, l&rsquo;Agence de Mise en Valeur du Patrimoine et de la Promotion Culturelle (AMVPPC) a achev\u00e9 le projet de r\u00e9novation du Mus\u00e9e du patrimoine traditionnel de Kesra.","og_url":"https:\/\/kapitalis.com\/tunisie\/2025\/12\/11\/le-musee-du-patrimoine-traditionnel-de-kesra-retrouve-son-eclat-photos\/","og_site_name":"Kapitalis","article_publisher":"https:\/\/www.facebook.com\/KapitalisInfo\/","article_published_time":"2025-12-11T22:12:53+00:00","article_modified_time":"2025-12-11T22:15:32+00:00","og_image":[{"width":1200,"height":630,"url":"https:\/\/kapitalis.com\/tunisie\/wp-content\/uploads\/2025\/12\/Kesra-Musee.jpg","type":"image\/jpeg"}],"author":"Yusra NY","twitter_card":"summary_large_image","twitter_creator":"@KapitalisInfo","twitter_site":"@KapitalisInfo","twitter_misc":{"\u00c9crit par":"Yusra NY","Dur\u00e9e de lecture estim\u00e9e":"2 minutes"},"schema":{"@context":"https:\/\/schema.org","@graph":[{"@type":"Article","@id":"https:\/\/kapitalis.com\/tunisie\/2025\/12\/11\/le-musee-du-patrimoine-traditionnel-de-kesra-retrouve-son-eclat-photos\/#article","isPartOf":{"@id":"https:\/\/kapitalis.com\/tunisie\/2025\/12\/11\/le-musee-du-patrimoine-traditionnel-de-kesra-retrouve-son-eclat-photos\/"},"author":{"name":"Yusra NY","@id":"https:\/\/kapitalis.com\/tunisie\/#\/schema\/person\/74bbde0154d49d790a92aaeac5bc01d5"},"headline":"Le Mus\u00e9e du patrimoine traditionnel de Kesra retrouve son \u00e9clat (Photos)","datePublished":"2025-12-11T22:12:53+00:00","dateModified":"2025-12-11T22:15:32+00:00","mainEntityOfPage":{"@id":"https:\/\/kapitalis.com\/tunisie\/2025\/12\/11\/le-musee-du-patrimoine-traditionnel-de-kesra-retrouve-son-eclat-photos\/"},"wordCount":169,"commentCount":0,"publisher":{"@id":"https:\/\/kapitalis.com\/tunisie\/#organization"},"image":{"@id":"https:\/\/kapitalis.com\/tunisie\/2025\/12\/11\/le-musee-du-patrimoine-traditionnel-de-kesra-retrouve-son-eclat-photos\/#primaryimage"},"thumbnailUrl":"https:\/\/kapitalis.com\/tunisie\/wp-content\/uploads\/2025\/12\/Kesra-Musee.jpg","keywords":["affaires culturelles","AMVPPC","Kesra","Mus\u00e9e du Patrimoine","Tunisie"],"articleSection":["CULTURE","Tunisie"],"inLanguage":"fr-FR","potentialAction":[{"@type":"CommentAction","name":"Comment","target":["https:\/\/kapitalis.com\/tunisie\/2025\/12\/11\/le-musee-du-patrimoine-traditionnel-de-kesra-retrouve-son-eclat-photos\/#respond"]}]},{"@type":"WebPage","@id":"https:\/\/kapitalis.com\/tunisie\/2025\/12\/11\/le-musee-du-patrimoine-traditionnel-de-kesra-retrouve-son-eclat-photos\/","url":"https:\/\/kapitalis.com\/tunisie\/2025\/12\/11\/le-musee-du-patrimoine-traditionnel-de-kesra-retrouve-son-eclat-photos\/","name":"Le Mus\u00e9e du patrimoine traditionnel de Kesra retrouve son \u00e9clat (Photos) - Kapitalis","isPartOf":{"@id":"https:\/\/kapitalis.com\/tunisie\/#website"},"primaryImageOfPage":{"@id":"https:\/\/kapitalis.com\/tunisie\/2025\/12\/11\/le-musee-du-patrimoine-traditionnel-de-kesra-retrouve-son-eclat-photos\/#primaryimage"},"image":{"@id":"https:\/\/kapitalis.com\/tunisie\/2025\/12\/11\/le-musee-du-patrimoine-traditionnel-de-kesra-retrouve-son-eclat-photos\/#primaryimage"},"thumbnailUrl":"https:\/\/kapitalis.com\/tunisie\/wp-content\/uploads\/2025\/12\/Kesra-Musee.jpg","datePublished":"2025-12-11T22:12:53+00:00","dateModified":"2025-12-11T22:15:32+00:00","breadcrumb":{"@id":"https:\/\/kapitalis.com\/tunisie\/2025\/12\/11\/le-musee-du-patrimoine-traditionnel-de-kesra-retrouve-son-eclat-photos\/#breadcrumb"},"inLanguage":"fr-FR","potentialAction":[{"@type":"ReadAction","target":["https:\/\/kapitalis.com\/tunisie\/2025\/12\/11\/le-musee-du-patrimoine-traditionnel-de-kesra-retrouve-son-eclat-photos\/"]}]},{"@type":"ImageObject","inLanguage":"fr-FR","@id":"https:\/\/kapitalis.com\/tunisie\/2025\/12\/11\/le-musee-du-patrimoine-traditionnel-de-kesra-retrouve-son-eclat-photos\/#primaryimage","url":"https:\/\/kapitalis.com\/tunisie\/wp-content\/uploads\/2025\/12\/Kesra-Musee.jpg","contentUrl":"https:\/\/kapitalis.com\/tunisie\/wp-content\/uploads\/2025\/12\/Kesra-Musee.jpg","width":1200,"height":630},{"@type":"BreadcrumbList","@id":"https:\/\/kapitalis.com\/tunisie\/2025\/12\/11\/le-musee-du-patrimoine-traditionnel-de-kesra-retrouve-son-eclat-photos\/#breadcrumb","itemListElement":[{"@type":"ListItem","position":1,"name":"Accueil","item":"https:\/\/kapitalis.com\/tunisie\/"},{"@type":"ListItem","position":2,"name":"Le Mus\u00e9e du patrimoine traditionnel de Kesra retrouve son \u00e9clat (Photos)"}]},{"@type":"WebSite","@id":"https:\/\/kapitalis.com\/tunisie\/#website","url":"https:\/\/kapitalis.com\/tunisie\/","name":"Kapitalis","description":"L&#039;actualit\u00e9 en Tunisie et dans le monde","publisher":{"@id":"https:\/\/kapitalis.com\/tunisie\/#organization"},"potentialAction":[{"@type":"SearchAction","target":{"@type":"EntryPoint","urlTemplate":"https:\/\/kapitalis.com\/tunisie\/?s={search_term_string}"},"query-input":{"@type":"PropertyValueSpecification","valueRequired":true,"valueName":"search_term_string"}}],"inLanguage":"fr-FR"},{"@type":"Organization","@id":"https:\/\/kapitalis.com\/tunisie\/#organization","name":"Kapitalis","url":"https:\/\/kapitalis.com\/tunisie\/","logo":{"@type":"ImageObject","inLanguage":"fr-FR","@id":"https:\/\/kapitalis.com\/tunisie\/#\/schema\/logo\/image\/","url":"https:\/\/kapitalis.com\/tunisie\/wp-content\/uploads\/2022\/05\/Kapitalis-big-size.png","contentUrl":"https:\/\/kapitalis.com\/tunisie\/wp-content\/uploads\/2022\/05\/Kapitalis-big-size.png","width":5000,"height":1500,"caption":"Kapitalis"},"image":{"@id":"https:\/\/kapitalis.com\/tunisie\/#\/schema\/logo\/image\/"},"sameAs":["https:\/\/www.facebook.com\/KapitalisInfo\/","https:\/\/x.com\/KapitalisInfo","https:\/\/www.youtube.com\/channel\/UC-yDYrHyfFBWWZaOw3FPg9Q"]},{"@type":"Person","@id":"https:\/\/kapitalis.com\/tunisie\/#\/schema\/person\/74bbde0154d49d790a92aaeac5bc01d5","name":"Yusra NY","url":"https:\/\/kapitalis.com\/tunisie\/author\/yuza_adam\/"}]}},"_links":{"self":[{"href":"https:\/\/kapitalis.com\/tunisie\/wp-json\/wp\/v2\/posts\/18077305","targetHints":{"allow":["GET"]}}],"collection":[{"href":"https:\/\/kapitalis.com\/tunisie\/wp-json\/wp\/v2\/posts"}],"about":[{"href":"https:\/\/kapitalis.com\/tunisie\/wp-json\/wp\/v2\/types\/post"}],"author":[{"embeddable":true,"href":"https:\/\/kapitalis.com\/tunisie\/wp-json\/wp\/v2\/users\/6"}],"replies":[{"embeddable":true,"href":"https:\/\/kapitalis.com\/tunisie\/wp-json\/wp\/v2\/comments?post=18077305"}],"version-history":[{"count":3,"href":"https:\/\/kapitalis.com\/tunisie\/wp-json\/wp\/v2\/posts\/18077305\/revisions"}],"predecessor-version":[{"id":18077335,"href":"https:\/\/kapitalis.com\/tunisie\/wp-json\/wp\/v2\/posts\/18077305\/revisions\/18077335"}],"wp:featuredmedia":[{"embeddable":true,"href":"https:\/\/kapitalis.com\/tunisie\/wp-json\/wp\/v2\/media\/18077330"}],"wp:attachment":[{"href":"https:\/\/kapitalis.com\/tunisie\/wp-json\/wp\/v2\/media?parent=18077305"}],"wp:term":[{"taxonomy":"category","embeddable":true,"href":"https:\/\/kapitalis.com\/tunisie\/wp-json\/wp\/v2\/categories?post=18077305"},{"taxonomy":"post_tag","embeddable":true,"href":"https:\/\/kapitalis.com\/tunisie\/wp-json\/wp\/v2\/tags?post=18077305"}],"curies":[{"name":"wp","href":"https:\/\/api.w.org\/{rel}","templated":true}]}}